{"id":2336,"count":25,"description":"La qualit\u00e9 de l'air ext\u00e9rieur est l'un des enjeux de notre \u00e9poque, que cela soit \u00e0 la campagne ou en ville. La pollution de l'air fait partie de l'une des premi\u00e8res causes de stress sanitaire et a un impact notable sur notre qualit\u00e9 de vie, et m\u00eame sur notre humeur. En effet, nous respirons, sans y penser, jusqu'\u00e0 12000 L d'air par jour. Air &amp; me vous informe sur les derni\u00e8res actualit\u00e9s en mati\u00e8re de pollution de l'air ext\u00e9rieur, et vous pr\u00e9sente les actions mises en place par les collectivit\u00e9s.","link":"https:\/\/www.airandme.fr\/blog\/category\/pollution-de-lair-exterieur\/","name":"Pollution de l'air ext\u00e9rieur","slug":"pollution-de-lair-exterieur","taxonomy":"category","parent":0,"meta":[],"yoast_head":"<!-- This site is optimized with the Yoast SEO plugin v27.4 - https:\/\/yoast.com\/product\/yoast-seo-wordpress\/ -->\n<title>Pollution de l&#039;air ext\u00e9rieur Archives - air&amp;me - Le blog du traitement de l&#039;air<\/title>\n<meta name=\"robots\" content=\"index, follow, max-snippet:-1, max-image-preview:large, max-video-preview:-1\" \/>\n<link rel=\"canonical\" href=\"https:\/\/www.airandme.fr\/blog\/category\/pollution-de-lair-exterieur\/\" \/>\n<meta property=\"og:locale\" content=\"fr_FR\" \/>\n<meta property=\"og:type\" content=\"article\" \/>\n<meta property=\"og:title\" content=\"Pollution de l&#039;air ext\u00e9rieur Archives - air&amp;me - Le blog du traitement de l&#039;air\" \/>\n<meta property=\"og:description\" content=\"La qualit\u00e9 de l&rsquo;air ext\u00e9rieur est l&rsquo;un des enjeux de notre \u00e9poque, que cela soit \u00e0 la campagne ou en ville. La pollution de l&rsquo;air fait partie de l&rsquo;une des premi\u00e8res causes de stress sanitaire et a un impact notable sur notre qualit\u00e9 de vie, et m\u00eame sur notre humeur. En effet, nous respirons, sans y penser, jusqu&rsquo;\u00e0 12000 L d&rsquo;air par jour. Air &amp; me vous informe sur les derni\u00e8res actualit\u00e9s en mati\u00e8re de pollution de l&rsquo;air ext\u00e9rieur, et vous pr\u00e9sente les actions mises en place par les collectivit\u00e9s.\" \/>\n<meta property=\"og:url\" content=\"https:\/\/www.airandme.fr\/blog\/category\/pollution-de-lair-exterieur\/\" \/>\n<meta property=\"og:site_name\" content=\"air&amp;me - Le blog du traitement de l&#039;air\" \/>\n<meta name=\"twitter:card\" content=\"summary_large_image\" \/>\n<script type=\"application\/ld+json\" class=\"yoast-schema-graph\">{\"@context\":\"https:\\\/\\\/schema.org\",\"@graph\":[{\"@type\":\"CollectionPage\",\"@id\":\"https:\\\/\\\/www.airandme.fr\\\/blog\\\/category\\\/pollution-de-lair-exterieur\\\/\",\"url\":\"https:\\\/\\\/www.airandme.fr\\\/blog\\\/category\\\/pollution-de-lair-exterieur\\\/\",\"name\":\"Pollution de l'air ext\u00e9rieur Archives - air&amp;me - Le blog du traitement de l&#039;air\",\"isPartOf\":{\"@id\":\"https:\\\/\\\/www.airandme.fr\\\/blog\\\/#website\"},\"breadcrumb\":{\"@id\":\"https:\\\/\\\/www.airandme.fr\\\/blog\\\/category\\\/pollution-de-lair-exterieur\\\/#breadcrumb\"},\"inLanguage\":\"fr-FR\"},{\"@type\":\"BreadcrumbList\",\"@id\":\"https:\\\/\\\/www.airandme.fr\\\/blog\\\/category\\\/pollution-de-lair-exterieur\\\/#breadcrumb\",\"itemListElement\":[{\"@type\":\"ListItem\",\"position\":1,\"name\":\"Accueil\",\"item\":\"https:\\\/\\\/www.airandme.fr\\\/blog\\\/\"},{\"@type\":\"ListItem\",\"position\":2,\"name\":\"Pollution de l'air ext\u00e9rieur\"}]},{\"@type\":\"WebSite\",\"@id\":\"https:\\\/\\\/www.airandme.fr\\\/blog\\\/#website\",\"url\":\"https:\\\/\\\/www.airandme.fr\\\/blog\\\/\",\"name\":\"air&me - Le blog du traitement de l'air\",\"description\":\"Solutions pour le traitement de l&#039;air int\u00e9rieur - Le blog du bien air chez soi\",\"publisher\":{\"@id\":\"https:\\\/\\\/www.airandme.fr\\\/blog\\\/#organization\"},\"potentialAction\":[{\"@type\":\"SearchAction\",\"target\":{\"@type\":\"EntryPoint\",\"urlTemplate\":\"https:\\\/\\\/www.airandme.fr\\\/blog\\\/?s={search_term_string}\"},\"query-input\":{\"@type\":\"PropertyValueSpecification\",\"valueRequired\":true,\"valueName\":\"search_term_string\"}}],\"inLanguage\":\"fr-FR\"},{\"@type\":\"Organization\",\"@id\":\"https:\\\/\\\/www.airandme.fr\\\/blog\\\/#organization\",\"name\":\"air&me - Le blog du traitement de l'air\",\"url\":\"https:\\\/\\\/www.airandme.fr\\\/blog\\\/\",\"logo\":{\"@type\":\"ImageObject\",\"inLanguage\":\"fr-FR\",\"@id\":\"https:\\\/\\\/www.airandme.fr\\\/blog\\\/#\\\/schema\\\/logo\\\/image\\\/\",\"url\":\"https:\\\/\\\/i0.wp.com\\\/www.airandme.fr\\\/blog\\\/wp-content\\\/uploads\\\/airandme-logo-blog-300px.png?fit=300%2C120&ssl=1\",\"contentUrl\":\"https:\\\/\\\/i0.wp.com\\\/www.airandme.fr\\\/blog\\\/wp-content\\\/uploads\\\/airandme-logo-blog-300px.png?fit=300%2C120&ssl=1\",\"width\":300,\"height\":120,\"caption\":\"air&me - Le blog du traitement de l'air\"},\"image\":{\"@id\":\"https:\\\/\\\/www.airandme.fr\\\/blog\\\/#\\\/schema\\\/logo\\\/image\\\/\"},\"sameAs\":[\"https:\\\/\\\/www.facebook.com\\\/airandme\",\"https:\\\/\\\/www.instagram.com\\\/air_and_me\\\/\",\"https:\\\/\\\/www.linkedin.com\\\/air-and-me\",\"https:\\\/\\\/www.pinterest.fr\\\/air_and_me\",\"https:\\\/\\\/www.youtube.com\\\/channel\\\/UCmco9cc0iTBmPINR5vaW90A\"]}]}<\/script>\n<!-- \/ Yoast SEO plugin. -->","yoast_head_json":{"title":"Pollution de l'air ext\u00e9rieur Archives - air&amp;me - Le blog du traitement de l&#039;air","robots":{"index":"index","follow":"follow","max-snippet":"max-snippet:-1","max-image-preview":"max-image-preview:large","max-video-preview":"max-video-preview:-1"},"canonical":"https:\/\/www.airandme.fr\/blog\/category\/pollution-de-lair-exterieur\/","og_locale":"fr_FR","og_type":"article","og_title":"Pollution de l'air ext\u00e9rieur Archives - air&amp;me - Le blog du traitement de l&#039;air","og_description":"La qualit\u00e9 de l&rsquo;air ext\u00e9rieur est l&rsquo;un des enjeux de notre \u00e9poque, que cela soit \u00e0 la campagne ou en ville. La pollution de l&rsquo;air fait partie de l&rsquo;une des premi\u00e8res causes de stress sanitaire et a un impact notable sur notre qualit\u00e9 de vie, et m\u00eame sur notre humeur. En effet, nous respirons, sans y penser, jusqu&rsquo;\u00e0 12000 L d&rsquo;air par jour. Air &amp; me vous informe sur les derni\u00e8res actualit\u00e9s en mati\u00e8re de pollution de l&rsquo;air ext\u00e9rieur, et vous pr\u00e9sente les actions mises en place par les collectivit\u00e9s.","og_url":"https:\/\/www.airandme.fr\/blog\/category\/pollution-de-lair-exterieur\/","og_site_name":"air&amp;me - Le blog du traitement de l&#039;air","twitter_card":"summary_large_image","schema":{"@context":"https:\/\/schema.org","@graph":[{"@type":"CollectionPage","@id":"https:\/\/www.airandme.fr\/blog\/category\/pollution-de-lair-exterieur\/","url":"https:\/\/www.airandme.fr\/blog\/category\/pollution-de-lair-exterieur\/","name":"Pollution de l'air ext\u00e9rieur Archives - air&amp;me - Le blog du traitement de l&#039;air","isPartOf":{"@id":"https:\/\/www.airandme.fr\/blog\/#website"},"breadcrumb":{"@id":"https:\/\/www.airandme.fr\/blog\/category\/pollution-de-lair-exterieur\/#breadcrumb"},"inLanguage":"fr-FR"},{"@type":"BreadcrumbList","@id":"https:\/\/www.airandme.fr\/blog\/category\/pollution-de-lair-exterieur\/#breadcrumb","itemListElement":[{"@type":"ListItem","position":1,"name":"Accueil","item":"https:\/\/www.airandme.fr\/blog\/"},{"@type":"ListItem","position":2,"name":"Pollution de l'air ext\u00e9rieur"}]},{"@type":"WebSite","@id":"https:\/\/www.airandme.fr\/blog\/#website","url":"https:\/\/www.airandme.fr\/blog\/","name":"air&me - Le blog du traitement de l'air","description":"Solutions pour le traitement de l&#039;air int\u00e9rieur - Le blog du bien air chez soi","publisher":{"@id":"https:\/\/www.airandme.fr\/blog\/#organization"},"potentialAction":[{"@type":"SearchAction","target":{"@type":"EntryPoint","urlTemplate":"https:\/\/www.airandme.fr\/blog\/?s={search_term_string}"},"query-input":{"@type":"PropertyValueSpecification","valueRequired":true,"valueName":"search_term_string"}}],"inLanguage":"fr-FR"},{"@type":"Organization","@id":"https:\/\/www.airandme.fr\/blog\/#organization","name":"air&me - Le blog du traitement de l'air","url":"https:\/\/www.airandme.fr\/blog\/","logo":{"@type":"ImageObject","inLanguage":"fr-FR","@id":"https:\/\/www.airandme.fr\/blog\/#\/schema\/logo\/image\/","url":"https:\/\/i0.wp.com\/www.airandme.fr\/blog\/wp-content\/uploads\/airandme-logo-blog-300px.png?fit=300%2C120&ssl=1","contentUrl":"https:\/\/i0.wp.com\/www.airandme.fr\/blog\/wp-content\/uploads\/airandme-logo-blog-300px.png?fit=300%2C120&ssl=1","width":300,"height":120,"caption":"air&me - Le blog du traitement de l'air"},"image":{"@id":"https:\/\/www.airandme.fr\/blog\/#\/schema\/logo\/image\/"},"sameAs":["https:\/\/www.facebook.com\/airandme","https:\/\/www.instagram.com\/air_and_me\/","https:\/\/www.linkedin.com\/air-and-me","https:\/\/www.pinterest.fr\/air_and_me","https:\/\/www.youtube.com\/channel\/UCmco9cc0iTBmPINR5vaW90A"]}]}},"_links":{"self":[{"href":"https:\/\/www.airandme.fr\/blog\/wp-json\/wp\/v2\/categories\/2336","targetHints":{"allow":["GET"]}}],"collection":[{"href":"https:\/\/www.airandme.fr\/blog\/wp-json\/wp\/v2\/categories"}],"about":[{"href":"https:\/\/www.airandme.fr\/blog\/wp-json\/wp\/v2\/taxonomies\/category"}],"wp:post_type":[{"href":"https:\/\/www.airandme.fr\/blog\/wp-json\/wp\/v2\/posts?categories=2336"}],"curies":[{"name":"wp","href":"https:\/\/api.w.org\/{rel}","templated":true}]}}