{"id":12183,"date":"2019-05-13T16:21:50","date_gmt":"2019-05-13T15:21:50","guid":{"rendered":"https:\/\/www.airandme.fr\/blog\/?p=12183"},"modified":"2025-04-15T11:30:18","modified_gmt":"2025-04-15T09:30:18","slug":"la-qualite-de-lair-dans-votre-voiture","status":"publish","type":"post","link":"https:\/\/www.airandme.fr\/blog\/pollution-et-qualite-de-l-air-interieur\/la-qualite-de-lair-dans-votre-voiture\/","title":{"rendered":"Comment am\u00e9liorer la qualit\u00e9 de l\u2019air dans votre voiture ?"},"content":{"rendered":"\n<p>En moyenne, les gens passent 10 heures par semaine \u00e0 l&rsquo;int\u00e9rieur de leur voiture. Les d\u00e9placements aux heures de pointe repr\u00e9sentent une proportion importante de l\u2019exposition  aux polluants atmosph\u00e9riques engendr\u00e9s par la circulation. Cette exposition augmente les risques de probl\u00e8mes de sant\u00e9&nbsp;: asthme, allergies, maladies cardiaques et pulmonaires, diab\u00e8te\u2026 La qualit\u00e9 de l&rsquo;air en voiture devrait donc \u00eatre une pr\u00e9occupation majeure.<\/p>\n\n\n\n<h2 class=\"wp-block-heading\"><strong>L\u2019air \u00e0 l\u2019int\u00e9rieur des v\u00e9hicules&nbsp;: 15 fois plus pollu\u00e9 que l\u2019air ext\u00e9rieur&nbsp;!<\/strong><\/h2>\n\n\n\n<p>Malgr\u00e9 le sentiment de s\u00e9curit\u00e9 que donne un v\u00e9hicule, saviez-vous que voyager en voiture ne vous prot\u00e9geait pas de la pollution ? Des chercheurs du <em>King&rsquo;s College<\/em> de Londres ont d\u00e9couvert que l&rsquo;air \u00e0 l&rsquo;int\u00e9rieur de votre voiture pouvait \u00eatre jusqu&rsquo;\u00e0 15 fois plus pollu\u00e9 que l&rsquo;air ext\u00e9rieur<a href=\"https:\/\/www.airandme.fr\/blog\/wp-admin\/post.php?post=12183&amp;action=edit#_ftn1\">[1]<\/a> .<\/p>\n\n\n\n<p>En effet, lorsque vous conduisez, les gaz toxiques de votre v\u00e9hicule l\u2019entourent et s&rsquo;\u00e9coulent librement dans la cabine passager. Peu importe l&rsquo;endroit o\u00f9 vous vous asseyez, les polluants sont pi\u00e9g\u00e9s dans l\u2019habitacle !<\/p>\n\n\n\n<h2 class=\"wp-block-heading\"><strong>Les sources de la pollution de l\u2019air \u00e0 l\u2019int\u00e9rieur des v\u00e9hicules <\/strong><\/h2>\n\n\n\n<p><strong>Il existe deux sources principales de polluants dans les v\u00e9hicules :<\/strong><\/p>\n\n\n\n<ul class=\"wp-block-list\">\n<li><strong>Les polluants gazeux : les oxydes d&rsquo;azote, les oxydes de soufre, le monoxyde de carbone et l&rsquo;ozone troposph\u00e9rique : <\/strong>La pollution aux particules comprend le carbone noir, les particules de 10 microm\u00e8tres ou moins (PM10) et de 2.5 microm\u00e8tres ou moins (PM2.5) et les particules ultra-fines. L&rsquo;ozone troposph\u00e9rique est un autre polluant gazeux caus\u00e9 par des r\u00e9actions chimiques entre les oxydes d&rsquo;azote et les COV en pr\u00e9sence de la lumi\u00e8re du soleil. Les microplastiques en suspension dans l&rsquo;air, tels que les tr\u00e8s petites particules d&rsquo;usure des pneus de v\u00e9hicule, constituent un autre polluant nocif.<br><\/li>\n\n\n\n<li><strong>Les mat\u00e9riaux utilis\u00e9s \u00e0 l&rsquo;int\u00e9rieur m\u00eame des v\u00e9hicules :<\/strong> Ces mati\u00e8res, naturelles ou synth\u00e9tiques, lib\u00e8rent des produits chimiques tels que le benz\u00e8ne, le tolu\u00e8ne, le xyl\u00e8ne et le formald\u00e9hyde dans l&rsquo;air de l\u2019habitacle. Le cuir, les plastiques, les tissus, les tapis, les coussins en mousse et autres lib\u00e8rent ces polluants dans l&rsquo;air \u00e0 un taux tr\u00e8s \u00e9lev\u00e9 : 35 fois les limites maximales ! Taux encore plus \u00e9lev\u00e9 d\u00e8s les fortes chaleurs.<\/li>\n<\/ul>\n\n\n\n<h2 class=\"wp-block-heading\"><strong>Quels sont les risques pour votre sant\u00e9&nbsp;?<\/strong><\/h2>\n\n\n\n<p>Les risques de la pollution atmosph\u00e9rique sur la sant\u00e9 sont bien connus. La pollution aux particules fines pr\u00e9sente un risque important car les microparticules peuvent p\u00e9n\u00e9trer dans les poumons et passer dans le sang, ce qui a des effets n\u00e9fastes sur la sant\u00e9 :<\/p>\n\n\n\n<ul class=\"wp-block-list\">\n<li>\u00c0 court terme : toux, maux de t\u00eate, vertiges, fatigue, rythme cardiaque irr\u00e9gulier et irritation des yeux, du nez et de la gorge.<\/li>\n\n\n\n<li>\u00c0 long terme : maladies cardio-vasculaires, crises cardiaques, accidents vasculaires c\u00e9r\u00e9braux, maladies respiratoires telles que l&rsquo;asthme, les maladies neurologiques, le cancer, l\u00e9sions des nerfs, du cerveau, des reins, du foie et d&rsquo;autres organes, ainsi que d&rsquo;autres affections telles qu&rsquo;un faible poids de naissance, l&rsquo;autisme, le diab\u00e8te, ob\u00e9sit\u00e9, maladie de Parkinson et maladie d\u2019Alzheimer<a href=\"#_ftn1\">[2]<\/a>.<\/li>\n<\/ul>\n\n\n\n<h2 class=\"wp-block-heading\"><strong>Analysez et purifiez l&rsquo;air \u00e0 bord de votre v\u00e9hicule avec le purificateur d&rsquo;air Cabin  !<\/strong><\/h2>\n\n\n\n<p>La qualit\u00e9 de l\u2019air dans votre voiture importe autant que la qualit\u00e9 de l\u2019air chez vous\u00a0! <a href=\"https:\/\/www.airandme.fr\/\" target=\"_blank\" rel=\"noreferrer noopener\">air&amp;me<\/a> vous pr\u00e9sente le <a href=\"https:\/\/airandme.fr\/fr\/120-purifier-sa-voiture\" target=\"_blank\" rel=\"noreferrer noopener\">purificateur d\u2019air Cabin<\/a> de Blueair. Con\u00e7u sp\u00e9cialement pour les voitures, les camions et les camping-cars, ce purificateur est dot\u00e9 d&rsquo;une version compacte et mobile de la technologie HEPASilent&#x2122;. L\u2019appareil combine 2 types de filtration et un d\u00e9bit d&rsquo;air \u00e0 360\u00b0 pour vous garantir un air pur et une efficacit\u00e9 de filtration sup\u00e9rieure \u00e0 95 %.<\/p>\n\n\n\n<figure class=\"wp-block-embed is-type-video is-provider-youtube wp-block-embed-youtube wp-embed-aspect-16-9 wp-has-aspect-ratio\"><div class=\"wp-block-embed__wrapper\">\n<span class=\"embed-youtube\" style=\"text-align:center; display: block;\"><iframe class=\"youtube-player\" width=\"640\" height=\"360\" src=\"https:\/\/www.youtube.com\/embed\/WrUe6nRBLHs?version=3&#038;rel=1&#038;showsearch=0&#038;showinfo=1&#038;iv_load_policy=1&#038;fs=1&#038;hl=fr-FR&#038;autohide=2&#038;wmode=transparent\" allowfullscreen=\"true\" style=\"border:0;\" sandbox=\"allow-scripts allow-same-origin allow-popups allow-presentation allow-popups-to-escape-sandbox\"><\/iframe><\/span>\n<\/div><\/figure>\n\n\n\n<p>Pour que la qualit\u00e9 de l&rsquo;air de votre voiture pendant un embouteillage ne soit pas source de stress suppl\u00e9mentaire !<\/p>\n\n\n\n<hr class=\"wp-block-separator has-css-opacity\"\/>\n\n\n\n<p class=\"has-small-font-size\"><a href=\"#_ftnref1\">[1]<\/a> &nbsp;King\u2019s College de Londres, Environment Research Group. Juillet 2014. Action sur la qualit\u00e9 de l\u2019air.<\/p>\n\n\n\n<p class=\"has-small-font-size\"><a href=\"#_ftnref1\">[2<\/a><a href=\"#_ftnref1\">]<\/a> Chen R.,Hu B., Liu Y., Xu J., Yang G.Xu D.,Chen C. Beyond PM2.5: The role of ultrafine particles on adverse health effects of air pollution. Biochim Biophys Acta. (2016). <\/p>\n","protected":false},"excerpt":{"rendered":"<p>En moyenne, les gens passent 10 heures par semaine \u00e0 l&rsquo;int\u00e9rieur de leur voiture. Les d\u00e9placements aux heures de pointe repr\u00e9sentent une proportion importante de l\u2019exposition aux polluants atmosph\u00e9riques engendr\u00e9s par la circulation. Cette exposition augmente les risques de probl\u00e8mes de sant\u00e9&nbsp;: asthme, allergies, maladies cardiaques et pulmonaires, diab\u00e8te\u2026 La qualit\u00e9 de l&rsquo;air en voiture [&hellip;]<\/p>\n","protected":false},"author":1002,"featured_media":16443,"comment_status":"open","ping_status":"open","sticky":false,"template":"","format":"standard","meta":{"jetpack_post_was_ever_published":false,"_jetpack_newsletter_access":"","_jetpack_dont_email_post_to_subs":false,"_jetpack_newsletter_tier_id":0,"_jetpack_memberships_contains_paywalled_content":false,"_jetpack_memberships_contains_paid_content":false,"jnews-multi-image_gallery":[],"jnews_single_post":{"subtitle":"","format":"standard","video":"","gallery":"","source_name":"","source_url":"","via_name":"","via_url":"","override":[{"single_blog_custom":"","sidebar":"","second_sidebar":"","share_position":"","share_float_style":"","post_date_format":"","post_date_format_custom":"","post_reading_time_wpm":"","zoom_button_out_step":"1","zoom_button_in_step":"1","number_popup_post":"1"}],"image_override":[{"single_post_thumbnail_size":"","single_post_gallery_size":""}],"trending_post_position":"","trending_post_label":"","sponsored_post_label":"","sponsored_post_name":"","sponsored_post_url":"","sponsored_post_logo":"","sponsored_post_desc":""},"jnews_primary_category":{"id":""},"jnews_social_meta":{"fb_title":"","fb_description":"","fb_image":"","twitter_title":"","twitter_description":"","twitter_image":""},"footnotes":""},"categories":[711,2336,712],"tags":[],"class_list":["post-12183","post","type-post","status-publish","format-standard","has-post-thumbnail","hentry","category-analyse-et-purification-de-lair","category-pollution-de-lair-exterieur","category-pollution-et-qualite-de-l-air-interieur"],"yoast_head":"<!-- This site is optimized with the Yoast SEO plugin v27.4 - https:\/\/yoast.com\/product\/yoast-seo-wordpress\/ -->\n<title>Comment am\u00e9liorer la qualit\u00e9 de l\u2019air dans votre voiture ? - air&amp;me<\/title>\n<meta name=\"description\" content=\"L&#039;air dans votre voiture est jusqu&#039;\u00e0 15x plus pollu\u00e9 que l&#039;air ext\u00e9rieur. D\u00e9couvrez comment retrouver un air plus sain m\u00eame sur la route\" \/>\n<meta name=\"robots\" content=\"index, follow, max-snippet:-1, max-image-preview:large, max-video-preview:-1\" \/>\n<link rel=\"canonical\" href=\"https:\/\/www.airandme.fr\/blog\/pollution-et-qualite-de-l-air-interieur\/la-qualite-de-lair-dans-votre-voiture\/\" \/>\n<meta property=\"og:locale\" content=\"fr_FR\" \/>\n<meta property=\"og:type\" content=\"article\" \/>\n<meta property=\"og:title\" content=\"Comment am\u00e9liorer la qualit\u00e9 de l\u2019air dans votre voiture ? - air&amp;me\" \/>\n<meta property=\"og:description\" content=\"L&#039;air dans votre voiture est jusqu&#039;\u00e0 15x plus pollu\u00e9 que l&#039;air ext\u00e9rieur. D\u00e9couvrez comment retrouver un air plus sain m\u00eame sur la route\" \/>\n<meta property=\"og:url\" content=\"https:\/\/www.airandme.fr\/blog\/pollution-et-qualite-de-l-air-interieur\/la-qualite-de-lair-dans-votre-voiture\/\" \/>\n<meta property=\"og:site_name\" content=\"air&amp;me - Le blog du traitement de l&#039;air\" \/>\n<meta property=\"article:publisher\" content=\"https:\/\/www.facebook.com\/airandme\" \/>\n<meta property=\"article:published_time\" content=\"2019-05-13T15:21:50+00:00\" \/>\n<meta property=\"article:modified_time\" content=\"2025-04-15T09:30:18+00:00\" \/>\n<meta property=\"og:image\" content=\"https:\/\/www.airandme.fr\/blog\/wp-content\/uploads\/airandme-comment-am\u00e9liorer-la-qualit\u00e9-de-l-air-dans-votre-voiture-01.jpg\" \/>\n\t<meta property=\"og:image:width\" content=\"750\" \/>\n\t<meta property=\"og:image:height\" content=\"374\" \/>\n\t<meta property=\"og:image:type\" content=\"image\/jpeg\" \/>\n<meta name=\"author\" content=\"Lucie\" \/>\n<meta name=\"twitter:card\" content=\"summary_large_image\" \/>\n<meta name=\"twitter:label1\" content=\"\u00c9crit par\" \/>\n\t<meta name=\"twitter:data1\" content=\"Lucie\" \/>\n\t<meta name=\"twitter:label2\" content=\"Dur\u00e9e de lecture estim\u00e9e\" \/>\n\t<meta name=\"twitter:data2\" content=\"4 minutes\" \/>\n<script type=\"application\/ld+json\" class=\"yoast-schema-graph\">{\"@context\":\"https:\\\/\\\/schema.org\",\"@graph\":[{\"@type\":\"Article\",\"@id\":\"https:\\\/\\\/www.airandme.fr\\\/blog\\\/pollution-et-qualite-de-l-air-interieur\\\/la-qualite-de-lair-dans-votre-voiture\\\/#article\",\"isPartOf\":{\"@id\":\"https:\\\/\\\/www.airandme.fr\\\/blog\\\/pollution-et-qualite-de-l-air-interieur\\\/la-qualite-de-lair-dans-votre-voiture\\\/\"},\"author\":{\"name\":\"Lucie\",\"@id\":\"https:\\\/\\\/www.airandme.fr\\\/blog\\\/#\\\/schema\\\/person\\\/7513dbbfef19fca38d61a145e4f491c0\"},\"headline\":\"Comment am\u00e9liorer la qualit\u00e9 de l\u2019air dans votre voiture ?\",\"datePublished\":\"2019-05-13T15:21:50+00:00\",\"dateModified\":\"2025-04-15T09:30:18+00:00\",\"mainEntityOfPage\":{\"@id\":\"https:\\\/\\\/www.airandme.fr\\\/blog\\\/pollution-et-qualite-de-l-air-interieur\\\/la-qualite-de-lair-dans-votre-voiture\\\/\"},\"wordCount\":723,\"commentCount\":0,\"publisher\":{\"@id\":\"https:\\\/\\\/www.airandme.fr\\\/blog\\\/#organization\"},\"image\":{\"@id\":\"https:\\\/\\\/www.airandme.fr\\\/blog\\\/pollution-et-qualite-de-l-air-interieur\\\/la-qualite-de-lair-dans-votre-voiture\\\/#primaryimage\"},\"thumbnailUrl\":\"https:\\\/\\\/i0.wp.com\\\/www.airandme.fr\\\/blog\\\/wp-content\\\/uploads\\\/airandme-comment-am%C3%A9liorer-la-qualit%C3%A9-de-l-air-dans-votre-voiture-01.jpg?fit=750%2C374&ssl=1\",\"articleSection\":[\"Analyse et purification de l'air\",\"Pollution de l'air ext\u00e9rieur\",\"Pollution et qualit\u00e9 de l'air int\u00e9rieur\"],\"inLanguage\":\"fr-FR\",\"potentialAction\":[{\"@type\":\"CommentAction\",\"name\":\"Comment\",\"target\":[\"https:\\\/\\\/www.airandme.fr\\\/blog\\\/pollution-et-qualite-de-l-air-interieur\\\/la-qualite-de-lair-dans-votre-voiture\\\/#respond\"]}]},{\"@type\":\"WebPage\",\"@id\":\"https:\\\/\\\/www.airandme.fr\\\/blog\\\/pollution-et-qualite-de-l-air-interieur\\\/la-qualite-de-lair-dans-votre-voiture\\\/\",\"url\":\"https:\\\/\\\/www.airandme.fr\\\/blog\\\/pollution-et-qualite-de-l-air-interieur\\\/la-qualite-de-lair-dans-votre-voiture\\\/\",\"name\":\"Comment am\u00e9liorer la qualit\u00e9 de l\u2019air dans votre voiture ? - air&me\",\"isPartOf\":{\"@id\":\"https:\\\/\\\/www.airandme.fr\\\/blog\\\/#website\"},\"primaryImageOfPage\":{\"@id\":\"https:\\\/\\\/www.airandme.fr\\\/blog\\\/pollution-et-qualite-de-l-air-interieur\\\/la-qualite-de-lair-dans-votre-voiture\\\/#primaryimage\"},\"image\":{\"@id\":\"https:\\\/\\\/www.airandme.fr\\\/blog\\\/pollution-et-qualite-de-l-air-interieur\\\/la-qualite-de-lair-dans-votre-voiture\\\/#primaryimage\"},\"thumbnailUrl\":\"https:\\\/\\\/i0.wp.com\\\/www.airandme.fr\\\/blog\\\/wp-content\\\/uploads\\\/airandme-comment-am%C3%A9liorer-la-qualit%C3%A9-de-l-air-dans-votre-voiture-01.jpg?fit=750%2C374&ssl=1\",\"datePublished\":\"2019-05-13T15:21:50+00:00\",\"dateModified\":\"2025-04-15T09:30:18+00:00\",\"description\":\"L'air dans votre voiture est jusqu'\u00e0 15x plus pollu\u00e9 que l'air ext\u00e9rieur. D\u00e9couvrez comment retrouver un air plus sain m\u00eame sur la route\",\"breadcrumb\":{\"@id\":\"https:\\\/\\\/www.airandme.fr\\\/blog\\\/pollution-et-qualite-de-l-air-interieur\\\/la-qualite-de-lair-dans-votre-voiture\\\/#breadcrumb\"},\"inLanguage\":\"fr-FR\",\"potentialAction\":[{\"@type\":\"ReadAction\",\"target\":[\"https:\\\/\\\/www.airandme.fr\\\/blog\\\/pollution-et-qualite-de-l-air-interieur\\\/la-qualite-de-lair-dans-votre-voiture\\\/\"]}]},{\"@type\":\"ImageObject\",\"inLanguage\":\"fr-FR\",\"@id\":\"https:\\\/\\\/www.airandme.fr\\\/blog\\\/pollution-et-qualite-de-l-air-interieur\\\/la-qualite-de-lair-dans-votre-voiture\\\/#primaryimage\",\"url\":\"https:\\\/\\\/i0.wp.com\\\/www.airandme.fr\\\/blog\\\/wp-content\\\/uploads\\\/airandme-comment-am%C3%A9liorer-la-qualit%C3%A9-de-l-air-dans-votre-voiture-01.jpg?fit=750%2C374&ssl=1\",\"contentUrl\":\"https:\\\/\\\/i0.wp.com\\\/www.airandme.fr\\\/blog\\\/wp-content\\\/uploads\\\/airandme-comment-am%C3%A9liorer-la-qualit%C3%A9-de-l-air-dans-votre-voiture-01.jpg?fit=750%2C374&ssl=1\",\"width\":750,\"height\":374,\"caption\":\"airandme-Comment am\u00e9liorer la qualit\u00e9 de l\u2019air dans votre voiture\"},{\"@type\":\"BreadcrumbList\",\"@id\":\"https:\\\/\\\/www.airandme.fr\\\/blog\\\/pollution-et-qualite-de-l-air-interieur\\\/la-qualite-de-lair-dans-votre-voiture\\\/#breadcrumb\",\"itemListElement\":[{\"@type\":\"ListItem\",\"position\":1,\"name\":\"Accueil\",\"item\":\"https:\\\/\\\/www.airandme.fr\\\/blog\\\/\"},{\"@type\":\"ListItem\",\"position\":2,\"name\":\"Pollution et qualit\u00e9 de l'air int\u00e9rieur\",\"item\":\"https:\\\/\\\/www.airandme.fr\\\/blog\\\/category\\\/pollution-et-qualite-de-l-air-interieur\\\/\"},{\"@type\":\"ListItem\",\"position\":3,\"name\":\"Comment am\u00e9liorer la qualit\u00e9 de l\u2019air dans votre voiture ?\"}]},{\"@type\":\"WebSite\",\"@id\":\"https:\\\/\\\/www.airandme.fr\\\/blog\\\/#website\",\"url\":\"https:\\\/\\\/www.airandme.fr\\\/blog\\\/\",\"name\":\"air&me - Le blog du traitement de l'air\",\"description\":\"Solutions pour le traitement de l&#039;air int\u00e9rieur - Le blog du bien air chez soi\",\"publisher\":{\"@id\":\"https:\\\/\\\/www.airandme.fr\\\/blog\\\/#organization\"},\"potentialAction\":[{\"@type\":\"SearchAction\",\"target\":{\"@type\":\"EntryPoint\",\"urlTemplate\":\"https:\\\/\\\/www.airandme.fr\\\/blog\\\/?s={search_term_string}\"},\"query-input\":{\"@type\":\"PropertyValueSpecification\",\"valueRequired\":true,\"valueName\":\"search_term_string\"}}],\"inLanguage\":\"fr-FR\"},{\"@type\":\"Organization\",\"@id\":\"https:\\\/\\\/www.airandme.fr\\\/blog\\\/#organization\",\"name\":\"air&me - Le blog du traitement de l'air\",\"url\":\"https:\\\/\\\/www.airandme.fr\\\/blog\\\/\",\"logo\":{\"@type\":\"ImageObject\",\"inLanguage\":\"fr-FR\",\"@id\":\"https:\\\/\\\/www.airandme.fr\\\/blog\\\/#\\\/schema\\\/logo\\\/image\\\/\",\"url\":\"https:\\\/\\\/i0.wp.com\\\/www.airandme.fr\\\/blog\\\/wp-content\\\/uploads\\\/airandme-logo-blog-300px.png?fit=300%2C120&ssl=1\",\"contentUrl\":\"https:\\\/\\\/i0.wp.com\\\/www.airandme.fr\\\/blog\\\/wp-content\\\/uploads\\\/airandme-logo-blog-300px.png?fit=300%2C120&ssl=1\",\"width\":300,\"height\":120,\"caption\":\"air&me - Le blog du traitement de l'air\"},\"image\":{\"@id\":\"https:\\\/\\\/www.airandme.fr\\\/blog\\\/#\\\/schema\\\/logo\\\/image\\\/\"},\"sameAs\":[\"https:\\\/\\\/www.facebook.com\\\/airandme\",\"https:\\\/\\\/www.instagram.com\\\/air_and_me\\\/\",\"https:\\\/\\\/www.linkedin.com\\\/air-and-me\",\"https:\\\/\\\/www.pinterest.fr\\\/air_and_me\",\"https:\\\/\\\/www.youtube.com\\\/channel\\\/UCmco9cc0iTBmPINR5vaW90A\"]},{\"@type\":\"Person\",\"@id\":\"https:\\\/\\\/www.airandme.fr\\\/blog\\\/#\\\/schema\\\/person\\\/7513dbbfef19fca38d61a145e4f491c0\",\"name\":\"Lucie\",\"image\":{\"@type\":\"ImageObject\",\"inLanguage\":\"fr-FR\",\"@id\":\"https:\\\/\\\/secure.gravatar.com\\\/avatar\\\/2372cc4034755cad5c718652176001d9d14ed3a00ffb17bceaec9e1fe07aad5b?s=96&d=mm&r=g\",\"url\":\"https:\\\/\\\/secure.gravatar.com\\\/avatar\\\/2372cc4034755cad5c718652176001d9d14ed3a00ffb17bceaec9e1fe07aad5b?s=96&d=mm&r=g\",\"contentUrl\":\"https:\\\/\\\/secure.gravatar.com\\\/avatar\\\/2372cc4034755cad5c718652176001d9d14ed3a00ffb17bceaec9e1fe07aad5b?s=96&d=mm&r=g\",\"caption\":\"Lucie\"},\"url\":\"https:\\\/\\\/www.airandme.fr\\\/blog\\\/author\\\/lucie\\\/\"}]}<\/script>\n<!-- \/ Yoast SEO plugin. -->","yoast_head_json":{"title":"Comment am\u00e9liorer la qualit\u00e9 de l\u2019air dans votre voiture ? - air&me","description":"L'air dans votre voiture est jusqu'\u00e0 15x plus pollu\u00e9 que l'air ext\u00e9rieur. D\u00e9couvrez comment retrouver un air plus sain m\u00eame sur la route","robots":{"index":"index","follow":"follow","max-snippet":"max-snippet:-1","max-image-preview":"max-image-preview:large","max-video-preview":"max-video-preview:-1"},"canonical":"https:\/\/www.airandme.fr\/blog\/pollution-et-qualite-de-l-air-interieur\/la-qualite-de-lair-dans-votre-voiture\/","og_locale":"fr_FR","og_type":"article","og_title":"Comment am\u00e9liorer la qualit\u00e9 de l\u2019air dans votre voiture ? - air&me","og_description":"L'air dans votre voiture est jusqu'\u00e0 15x plus pollu\u00e9 que l'air ext\u00e9rieur. D\u00e9couvrez comment retrouver un air plus sain m\u00eame sur la route","og_url":"https:\/\/www.airandme.fr\/blog\/pollution-et-qualite-de-l-air-interieur\/la-qualite-de-lair-dans-votre-voiture\/","og_site_name":"air&amp;me - Le blog du traitement de l&#039;air","article_publisher":"https:\/\/www.facebook.com\/airandme","article_published_time":"2019-05-13T15:21:50+00:00","article_modified_time":"2025-04-15T09:30:18+00:00","og_image":[{"width":750,"height":374,"url":"https:\/\/www.airandme.fr\/blog\/wp-content\/uploads\/airandme-comment-am\u00e9liorer-la-qualit\u00e9-de-l-air-dans-votre-voiture-01.jpg","type":"image\/jpeg"}],"author":"Lucie","twitter_card":"summary_large_image","twitter_misc":{"\u00c9crit par":"Lucie","Dur\u00e9e de lecture estim\u00e9e":"4 minutes"},"schema":{"@context":"https:\/\/schema.org","@graph":[{"@type":"Article","@id":"https:\/\/www.airandme.fr\/blog\/pollution-et-qualite-de-l-air-interieur\/la-qualite-de-lair-dans-votre-voiture\/#article","isPartOf":{"@id":"https:\/\/www.airandme.fr\/blog\/pollution-et-qualite-de-l-air-interieur\/la-qualite-de-lair-dans-votre-voiture\/"},"author":{"name":"Lucie","@id":"https:\/\/www.airandme.fr\/blog\/#\/schema\/person\/7513dbbfef19fca38d61a145e4f491c0"},"headline":"Comment am\u00e9liorer la qualit\u00e9 de l\u2019air dans votre voiture ?","datePublished":"2019-05-13T15:21:50+00:00","dateModified":"2025-04-15T09:30:18+00:00","mainEntityOfPage":{"@id":"https:\/\/www.airandme.fr\/blog\/pollution-et-qualite-de-l-air-interieur\/la-qualite-de-lair-dans-votre-voiture\/"},"wordCount":723,"commentCount":0,"publisher":{"@id":"https:\/\/www.airandme.fr\/blog\/#organization"},"image":{"@id":"https:\/\/www.airandme.fr\/blog\/pollution-et-qualite-de-l-air-interieur\/la-qualite-de-lair-dans-votre-voiture\/#primaryimage"},"thumbnailUrl":"https:\/\/i0.wp.com\/www.airandme.fr\/blog\/wp-content\/uploads\/airandme-comment-am%C3%A9liorer-la-qualit%C3%A9-de-l-air-dans-votre-voiture-01.jpg?fit=750%2C374&ssl=1","articleSection":["Analyse et purification de l'air","Pollution de l'air ext\u00e9rieur","Pollution et qualit\u00e9 de l'air int\u00e9rieur"],"inLanguage":"fr-FR","potentialAction":[{"@type":"CommentAction","name":"Comment","target":["https:\/\/www.airandme.fr\/blog\/pollution-et-qualite-de-l-air-interieur\/la-qualite-de-lair-dans-votre-voiture\/#respond"]}]},{"@type":"WebPage","@id":"https:\/\/www.airandme.fr\/blog\/pollution-et-qualite-de-l-air-interieur\/la-qualite-de-lair-dans-votre-voiture\/","url":"https:\/\/www.airandme.fr\/blog\/pollution-et-qualite-de-l-air-interieur\/la-qualite-de-lair-dans-votre-voiture\/","name":"Comment am\u00e9liorer la qualit\u00e9 de l\u2019air dans votre voiture ? - air&me","isPartOf":{"@id":"https:\/\/www.airandme.fr\/blog\/#website"},"primaryImageOfPage":{"@id":"https:\/\/www.airandme.fr\/blog\/pollution-et-qualite-de-l-air-interieur\/la-qualite-de-lair-dans-votre-voiture\/#primaryimage"},"image":{"@id":"https:\/\/www.airandme.fr\/blog\/pollution-et-qualite-de-l-air-interieur\/la-qualite-de-lair-dans-votre-voiture\/#primaryimage"},"thumbnailUrl":"https:\/\/i0.wp.com\/www.airandme.fr\/blog\/wp-content\/uploads\/airandme-comment-am%C3%A9liorer-la-qualit%C3%A9-de-l-air-dans-votre-voiture-01.jpg?fit=750%2C374&ssl=1","datePublished":"2019-05-13T15:21:50+00:00","dateModified":"2025-04-15T09:30:18+00:00","description":"L'air dans votre voiture est jusqu'\u00e0 15x plus pollu\u00e9 que l'air ext\u00e9rieur. D\u00e9couvrez comment retrouver un air plus sain m\u00eame sur la route","breadcrumb":{"@id":"https:\/\/www.airandme.fr\/blog\/pollution-et-qualite-de-l-air-interieur\/la-qualite-de-lair-dans-votre-voiture\/#breadcrumb"},"inLanguage":"fr-FR","potentialAction":[{"@type":"ReadAction","target":["https:\/\/www.airandme.fr\/blog\/pollution-et-qualite-de-l-air-interieur\/la-qualite-de-lair-dans-votre-voiture\/"]}]},{"@type":"ImageObject","inLanguage":"fr-FR","@id":"https:\/\/www.airandme.fr\/blog\/pollution-et-qualite-de-l-air-interieur\/la-qualite-de-lair-dans-votre-voiture\/#primaryimage","url":"https:\/\/i0.wp.com\/www.airandme.fr\/blog\/wp-content\/uploads\/airandme-comment-am%C3%A9liorer-la-qualit%C3%A9-de-l-air-dans-votre-voiture-01.jpg?fit=750%2C374&ssl=1","contentUrl":"https:\/\/i0.wp.com\/www.airandme.fr\/blog\/wp-content\/uploads\/airandme-comment-am%C3%A9liorer-la-qualit%C3%A9-de-l-air-dans-votre-voiture-01.jpg?fit=750%2C374&ssl=1","width":750,"height":374,"caption":"airandme-Comment am\u00e9liorer la qualit\u00e9 de l\u2019air dans votre voiture"},{"@type":"BreadcrumbList","@id":"https:\/\/www.airandme.fr\/blog\/pollution-et-qualite-de-l-air-interieur\/la-qualite-de-lair-dans-votre-voiture\/#breadcrumb","itemListElement":[{"@type":"ListItem","position":1,"name":"Accueil","item":"https:\/\/www.airandme.fr\/blog\/"},{"@type":"ListItem","position":2,"name":"Pollution et qualit\u00e9 de l'air int\u00e9rieur","item":"https:\/\/www.airandme.fr\/blog\/category\/pollution-et-qualite-de-l-air-interieur\/"},{"@type":"ListItem","position":3,"name":"Comment am\u00e9liorer la qualit\u00e9 de l\u2019air dans votre voiture ?"}]},{"@type":"WebSite","@id":"https:\/\/www.airandme.fr\/blog\/#website","url":"https:\/\/www.airandme.fr\/blog\/","name":"air&me - Le blog du traitement de l'air","description":"Solutions pour le traitement de l&#039;air int\u00e9rieur - Le blog du bien air chez soi","publisher":{"@id":"https:\/\/www.airandme.fr\/blog\/#organization"},"potentialAction":[{"@type":"SearchAction","target":{"@type":"EntryPoint","urlTemplate":"https:\/\/www.airandme.fr\/blog\/?s={search_term_string}"},"query-input":{"@type":"PropertyValueSpecification","valueRequired":true,"valueName":"search_term_string"}}],"inLanguage":"fr-FR"},{"@type":"Organization","@id":"https:\/\/www.airandme.fr\/blog\/#organization","name":"air&me - Le blog du traitement de l'air","url":"https:\/\/www.airandme.fr\/blog\/","logo":{"@type":"ImageObject","inLanguage":"fr-FR","@id":"https:\/\/www.airandme.fr\/blog\/#\/schema\/logo\/image\/","url":"https:\/\/i0.wp.com\/www.airandme.fr\/blog\/wp-content\/uploads\/airandme-logo-blog-300px.png?fit=300%2C120&ssl=1","contentUrl":"https:\/\/i0.wp.com\/www.airandme.fr\/blog\/wp-content\/uploads\/airandme-logo-blog-300px.png?fit=300%2C120&ssl=1","width":300,"height":120,"caption":"air&me - Le blog du traitement de l'air"},"image":{"@id":"https:\/\/www.airandme.fr\/blog\/#\/schema\/logo\/image\/"},"sameAs":["https:\/\/www.facebook.com\/airandme","https:\/\/www.instagram.com\/air_and_me\/","https:\/\/www.linkedin.com\/air-and-me","https:\/\/www.pinterest.fr\/air_and_me","https:\/\/www.youtube.com\/channel\/UCmco9cc0iTBmPINR5vaW90A"]},{"@type":"Person","@id":"https:\/\/www.airandme.fr\/blog\/#\/schema\/person\/7513dbbfef19fca38d61a145e4f491c0","name":"Lucie","image":{"@type":"ImageObject","inLanguage":"fr-FR","@id":"https:\/\/secure.gravatar.com\/avatar\/2372cc4034755cad5c718652176001d9d14ed3a00ffb17bceaec9e1fe07aad5b?s=96&d=mm&r=g","url":"https:\/\/secure.gravatar.com\/avatar\/2372cc4034755cad5c718652176001d9d14ed3a00ffb17bceaec9e1fe07aad5b?s=96&d=mm&r=g","contentUrl":"https:\/\/secure.gravatar.com\/avatar\/2372cc4034755cad5c718652176001d9d14ed3a00ffb17bceaec9e1fe07aad5b?s=96&d=mm&r=g","caption":"Lucie"},"url":"https:\/\/www.airandme.fr\/blog\/author\/lucie\/"}]}},"jetpack_featured_media_url":"https:\/\/i0.wp.com\/www.airandme.fr\/blog\/wp-content\/uploads\/airandme-comment-am%C3%A9liorer-la-qualit%C3%A9-de-l-air-dans-votre-voiture-01.jpg?fit=750%2C374&ssl=1","jetpack_sharing_enabled":true,"jetpack_shortlink":"https:\/\/wp.me\/paHeLN-3av","_links":{"self":[{"href":"https:\/\/www.airandme.fr\/blog\/wp-json\/wp\/v2\/posts\/12183","targetHints":{"allow":["GET"]}}],"collection":[{"href":"https:\/\/www.airandme.fr\/blog\/wp-json\/wp\/v2\/posts"}],"about":[{"href":"https:\/\/www.airandme.fr\/blog\/wp-json\/wp\/v2\/types\/post"}],"author":[{"embeddable":true,"href":"https:\/\/www.airandme.fr\/blog\/wp-json\/wp\/v2\/users\/1002"}],"replies":[{"embeddable":true,"href":"https:\/\/www.airandme.fr\/blog\/wp-json\/wp\/v2\/comments?post=12183"}],"version-history":[{"count":5,"href":"https:\/\/www.airandme.fr\/blog\/wp-json\/wp\/v2\/posts\/12183\/revisions"}],"predecessor-version":[{"id":22443,"href":"https:\/\/www.airandme.fr\/blog\/wp-json\/wp\/v2\/posts\/12183\/revisions\/22443"}],"wp:featuredmedia":[{"embeddable":true,"href":"https:\/\/www.airandme.fr\/blog\/wp-json\/wp\/v2\/media\/16443"}],"wp:attachment":[{"href":"https:\/\/www.airandme.fr\/blog\/wp-json\/wp\/v2\/media?parent=12183"}],"wp:term":[{"taxonomy":"category","embeddable":true,"href":"https:\/\/www.airandme.fr\/blog\/wp-json\/wp\/v2\/categories?post=12183"},{"taxonomy":"post_tag","embeddable":true,"href":"https:\/\/www.airandme.fr\/blog\/wp-json\/wp\/v2\/tags?post=12183"}],"curies":[{"name":"wp","href":"https:\/\/api.w.org\/{rel}","templated":true}]}}