{"id":1220,"date":"2023-12-10T16:09:00","date_gmt":"2023-12-10T14:09:00","guid":{"rendered":"https:\/\/www.airandme.fr\/blog\/\/?p=1220"},"modified":"2025-04-15T12:22:05","modified_gmt":"2025-04-15T10:22:05","slug":"les-bougies-polluent","status":"publish","type":"post","link":"https:\/\/www.airandme.fr\/blog\/pollution-et-qualite-de-l-air-interieur\/les-bougies-polluent\/","title":{"rendered":"L&rsquo;impact des bougies parfum\u00e9es et de l&rsquo;encens sur la qualit\u00e9 de l&rsquo;air int\u00e9rieur"},"content":{"rendered":"\n<p>Dans nos qu\u00eates incessantes de cr\u00e9er une ambiance chaleureuse et relaxante dans nos foyers, les bougies parfum\u00e9es et l&rsquo;encens sont devenus des compagnons de choix. Cependant, ce que beaucoup ignorent, c&rsquo;est que ces petits plaisirs olfactifs peuvent avoir un impact n\u00e9faste sur la <a href=\"https:\/\/www.airandme.fr\/blog\/pollution-et-qualite-de-l-air-interieur\/francais-mal-informes-sur-la-qualite-air-interieur\/\" target=\"_blank\" rel=\"noreferrer noopener\">qualit\u00e9 de l&rsquo;air<\/a> que nous respirons, entra\u00eenant des cons\u00e9quences directes sur notre sant\u00e9 respiratoire.<\/p>\n\n\n\n<h2 class=\"wp-block-heading\"><strong>Les HAP : des intrus invisibles dans l&rsquo;air que nous respirons<\/strong><\/h2>\n\n\n\n<p>Au c\u0153ur de cette probl\u00e9matique se trouvent les produits aromatiques polycycliques, commun\u00e9ment d\u00e9sign\u00e9s sous le terme HAP. Ces compos\u00e9s organiques volatils sont lib\u00e9r\u00e9s lors de la combustion des bougies parfum\u00e9es et de l&rsquo;encens. Lorsque nous inhalons ces substances, elles p\u00e9n\u00e8trent profond\u00e9ment dans nos voies respiratoires, cr\u00e9ant ainsi un environnement propice au d\u00e9veloppement de probl\u00e8mes respiratoires tels que l&rsquo;asthme ou les irritations pulmonaires.<\/p>\n\n\n\n<h2 class=\"wp-block-heading\"><strong>Impact sur la sant\u00e9 respiratoire<\/strong><\/h2>\n\n\n\n<p>L&rsquo;exposition prolong\u00e9e aux HAP provenant de ces produits peut \u00e9galement \u00eatre li\u00e9e \u00e0 des effets plus graves, tels que des troubles cardiorespiratoires et m\u00eame certains cancers. Il est essentiel de sensibiliser le public \u00e0 ces risques souvent m\u00e9connus, afin de promouvoir des choix plus sains au quotidien.<\/p>\n\n\n\n<h2 class=\"wp-block-heading\"><strong>Conseils pour une meilleure qualit\u00e9 de l&rsquo;air int\u00e9rieur<\/strong><\/h2>\n\n\n\n<p>Pour ceux qui ne peuvent se passer de l&rsquo;atmosph\u00e8re apaisante cr\u00e9\u00e9e par les bougies parfum\u00e9es et l&rsquo;encens, il est recommand\u00e9 de limiter leur utilisation dans des espaces bien ventil\u00e9s. Optez pour des produits naturels et biologiques, r\u00e9duisant ainsi la lib\u00e9ration de HAP. Par ailleurs, il est judicieux d&rsquo;investir dans un purificateur d&rsquo;air \u00e9quip\u00e9 de charbon actif, capable de filtrer ces polluants invisibles et de pr\u00e9server la qualit\u00e9 de l&rsquo;air int\u00e9rieur.<\/p>\n\n\n\n<h2 class=\"wp-block-heading\"><strong>Alternatives plus saines : purificateurs d&rsquo;air et diffuseurs d&rsquo;huiles essentielles<\/strong><\/h2>\n\n\n\n<p>Pour ceux en qu\u00eate d&rsquo;alternatives plus respectueuses de l&rsquo;environnement, les purificateurs d&rsquo;air dot\u00e9s de filtres au charbon actif se r\u00e9v\u00e8lent \u00eatre une solution efficace pour \u00e9liminer les HAP et autres polluants de l&rsquo;air int\u00e9rieur. De plus, les <a href=\"https:\/\/airandme.fr\/fr\/11-diffuseurs-dhuiles-essentielles\">diffuseurs d&rsquo;huiles essentielles<\/a> offrent une alternative naturelle pour parfumer agr\u00e9ablement votre espace tout en pr\u00e9servant la qualit\u00e9 de l&rsquo;air. Certains purificateurs sont aussi dot\u00e9s de la fonctionnalit\u00e9 aromath\u00e9rapie. Id\u00e9al pour purifier et ajouter une touche de parfum d&rsquo;ambiance \u00e0 votre chez soi.<\/p>\n\n\n\n<p>En conclusion, il est crucial de prendre conscience des cons\u00e9quences de nos choix quotidiens sur la qualit\u00e9 de l&rsquo;air int\u00e9rieur. En adoptant des alternatives plus saines et en int\u00e9grant des purificateurs d&rsquo;air \u00e0 notre environnement, nous pouvons cr\u00e9er des espaces propices au bien-\u00eatre, tout en pr\u00e9servant notre sant\u00e9 respiratoire. Il est temps de faire des choix \u00e9clair\u00e9s pour un air plus pur et une vie plus saine.<\/p>\n\n\n<div class=\"row ppgbo_row ppgbo_product_1\">\n    \n    <div class=\"product col-4\">\n        <a class=\"product_link\" target=\"_blank\" href=\"https:\/\/airandme.fr\/fr\/purification-de-lair\/1208-purificateur-connecte-lendou.html\">Purificateur d&#039;air connect\u00e9 LENDOU<\/a><img data-recalc-dims=\"1\" fetchpriority=\"high\" decoding=\"async\" class=\"product_image\" src=\"https:\/\/i0.wp.com\/airandme.fr\/9930-medium_default\/1.jpg?resize=250%2C250&#038;ssl=1\"  alt=\"Purificateur d&#039;air connect\u00e9 LENDOU\" width=\"250\" height=\"250\" \/><h4 class=\"product_name\">Purificateur d&#039;air connect\u00e9 LENDOU<\/h4><div class=\"product_description_short\">Le purificateur avec filtre HEPA 13 haut en couleurs ! Design, connect\u00e9, [...]<\/div><span class=\"product_price\">149.90\u20ac<\/span><div class=\"btn btn-default\">Voir le produit<\/div>    <\/div>\n    \n    \n    <div class=\"product col-4\">\n        <a class=\"product_link\" target=\"_blank\" href=\"https:\/\/airandme.fr\/fr\/purification-de-lair\/1388-purificateur-roger-little-blanc.html\">Purificateur d&#039;air ROGER Little Blanc<\/a><img data-recalc-dims=\"1\" decoding=\"async\" class=\"product_image\" src=\"https:\/\/i0.wp.com\/airandme.fr\/9521-medium_default\/1.jpg?resize=250%2C250&#038;ssl=1\"  alt=\"Purificateur d&#039;air ROGER Little Blanc\" width=\"250\" height=\"250\" \/><h4 class=\"product_name\">Purificateur d&#039;air ROGER Little Blanc<\/h4><div class=\"product_description_short\">Vous \u00eates \u00e0 la recherche d\u2019un purificateur d\u2019air compact, \u00e9conomique, intelligent, [...]<\/div><span class=\"product_price\">259.00\u20ac<\/span><div class=\"btn btn-default\">Voir le produit<\/div>    <\/div>\n    \n    \n    <div class=\"product col-4\">\n        <a class=\"product_link\" target=\"_blank\" href=\"https:\/\/airandme.fr\/fr\/purification-de-lair\/513-purificateur-buldair.html\">Purificateur d&#039;air BULDAIR<\/a><img data-recalc-dims=\"1\" decoding=\"async\" class=\"product_image\" src=\"https:\/\/i0.wp.com\/airandme.fr\/6351-medium_default\/1.jpg?resize=250%2C250&#038;ssl=1\"  alt=\"Purificateur d&#039;air BULDAIR\" width=\"250\" height=\"250\" \/><h4 class=\"product_name\">Purificateur d&#039;air BULDAIR<\/h4><div class=\"product_description_short\">BULDAIR est un petit purificateur d\u2019air qui couvre des surfaces jusqu\u2019\u00e0 15 m\u00b2 et [...]<\/div><span class=\"product_price\">69.90\u20ac<\/span><div class=\"btn btn-default\">Voir le produit<\/div>    <\/div>\n    \n    <div class=\"clear\"><\/div><\/div>\n<div class=\"clear\"><\/div>\n\n\n\n<div class=\"wp-block-buttons is-content-justification-center is-layout-flex wp-container-core-buttons-is-layout-16018d1d wp-block-buttons-is-layout-flex\">\n<div class=\"wp-block-button\"><a class=\"wp-block-button__link has-background has-text-align-center wp-element-button\" href=\"https:\/\/airandme.fr\/fr\/27-purification-de-lair\" style=\"background:linear-gradient(135deg,rgb(6,147,227) 0%,rgb(0,176,235) 100%)\"><strong>D\u00c9COUVREZ NOS PURIFICATEURS<\/strong><\/a><\/div>\n<\/div>\n","protected":false},"excerpt":{"rendered":"<p>Dans nos qu\u00eates incessantes de cr\u00e9er une ambiance chaleureuse et relaxante dans nos foyers, les bougies parfum\u00e9es et l&rsquo;encens sont devenus des compagnons de choix. Cependant, ce que beaucoup ignorent, c&rsquo;est que ces petits plaisirs olfactifs peuvent avoir un impact n\u00e9faste sur la qualit\u00e9 de l&rsquo;air que nous respirons, entra\u00eenant des cons\u00e9quences directes sur notre [&hellip;]<\/p>\n","protected":false},"author":1011,"featured_media":15851,"comment_status":"open","ping_status":"open","sticky":false,"template":"","format":"standard","meta":{"jetpack_post_was_ever_published":true,"_jetpack_newsletter_access":"","_jetpack_dont_email_post_to_subs":false,"_jetpack_newsletter_tier_id":0,"_jetpack_memberships_contains_paywalled_content":false,"_jetpack_memberships_contains_paid_content":false,"jnews-multi-image_gallery":[],"jnews_single_post":{"subtitle":"","format":"standard","video":"","gallery":"","source_name":"","source_url":"","via_name":"","via_url":"","override_template":"0","override":[{"template":"1","single_blog_custom":"","parallax":"1","fullscreen":"0","layout":"right-sidebar","sidebar":"","second_sidebar":"","sticky_sidebar":"1","share_position":"","share_float_style":"","show_share_counter":"0","show_view_counter":"1","show_featured":"1","show_post_meta":"1","show_post_author":"0","show_post_author_image":"0","show_post_date":"0","post_date_format":"","post_date_format_custom":"","show_post_category":"1","show_post_reading_time":"0","post_reading_time_wpm":"","show_zoom_button":"0","zoom_button_out_step":"1","zoom_button_in_step":"1","show_post_tag":"1","show_prev_next_post":"1","show_popup_post":"1","number_popup_post":"1","show_author_box":"0","show_post_related":"0","show_inline_post_related":"0"}],"override_image_size":"0","image_override":[{"single_post_thumbnail_size":"","single_post_gallery_size":""}],"trending_post":"0","trending_post_position":"","trending_post_label":"","sponsored_post":"0","sponsored_post_label":"","sponsored_post_name":"","sponsored_post_url":"","sponsored_post_logo_enable":"0","sponsored_post_logo":"","sponsored_post_desc":"","disable_ad":"0"},"jnews_primary_category":{"id":"","hide":""},"jnews_social_meta":{"fb_title":"","fb_description":"","fb_image":"","twitter_title":"","twitter_description":"","twitter_image":""},"footnotes":""},"categories":[706,712],"tags":[],"class_list":["post-1220","post","type-post","status-publish","format-standard","has-post-thumbnail","hentry","category-aromatherapie-huiles-essentielles","category-pollution-et-qualite-de-l-air-interieur"],"yoast_head":"<!-- This site is optimized with the Yoast SEO plugin v27.4 - https:\/\/yoast.com\/product\/yoast-seo-wordpress\/ -->\n<title>Pollution de l&#039;air li\u00e9e \u00e0 la bougie air&amp;me - Le blog du traitement de l&#039;air<\/title>\n<meta name=\"description\" content=\"Une simple bougie peut accentuer le ph\u00e9nom\u00e8ne de pollution de l&#039;air, et s&#039;av\u00e9rer nocive. D\u00e9couvrez nos solutions dans cet article?\" \/>\n<meta name=\"robots\" content=\"index, follow, max-snippet:-1, max-image-preview:large, max-video-preview:-1\" \/>\n<link rel=\"canonical\" href=\"https:\/\/www.airandme.fr\/blog\/pollution-et-qualite-de-l-air-interieur\/les-bougies-polluent\/\" \/>\n<meta property=\"og:locale\" content=\"fr_FR\" \/>\n<meta property=\"og:type\" content=\"article\" \/>\n<meta property=\"og:title\" content=\"Pollution de l&#039;air li\u00e9e \u00e0 la bougie air&amp;me - Le blog du traitement de l&#039;air\" \/>\n<meta property=\"og:description\" content=\"Une simple bougie peut accentuer le ph\u00e9nom\u00e8ne de pollution de l&#039;air, et s&#039;av\u00e9rer nocive. D\u00e9couvrez nos solutions dans cet article?\" \/>\n<meta property=\"og:url\" content=\"https:\/\/www.airandme.fr\/blog\/pollution-et-qualite-de-l-air-interieur\/les-bougies-polluent\/\" \/>\n<meta property=\"og:site_name\" content=\"air&amp;me - Le blog du traitement de l&#039;air\" \/>\n<meta property=\"article:publisher\" content=\"https:\/\/www.facebook.com\/airandme\" \/>\n<meta property=\"article:published_time\" content=\"2023-12-10T14:09:00+00:00\" \/>\n<meta property=\"article:modified_time\" content=\"2025-04-15T10:22:05+00:00\" \/>\n<meta property=\"og:image\" content=\"https:\/\/www.airandme.fr\/blog\/wp-content\/uploads\/airandme-pollution-de-l-air-li\u00e9e-\u00e0-la-bougie-01-jpg.jpg\" \/>\n\t<meta property=\"og:image:width\" content=\"750\" \/>\n\t<meta property=\"og:image:height\" content=\"374\" \/>\n\t<meta property=\"og:image:type\" content=\"image\/jpeg\" \/>\n<meta name=\"author\" content=\"Am\u00e9lie\" \/>\n<meta name=\"twitter:card\" content=\"summary_large_image\" \/>\n<meta name=\"twitter:label1\" content=\"\u00c9crit par\" \/>\n\t<meta name=\"twitter:data1\" content=\"Am\u00e9lie\" \/>\n\t<meta name=\"twitter:label2\" content=\"Dur\u00e9e de lecture estim\u00e9e\" \/>\n\t<meta name=\"twitter:data2\" content=\"3 minutes\" \/>\n<script type=\"application\/ld+json\" class=\"yoast-schema-graph\">{\"@context\":\"https:\\\/\\\/schema.org\",\"@graph\":[{\"@type\":\"Article\",\"@id\":\"https:\\\/\\\/www.airandme.fr\\\/blog\\\/pollution-et-qualite-de-l-air-interieur\\\/les-bougies-polluent\\\/#article\",\"isPartOf\":{\"@id\":\"https:\\\/\\\/www.airandme.fr\\\/blog\\\/pollution-et-qualite-de-l-air-interieur\\\/les-bougies-polluent\\\/\"},\"author\":{\"name\":\"Am\u00e9lie\",\"@id\":\"https:\\\/\\\/www.airandme.fr\\\/blog\\\/#\\\/schema\\\/person\\\/c474f6c70e09ebcd550c21157704224a\"},\"headline\":\"L&rsquo;impact des bougies parfum\u00e9es et de l&rsquo;encens sur la qualit\u00e9 de l&rsquo;air int\u00e9rieur\",\"datePublished\":\"2023-12-10T14:09:00+00:00\",\"dateModified\":\"2025-04-15T10:22:05+00:00\",\"mainEntityOfPage\":{\"@id\":\"https:\\\/\\\/www.airandme.fr\\\/blog\\\/pollution-et-qualite-de-l-air-interieur\\\/les-bougies-polluent\\\/\"},\"wordCount\":509,\"commentCount\":0,\"publisher\":{\"@id\":\"https:\\\/\\\/www.airandme.fr\\\/blog\\\/#organization\"},\"image\":{\"@id\":\"https:\\\/\\\/www.airandme.fr\\\/blog\\\/pollution-et-qualite-de-l-air-interieur\\\/les-bougies-polluent\\\/#primaryimage\"},\"thumbnailUrl\":\"https:\\\/\\\/i0.wp.com\\\/www.airandme.fr\\\/blog\\\/wp-content\\\/uploads\\\/airandme-pollution-de-l-air-li%C3%A9e-%C3%A0-la-bougie-01-jpg.jpg?fit=750%2C374&ssl=1\",\"articleSection\":[\"Aromath\u00e9rapie et huiles essentielles\",\"Pollution et qualit\u00e9 de l'air int\u00e9rieur\"],\"inLanguage\":\"fr-FR\",\"potentialAction\":[{\"@type\":\"CommentAction\",\"name\":\"Comment\",\"target\":[\"https:\\\/\\\/www.airandme.fr\\\/blog\\\/pollution-et-qualite-de-l-air-interieur\\\/les-bougies-polluent\\\/#respond\"]}]},{\"@type\":\"WebPage\",\"@id\":\"https:\\\/\\\/www.airandme.fr\\\/blog\\\/pollution-et-qualite-de-l-air-interieur\\\/les-bougies-polluent\\\/\",\"url\":\"https:\\\/\\\/www.airandme.fr\\\/blog\\\/pollution-et-qualite-de-l-air-interieur\\\/les-bougies-polluent\\\/\",\"name\":\"Pollution de l'air li\u00e9e \u00e0 la bougie air&amp;me - Le blog du traitement de l&#039;air\",\"isPartOf\":{\"@id\":\"https:\\\/\\\/www.airandme.fr\\\/blog\\\/#website\"},\"primaryImageOfPage\":{\"@id\":\"https:\\\/\\\/www.airandme.fr\\\/blog\\\/pollution-et-qualite-de-l-air-interieur\\\/les-bougies-polluent\\\/#primaryimage\"},\"image\":{\"@id\":\"https:\\\/\\\/www.airandme.fr\\\/blog\\\/pollution-et-qualite-de-l-air-interieur\\\/les-bougies-polluent\\\/#primaryimage\"},\"thumbnailUrl\":\"https:\\\/\\\/i0.wp.com\\\/www.airandme.fr\\\/blog\\\/wp-content\\\/uploads\\\/airandme-pollution-de-l-air-li%C3%A9e-%C3%A0-la-bougie-01-jpg.jpg?fit=750%2C374&ssl=1\",\"datePublished\":\"2023-12-10T14:09:00+00:00\",\"dateModified\":\"2025-04-15T10:22:05+00:00\",\"description\":\"Une simple bougie peut accentuer le ph\u00e9nom\u00e8ne de pollution de l'air, et s'av\u00e9rer nocive. D\u00e9couvrez nos solutions dans cet article?\",\"breadcrumb\":{\"@id\":\"https:\\\/\\\/www.airandme.fr\\\/blog\\\/pollution-et-qualite-de-l-air-interieur\\\/les-bougies-polluent\\\/#breadcrumb\"},\"inLanguage\":\"fr-FR\",\"potentialAction\":[{\"@type\":\"ReadAction\",\"target\":[\"https:\\\/\\\/www.airandme.fr\\\/blog\\\/pollution-et-qualite-de-l-air-interieur\\\/les-bougies-polluent\\\/\"]}]},{\"@type\":\"ImageObject\",\"inLanguage\":\"fr-FR\",\"@id\":\"https:\\\/\\\/www.airandme.fr\\\/blog\\\/pollution-et-qualite-de-l-air-interieur\\\/les-bougies-polluent\\\/#primaryimage\",\"url\":\"https:\\\/\\\/i0.wp.com\\\/www.airandme.fr\\\/blog\\\/wp-content\\\/uploads\\\/airandme-pollution-de-l-air-li%C3%A9e-%C3%A0-la-bougie-01-jpg.jpg?fit=750%2C374&ssl=1\",\"contentUrl\":\"https:\\\/\\\/i0.wp.com\\\/www.airandme.fr\\\/blog\\\/wp-content\\\/uploads\\\/airandme-pollution-de-l-air-li%C3%A9e-%C3%A0-la-bougie-01-jpg.jpg?fit=750%2C374&ssl=1\",\"width\":\"750\",\"height\":\"374\",\"caption\":\"airandme-pollution de l'air li\u00e9e \u00e0 la bougie\"},{\"@type\":\"BreadcrumbList\",\"@id\":\"https:\\\/\\\/www.airandme.fr\\\/blog\\\/pollution-et-qualite-de-l-air-interieur\\\/les-bougies-polluent\\\/#breadcrumb\",\"itemListElement\":[{\"@type\":\"ListItem\",\"position\":1,\"name\":\"Accueil\",\"item\":\"https:\\\/\\\/www.airandme.fr\\\/blog\\\/\"},{\"@type\":\"ListItem\",\"position\":2,\"name\":\"Pollution et qualit\u00e9 de l'air int\u00e9rieur\",\"item\":\"https:\\\/\\\/www.airandme.fr\\\/blog\\\/category\\\/pollution-et-qualite-de-l-air-interieur\\\/\"},{\"@type\":\"ListItem\",\"position\":3,\"name\":\"L&rsquo;impact des bougies parfum\u00e9es et de l&rsquo;encens sur la qualit\u00e9 de l&rsquo;air int\u00e9rieur\"}]},{\"@type\":\"WebSite\",\"@id\":\"https:\\\/\\\/www.airandme.fr\\\/blog\\\/#website\",\"url\":\"https:\\\/\\\/www.airandme.fr\\\/blog\\\/\",\"name\":\"air&me - Le blog du traitement de l'air\",\"description\":\"Solutions pour le traitement de l&#039;air int\u00e9rieur - Le blog du bien air chez soi\",\"publisher\":{\"@id\":\"https:\\\/\\\/www.airandme.fr\\\/blog\\\/#organization\"},\"potentialAction\":[{\"@type\":\"SearchAction\",\"target\":{\"@type\":\"EntryPoint\",\"urlTemplate\":\"https:\\\/\\\/www.airandme.fr\\\/blog\\\/?s={search_term_string}\"},\"query-input\":{\"@type\":\"PropertyValueSpecification\",\"valueRequired\":true,\"valueName\":\"search_term_string\"}}],\"inLanguage\":\"fr-FR\"},{\"@type\":\"Organization\",\"@id\":\"https:\\\/\\\/www.airandme.fr\\\/blog\\\/#organization\",\"name\":\"air&me - Le blog du traitement de l'air\",\"url\":\"https:\\\/\\\/www.airandme.fr\\\/blog\\\/\",\"logo\":{\"@type\":\"ImageObject\",\"inLanguage\":\"fr-FR\",\"@id\":\"https:\\\/\\\/www.airandme.fr\\\/blog\\\/#\\\/schema\\\/logo\\\/image\\\/\",\"url\":\"https:\\\/\\\/i0.wp.com\\\/www.airandme.fr\\\/blog\\\/wp-content\\\/uploads\\\/airandme-logo-blog-300px.png?fit=300%2C120&ssl=1\",\"contentUrl\":\"https:\\\/\\\/i0.wp.com\\\/www.airandme.fr\\\/blog\\\/wp-content\\\/uploads\\\/airandme-logo-blog-300px.png?fit=300%2C120&ssl=1\",\"width\":300,\"height\":120,\"caption\":\"air&me - Le blog du traitement de l'air\"},\"image\":{\"@id\":\"https:\\\/\\\/www.airandme.fr\\\/blog\\\/#\\\/schema\\\/logo\\\/image\\\/\"},\"sameAs\":[\"https:\\\/\\\/www.facebook.com\\\/airandme\",\"https:\\\/\\\/www.instagram.com\\\/air_and_me\\\/\",\"https:\\\/\\\/www.linkedin.com\\\/air-and-me\",\"https:\\\/\\\/www.pinterest.fr\\\/air_and_me\",\"https:\\\/\\\/www.youtube.com\\\/channel\\\/UCmco9cc0iTBmPINR5vaW90A\"]},{\"@type\":\"Person\",\"@id\":\"https:\\\/\\\/www.airandme.fr\\\/blog\\\/#\\\/schema\\\/person\\\/c474f6c70e09ebcd550c21157704224a\",\"name\":\"Am\u00e9lie\",\"image\":{\"@type\":\"ImageObject\",\"inLanguage\":\"fr-FR\",\"@id\":\"https:\\\/\\\/secure.gravatar.com\\\/avatar\\\/91dc0d1c2092b56bba764bda674fd3a8e41b277458ae31b560800fd6e5b2a566?s=96&d=mm&r=g\",\"url\":\"https:\\\/\\\/secure.gravatar.com\\\/avatar\\\/91dc0d1c2092b56bba764bda674fd3a8e41b277458ae31b560800fd6e5b2a566?s=96&d=mm&r=g\",\"contentUrl\":\"https:\\\/\\\/secure.gravatar.com\\\/avatar\\\/91dc0d1c2092b56bba764bda674fd3a8e41b277458ae31b560800fd6e5b2a566?s=96&d=mm&r=g\",\"caption\":\"Am\u00e9lie\"},\"url\":\"https:\\\/\\\/www.airandme.fr\\\/blog\\\/author\\\/amelie\\\/\"}]}<\/script>\n<!-- \/ Yoast SEO plugin. -->","yoast_head_json":{"title":"Pollution de l'air li\u00e9e \u00e0 la bougie air&amp;me - Le blog du traitement de l&#039;air","description":"Une simple bougie peut accentuer le ph\u00e9nom\u00e8ne de pollution de l'air, et s'av\u00e9rer nocive. D\u00e9couvrez nos solutions dans cet article?","robots":{"index":"index","follow":"follow","max-snippet":"max-snippet:-1","max-image-preview":"max-image-preview:large","max-video-preview":"max-video-preview:-1"},"canonical":"https:\/\/www.airandme.fr\/blog\/pollution-et-qualite-de-l-air-interieur\/les-bougies-polluent\/","og_locale":"fr_FR","og_type":"article","og_title":"Pollution de l'air li\u00e9e \u00e0 la bougie air&amp;me - Le blog du traitement de l&#039;air","og_description":"Une simple bougie peut accentuer le ph\u00e9nom\u00e8ne de pollution de l'air, et s'av\u00e9rer nocive. D\u00e9couvrez nos solutions dans cet article?","og_url":"https:\/\/www.airandme.fr\/blog\/pollution-et-qualite-de-l-air-interieur\/les-bougies-polluent\/","og_site_name":"air&amp;me - Le blog du traitement de l&#039;air","article_publisher":"https:\/\/www.facebook.com\/airandme","article_published_time":"2023-12-10T14:09:00+00:00","article_modified_time":"2025-04-15T10:22:05+00:00","og_image":[{"width":750,"height":374,"url":"https:\/\/www.airandme.fr\/blog\/wp-content\/uploads\/airandme-pollution-de-l-air-li\u00e9e-\u00e0-la-bougie-01-jpg.jpg","type":"image\/jpeg"}],"author":"Am\u00e9lie","twitter_card":"summary_large_image","twitter_misc":{"\u00c9crit par":"Am\u00e9lie","Dur\u00e9e de lecture estim\u00e9e":"3 minutes"},"schema":{"@context":"https:\/\/schema.org","@graph":[{"@type":"Article","@id":"https:\/\/www.airandme.fr\/blog\/pollution-et-qualite-de-l-air-interieur\/les-bougies-polluent\/#article","isPartOf":{"@id":"https:\/\/www.airandme.fr\/blog\/pollution-et-qualite-de-l-air-interieur\/les-bougies-polluent\/"},"author":{"name":"Am\u00e9lie","@id":"https:\/\/www.airandme.fr\/blog\/#\/schema\/person\/c474f6c70e09ebcd550c21157704224a"},"headline":"L&rsquo;impact des bougies parfum\u00e9es et de l&rsquo;encens sur la qualit\u00e9 de l&rsquo;air int\u00e9rieur","datePublished":"2023-12-10T14:09:00+00:00","dateModified":"2025-04-15T10:22:05+00:00","mainEntityOfPage":{"@id":"https:\/\/www.airandme.fr\/blog\/pollution-et-qualite-de-l-air-interieur\/les-bougies-polluent\/"},"wordCount":509,"commentCount":0,"publisher":{"@id":"https:\/\/www.airandme.fr\/blog\/#organization"},"image":{"@id":"https:\/\/www.airandme.fr\/blog\/pollution-et-qualite-de-l-air-interieur\/les-bougies-polluent\/#primaryimage"},"thumbnailUrl":"https:\/\/i0.wp.com\/www.airandme.fr\/blog\/wp-content\/uploads\/airandme-pollution-de-l-air-li%C3%A9e-%C3%A0-la-bougie-01-jpg.jpg?fit=750%2C374&ssl=1","articleSection":["Aromath\u00e9rapie et huiles essentielles","Pollution et qualit\u00e9 de l'air int\u00e9rieur"],"inLanguage":"fr-FR","potentialAction":[{"@type":"CommentAction","name":"Comment","target":["https:\/\/www.airandme.fr\/blog\/pollution-et-qualite-de-l-air-interieur\/les-bougies-polluent\/#respond"]}]},{"@type":"WebPage","@id":"https:\/\/www.airandme.fr\/blog\/pollution-et-qualite-de-l-air-interieur\/les-bougies-polluent\/","url":"https:\/\/www.airandme.fr\/blog\/pollution-et-qualite-de-l-air-interieur\/les-bougies-polluent\/","name":"Pollution de l'air li\u00e9e \u00e0 la bougie air&amp;me - Le blog du traitement de l&#039;air","isPartOf":{"@id":"https:\/\/www.airandme.fr\/blog\/#website"},"primaryImageOfPage":{"@id":"https:\/\/www.airandme.fr\/blog\/pollution-et-qualite-de-l-air-interieur\/les-bougies-polluent\/#primaryimage"},"image":{"@id":"https:\/\/www.airandme.fr\/blog\/pollution-et-qualite-de-l-air-interieur\/les-bougies-polluent\/#primaryimage"},"thumbnailUrl":"https:\/\/i0.wp.com\/www.airandme.fr\/blog\/wp-content\/uploads\/airandme-pollution-de-l-air-li%C3%A9e-%C3%A0-la-bougie-01-jpg.jpg?fit=750%2C374&ssl=1","datePublished":"2023-12-10T14:09:00+00:00","dateModified":"2025-04-15T10:22:05+00:00","description":"Une simple bougie peut accentuer le ph\u00e9nom\u00e8ne de pollution de l'air, et s'av\u00e9rer nocive. D\u00e9couvrez nos solutions dans cet article?","breadcrumb":{"@id":"https:\/\/www.airandme.fr\/blog\/pollution-et-qualite-de-l-air-interieur\/les-bougies-polluent\/#breadcrumb"},"inLanguage":"fr-FR","potentialAction":[{"@type":"ReadAction","target":["https:\/\/www.airandme.fr\/blog\/pollution-et-qualite-de-l-air-interieur\/les-bougies-polluent\/"]}]},{"@type":"ImageObject","inLanguage":"fr-FR","@id":"https:\/\/www.airandme.fr\/blog\/pollution-et-qualite-de-l-air-interieur\/les-bougies-polluent\/#primaryimage","url":"https:\/\/i0.wp.com\/www.airandme.fr\/blog\/wp-content\/uploads\/airandme-pollution-de-l-air-li%C3%A9e-%C3%A0-la-bougie-01-jpg.jpg?fit=750%2C374&ssl=1","contentUrl":"https:\/\/i0.wp.com\/www.airandme.fr\/blog\/wp-content\/uploads\/airandme-pollution-de-l-air-li%C3%A9e-%C3%A0-la-bougie-01-jpg.jpg?fit=750%2C374&ssl=1","width":"750","height":"374","caption":"airandme-pollution de l'air li\u00e9e \u00e0 la bougie"},{"@type":"BreadcrumbList","@id":"https:\/\/www.airandme.fr\/blog\/pollution-et-qualite-de-l-air-interieur\/les-bougies-polluent\/#breadcrumb","itemListElement":[{"@type":"ListItem","position":1,"name":"Accueil","item":"https:\/\/www.airandme.fr\/blog\/"},{"@type":"ListItem","position":2,"name":"Pollution et qualit\u00e9 de l'air int\u00e9rieur","item":"https:\/\/www.airandme.fr\/blog\/category\/pollution-et-qualite-de-l-air-interieur\/"},{"@type":"ListItem","position":3,"name":"L&rsquo;impact des bougies parfum\u00e9es et de l&rsquo;encens sur la qualit\u00e9 de l&rsquo;air int\u00e9rieur"}]},{"@type":"WebSite","@id":"https:\/\/www.airandme.fr\/blog\/#website","url":"https:\/\/www.airandme.fr\/blog\/","name":"air&me - Le blog du traitement de l'air","description":"Solutions pour le traitement de l&#039;air int\u00e9rieur - Le blog du bien air chez soi","publisher":{"@id":"https:\/\/www.airandme.fr\/blog\/#organization"},"potentialAction":[{"@type":"SearchAction","target":{"@type":"EntryPoint","urlTemplate":"https:\/\/www.airandme.fr\/blog\/?s={search_term_string}"},"query-input":{"@type":"PropertyValueSpecification","valueRequired":true,"valueName":"search_term_string"}}],"inLanguage":"fr-FR"},{"@type":"Organization","@id":"https:\/\/www.airandme.fr\/blog\/#organization","name":"air&me - Le blog du traitement de l'air","url":"https:\/\/www.airandme.fr\/blog\/","logo":{"@type":"ImageObject","inLanguage":"fr-FR","@id":"https:\/\/www.airandme.fr\/blog\/#\/schema\/logo\/image\/","url":"https:\/\/i0.wp.com\/www.airandme.fr\/blog\/wp-content\/uploads\/airandme-logo-blog-300px.png?fit=300%2C120&ssl=1","contentUrl":"https:\/\/i0.wp.com\/www.airandme.fr\/blog\/wp-content\/uploads\/airandme-logo-blog-300px.png?fit=300%2C120&ssl=1","width":300,"height":120,"caption":"air&me - Le blog du traitement de l'air"},"image":{"@id":"https:\/\/www.airandme.fr\/blog\/#\/schema\/logo\/image\/"},"sameAs":["https:\/\/www.facebook.com\/airandme","https:\/\/www.instagram.com\/air_and_me\/","https:\/\/www.linkedin.com\/air-and-me","https:\/\/www.pinterest.fr\/air_and_me","https:\/\/www.youtube.com\/channel\/UCmco9cc0iTBmPINR5vaW90A"]},{"@type":"Person","@id":"https:\/\/www.airandme.fr\/blog\/#\/schema\/person\/c474f6c70e09ebcd550c21157704224a","name":"Am\u00e9lie","image":{"@type":"ImageObject","inLanguage":"fr-FR","@id":"https:\/\/secure.gravatar.com\/avatar\/91dc0d1c2092b56bba764bda674fd3a8e41b277458ae31b560800fd6e5b2a566?s=96&d=mm&r=g","url":"https:\/\/secure.gravatar.com\/avatar\/91dc0d1c2092b56bba764bda674fd3a8e41b277458ae31b560800fd6e5b2a566?s=96&d=mm&r=g","contentUrl":"https:\/\/secure.gravatar.com\/avatar\/91dc0d1c2092b56bba764bda674fd3a8e41b277458ae31b560800fd6e5b2a566?s=96&d=mm&r=g","caption":"Am\u00e9lie"},"url":"https:\/\/www.airandme.fr\/blog\/author\/amelie\/"}]}},"jetpack_featured_media_url":"https:\/\/i0.wp.com\/www.airandme.fr\/blog\/wp-content\/uploads\/airandme-pollution-de-l-air-li%C3%A9e-%C3%A0-la-bougie-01-jpg.jpg?fit=750%2C374&ssl=1","jetpack_sharing_enabled":true,"jetpack_shortlink":"https:\/\/wp.me\/paHeLN-jG","_links":{"self":[{"href":"https:\/\/www.airandme.fr\/blog\/wp-json\/wp\/v2\/posts\/1220","targetHints":{"allow":["GET"]}}],"collection":[{"href":"https:\/\/www.airandme.fr\/blog\/wp-json\/wp\/v2\/posts"}],"about":[{"href":"https:\/\/www.airandme.fr\/blog\/wp-json\/wp\/v2\/types\/post"}],"author":[{"embeddable":true,"href":"https:\/\/www.airandme.fr\/blog\/wp-json\/wp\/v2\/users\/1011"}],"replies":[{"embeddable":true,"href":"https:\/\/www.airandme.fr\/blog\/wp-json\/wp\/v2\/comments?post=1220"}],"version-history":[{"count":9,"href":"https:\/\/www.airandme.fr\/blog\/wp-json\/wp\/v2\/posts\/1220\/revisions"}],"predecessor-version":[{"id":22472,"href":"https:\/\/www.airandme.fr\/blog\/wp-json\/wp\/v2\/posts\/1220\/revisions\/22472"}],"wp:featuredmedia":[{"embeddable":true,"href":"https:\/\/www.airandme.fr\/blog\/wp-json\/wp\/v2\/media\/15851"}],"wp:attachment":[{"href":"https:\/\/www.airandme.fr\/blog\/wp-json\/wp\/v2\/media?parent=1220"}],"wp:term":[{"taxonomy":"category","embeddable":true,"href":"https:\/\/www.airandme.fr\/blog\/wp-json\/wp\/v2\/categories?post=1220"},{"taxonomy":"post_tag","embeddable":true,"href":"https:\/\/www.airandme.fr\/blog\/wp-json\/wp\/v2\/tags?post=1220"}],"curies":[{"name":"wp","href":"https:\/\/api.w.org\/{rel}","templated":true}]}}