{"id":17562,"date":"2020-10-09T09:54:48","date_gmt":"2020-10-09T07:54:48","guid":{"rendered":"https:\/\/www.airandme.fr\/blog\/?p=17562"},"modified":"2024-12-30T11:18:28","modified_gmt":"2024-12-30T09:18:28","slug":"zones-a-faibles-emissions-de-pollution-quest-ce-que-cest","status":"publish","type":"post","link":"https:\/\/www.airandme.fr\/blog\/pollution-de-lair-exterieur\/zones-a-faibles-emissions-de-pollution-quest-ce-que-cest\/","title":{"rendered":"Zones \u00e0 faibles \u00e9missions de pollution : qu&rsquo;est-ce que c&rsquo;est ?"},"content":{"rendered":"\n<p>La M\u00e9tropole du Grand Paris d\u00e9plore que 1,3 million de Franciliens respirent un air tr\u00e8s pollu\u00e9. Pour r\u00e9pondre \u00e0 l\u2019urgence climatique et sanitaire, la loi d&rsquo;orientation des mobilit\u00e9s (LOM) instaur\u00e9e en 2019 pr\u00e9voit que le d\u00e9ploiement de zones \u00e0 faibles \u00e9missions (ZFE) doit \u00eatre amplifi\u00e9 pour lutter contre la <a href=\"https:\/\/www.airandme.fr\/blog\/pollution-et-qualite-de-l-air-interieur\/les-pathologies-liees-a-la-pollution-de-lair\/\">pollution de l&rsquo;air<\/a> dans les grandes m\u00e9tropoles fran\u00e7aises. Qu\u2019est-ce qu\u2019une zone \u00e0 faibles \u00e9missions exactement ?<\/p>\n\n\n\n<h2 class=\"wp-block-heading\"><strong>\u00ab&nbsp;Mieux respirer pour mieux vivre&nbsp;\u00bb<\/strong><\/h2>\n\n\n\n<p>La reconqu\u00eate de la qualit\u00e9 de l\u2019air est devenue une des priorit\u00e9s de la <a href=\"https:\/\/www.zonefaiblesemissionsmetropolitaine.fr\/\" target=\"_blank\" rel=\"noreferrer noopener\">M\u00e9tropole du Grand Paris<\/a>. En 2018, l\u2019OMS sonne l\u2019alerte : en effet les seuils r\u00e9glementaires en mati\u00e8re de qualit\u00e9 de l\u2019air (dioxyde d\u2019azote et particules fines) sont r\u00e9guli\u00e8rement d\u00e9pass\u00e9s. L\u2019agence Sant\u00e9 Publique France estime que 6 600 d\u00e9c\u00e8s pr\u00e9matur\u00e9s par an pourraient \u00eatre \u00e9vit\u00e9s sur le territoire de la M\u00e9tropole.<\/p>\n\n\n\n<p>La mise en place d\u2019une zone \u00e0 faibles \u00e9missions&nbsp;m\u00e9tropolitaine a \u00e9t\u00e9 \u00e9valu\u00e9e dans le cadre du Plan de Protection de l\u2019Atmosph\u00e8re \u00cele-de-France comme ayant l\u2019impact le plus important dans cette lutte contre la pollution. En effet, la ZFE aurait des effets rapides sur l\u2019am\u00e9lioration de la qualit\u00e9 de l\u2019air. Elle contribuerait \u00e0 la diminution des pathologies (comme l\u2019asthme), surtout chez les enfants.<\/p>\n\n\n\n<p>Cette mesure intervient dans le cadre de la politique m\u00e9tropolitaine en faveur des nouvelles mobilit\u00e9s et des mobilit\u00e9s propres. Elle comprend entre autres, la marche et le v\u00e9lo. Ses b\u00e9n\u00e9fices s\u2019\u00e9tendent bien au-del\u00e0, en termes d\u2019am\u00e9lioration de la qualit\u00e9 de vie, d\u2019attractivit\u00e9 du territoire et de diminution des nuisances sonores. D\u2019autres actions sont par ailleurs engag\u00e9es contre les autres sources de polluants.<\/p>\n\n\n\n<h2 class=\"wp-block-heading\"><strong>L\u2019\u00e9limination progressive des v\u00e9hicules les plus polluants<\/strong><\/h2>\n\n\n\n<p>Le principe d&rsquo;une&nbsp;zone \u00e0 faibles \u00e9missions&nbsp;consiste, pour une collectivit\u00e9, \u00e0 restreindre l&rsquo;acc\u00e8s \u00e0 une partie de son territoire aux v\u00e9hicules les plus polluants&nbsp;pendant une p\u00e9riode donn\u00e9e. En effet, le trafic routier repr\u00e9sente la source de pollution en ville la plus importante.<\/p>\n\n\n\n<p>Chaque commune doit d\u00e9finir ses propres crit\u00e8res et sa p\u00e9riodicit\u00e9 (en heures ou jours). Concr\u00e8tement, seuls les&nbsp;v\u00e9hicules consid\u00e9r\u00e9s les moins polluants, munis des vignettes Crit\u2019Air de classe 0, 1 et 2, sur une \u00e9chelle de 0 \u00e0 5, sont alors temporairement autoris\u00e9s \u00e0 circuler. L\u2019objectif d\u2019ici \u00e0 2030 est d\u2019atteindre 100% de v\u00e9hicules propres.<\/p>\n\n\n\n<p>En la mati\u00e8re,&nbsp;Paris fait figure de pionni\u00e8re. La zone m\u00e9tropolitaine a pour objectif d\u2019\u00e9tendre le p\u00e9rim\u00e8tre pour coordonner et acc\u00e9l\u00e9rer le processus en cours. Cela permettra d&rsquo;obtenir des b\u00e9n\u00e9fices significatifs sur l\u2019ensemble du territoire m\u00e9tropolitain et au-del\u00e0. Des villes comme Grenoble et Strasbourg ont d\u00e9j\u00e0 suivi, en attendant Bordeaux, Lyon ou encore Marseille.<\/p>\n\n\n\n<h2 class=\"wp-block-heading\"><strong>Un concept r\u00e9pandu dans le monde<\/strong><\/h2>\n\n\n\n<p>Le concept a d\u00e9j\u00e0 \u00e9t\u00e9 adopt\u00e9 par 231 villes ou m\u00e9tropoles europ\u00e9ennes. En effet, c&rsquo;est d\u00e9j\u00e0 le cas \u00e0&nbsp;Londres, \u00e0&nbsp;Barcelone, \u00e0&nbsp;Berlin ou encore \u00e0&nbsp;Bruxelles. D\u2019autres villes du monde montrent aussi l&rsquo;exemple, comme&nbsp;Mexico,&nbsp;Tokyo, J\u00e9rusalem et m\u00eame&nbsp;P\u00e9kin.<\/p>\n","protected":false},"excerpt":{"rendered":"<p>La M\u00e9tropole du Grand Paris d\u00e9plore que 1,3 million de Franciliens respirent un air tr\u00e8s pollu\u00e9. Pour r\u00e9pondre \u00e0 l\u2019urgence climatique et sanitaire, la loi d&rsquo;orientation des mobilit\u00e9s (LOM) instaur\u00e9e en 2019 pr\u00e9voit que le d\u00e9ploiement de zones \u00e0 faibles \u00e9missions (ZFE) doit \u00eatre amplifi\u00e9 pour lutter contre la pollution de l&rsquo;air dans les grandes [&hellip;]<\/p>\n","protected":false},"author":1006,"featured_media":17575,"comment_status":"open","ping_status":"open","sticky":false,"template":"","format":"standard","meta":{"jetpack_post_was_ever_published":false,"_jetpack_newsletter_access":"","_jetpack_dont_email_post_to_subs":false,"_jetpack_newsletter_tier_id":0,"_jetpack_memberships_contains_paywalled_content":false,"_jetpack_memberships_contains_paid_content":false,"jnews-multi-image_gallery":[],"jnews_single_post":{"subtitle":"","format":"standard","video":"","gallery":"","source_name":"","source_url":"","via_name":"","via_url":"","override":[{"single_blog_custom":"","sidebar":"","second_sidebar":"","share_position":"","share_float_style":"","post_date_format":"","post_date_format_custom":"","post_reading_time_wpm":"","zoom_button_out_step":"1","zoom_button_in_step":"1","number_popup_post":"1"}],"image_override":[{"single_post_thumbnail_size":"","single_post_gallery_size":""}],"trending_post_position":"","trending_post_label":"","sponsored_post_label":"","sponsored_post_name":"","sponsored_post_url":"","sponsored_post_logo":"","sponsored_post_desc":""},"jnews_primary_category":{"id":""},"jnews_social_meta":{"fb_title":"","fb_description":"","fb_image":"","twitter_title":"","twitter_description":"","twitter_image":""},"footnotes":""},"categories":[2336],"tags":[],"class_list":["post-17562","post","type-post","status-publish","format-standard","has-post-thumbnail","hentry","category-pollution-de-lair-exterieur"],"yoast_head":"<!-- This site is optimized with the Yoast SEO plugin v27.4 - https:\/\/yoast.com\/product\/yoast-seo-wordpress\/ -->\n<title>Zones \u00e0 faibles \u00e9missions de pollution : qu&#039;est-ce que c&#039;est ?<\/title>\n<meta name=\"description\" content=\"D\u00e9couvrez comment la ZFE permet de restreindre progressivement l&#039;acc\u00e8s aux v\u00e9hicules les plus polluants dans les grandes m\u00e9tropoles.\" \/>\n<meta name=\"robots\" content=\"index, follow, max-snippet:-1, max-image-preview:large, max-video-preview:-1\" \/>\n<link rel=\"canonical\" href=\"https:\/\/www.airandme.fr\/blog\/pollution-de-lair-exterieur\/zones-a-faibles-emissions-de-pollution-quest-ce-que-cest\/\" \/>\n<meta property=\"og:locale\" content=\"fr_FR\" \/>\n<meta property=\"og:type\" content=\"article\" \/>\n<meta property=\"og:title\" content=\"Zones \u00e0 faibles \u00e9missions de pollution : qu&#039;est-ce que c&#039;est ?\" \/>\n<meta property=\"og:description\" content=\"D\u00e9couvrez comment la ZFE permet de restreindre progressivement l&#039;acc\u00e8s aux v\u00e9hicules les plus polluants dans les grandes m\u00e9tropoles.\" \/>\n<meta property=\"og:url\" content=\"https:\/\/www.airandme.fr\/blog\/pollution-de-lair-exterieur\/zones-a-faibles-emissions-de-pollution-quest-ce-que-cest\/\" \/>\n<meta property=\"og:site_name\" content=\"air&amp;me - Le blog du traitement de l&#039;air\" \/>\n<meta property=\"article:publisher\" content=\"https:\/\/www.facebook.com\/airandme\" \/>\n<meta property=\"article:published_time\" content=\"2020-10-09T07:54:48+00:00\" \/>\n<meta property=\"article:modified_time\" content=\"2024-12-30T09:18:28+00:00\" \/>\n<meta property=\"og:image\" content=\"https:\/\/www.airandme.fr\/blog\/wp-content\/uploads\/airandme-zone-a-faible-emission-de-pollution-201009-1.jpg\" \/>\n\t<meta property=\"og:image:width\" content=\"750\" \/>\n\t<meta property=\"og:image:height\" content=\"374\" \/>\n\t<meta property=\"og:image:type\" content=\"image\/jpeg\" \/>\n<meta name=\"author\" content=\"Aim\u00e9e\" \/>\n<meta name=\"twitter:card\" content=\"summary_large_image\" \/>\n<meta name=\"twitter:label1\" content=\"\u00c9crit par\" \/>\n\t<meta name=\"twitter:data1\" content=\"Aim\u00e9e\" \/>\n\t<meta name=\"twitter:label2\" content=\"Dur\u00e9e de lecture estim\u00e9e\" \/>\n\t<meta name=\"twitter:data2\" content=\"3 minutes\" \/>\n<script type=\"application\/ld+json\" class=\"yoast-schema-graph\">{\"@context\":\"https:\\\/\\\/schema.org\",\"@graph\":[{\"@type\":\"Article\",\"@id\":\"https:\\\/\\\/www.airandme.fr\\\/blog\\\/pollution-de-lair-exterieur\\\/zones-a-faibles-emissions-de-pollution-quest-ce-que-cest\\\/#article\",\"isPartOf\":{\"@id\":\"https:\\\/\\\/www.airandme.fr\\\/blog\\\/pollution-de-lair-exterieur\\\/zones-a-faibles-emissions-de-pollution-quest-ce-que-cest\\\/\"},\"author\":{\"name\":\"Aim\u00e9e\",\"@id\":\"https:\\\/\\\/www.airandme.fr\\\/blog\\\/#\\\/schema\\\/person\\\/09d82026f660be47c769a0ed146ba95e\"},\"headline\":\"Zones \u00e0 faibles \u00e9missions de pollution : qu&rsquo;est-ce que c&rsquo;est ?\",\"datePublished\":\"2020-10-09T07:54:48+00:00\",\"dateModified\":\"2024-12-30T09:18:28+00:00\",\"mainEntityOfPage\":{\"@id\":\"https:\\\/\\\/www.airandme.fr\\\/blog\\\/pollution-de-lair-exterieur\\\/zones-a-faibles-emissions-de-pollution-quest-ce-que-cest\\\/\"},\"wordCount\":567,\"commentCount\":0,\"publisher\":{\"@id\":\"https:\\\/\\\/www.airandme.fr\\\/blog\\\/#organization\"},\"image\":{\"@id\":\"https:\\\/\\\/www.airandme.fr\\\/blog\\\/pollution-de-lair-exterieur\\\/zones-a-faibles-emissions-de-pollution-quest-ce-que-cest\\\/#primaryimage\"},\"thumbnailUrl\":\"https:\\\/\\\/i0.wp.com\\\/www.airandme.fr\\\/blog\\\/wp-content\\\/uploads\\\/airandme-zone-a-faible-emission-de-pollution-201009-1.jpg?fit=750%2C374&ssl=1\",\"articleSection\":[\"Pollution de l'air ext\u00e9rieur\"],\"inLanguage\":\"fr-FR\",\"potentialAction\":[{\"@type\":\"CommentAction\",\"name\":\"Comment\",\"target\":[\"https:\\\/\\\/www.airandme.fr\\\/blog\\\/pollution-de-lair-exterieur\\\/zones-a-faibles-emissions-de-pollution-quest-ce-que-cest\\\/#respond\"]}]},{\"@type\":\"WebPage\",\"@id\":\"https:\\\/\\\/www.airandme.fr\\\/blog\\\/pollution-de-lair-exterieur\\\/zones-a-faibles-emissions-de-pollution-quest-ce-que-cest\\\/\",\"url\":\"https:\\\/\\\/www.airandme.fr\\\/blog\\\/pollution-de-lair-exterieur\\\/zones-a-faibles-emissions-de-pollution-quest-ce-que-cest\\\/\",\"name\":\"Zones \u00e0 faibles \u00e9missions de pollution : qu'est-ce que c'est ?\",\"isPartOf\":{\"@id\":\"https:\\\/\\\/www.airandme.fr\\\/blog\\\/#website\"},\"primaryImageOfPage\":{\"@id\":\"https:\\\/\\\/www.airandme.fr\\\/blog\\\/pollution-de-lair-exterieur\\\/zones-a-faibles-emissions-de-pollution-quest-ce-que-cest\\\/#primaryimage\"},\"image\":{\"@id\":\"https:\\\/\\\/www.airandme.fr\\\/blog\\\/pollution-de-lair-exterieur\\\/zones-a-faibles-emissions-de-pollution-quest-ce-que-cest\\\/#primaryimage\"},\"thumbnailUrl\":\"https:\\\/\\\/i0.wp.com\\\/www.airandme.fr\\\/blog\\\/wp-content\\\/uploads\\\/airandme-zone-a-faible-emission-de-pollution-201009-1.jpg?fit=750%2C374&ssl=1\",\"datePublished\":\"2020-10-09T07:54:48+00:00\",\"dateModified\":\"2024-12-30T09:18:28+00:00\",\"description\":\"D\u00e9couvrez comment la ZFE permet de restreindre progressivement l'acc\u00e8s aux v\u00e9hicules les plus polluants dans les grandes m\u00e9tropoles.\",\"breadcrumb\":{\"@id\":\"https:\\\/\\\/www.airandme.fr\\\/blog\\\/pollution-de-lair-exterieur\\\/zones-a-faibles-emissions-de-pollution-quest-ce-que-cest\\\/#breadcrumb\"},\"inLanguage\":\"fr-FR\",\"potentialAction\":[{\"@type\":\"ReadAction\",\"target\":[\"https:\\\/\\\/www.airandme.fr\\\/blog\\\/pollution-de-lair-exterieur\\\/zones-a-faibles-emissions-de-pollution-quest-ce-que-cest\\\/\"]}]},{\"@type\":\"ImageObject\",\"inLanguage\":\"fr-FR\",\"@id\":\"https:\\\/\\\/www.airandme.fr\\\/blog\\\/pollution-de-lair-exterieur\\\/zones-a-faibles-emissions-de-pollution-quest-ce-que-cest\\\/#primaryimage\",\"url\":\"https:\\\/\\\/i0.wp.com\\\/www.airandme.fr\\\/blog\\\/wp-content\\\/uploads\\\/airandme-zone-a-faible-emission-de-pollution-201009-1.jpg?fit=750%2C374&ssl=1\",\"contentUrl\":\"https:\\\/\\\/i0.wp.com\\\/www.airandme.fr\\\/blog\\\/wp-content\\\/uploads\\\/airandme-zone-a-faible-emission-de-pollution-201009-1.jpg?fit=750%2C374&ssl=1\",\"width\":750,\"height\":374,\"caption\":\"\u00a9 ArthurHidden \\\/ Freepik\"},{\"@type\":\"BreadcrumbList\",\"@id\":\"https:\\\/\\\/www.airandme.fr\\\/blog\\\/pollution-de-lair-exterieur\\\/zones-a-faibles-emissions-de-pollution-quest-ce-que-cest\\\/#breadcrumb\",\"itemListElement\":[{\"@type\":\"ListItem\",\"position\":1,\"name\":\"Accueil\",\"item\":\"https:\\\/\\\/www.airandme.fr\\\/blog\\\/\"},{\"@type\":\"ListItem\",\"position\":2,\"name\":\"Pollution de l'air ext\u00e9rieur\",\"item\":\"https:\\\/\\\/www.airandme.fr\\\/blog\\\/category\\\/pollution-de-lair-exterieur\\\/\"},{\"@type\":\"ListItem\",\"position\":3,\"name\":\"Zones \u00e0 faibles \u00e9missions de pollution : qu&rsquo;est-ce que c&rsquo;est ?\"}]},{\"@type\":\"WebSite\",\"@id\":\"https:\\\/\\\/www.airandme.fr\\\/blog\\\/#website\",\"url\":\"https:\\\/\\\/www.airandme.fr\\\/blog\\\/\",\"name\":\"air&me - Le blog du traitement de l'air\",\"description\":\"Solutions pour le traitement de l&#039;air int\u00e9rieur - Le blog du bien air chez soi\",\"publisher\":{\"@id\":\"https:\\\/\\\/www.airandme.fr\\\/blog\\\/#organization\"},\"potentialAction\":[{\"@type\":\"SearchAction\",\"target\":{\"@type\":\"EntryPoint\",\"urlTemplate\":\"https:\\\/\\\/www.airandme.fr\\\/blog\\\/?s={search_term_string}\"},\"query-input\":{\"@type\":\"PropertyValueSpecification\",\"valueRequired\":true,\"valueName\":\"search_term_string\"}}],\"inLanguage\":\"fr-FR\"},{\"@type\":\"Organization\",\"@id\":\"https:\\\/\\\/www.airandme.fr\\\/blog\\\/#organization\",\"name\":\"air&me - Le blog du traitement de l'air\",\"url\":\"https:\\\/\\\/www.airandme.fr\\\/blog\\\/\",\"logo\":{\"@type\":\"ImageObject\",\"inLanguage\":\"fr-FR\",\"@id\":\"https:\\\/\\\/www.airandme.fr\\\/blog\\\/#\\\/schema\\\/logo\\\/image\\\/\",\"url\":\"https:\\\/\\\/i0.wp.com\\\/www.airandme.fr\\\/blog\\\/wp-content\\\/uploads\\\/airandme-logo-blog-300px.png?fit=300%2C120&ssl=1\",\"contentUrl\":\"https:\\\/\\\/i0.wp.com\\\/www.airandme.fr\\\/blog\\\/wp-content\\\/uploads\\\/airandme-logo-blog-300px.png?fit=300%2C120&ssl=1\",\"width\":300,\"height\":120,\"caption\":\"air&me - Le blog du traitement de l'air\"},\"image\":{\"@id\":\"https:\\\/\\\/www.airandme.fr\\\/blog\\\/#\\\/schema\\\/logo\\\/image\\\/\"},\"sameAs\":[\"https:\\\/\\\/www.facebook.com\\\/airandme\",\"https:\\\/\\\/www.instagram.com\\\/air_and_me\\\/\",\"https:\\\/\\\/www.linkedin.com\\\/air-and-me\",\"https:\\\/\\\/www.pinterest.fr\\\/air_and_me\",\"https:\\\/\\\/www.youtube.com\\\/channel\\\/UCmco9cc0iTBmPINR5vaW90A\"]},{\"@type\":\"Person\",\"@id\":\"https:\\\/\\\/www.airandme.fr\\\/blog\\\/#\\\/schema\\\/person\\\/09d82026f660be47c769a0ed146ba95e\",\"name\":\"Aim\u00e9e\",\"image\":{\"@type\":\"ImageObject\",\"inLanguage\":\"fr-FR\",\"@id\":\"https:\\\/\\\/secure.gravatar.com\\\/avatar\\\/5c0ab2265fcca26b237573cba89f295b8044f94571e7ee2f855b6ee6f24f1e7c?s=96&d=mm&r=g\",\"url\":\"https:\\\/\\\/secure.gravatar.com\\\/avatar\\\/5c0ab2265fcca26b237573cba89f295b8044f94571e7ee2f855b6ee6f24f1e7c?s=96&d=mm&r=g\",\"contentUrl\":\"https:\\\/\\\/secure.gravatar.com\\\/avatar\\\/5c0ab2265fcca26b237573cba89f295b8044f94571e7ee2f855b6ee6f24f1e7c?s=96&d=mm&r=g\",\"caption\":\"Aim\u00e9e\"},\"url\":\"https:\\\/\\\/www.airandme.fr\\\/blog\\\/author\\\/aimee\\\/\"}]}<\/script>\n<!-- \/ Yoast SEO plugin. -->","yoast_head_json":{"title":"Zones \u00e0 faibles \u00e9missions de pollution : qu'est-ce que c'est ?","description":"D\u00e9couvrez comment la ZFE permet de restreindre progressivement l'acc\u00e8s aux v\u00e9hicules les plus polluants dans les grandes m\u00e9tropoles.","robots":{"index":"index","follow":"follow","max-snippet":"max-snippet:-1","max-image-preview":"max-image-preview:large","max-video-preview":"max-video-preview:-1"},"canonical":"https:\/\/www.airandme.fr\/blog\/pollution-de-lair-exterieur\/zones-a-faibles-emissions-de-pollution-quest-ce-que-cest\/","og_locale":"fr_FR","og_type":"article","og_title":"Zones \u00e0 faibles \u00e9missions de pollution : qu'est-ce que c'est ?","og_description":"D\u00e9couvrez comment la ZFE permet de restreindre progressivement l'acc\u00e8s aux v\u00e9hicules les plus polluants dans les grandes m\u00e9tropoles.","og_url":"https:\/\/www.airandme.fr\/blog\/pollution-de-lair-exterieur\/zones-a-faibles-emissions-de-pollution-quest-ce-que-cest\/","og_site_name":"air&amp;me - Le blog du traitement de l&#039;air","article_publisher":"https:\/\/www.facebook.com\/airandme","article_published_time":"2020-10-09T07:54:48+00:00","article_modified_time":"2024-12-30T09:18:28+00:00","og_image":[{"width":750,"height":374,"url":"https:\/\/www.airandme.fr\/blog\/wp-content\/uploads\/airandme-zone-a-faible-emission-de-pollution-201009-1.jpg","type":"image\/jpeg"}],"author":"Aim\u00e9e","twitter_card":"summary_large_image","twitter_misc":{"\u00c9crit par":"Aim\u00e9e","Dur\u00e9e de lecture estim\u00e9e":"3 minutes"},"schema":{"@context":"https:\/\/schema.org","@graph":[{"@type":"Article","@id":"https:\/\/www.airandme.fr\/blog\/pollution-de-lair-exterieur\/zones-a-faibles-emissions-de-pollution-quest-ce-que-cest\/#article","isPartOf":{"@id":"https:\/\/www.airandme.fr\/blog\/pollution-de-lair-exterieur\/zones-a-faibles-emissions-de-pollution-quest-ce-que-cest\/"},"author":{"name":"Aim\u00e9e","@id":"https:\/\/www.airandme.fr\/blog\/#\/schema\/person\/09d82026f660be47c769a0ed146ba95e"},"headline":"Zones \u00e0 faibles \u00e9missions de pollution : qu&rsquo;est-ce que c&rsquo;est ?","datePublished":"2020-10-09T07:54:48+00:00","dateModified":"2024-12-30T09:18:28+00:00","mainEntityOfPage":{"@id":"https:\/\/www.airandme.fr\/blog\/pollution-de-lair-exterieur\/zones-a-faibles-emissions-de-pollution-quest-ce-que-cest\/"},"wordCount":567,"commentCount":0,"publisher":{"@id":"https:\/\/www.airandme.fr\/blog\/#organization"},"image":{"@id":"https:\/\/www.airandme.fr\/blog\/pollution-de-lair-exterieur\/zones-a-faibles-emissions-de-pollution-quest-ce-que-cest\/#primaryimage"},"thumbnailUrl":"https:\/\/i0.wp.com\/www.airandme.fr\/blog\/wp-content\/uploads\/airandme-zone-a-faible-emission-de-pollution-201009-1.jpg?fit=750%2C374&ssl=1","articleSection":["Pollution de l'air ext\u00e9rieur"],"inLanguage":"fr-FR","potentialAction":[{"@type":"CommentAction","name":"Comment","target":["https:\/\/www.airandme.fr\/blog\/pollution-de-lair-exterieur\/zones-a-faibles-emissions-de-pollution-quest-ce-que-cest\/#respond"]}]},{"@type":"WebPage","@id":"https:\/\/www.airandme.fr\/blog\/pollution-de-lair-exterieur\/zones-a-faibles-emissions-de-pollution-quest-ce-que-cest\/","url":"https:\/\/www.airandme.fr\/blog\/pollution-de-lair-exterieur\/zones-a-faibles-emissions-de-pollution-quest-ce-que-cest\/","name":"Zones \u00e0 faibles \u00e9missions de pollution : qu'est-ce que c'est ?","isPartOf":{"@id":"https:\/\/www.airandme.fr\/blog\/#website"},"primaryImageOfPage":{"@id":"https:\/\/www.airandme.fr\/blog\/pollution-de-lair-exterieur\/zones-a-faibles-emissions-de-pollution-quest-ce-que-cest\/#primaryimage"},"image":{"@id":"https:\/\/www.airandme.fr\/blog\/pollution-de-lair-exterieur\/zones-a-faibles-emissions-de-pollution-quest-ce-que-cest\/#primaryimage"},"thumbnailUrl":"https:\/\/i0.wp.com\/www.airandme.fr\/blog\/wp-content\/uploads\/airandme-zone-a-faible-emission-de-pollution-201009-1.jpg?fit=750%2C374&ssl=1","datePublished":"2020-10-09T07:54:48+00:00","dateModified":"2024-12-30T09:18:28+00:00","description":"D\u00e9couvrez comment la ZFE permet de restreindre progressivement l'acc\u00e8s aux v\u00e9hicules les plus polluants dans les grandes m\u00e9tropoles.","breadcrumb":{"@id":"https:\/\/www.airandme.fr\/blog\/pollution-de-lair-exterieur\/zones-a-faibles-emissions-de-pollution-quest-ce-que-cest\/#breadcrumb"},"inLanguage":"fr-FR","potentialAction":[{"@type":"ReadAction","target":["https:\/\/www.airandme.fr\/blog\/pollution-de-lair-exterieur\/zones-a-faibles-emissions-de-pollution-quest-ce-que-cest\/"]}]},{"@type":"ImageObject","inLanguage":"fr-FR","@id":"https:\/\/www.airandme.fr\/blog\/pollution-de-lair-exterieur\/zones-a-faibles-emissions-de-pollution-quest-ce-que-cest\/#primaryimage","url":"https:\/\/i0.wp.com\/www.airandme.fr\/blog\/wp-content\/uploads\/airandme-zone-a-faible-emission-de-pollution-201009-1.jpg?fit=750%2C374&ssl=1","contentUrl":"https:\/\/i0.wp.com\/www.airandme.fr\/blog\/wp-content\/uploads\/airandme-zone-a-faible-emission-de-pollution-201009-1.jpg?fit=750%2C374&ssl=1","width":750,"height":374,"caption":"\u00a9 ArthurHidden \/ Freepik"},{"@type":"BreadcrumbList","@id":"https:\/\/www.airandme.fr\/blog\/pollution-de-lair-exterieur\/zones-a-faibles-emissions-de-pollution-quest-ce-que-cest\/#breadcrumb","itemListElement":[{"@type":"ListItem","position":1,"name":"Accueil","item":"https:\/\/www.airandme.fr\/blog\/"},{"@type":"ListItem","position":2,"name":"Pollution de l'air ext\u00e9rieur","item":"https:\/\/www.airandme.fr\/blog\/category\/pollution-de-lair-exterieur\/"},{"@type":"ListItem","position":3,"name":"Zones \u00e0 faibles \u00e9missions de pollution : qu&rsquo;est-ce que c&rsquo;est ?"}]},{"@type":"WebSite","@id":"https:\/\/www.airandme.fr\/blog\/#website","url":"https:\/\/www.airandme.fr\/blog\/","name":"air&me - Le blog du traitement de l'air","description":"Solutions pour le traitement de l&#039;air int\u00e9rieur - Le blog du bien air chez soi","publisher":{"@id":"https:\/\/www.airandme.fr\/blog\/#organization"},"potentialAction":[{"@type":"SearchAction","target":{"@type":"EntryPoint","urlTemplate":"https:\/\/www.airandme.fr\/blog\/?s={search_term_string}"},"query-input":{"@type":"PropertyValueSpecification","valueRequired":true,"valueName":"search_term_string"}}],"inLanguage":"fr-FR"},{"@type":"Organization","@id":"https:\/\/www.airandme.fr\/blog\/#organization","name":"air&me - Le blog du traitement de l'air","url":"https:\/\/www.airandme.fr\/blog\/","logo":{"@type":"ImageObject","inLanguage":"fr-FR","@id":"https:\/\/www.airandme.fr\/blog\/#\/schema\/logo\/image\/","url":"https:\/\/i0.wp.com\/www.airandme.fr\/blog\/wp-content\/uploads\/airandme-logo-blog-300px.png?fit=300%2C120&ssl=1","contentUrl":"https:\/\/i0.wp.com\/www.airandme.fr\/blog\/wp-content\/uploads\/airandme-logo-blog-300px.png?fit=300%2C120&ssl=1","width":300,"height":120,"caption":"air&me - Le blog du traitement de l'air"},"image":{"@id":"https:\/\/www.airandme.fr\/blog\/#\/schema\/logo\/image\/"},"sameAs":["https:\/\/www.facebook.com\/airandme","https:\/\/www.instagram.com\/air_and_me\/","https:\/\/www.linkedin.com\/air-and-me","https:\/\/www.pinterest.fr\/air_and_me","https:\/\/www.youtube.com\/channel\/UCmco9cc0iTBmPINR5vaW90A"]},{"@type":"Person","@id":"https:\/\/www.airandme.fr\/blog\/#\/schema\/person\/09d82026f660be47c769a0ed146ba95e","name":"Aim\u00e9e","image":{"@type":"ImageObject","inLanguage":"fr-FR","@id":"https:\/\/secure.gravatar.com\/avatar\/5c0ab2265fcca26b237573cba89f295b8044f94571e7ee2f855b6ee6f24f1e7c?s=96&d=mm&r=g","url":"https:\/\/secure.gravatar.com\/avatar\/5c0ab2265fcca26b237573cba89f295b8044f94571e7ee2f855b6ee6f24f1e7c?s=96&d=mm&r=g","contentUrl":"https:\/\/secure.gravatar.com\/avatar\/5c0ab2265fcca26b237573cba89f295b8044f94571e7ee2f855b6ee6f24f1e7c?s=96&d=mm&r=g","caption":"Aim\u00e9e"},"url":"https:\/\/www.airandme.fr\/blog\/author\/aimee\/"}]}},"jetpack_featured_media_url":"https:\/\/i0.wp.com\/www.airandme.fr\/blog\/wp-content\/uploads\/airandme-zone-a-faible-emission-de-pollution-201009-1.jpg?fit=750%2C374&ssl=1","jetpack_sharing_enabled":true,"jetpack_shortlink":"https:\/\/wp.me\/paHeLN-4zg","_links":{"self":[{"href":"https:\/\/www.airandme.fr\/blog\/wp-json\/wp\/v2\/posts\/17562","targetHints":{"allow":["GET"]}}],"collection":[{"href":"https:\/\/www.airandme.fr\/blog\/wp-json\/wp\/v2\/posts"}],"about":[{"href":"https:\/\/www.airandme.fr\/blog\/wp-json\/wp\/v2\/types\/post"}],"author":[{"embeddable":true,"href":"https:\/\/www.airandme.fr\/blog\/wp-json\/wp\/v2\/users\/1006"}],"replies":[{"embeddable":true,"href":"https:\/\/www.airandme.fr\/blog\/wp-json\/wp\/v2\/comments?post=17562"}],"version-history":[{"count":10,"href":"https:\/\/www.airandme.fr\/blog\/wp-json\/wp\/v2\/posts\/17562\/revisions"}],"predecessor-version":[{"id":21988,"href":"https:\/\/www.airandme.fr\/blog\/wp-json\/wp\/v2\/posts\/17562\/revisions\/21988"}],"wp:featuredmedia":[{"embeddable":true,"href":"https:\/\/www.airandme.fr\/blog\/wp-json\/wp\/v2\/media\/17575"}],"wp:attachment":[{"href":"https:\/\/www.airandme.fr\/blog\/wp-json\/wp\/v2\/media?parent=17562"}],"wp:term":[{"taxonomy":"category","embeddable":true,"href":"https:\/\/www.airandme.fr\/blog\/wp-json\/wp\/v2\/categories?post=17562"},{"taxonomy":"post_tag","embeddable":true,"href":"https:\/\/www.airandme.fr\/blog\/wp-json\/wp\/v2\/tags?post=17562"}],"curies":[{"name":"wp","href":"https:\/\/api.w.org\/{rel}","templated":true}]}}