{"id":1940,"date":"2010-01-29T16:31:38","date_gmt":"2010-01-29T15:31:38","guid":{"rendered":"https:\/\/www.airandme.fr\/blog\/\/?p=1940"},"modified":"2020-03-27T15:53:03","modified_gmt":"2020-03-27T13:53:03","slug":"viktor-evalue-par-le-tuv","status":"publish","type":"post","link":"https:\/\/www.airandme.fr\/blog\/analyse-et-purification-de-lair\/viktor-evalue-par-le-tuv\/","title":{"rendered":"Viktor \u00e9valu\u00e9 par le T\u00dcV"},"content":{"rendered":"<p style=\"text-align: justify;\">Le T\u00dcV, organisme de certification allemand, vient de r\u00e9aliser un audit du purificateur d&rsquo;air Viktor. Les r\u00e9sultats de son enqu\u00eate sont plut\u00f4t \u00e9logieux !<\/p>\n<p style=\"text-align: justify;\">En effet, l&rsquo;\u00e9tude \u00e0 conclu que Viktor ne produit quasiment pas d&rsquo;ozone. De plus, il r\u00e9duit v\u00e9ritablement la quantit\u00e9 de particules polluantes dans l&rsquo;air, pour des pi\u00e8ces allant jusqu&rsquo;\u00e0 50 m\u00b2.<\/p>\n<p style=\"text-align: justify;\">T\u00e9l\u00e9chargez l&rsquo;\u00e9tude compl\u00e8te (en Anglais) en <a href=\"\/contenu\/technique\/PURIFICATEUR_VIKTOR-TUV.pdf\" target=\"_blank\" rel=\"noopener noreferrer\">cliquant ici<\/a> ou retrouvez Viktor dans la boutique Air&amp;Me en <a href=\"https:\/\/airandme.fr\/recherche?controller=search&amp;s=viktor\" target=\"_blank\" rel=\"noopener noreferrer\">cliquant ici<\/a>.<\/p>\n\n\n<p><\/p>\n","protected":false},"excerpt":{"rendered":"<p>Le T\u00dcV, organisme de certification allemand, vient de r\u00e9aliser un audit du purificateur d&rsquo;air Viktor. Les r\u00e9sultats de son enqu\u00eate sont plut\u00f4t \u00e9logieux ! En effet, l&rsquo;\u00e9tude \u00e0 conclu que Viktor ne produit quasiment pas d&rsquo;ozone. De plus, il r\u00e9duit v\u00e9ritablement la quantit\u00e9 de particules polluantes dans l&rsquo;air, pour des pi\u00e8ces allant jusqu&rsquo;\u00e0 50 m\u00b2. [&hellip;]<\/p>\n","protected":false},"author":1002,"featured_media":16032,"comment_status":"open","ping_status":"open","sticky":false,"template":"","format":"standard","meta":{"jetpack_post_was_ever_published":false,"_jetpack_newsletter_access":"","_jetpack_dont_email_post_to_subs":false,"_jetpack_newsletter_tier_id":0,"_jetpack_memberships_contains_paywalled_content":false,"_jetpack_memberships_contains_paid_content":false,"jnews-multi-image_gallery":[],"jnews_single_post":{"subtitle":"","format":"standard","video":"","gallery":"","source_name":"","source_url":"","via_name":"","via_url":"","override":[{"template":"1","single_blog_custom":"","parallax":"1","layout":"right-sidebar","sidebar":"default-sidebar","second_sidebar":"","sticky_sidebar":"1","share_position":"top","share_float_style":"share-monocrhome","show_share_counter":"1","show_view_counter":"1","show_featured":"1","show_post_meta":"1","show_post_author":"1","show_post_author_image":"1","show_post_date":"1","post_date_format":"","post_date_format_custom":"","show_post_category":"1","post_reading_time_wpm":"","zoom_button_out_step":"1","zoom_button_in_step":"1","show_post_tag":"1","show_prev_next_post":"1","show_popup_post":"1","number_popup_post":"1","show_post_related":"1"}],"image_override":[{"single_post_thumbnail_size":"crop-500","single_post_gallery_size":"crop-500"}],"trending_post_position":"","trending_post_label":"","sponsored_post_label":"","sponsored_post_name":"","sponsored_post_url":"","sponsored_post_logo":"","sponsored_post_desc":""},"jnews_primary_category":{"id":""},"jnews_social_meta":{"fb_title":"","fb_description":"","fb_image":"","twitter_title":"","twitter_description":"","twitter_image":""},"footnotes":""},"categories":[711],"tags":[],"class_list":["post-1940","post","type-post","status-publish","format-standard","has-post-thumbnail","hentry","category-analyse-et-purification-de-lair"],"yoast_head":"<!-- This site is optimized with the Yoast SEO plugin v27.4 - https:\/\/yoast.com\/product\/yoast-seo-wordpress\/ -->\n<title>Viktor \u00e9valu\u00e9 par le T\u00dcV<\/title>\n<meta name=\"description\" content=\"Le T\u00dcV, organisme de certification allemand, vient de r\u00e9aliser un audit du purificateur d&#039;air Viktor. Les r\u00e9sultats sont plut\u00f4t \u00e9logieux !\" \/>\n<meta name=\"robots\" content=\"index, follow, max-snippet:-1, max-image-preview:large, max-video-preview:-1\" \/>\n<link rel=\"canonical\" href=\"https:\/\/www.airandme.fr\/blog\/analyse-et-purification-de-lair\/viktor-evalue-par-le-tuv\/\" \/>\n<meta property=\"og:locale\" content=\"fr_FR\" \/>\n<meta property=\"og:type\" content=\"article\" \/>\n<meta property=\"og:title\" content=\"Viktor \u00e9valu\u00e9 par le T\u00dcV\" \/>\n<meta property=\"og:description\" content=\"Le T\u00dcV, organisme de certification allemand, vient de r\u00e9aliser un audit du purificateur d&#039;air Viktor. Les r\u00e9sultats sont plut\u00f4t \u00e9logieux !\" \/>\n<meta property=\"og:url\" content=\"https:\/\/www.airandme.fr\/blog\/analyse-et-purification-de-lair\/viktor-evalue-par-le-tuv\/\" \/>\n<meta property=\"og:site_name\" content=\"air&amp;me - Le blog du traitement de l&#039;air\" \/>\n<meta property=\"article:publisher\" content=\"https:\/\/www.facebook.com\/airandme\" \/>\n<meta property=\"article:published_time\" content=\"2010-01-29T15:31:38+00:00\" \/>\n<meta property=\"article:modified_time\" content=\"2020-03-27T13:53:03+00:00\" \/>\n<meta property=\"og:image\" content=\"https:\/\/i1.wp.com\/www.airandme.fr\/blog\/wp-content\/uploads\/airandme-viktor-\u00e9valu\u00e9-par-le-tuv.jpg?fit=750%2C374&ssl=1\" \/>\n\t<meta property=\"og:image:width\" content=\"750\" \/>\n\t<meta property=\"og:image:height\" content=\"374\" \/>\n\t<meta property=\"og:image:type\" content=\"image\/jpeg\" \/>\n<meta name=\"author\" content=\"Lucie\" \/>\n<meta name=\"twitter:card\" content=\"summary_large_image\" \/>\n<meta name=\"twitter:label1\" content=\"\u00c9crit par\" \/>\n\t<meta name=\"twitter:data1\" content=\"Lucie\" \/>\n<script type=\"application\/ld+json\" class=\"yoast-schema-graph\">{\"@context\":\"https:\\\/\\\/schema.org\",\"@graph\":[{\"@type\":\"Article\",\"@id\":\"https:\\\/\\\/www.airandme.fr\\\/blog\\\/analyse-et-purification-de-lair\\\/viktor-evalue-par-le-tuv\\\/#article\",\"isPartOf\":{\"@id\":\"https:\\\/\\\/www.airandme.fr\\\/blog\\\/analyse-et-purification-de-lair\\\/viktor-evalue-par-le-tuv\\\/\"},\"author\":{\"name\":\"Lucie\",\"@id\":\"https:\\\/\\\/www.airandme.fr\\\/blog\\\/#\\\/schema\\\/person\\\/7513dbbfef19fca38d61a145e4f491c0\"},\"headline\":\"Viktor \u00e9valu\u00e9 par le T\u00dcV\",\"datePublished\":\"2010-01-29T15:31:38+00:00\",\"dateModified\":\"2020-03-27T13:53:03+00:00\",\"mainEntityOfPage\":{\"@id\":\"https:\\\/\\\/www.airandme.fr\\\/blog\\\/analyse-et-purification-de-lair\\\/viktor-evalue-par-le-tuv\\\/\"},\"wordCount\":94,\"commentCount\":0,\"publisher\":{\"@id\":\"https:\\\/\\\/www.airandme.fr\\\/blog\\\/#organization\"},\"image\":{\"@id\":\"https:\\\/\\\/www.airandme.fr\\\/blog\\\/analyse-et-purification-de-lair\\\/viktor-evalue-par-le-tuv\\\/#primaryimage\"},\"thumbnailUrl\":\"https:\\\/\\\/i0.wp.com\\\/www.airandme.fr\\\/blog\\\/wp-content\\\/uploads\\\/airandme-viktor-%C3%A9valu%C3%A9-par-le-tuv.jpg?fit=750%2C374&ssl=1\",\"articleSection\":[\"Analyse et purification de l'air\"],\"inLanguage\":\"fr-FR\",\"potentialAction\":[{\"@type\":\"CommentAction\",\"name\":\"Comment\",\"target\":[\"https:\\\/\\\/www.airandme.fr\\\/blog\\\/analyse-et-purification-de-lair\\\/viktor-evalue-par-le-tuv\\\/#respond\"]}]},{\"@type\":\"WebPage\",\"@id\":\"https:\\\/\\\/www.airandme.fr\\\/blog\\\/analyse-et-purification-de-lair\\\/viktor-evalue-par-le-tuv\\\/\",\"url\":\"https:\\\/\\\/www.airandme.fr\\\/blog\\\/analyse-et-purification-de-lair\\\/viktor-evalue-par-le-tuv\\\/\",\"name\":\"Viktor \u00e9valu\u00e9 par le T\u00dcV\",\"isPartOf\":{\"@id\":\"https:\\\/\\\/www.airandme.fr\\\/blog\\\/#website\"},\"primaryImageOfPage\":{\"@id\":\"https:\\\/\\\/www.airandme.fr\\\/blog\\\/analyse-et-purification-de-lair\\\/viktor-evalue-par-le-tuv\\\/#primaryimage\"},\"image\":{\"@id\":\"https:\\\/\\\/www.airandme.fr\\\/blog\\\/analyse-et-purification-de-lair\\\/viktor-evalue-par-le-tuv\\\/#primaryimage\"},\"thumbnailUrl\":\"https:\\\/\\\/i0.wp.com\\\/www.airandme.fr\\\/blog\\\/wp-content\\\/uploads\\\/airandme-viktor-%C3%A9valu%C3%A9-par-le-tuv.jpg?fit=750%2C374&ssl=1\",\"datePublished\":\"2010-01-29T15:31:38+00:00\",\"dateModified\":\"2020-03-27T13:53:03+00:00\",\"description\":\"Le T\u00dcV, organisme de certification allemand, vient de r\u00e9aliser un audit du purificateur d'air Viktor. Les r\u00e9sultats sont plut\u00f4t \u00e9logieux !\",\"breadcrumb\":{\"@id\":\"https:\\\/\\\/www.airandme.fr\\\/blog\\\/analyse-et-purification-de-lair\\\/viktor-evalue-par-le-tuv\\\/#breadcrumb\"},\"inLanguage\":\"fr-FR\",\"potentialAction\":[{\"@type\":\"ReadAction\",\"target\":[\"https:\\\/\\\/www.airandme.fr\\\/blog\\\/analyse-et-purification-de-lair\\\/viktor-evalue-par-le-tuv\\\/\"]}]},{\"@type\":\"ImageObject\",\"inLanguage\":\"fr-FR\",\"@id\":\"https:\\\/\\\/www.airandme.fr\\\/blog\\\/analyse-et-purification-de-lair\\\/viktor-evalue-par-le-tuv\\\/#primaryimage\",\"url\":\"https:\\\/\\\/i0.wp.com\\\/www.airandme.fr\\\/blog\\\/wp-content\\\/uploads\\\/airandme-viktor-%C3%A9valu%C3%A9-par-le-tuv.jpg?fit=750%2C374&ssl=1\",\"contentUrl\":\"https:\\\/\\\/i0.wp.com\\\/www.airandme.fr\\\/blog\\\/wp-content\\\/uploads\\\/airandme-viktor-%C3%A9valu%C3%A9-par-le-tuv.jpg?fit=750%2C374&ssl=1\",\"width\":\"750\",\"height\":\"374\",\"caption\":\"airandme- Viktor \u00e9valu\u00e9 par le T\u00dcV\"},{\"@type\":\"BreadcrumbList\",\"@id\":\"https:\\\/\\\/www.airandme.fr\\\/blog\\\/analyse-et-purification-de-lair\\\/viktor-evalue-par-le-tuv\\\/#breadcrumb\",\"itemListElement\":[{\"@type\":\"ListItem\",\"position\":1,\"name\":\"Accueil\",\"item\":\"https:\\\/\\\/www.airandme.fr\\\/blog\\\/\"},{\"@type\":\"ListItem\",\"position\":2,\"name\":\"Analyse et purification de l'air\",\"item\":\"https:\\\/\\\/www.airandme.fr\\\/blog\\\/category\\\/analyse-et-purification-de-lair\\\/\"},{\"@type\":\"ListItem\",\"position\":3,\"name\":\"Viktor \u00e9valu\u00e9 par le T\u00dcV\"}]},{\"@type\":\"WebSite\",\"@id\":\"https:\\\/\\\/www.airandme.fr\\\/blog\\\/#website\",\"url\":\"https:\\\/\\\/www.airandme.fr\\\/blog\\\/\",\"name\":\"air&me - Le blog du traitement de l'air\",\"description\":\"Solutions pour le traitement de l&#039;air int\u00e9rieur - Le blog du bien air chez soi\",\"publisher\":{\"@id\":\"https:\\\/\\\/www.airandme.fr\\\/blog\\\/#organization\"},\"potentialAction\":[{\"@type\":\"SearchAction\",\"target\":{\"@type\":\"EntryPoint\",\"urlTemplate\":\"https:\\\/\\\/www.airandme.fr\\\/blog\\\/?s={search_term_string}\"},\"query-input\":{\"@type\":\"PropertyValueSpecification\",\"valueRequired\":true,\"valueName\":\"search_term_string\"}}],\"inLanguage\":\"fr-FR\"},{\"@type\":\"Organization\",\"@id\":\"https:\\\/\\\/www.airandme.fr\\\/blog\\\/#organization\",\"name\":\"air&me - Le blog du traitement de l'air\",\"url\":\"https:\\\/\\\/www.airandme.fr\\\/blog\\\/\",\"logo\":{\"@type\":\"ImageObject\",\"inLanguage\":\"fr-FR\",\"@id\":\"https:\\\/\\\/www.airandme.fr\\\/blog\\\/#\\\/schema\\\/logo\\\/image\\\/\",\"url\":\"https:\\\/\\\/i0.wp.com\\\/www.airandme.fr\\\/blog\\\/wp-content\\\/uploads\\\/airandme-logo-blog-300px.png?fit=300%2C120&ssl=1\",\"contentUrl\":\"https:\\\/\\\/i0.wp.com\\\/www.airandme.fr\\\/blog\\\/wp-content\\\/uploads\\\/airandme-logo-blog-300px.png?fit=300%2C120&ssl=1\",\"width\":300,\"height\":120,\"caption\":\"air&me - Le blog du traitement de l'air\"},\"image\":{\"@id\":\"https:\\\/\\\/www.airandme.fr\\\/blog\\\/#\\\/schema\\\/logo\\\/image\\\/\"},\"sameAs\":[\"https:\\\/\\\/www.facebook.com\\\/airandme\",\"https:\\\/\\\/www.instagram.com\\\/air_and_me\\\/\",\"https:\\\/\\\/www.linkedin.com\\\/air-and-me\",\"https:\\\/\\\/www.pinterest.fr\\\/air_and_me\",\"https:\\\/\\\/www.youtube.com\\\/channel\\\/UCmco9cc0iTBmPINR5vaW90A\"]},{\"@type\":\"Person\",\"@id\":\"https:\\\/\\\/www.airandme.fr\\\/blog\\\/#\\\/schema\\\/person\\\/7513dbbfef19fca38d61a145e4f491c0\",\"name\":\"Lucie\",\"image\":{\"@type\":\"ImageObject\",\"inLanguage\":\"fr-FR\",\"@id\":\"https:\\\/\\\/secure.gravatar.com\\\/avatar\\\/2372cc4034755cad5c718652176001d9d14ed3a00ffb17bceaec9e1fe07aad5b?s=96&d=mm&r=g\",\"url\":\"https:\\\/\\\/secure.gravatar.com\\\/avatar\\\/2372cc4034755cad5c718652176001d9d14ed3a00ffb17bceaec9e1fe07aad5b?s=96&d=mm&r=g\",\"contentUrl\":\"https:\\\/\\\/secure.gravatar.com\\\/avatar\\\/2372cc4034755cad5c718652176001d9d14ed3a00ffb17bceaec9e1fe07aad5b?s=96&d=mm&r=g\",\"caption\":\"Lucie\"},\"url\":\"https:\\\/\\\/www.airandme.fr\\\/blog\\\/author\\\/lucie\\\/\"}]}<\/script>\n<!-- \/ Yoast SEO plugin. -->","yoast_head_json":{"title":"Viktor \u00e9valu\u00e9 par le T\u00dcV","description":"Le T\u00dcV, organisme de certification allemand, vient de r\u00e9aliser un audit du purificateur d'air Viktor. Les r\u00e9sultats sont plut\u00f4t \u00e9logieux !","robots":{"index":"index","follow":"follow","max-snippet":"max-snippet:-1","max-image-preview":"max-image-preview:large","max-video-preview":"max-video-preview:-1"},"canonical":"https:\/\/www.airandme.fr\/blog\/analyse-et-purification-de-lair\/viktor-evalue-par-le-tuv\/","og_locale":"fr_FR","og_type":"article","og_title":"Viktor \u00e9valu\u00e9 par le T\u00dcV","og_description":"Le T\u00dcV, organisme de certification allemand, vient de r\u00e9aliser un audit du purificateur d'air Viktor. Les r\u00e9sultats sont plut\u00f4t \u00e9logieux !","og_url":"https:\/\/www.airandme.fr\/blog\/analyse-et-purification-de-lair\/viktor-evalue-par-le-tuv\/","og_site_name":"air&amp;me - Le blog du traitement de l&#039;air","article_publisher":"https:\/\/www.facebook.com\/airandme","article_published_time":"2010-01-29T15:31:38+00:00","article_modified_time":"2020-03-27T13:53:03+00:00","og_image":[{"width":750,"height":374,"url":"https:\/\/i1.wp.com\/www.airandme.fr\/blog\/wp-content\/uploads\/airandme-viktor-\u00e9valu\u00e9-par-le-tuv.jpg?fit=750%2C374&ssl=1","type":"image\/jpeg"}],"author":"Lucie","twitter_card":"summary_large_image","twitter_misc":{"\u00c9crit par":"Lucie"},"schema":{"@context":"https:\/\/schema.org","@graph":[{"@type":"Article","@id":"https:\/\/www.airandme.fr\/blog\/analyse-et-purification-de-lair\/viktor-evalue-par-le-tuv\/#article","isPartOf":{"@id":"https:\/\/www.airandme.fr\/blog\/analyse-et-purification-de-lair\/viktor-evalue-par-le-tuv\/"},"author":{"name":"Lucie","@id":"https:\/\/www.airandme.fr\/blog\/#\/schema\/person\/7513dbbfef19fca38d61a145e4f491c0"},"headline":"Viktor \u00e9valu\u00e9 par le T\u00dcV","datePublished":"2010-01-29T15:31:38+00:00","dateModified":"2020-03-27T13:53:03+00:00","mainEntityOfPage":{"@id":"https:\/\/www.airandme.fr\/blog\/analyse-et-purification-de-lair\/viktor-evalue-par-le-tuv\/"},"wordCount":94,"commentCount":0,"publisher":{"@id":"https:\/\/www.airandme.fr\/blog\/#organization"},"image":{"@id":"https:\/\/www.airandme.fr\/blog\/analyse-et-purification-de-lair\/viktor-evalue-par-le-tuv\/#primaryimage"},"thumbnailUrl":"https:\/\/i0.wp.com\/www.airandme.fr\/blog\/wp-content\/uploads\/airandme-viktor-%C3%A9valu%C3%A9-par-le-tuv.jpg?fit=750%2C374&ssl=1","articleSection":["Analyse et purification de l'air"],"inLanguage":"fr-FR","potentialAction":[{"@type":"CommentAction","name":"Comment","target":["https:\/\/www.airandme.fr\/blog\/analyse-et-purification-de-lair\/viktor-evalue-par-le-tuv\/#respond"]}]},{"@type":"WebPage","@id":"https:\/\/www.airandme.fr\/blog\/analyse-et-purification-de-lair\/viktor-evalue-par-le-tuv\/","url":"https:\/\/www.airandme.fr\/blog\/analyse-et-purification-de-lair\/viktor-evalue-par-le-tuv\/","name":"Viktor \u00e9valu\u00e9 par le T\u00dcV","isPartOf":{"@id":"https:\/\/www.airandme.fr\/blog\/#website"},"primaryImageOfPage":{"@id":"https:\/\/www.airandme.fr\/blog\/analyse-et-purification-de-lair\/viktor-evalue-par-le-tuv\/#primaryimage"},"image":{"@id":"https:\/\/www.airandme.fr\/blog\/analyse-et-purification-de-lair\/viktor-evalue-par-le-tuv\/#primaryimage"},"thumbnailUrl":"https:\/\/i0.wp.com\/www.airandme.fr\/blog\/wp-content\/uploads\/airandme-viktor-%C3%A9valu%C3%A9-par-le-tuv.jpg?fit=750%2C374&ssl=1","datePublished":"2010-01-29T15:31:38+00:00","dateModified":"2020-03-27T13:53:03+00:00","description":"Le T\u00dcV, organisme de certification allemand, vient de r\u00e9aliser un audit du purificateur d'air Viktor. Les r\u00e9sultats sont plut\u00f4t \u00e9logieux !","breadcrumb":{"@id":"https:\/\/www.airandme.fr\/blog\/analyse-et-purification-de-lair\/viktor-evalue-par-le-tuv\/#breadcrumb"},"inLanguage":"fr-FR","potentialAction":[{"@type":"ReadAction","target":["https:\/\/www.airandme.fr\/blog\/analyse-et-purification-de-lair\/viktor-evalue-par-le-tuv\/"]}]},{"@type":"ImageObject","inLanguage":"fr-FR","@id":"https:\/\/www.airandme.fr\/blog\/analyse-et-purification-de-lair\/viktor-evalue-par-le-tuv\/#primaryimage","url":"https:\/\/i0.wp.com\/www.airandme.fr\/blog\/wp-content\/uploads\/airandme-viktor-%C3%A9valu%C3%A9-par-le-tuv.jpg?fit=750%2C374&ssl=1","contentUrl":"https:\/\/i0.wp.com\/www.airandme.fr\/blog\/wp-content\/uploads\/airandme-viktor-%C3%A9valu%C3%A9-par-le-tuv.jpg?fit=750%2C374&ssl=1","width":"750","height":"374","caption":"airandme- Viktor \u00e9valu\u00e9 par le T\u00dcV"},{"@type":"BreadcrumbList","@id":"https:\/\/www.airandme.fr\/blog\/analyse-et-purification-de-lair\/viktor-evalue-par-le-tuv\/#breadcrumb","itemListElement":[{"@type":"ListItem","position":1,"name":"Accueil","item":"https:\/\/www.airandme.fr\/blog\/"},{"@type":"ListItem","position":2,"name":"Analyse et purification de l'air","item":"https:\/\/www.airandme.fr\/blog\/category\/analyse-et-purification-de-lair\/"},{"@type":"ListItem","position":3,"name":"Viktor \u00e9valu\u00e9 par le T\u00dcV"}]},{"@type":"WebSite","@id":"https:\/\/www.airandme.fr\/blog\/#website","url":"https:\/\/www.airandme.fr\/blog\/","name":"air&me - Le blog du traitement de l'air","description":"Solutions pour le traitement de l&#039;air int\u00e9rieur - Le blog du bien air chez soi","publisher":{"@id":"https:\/\/www.airandme.fr\/blog\/#organization"},"potentialAction":[{"@type":"SearchAction","target":{"@type":"EntryPoint","urlTemplate":"https:\/\/www.airandme.fr\/blog\/?s={search_term_string}"},"query-input":{"@type":"PropertyValueSpecification","valueRequired":true,"valueName":"search_term_string"}}],"inLanguage":"fr-FR"},{"@type":"Organization","@id":"https:\/\/www.airandme.fr\/blog\/#organization","name":"air&me - Le blog du traitement de l'air","url":"https:\/\/www.airandme.fr\/blog\/","logo":{"@type":"ImageObject","inLanguage":"fr-FR","@id":"https:\/\/www.airandme.fr\/blog\/#\/schema\/logo\/image\/","url":"https:\/\/i0.wp.com\/www.airandme.fr\/blog\/wp-content\/uploads\/airandme-logo-blog-300px.png?fit=300%2C120&ssl=1","contentUrl":"https:\/\/i0.wp.com\/www.airandme.fr\/blog\/wp-content\/uploads\/airandme-logo-blog-300px.png?fit=300%2C120&ssl=1","width":300,"height":120,"caption":"air&me - Le blog du traitement de l'air"},"image":{"@id":"https:\/\/www.airandme.fr\/blog\/#\/schema\/logo\/image\/"},"sameAs":["https:\/\/www.facebook.com\/airandme","https:\/\/www.instagram.com\/air_and_me\/","https:\/\/www.linkedin.com\/air-and-me","https:\/\/www.pinterest.fr\/air_and_me","https:\/\/www.youtube.com\/channel\/UCmco9cc0iTBmPINR5vaW90A"]},{"@type":"Person","@id":"https:\/\/www.airandme.fr\/blog\/#\/schema\/person\/7513dbbfef19fca38d61a145e4f491c0","name":"Lucie","image":{"@type":"ImageObject","inLanguage":"fr-FR","@id":"https:\/\/secure.gravatar.com\/avatar\/2372cc4034755cad5c718652176001d9d14ed3a00ffb17bceaec9e1fe07aad5b?s=96&d=mm&r=g","url":"https:\/\/secure.gravatar.com\/avatar\/2372cc4034755cad5c718652176001d9d14ed3a00ffb17bceaec9e1fe07aad5b?s=96&d=mm&r=g","contentUrl":"https:\/\/secure.gravatar.com\/avatar\/2372cc4034755cad5c718652176001d9d14ed3a00ffb17bceaec9e1fe07aad5b?s=96&d=mm&r=g","caption":"Lucie"},"url":"https:\/\/www.airandme.fr\/blog\/author\/lucie\/"}]}},"jetpack_featured_media_url":"https:\/\/i0.wp.com\/www.airandme.fr\/blog\/wp-content\/uploads\/airandme-viktor-%C3%A9valu%C3%A9-par-le-tuv.jpg?fit=750%2C374&ssl=1","jetpack_sharing_enabled":true,"jetpack_shortlink":"https:\/\/wp.me\/paHeLN-vi","_links":{"self":[{"href":"https:\/\/www.airandme.fr\/blog\/wp-json\/wp\/v2\/posts\/1940","targetHints":{"allow":["GET"]}}],"collection":[{"href":"https:\/\/www.airandme.fr\/blog\/wp-json\/wp\/v2\/posts"}],"about":[{"href":"https:\/\/www.airandme.fr\/blog\/wp-json\/wp\/v2\/types\/post"}],"author":[{"embeddable":true,"href":"https:\/\/www.airandme.fr\/blog\/wp-json\/wp\/v2\/users\/1002"}],"replies":[{"embeddable":true,"href":"https:\/\/www.airandme.fr\/blog\/wp-json\/wp\/v2\/comments?post=1940"}],"version-history":[{"count":0,"href":"https:\/\/www.airandme.fr\/blog\/wp-json\/wp\/v2\/posts\/1940\/revisions"}],"wp:featuredmedia":[{"embeddable":true,"href":"https:\/\/www.airandme.fr\/blog\/wp-json\/wp\/v2\/media\/16032"}],"wp:attachment":[{"href":"https:\/\/www.airandme.fr\/blog\/wp-json\/wp\/v2\/media?parent=1940"}],"wp:term":[{"taxonomy":"category","embeddable":true,"href":"https:\/\/www.airandme.fr\/blog\/wp-json\/wp\/v2\/categories?post=1940"},{"taxonomy":"post_tag","embeddable":true,"href":"https:\/\/www.airandme.fr\/blog\/wp-json\/wp\/v2\/tags?post=1940"}],"curies":[{"name":"wp","href":"https:\/\/api.w.org\/{rel}","templated":true}]}}