{"id":19995,"date":"2023-01-13T09:00:00","date_gmt":"2023-01-13T07:00:00","guid":{"rendered":"https:\/\/www.airandme.fr\/blog\/?p=19995"},"modified":"2024-10-16T10:50:25","modified_gmt":"2024-10-16T08:50:25","slug":"karl-levaporateur-derniere-generation","status":"publish","type":"post","link":"https:\/\/www.airandme.fr\/blog\/humidification\/karl-levaporateur-derniere-generation\/","title":{"rendered":"KARL l\u2019\u00e9vaporateur derni\u00e8re g\u00e9n\u00e9ration\u00a0!"},"content":{"rendered":"\n<p>En hiver, l\u2019air a tendance \u00e0 \u00eatre sec \u00e0 cause du chauffage. Il est primordial de faire remonter le taux d\u2019humidit\u00e9 afin de faciliter vos voix respiratoires. La marque Suisse Stadler Form a frapp\u00e9 fort cette ann\u00e9e en d\u00e9veloppant une nouvelle gamme <a href=\"https:\/\/airandme.fr\/fr\/138-evaporation-naturelle\" target=\"_blank\" rel=\"noreferrer noopener\">d\u2019\u00e9vaporateur <\/a>tendance et high tech\u00a0: <a href=\"https:\/\/airandme.fr\/fr\/humidification-de-lair\/1490-humidificateur-karl.html\" target=\"_blank\" rel=\"noreferrer noopener\">KARL <\/a>et <a href=\"https:\/\/airandme.fr\/fr\/humidification-de-lair\/1491-humidificateur-karl-big.html\" target=\"_blank\" rel=\"noreferrer noopener\">KARL Big<\/a>.<\/p>\n\n\n\n<p>D\u00e9couvrons ensemble les caract\u00e9ristiques de ces appareils \u00e0 la pointe de la technologie, capable de faire remonter le <a href=\"https:\/\/www.airandme.fr\/blog\/deshumidification\/comment-reguler-lhumidite-dune-piece\/\" target=\"_blank\" rel=\"noreferrer noopener\">taux d\u2019humidit\u00e9<\/a> d\u2019une pi\u00e8ce instantan\u00e9ment.<\/p>\n\n\n\n<h3 class=\"wp-block-heading\">Un \u00e9crin de technologie&nbsp;:<\/h3>\n\n\n\n<p>Les humidificateurs KARL sont dot\u00e9s d\u2019une connexion wi-fi. Il est possible de les contr\u00f4ler \u00e0 distance \u00e0 l\u2019aide d\u2019une application mobile. Celle-ci affiche en temps r\u00e9el le taux d\u2019humidit\u00e9 de l\u2019air et ajuste la puissance d\u2019humidification en fonction. L\u2019ouverture du r\u00e9servoir par le haut permet de le remplir facilement avec de l\u2019eau, et ce, m\u00eame quand l\u2019appareil est en marche.<\/p>\n\n\n\n<h3 class=\"wp-block-heading\">Puissants et efficaces&nbsp;:<\/h3>\n\n\n\n<p>Les appareils de la famille KARL sont destin\u00e9s \u00e0 humidifier des pi\u00e8ces allant jusqu\u2019\u00e0 100 &#8211; 150 m\u00b2. KARL est dot\u00e9 d\u2019un r\u00e9servoir de 4,6 litres tandis que son a\u00een\u00e9 KARL Big, est dot\u00e9 d\u2019un r\u00e9servoir de 11 litres. Ces humidificateurs sont capables de faire remonter le taux d\u2019humidit\u00e9 d\u2019une pi\u00e8ce en un instant.<\/p>\n\n\n<div class=\"wp-block-image\">\n<figure class=\"aligncenter size-full\"><img data-recalc-dims=\"1\" fetchpriority=\"high\" decoding=\"async\" width=\"750\" height=\"374\" src=\"https:\/\/i0.wp.com\/www.airandme.fr\/blog\/wp-content\/uploads\/technologie_KARL.jpg?resize=750%2C374&#038;ssl=1\" alt=\"\" class=\"wp-image-20004\" srcset=\"https:\/\/i0.wp.com\/www.airandme.fr\/blog\/wp-content\/uploads\/technologie_KARL.jpg?w=750&amp;ssl=1 750w, https:\/\/i0.wp.com\/www.airandme.fr\/blog\/wp-content\/uploads\/technologie_KARL.jpg?resize=300%2C150&amp;ssl=1 300w, https:\/\/i0.wp.com\/www.airandme.fr\/blog\/wp-content\/uploads\/technologie_KARL.jpg?resize=360%2C180&amp;ssl=1 360w\" sizes=\"(max-width: 750px) 100vw, 750px\" \/><figcaption class=\"wp-element-caption\">Humidificateur KARL Big &#8211; Stadler Form<\/figcaption><\/figure>\n<\/div>\n\n\n<h3 class=\"wp-block-heading\">Simples et \u00e9conomiques&nbsp;:<\/h3>\n\n\n\n<p>KARL et KARL Big sont peu \u00e9nergivores. Leur technologie par <a href=\"https:\/\/www.airandme.fr\/blog\/humidification\/comment-fonctionne-un-evaporateur\/\" target=\"_blank\" rel=\"noreferrer noopener\">\u00e9vaporation<\/a> repose sur la pr\u00e9sence d\u2019un filtre en fibres v\u00e9g\u00e9tales qui s\u2019imbibe d\u2019eau par capillarit\u00e9. En mode automatique, ces appareils ajustent leur puissance en vue d\u2019atteindre le taux d\u2019humidit\u00e9 souhait\u00e9 entre 40% et 55%.&nbsp; D\u00e8s que le r\u00e9servoir d\u2019eau est vide, les appareils s\u2019arr\u00eatent automatiquement.<\/p>\n\n\n\n<h3 class=\"wp-block-heading\">Un design \u00e9l\u00e9gant et sobre&nbsp;:<\/h3>\n\n\n\n<p>Dot\u00e9 d\u2019une housse en textile grise, ces <a href=\"https:\/\/airandme.fr\/fr\/5-humidification-de-lair\" target=\"_blank\" rel=\"noreferrer noopener\">humidificateurs<\/a> compacts et design peuvent se fondre dans n\u2019importe quel d\u00e9cor. \u00c0 la maison ou au bureau, leur look moderne ne passera pas inaper\u00e7u. Il est possible d\u2019\u00e9teindre les LED pour ne pas \u00eatre g\u00ean\u00e9 lors d\u2019une utilisation de nuit.<\/p>\n\n\n\n<div class=\"wp-block-buttons is-layout-flex wp-block-buttons-is-layout-flex\">\n<div class=\"wp-block-button\"><a class=\"wp-block-button__link has-background wp-element-button\" href=\"https:\/\/airandme.fr\/fr\/questionnaire\/3-choisir-un-humidificateur\" style=\"background:linear-gradient(135deg,rgb(0,176,234) 0%,rgb(6,147,227) 100%)\" target=\"_blank\" rel=\"noreferrer noopener\"><strong>Je trouve mon humidificateur<\/strong><\/a><\/div>\n<\/div>\n\n\n<div class=\"row ppgbo_row ppgbo_product_1\">\n    \n    <div class=\"product col-4\">\n        <a class=\"product_link\" target=\"_blank\" href=\"https:\/\/airandme.fr\/fr\/humidification-de-lair\/1490-humidificateur-karl.html\">Humidificateur connect\u00e9 KARL<\/a><img data-recalc-dims=\"1\" decoding=\"async\" class=\"product_image\" src=\"https:\/\/i0.wp.com\/airandme.fr\/9940-medium_default\/1.jpg?resize=250%2C250&#038;ssl=1\"  alt=\"Humidificateur connect\u00e9 KARL\" width=\"250\" height=\"250\" \/><h4 class=\"product_name\">Humidificateur connect\u00e9 KARL<\/h4><div class=\"product_description_short\">Dites adieu \u00e0 la gorge qui gratte ou aux maux de t\u00eate. Gr\u00e2ce \u00e0 KARL, l&#039;air de votre [...]<\/div><span class=\"product_price\">219.00\u20ac<\/span><div class=\"btn btn-default\">Voir le produit<\/div>    <\/div>\n    \n    \n    <div class=\"product col-4\">\n        <a class=\"product_link\" target=\"_blank\" href=\"https:\/\/airandme.fr\/fr\/humidification-de-lair\/717-humidificateur-oskar-big-noir.html\">Humidificateur OSKAR Big Noir<\/a><img data-recalc-dims=\"1\" decoding=\"async\" class=\"product_image\" src=\"https:\/\/i0.wp.com\/airandme.fr\/9447-medium_default\/1.jpg?resize=250%2C250&#038;ssl=1\"  alt=\"Humidificateur OSKAR Big Noir\" width=\"250\" height=\"250\" \/><h4 class=\"product_name\">Humidificateur OSKAR Big Noir<\/h4><div class=\"product_description_short\">Optez pour le plus robuste de la famille OSKAR ! Symbole du design et de l\u2019efficacit\u00e9 [...]<\/div><span class=\"product_price\">199.00\u20ac<\/span><div class=\"btn btn-default\">Voir le produit<\/div>    <\/div>\n    \n    \n    <div class=\"product col-4\">\n        <a class=\"product_link\" target=\"_blank\" href=\"https:\/\/airandme.fr\/fr\/humidification-de-lair\/1490-humidificateur-karl.html\">Humidificateur ALAZE<\/a><img data-recalc-dims=\"1\" loading=\"lazy\" decoding=\"async\" class=\"product_image\" src=\"https:\/\/i0.wp.com\/airandme.fr\/6518-medium_default\/1.jpg?resize=250%2C250&#038;ssl=1\"  alt=\"Humidificateur ALAZE\" width=\"250\" height=\"250\" \/><h4 class=\"product_name\">Humidificateur ALAZE<\/h4><div class=\"product_description_short\">ALAZE est un humidificateur d\u2019air par \u00e9vaporation aux multiples fonctions : timer, [...]<\/div><span class=\"product_price\">149.90\u20ac<\/span><div class=\"btn btn-default\">Voir le produit<\/div>    <\/div>\n    \n    <div class=\"clear\"><\/div><\/div>\n<div class=\"clear\"><\/div>\n\n\n\n<p><\/p>\n","protected":false},"excerpt":{"rendered":"<p>En hiver, l\u2019air a tendance \u00e0 \u00eatre sec \u00e0 cause du chauffage. Il est primordial de faire remonter le taux d\u2019humidit\u00e9 afin de faciliter vos voix respiratoires. La marque Suisse Stadler Form a frapp\u00e9 fort cette ann\u00e9e en d\u00e9veloppant une nouvelle gamme d\u2019\u00e9vaporateur tendance et high tech\u00a0: KARL et KARL Big. D\u00e9couvrons ensemble les caract\u00e9ristiques [&hellip;]<\/p>\n","protected":false},"author":1011,"featured_media":20003,"comment_status":"open","ping_status":"closed","sticky":true,"template":"","format":"standard","meta":{"jetpack_post_was_ever_published":false,"_jetpack_newsletter_access":"","_jetpack_dont_email_post_to_subs":false,"_jetpack_newsletter_tier_id":0,"_jetpack_memberships_contains_paywalled_content":false,"_jetpack_memberships_contains_paid_content":false,"jnews-multi-image_gallery":[],"jnews_single_post":{"subtitle":"","format":"standard","video":"","gallery":"","source_name":"","source_url":"","via_name":"","via_url":"","override_template":"0","override":[{"template":"1","single_blog_custom":"","parallax":"1","fullscreen":"0","layout":"right-sidebar","sidebar":"default-sidebar","second_sidebar":"default-sidebar","sticky_sidebar":"1","share_position":"top","share_float_style":"share-monocrhome","show_share_counter":"0","show_view_counter":"1","show_featured":"1","show_post_meta":"1","show_post_author":"0","show_post_author_image":"0","show_post_date":"0","post_date_format":"default","post_date_format_custom":"Y\/m\/d","show_post_category":"1","show_post_reading_time":"0","post_reading_time_wpm":"300","show_zoom_button":"0","zoom_button_out_step":"2","zoom_button_in_step":"3","show_post_tag":"1","show_prev_next_post":"1","show_popup_post":"1","number_popup_post":"1","show_author_box":"0","show_post_related":"0","show_inline_post_related":"0"}],"override_image_size":"0","image_override":[{"single_post_thumbnail_size":"crop-500","single_post_gallery_size":"crop-500"}],"trending_post":"0","trending_post_position":"meta","trending_post_label":"Trending","sponsored_post":"0","sponsored_post_label":"Sponsored by","sponsored_post_name":"","sponsored_post_url":"","sponsored_post_logo_enable":"0","sponsored_post_logo":"","sponsored_post_desc":"","disable_ad":"0"},"jnews_primary_category":{"id":"","hide":""},"jnews_social_meta":{"fb_title":"","fb_description":"","fb_image":"","twitter_title":"","twitter_description":"","twitter_image":""},"footnotes":""},"categories":[710],"tags":[],"class_list":["post-19995","post","type-post","status-publish","format-standard","has-post-thumbnail","hentry","category-humidification"],"yoast_head":"<!-- This site is optimized with the Yoast SEO plugin v27.4 - https:\/\/yoast.com\/product\/yoast-seo-wordpress\/ -->\n<title>KARL l\u2019\u00e9vaporateur derni\u00e8re g\u00e9n\u00e9ration\u00a0! air&amp;me BLOG<\/title>\n<meta name=\"description\" content=\"KARL, l&#039;\u00e9vaporateur derni\u00e8re g\u00e9n\u00e9ration de la marque Stadler Form capable de faire remonter le taux d&#039;humidit\u00e9 de vos pi\u00e8ces rapidement.\" \/>\n<meta name=\"robots\" content=\"index, follow, max-snippet:-1, max-image-preview:large, max-video-preview:-1\" \/>\n<link rel=\"canonical\" href=\"https:\/\/www.airandme.fr\/blog\/humidification\/karl-levaporateur-derniere-generation\/\" \/>\n<meta property=\"og:locale\" content=\"fr_FR\" \/>\n<meta property=\"og:type\" content=\"article\" \/>\n<meta property=\"og:title\" content=\"KARL l\u2019\u00e9vaporateur derni\u00e8re g\u00e9n\u00e9ration\u00a0! air&amp;me BLOG\" \/>\n<meta property=\"og:description\" content=\"KARL, l&#039;\u00e9vaporateur derni\u00e8re g\u00e9n\u00e9ration de la marque Stadler Form capable de faire remonter le taux d&#039;humidit\u00e9 de vos pi\u00e8ces rapidement.\" \/>\n<meta property=\"og:url\" content=\"https:\/\/www.airandme.fr\/blog\/humidification\/karl-levaporateur-derniere-generation\/\" \/>\n<meta property=\"og:site_name\" content=\"air&amp;me - Le blog du traitement de l&#039;air\" \/>\n<meta property=\"article:publisher\" content=\"https:\/\/www.facebook.com\/airandme\" \/>\n<meta property=\"article:published_time\" content=\"2023-01-13T07:00:00+00:00\" \/>\n<meta property=\"article:modified_time\" content=\"2024-10-16T08:50:25+00:00\" \/>\n<meta property=\"og:image\" content=\"https:\/\/www.airandme.fr\/blog\/wp-content\/uploads\/humidificateur_KARL.jpg\" \/>\n\t<meta property=\"og:image:width\" content=\"750\" \/>\n\t<meta property=\"og:image:height\" content=\"374\" \/>\n\t<meta property=\"og:image:type\" content=\"image\/jpeg\" \/>\n<meta name=\"author\" content=\"Am\u00e9lie\" \/>\n<meta name=\"twitter:card\" content=\"summary_large_image\" \/>\n<meta name=\"twitter:label1\" content=\"\u00c9crit par\" \/>\n\t<meta name=\"twitter:data1\" content=\"Am\u00e9lie\" \/>\n\t<meta name=\"twitter:label2\" content=\"Dur\u00e9e de lecture estim\u00e9e\" \/>\n\t<meta name=\"twitter:data2\" content=\"3 minutes\" \/>\n<script type=\"application\/ld+json\" class=\"yoast-schema-graph\">{\"@context\":\"https:\\\/\\\/schema.org\",\"@graph\":[{\"@type\":\"Article\",\"@id\":\"https:\\\/\\\/www.airandme.fr\\\/blog\\\/humidification\\\/karl-levaporateur-derniere-generation\\\/#article\",\"isPartOf\":{\"@id\":\"https:\\\/\\\/www.airandme.fr\\\/blog\\\/humidification\\\/karl-levaporateur-derniere-generation\\\/\"},\"author\":{\"name\":\"Am\u00e9lie\",\"@id\":\"https:\\\/\\\/www.airandme.fr\\\/blog\\\/#\\\/schema\\\/person\\\/c474f6c70e09ebcd550c21157704224a\"},\"headline\":\"KARL l\u2019\u00e9vaporateur derni\u00e8re g\u00e9n\u00e9ration\u00a0!\",\"datePublished\":\"2023-01-13T07:00:00+00:00\",\"dateModified\":\"2024-10-16T08:50:25+00:00\",\"mainEntityOfPage\":{\"@id\":\"https:\\\/\\\/www.airandme.fr\\\/blog\\\/humidification\\\/karl-levaporateur-derniere-generation\\\/\"},\"wordCount\":373,\"commentCount\":0,\"publisher\":{\"@id\":\"https:\\\/\\\/www.airandme.fr\\\/blog\\\/#organization\"},\"image\":{\"@id\":\"https:\\\/\\\/www.airandme.fr\\\/blog\\\/humidification\\\/karl-levaporateur-derniere-generation\\\/#primaryimage\"},\"thumbnailUrl\":\"https:\\\/\\\/i0.wp.com\\\/www.airandme.fr\\\/blog\\\/wp-content\\\/uploads\\\/humidificateur_KARL.jpg?fit=750%2C374&ssl=1\",\"articleSection\":[\"Humidification de l'air\"],\"inLanguage\":\"fr-FR\",\"potentialAction\":[{\"@type\":\"CommentAction\",\"name\":\"Comment\",\"target\":[\"https:\\\/\\\/www.airandme.fr\\\/blog\\\/humidification\\\/karl-levaporateur-derniere-generation\\\/#respond\"]}]},{\"@type\":\"WebPage\",\"@id\":\"https:\\\/\\\/www.airandme.fr\\\/blog\\\/humidification\\\/karl-levaporateur-derniere-generation\\\/\",\"url\":\"https:\\\/\\\/www.airandme.fr\\\/blog\\\/humidification\\\/karl-levaporateur-derniere-generation\\\/\",\"name\":\"KARL l\u2019\u00e9vaporateur derni\u00e8re g\u00e9n\u00e9ration\u00a0! air&me BLOG\",\"isPartOf\":{\"@id\":\"https:\\\/\\\/www.airandme.fr\\\/blog\\\/#website\"},\"primaryImageOfPage\":{\"@id\":\"https:\\\/\\\/www.airandme.fr\\\/blog\\\/humidification\\\/karl-levaporateur-derniere-generation\\\/#primaryimage\"},\"image\":{\"@id\":\"https:\\\/\\\/www.airandme.fr\\\/blog\\\/humidification\\\/karl-levaporateur-derniere-generation\\\/#primaryimage\"},\"thumbnailUrl\":\"https:\\\/\\\/i0.wp.com\\\/www.airandme.fr\\\/blog\\\/wp-content\\\/uploads\\\/humidificateur_KARL.jpg?fit=750%2C374&ssl=1\",\"datePublished\":\"2023-01-13T07:00:00+00:00\",\"dateModified\":\"2024-10-16T08:50:25+00:00\",\"description\":\"KARL, l'\u00e9vaporateur derni\u00e8re g\u00e9n\u00e9ration de la marque Stadler Form capable de faire remonter le taux d'humidit\u00e9 de vos pi\u00e8ces rapidement.\",\"breadcrumb\":{\"@id\":\"https:\\\/\\\/www.airandme.fr\\\/blog\\\/humidification\\\/karl-levaporateur-derniere-generation\\\/#breadcrumb\"},\"inLanguage\":\"fr-FR\",\"potentialAction\":[{\"@type\":\"ReadAction\",\"target\":[\"https:\\\/\\\/www.airandme.fr\\\/blog\\\/humidification\\\/karl-levaporateur-derniere-generation\\\/\"]}]},{\"@type\":\"ImageObject\",\"inLanguage\":\"fr-FR\",\"@id\":\"https:\\\/\\\/www.airandme.fr\\\/blog\\\/humidification\\\/karl-levaporateur-derniere-generation\\\/#primaryimage\",\"url\":\"https:\\\/\\\/i0.wp.com\\\/www.airandme.fr\\\/blog\\\/wp-content\\\/uploads\\\/humidificateur_KARL.jpg?fit=750%2C374&ssl=1\",\"contentUrl\":\"https:\\\/\\\/i0.wp.com\\\/www.airandme.fr\\\/blog\\\/wp-content\\\/uploads\\\/humidificateur_KARL.jpg?fit=750%2C374&ssl=1\",\"width\":750,\"height\":374,\"caption\":\"Evaporateur KARL\"},{\"@type\":\"BreadcrumbList\",\"@id\":\"https:\\\/\\\/www.airandme.fr\\\/blog\\\/humidification\\\/karl-levaporateur-derniere-generation\\\/#breadcrumb\",\"itemListElement\":[{\"@type\":\"ListItem\",\"position\":1,\"name\":\"Accueil\",\"item\":\"https:\\\/\\\/www.airandme.fr\\\/blog\\\/\"},{\"@type\":\"ListItem\",\"position\":2,\"name\":\"Humidification de l'air\",\"item\":\"https:\\\/\\\/www.airandme.fr\\\/blog\\\/category\\\/humidification\\\/\"},{\"@type\":\"ListItem\",\"position\":3,\"name\":\"KARL l\u2019\u00e9vaporateur derni\u00e8re g\u00e9n\u00e9ration\u00a0!\"}]},{\"@type\":\"WebSite\",\"@id\":\"https:\\\/\\\/www.airandme.fr\\\/blog\\\/#website\",\"url\":\"https:\\\/\\\/www.airandme.fr\\\/blog\\\/\",\"name\":\"air&me - Le blog du traitement de l'air\",\"description\":\"Solutions pour le traitement de l&#039;air int\u00e9rieur - Le blog du bien air chez soi\",\"publisher\":{\"@id\":\"https:\\\/\\\/www.airandme.fr\\\/blog\\\/#organization\"},\"potentialAction\":[{\"@type\":\"SearchAction\",\"target\":{\"@type\":\"EntryPoint\",\"urlTemplate\":\"https:\\\/\\\/www.airandme.fr\\\/blog\\\/?s={search_term_string}\"},\"query-input\":{\"@type\":\"PropertyValueSpecification\",\"valueRequired\":true,\"valueName\":\"search_term_string\"}}],\"inLanguage\":\"fr-FR\"},{\"@type\":\"Organization\",\"@id\":\"https:\\\/\\\/www.airandme.fr\\\/blog\\\/#organization\",\"name\":\"air&me - Le blog du traitement de l'air\",\"url\":\"https:\\\/\\\/www.airandme.fr\\\/blog\\\/\",\"logo\":{\"@type\":\"ImageObject\",\"inLanguage\":\"fr-FR\",\"@id\":\"https:\\\/\\\/www.airandme.fr\\\/blog\\\/#\\\/schema\\\/logo\\\/image\\\/\",\"url\":\"https:\\\/\\\/i0.wp.com\\\/www.airandme.fr\\\/blog\\\/wp-content\\\/uploads\\\/airandme-logo-blog-300px.png?fit=300%2C120&ssl=1\",\"contentUrl\":\"https:\\\/\\\/i0.wp.com\\\/www.airandme.fr\\\/blog\\\/wp-content\\\/uploads\\\/airandme-logo-blog-300px.png?fit=300%2C120&ssl=1\",\"width\":300,\"height\":120,\"caption\":\"air&me - Le blog du traitement de l'air\"},\"image\":{\"@id\":\"https:\\\/\\\/www.airandme.fr\\\/blog\\\/#\\\/schema\\\/logo\\\/image\\\/\"},\"sameAs\":[\"https:\\\/\\\/www.facebook.com\\\/airandme\",\"https:\\\/\\\/www.instagram.com\\\/air_and_me\\\/\",\"https:\\\/\\\/www.linkedin.com\\\/air-and-me\",\"https:\\\/\\\/www.pinterest.fr\\\/air_and_me\",\"https:\\\/\\\/www.youtube.com\\\/channel\\\/UCmco9cc0iTBmPINR5vaW90A\"]},{\"@type\":\"Person\",\"@id\":\"https:\\\/\\\/www.airandme.fr\\\/blog\\\/#\\\/schema\\\/person\\\/c474f6c70e09ebcd550c21157704224a\",\"name\":\"Am\u00e9lie\",\"image\":{\"@type\":\"ImageObject\",\"inLanguage\":\"fr-FR\",\"@id\":\"https:\\\/\\\/secure.gravatar.com\\\/avatar\\\/91dc0d1c2092b56bba764bda674fd3a8e41b277458ae31b560800fd6e5b2a566?s=96&d=mm&r=g\",\"url\":\"https:\\\/\\\/secure.gravatar.com\\\/avatar\\\/91dc0d1c2092b56bba764bda674fd3a8e41b277458ae31b560800fd6e5b2a566?s=96&d=mm&r=g\",\"contentUrl\":\"https:\\\/\\\/secure.gravatar.com\\\/avatar\\\/91dc0d1c2092b56bba764bda674fd3a8e41b277458ae31b560800fd6e5b2a566?s=96&d=mm&r=g\",\"caption\":\"Am\u00e9lie\"},\"url\":\"https:\\\/\\\/www.airandme.fr\\\/blog\\\/author\\\/amelie\\\/\"}]}<\/script>\n<!-- \/ Yoast SEO plugin. -->","yoast_head_json":{"title":"KARL l\u2019\u00e9vaporateur derni\u00e8re g\u00e9n\u00e9ration\u00a0! air&me BLOG","description":"KARL, l'\u00e9vaporateur derni\u00e8re g\u00e9n\u00e9ration de la marque Stadler Form capable de faire remonter le taux d'humidit\u00e9 de vos pi\u00e8ces rapidement.","robots":{"index":"index","follow":"follow","max-snippet":"max-snippet:-1","max-image-preview":"max-image-preview:large","max-video-preview":"max-video-preview:-1"},"canonical":"https:\/\/www.airandme.fr\/blog\/humidification\/karl-levaporateur-derniere-generation\/","og_locale":"fr_FR","og_type":"article","og_title":"KARL l\u2019\u00e9vaporateur derni\u00e8re g\u00e9n\u00e9ration\u00a0! air&me BLOG","og_description":"KARL, l'\u00e9vaporateur derni\u00e8re g\u00e9n\u00e9ration de la marque Stadler Form capable de faire remonter le taux d'humidit\u00e9 de vos pi\u00e8ces rapidement.","og_url":"https:\/\/www.airandme.fr\/blog\/humidification\/karl-levaporateur-derniere-generation\/","og_site_name":"air&amp;me - Le blog du traitement de l&#039;air","article_publisher":"https:\/\/www.facebook.com\/airandme","article_published_time":"2023-01-13T07:00:00+00:00","article_modified_time":"2024-10-16T08:50:25+00:00","og_image":[{"width":750,"height":374,"url":"https:\/\/www.airandme.fr\/blog\/wp-content\/uploads\/humidificateur_KARL.jpg","type":"image\/jpeg"}],"author":"Am\u00e9lie","twitter_card":"summary_large_image","twitter_misc":{"\u00c9crit par":"Am\u00e9lie","Dur\u00e9e de lecture estim\u00e9e":"3 minutes"},"schema":{"@context":"https:\/\/schema.org","@graph":[{"@type":"Article","@id":"https:\/\/www.airandme.fr\/blog\/humidification\/karl-levaporateur-derniere-generation\/#article","isPartOf":{"@id":"https:\/\/www.airandme.fr\/blog\/humidification\/karl-levaporateur-derniere-generation\/"},"author":{"name":"Am\u00e9lie","@id":"https:\/\/www.airandme.fr\/blog\/#\/schema\/person\/c474f6c70e09ebcd550c21157704224a"},"headline":"KARL l\u2019\u00e9vaporateur derni\u00e8re g\u00e9n\u00e9ration\u00a0!","datePublished":"2023-01-13T07:00:00+00:00","dateModified":"2024-10-16T08:50:25+00:00","mainEntityOfPage":{"@id":"https:\/\/www.airandme.fr\/blog\/humidification\/karl-levaporateur-derniere-generation\/"},"wordCount":373,"commentCount":0,"publisher":{"@id":"https:\/\/www.airandme.fr\/blog\/#organization"},"image":{"@id":"https:\/\/www.airandme.fr\/blog\/humidification\/karl-levaporateur-derniere-generation\/#primaryimage"},"thumbnailUrl":"https:\/\/i0.wp.com\/www.airandme.fr\/blog\/wp-content\/uploads\/humidificateur_KARL.jpg?fit=750%2C374&ssl=1","articleSection":["Humidification de l'air"],"inLanguage":"fr-FR","potentialAction":[{"@type":"CommentAction","name":"Comment","target":["https:\/\/www.airandme.fr\/blog\/humidification\/karl-levaporateur-derniere-generation\/#respond"]}]},{"@type":"WebPage","@id":"https:\/\/www.airandme.fr\/blog\/humidification\/karl-levaporateur-derniere-generation\/","url":"https:\/\/www.airandme.fr\/blog\/humidification\/karl-levaporateur-derniere-generation\/","name":"KARL l\u2019\u00e9vaporateur derni\u00e8re g\u00e9n\u00e9ration\u00a0! air&me BLOG","isPartOf":{"@id":"https:\/\/www.airandme.fr\/blog\/#website"},"primaryImageOfPage":{"@id":"https:\/\/www.airandme.fr\/blog\/humidification\/karl-levaporateur-derniere-generation\/#primaryimage"},"image":{"@id":"https:\/\/www.airandme.fr\/blog\/humidification\/karl-levaporateur-derniere-generation\/#primaryimage"},"thumbnailUrl":"https:\/\/i0.wp.com\/www.airandme.fr\/blog\/wp-content\/uploads\/humidificateur_KARL.jpg?fit=750%2C374&ssl=1","datePublished":"2023-01-13T07:00:00+00:00","dateModified":"2024-10-16T08:50:25+00:00","description":"KARL, l'\u00e9vaporateur derni\u00e8re g\u00e9n\u00e9ration de la marque Stadler Form capable de faire remonter le taux d'humidit\u00e9 de vos pi\u00e8ces rapidement.","breadcrumb":{"@id":"https:\/\/www.airandme.fr\/blog\/humidification\/karl-levaporateur-derniere-generation\/#breadcrumb"},"inLanguage":"fr-FR","potentialAction":[{"@type":"ReadAction","target":["https:\/\/www.airandme.fr\/blog\/humidification\/karl-levaporateur-derniere-generation\/"]}]},{"@type":"ImageObject","inLanguage":"fr-FR","@id":"https:\/\/www.airandme.fr\/blog\/humidification\/karl-levaporateur-derniere-generation\/#primaryimage","url":"https:\/\/i0.wp.com\/www.airandme.fr\/blog\/wp-content\/uploads\/humidificateur_KARL.jpg?fit=750%2C374&ssl=1","contentUrl":"https:\/\/i0.wp.com\/www.airandme.fr\/blog\/wp-content\/uploads\/humidificateur_KARL.jpg?fit=750%2C374&ssl=1","width":750,"height":374,"caption":"Evaporateur KARL"},{"@type":"BreadcrumbList","@id":"https:\/\/www.airandme.fr\/blog\/humidification\/karl-levaporateur-derniere-generation\/#breadcrumb","itemListElement":[{"@type":"ListItem","position":1,"name":"Accueil","item":"https:\/\/www.airandme.fr\/blog\/"},{"@type":"ListItem","position":2,"name":"Humidification de l'air","item":"https:\/\/www.airandme.fr\/blog\/category\/humidification\/"},{"@type":"ListItem","position":3,"name":"KARL l\u2019\u00e9vaporateur derni\u00e8re g\u00e9n\u00e9ration\u00a0!"}]},{"@type":"WebSite","@id":"https:\/\/www.airandme.fr\/blog\/#website","url":"https:\/\/www.airandme.fr\/blog\/","name":"air&me - Le blog du traitement de l'air","description":"Solutions pour le traitement de l&#039;air int\u00e9rieur - Le blog du bien air chez soi","publisher":{"@id":"https:\/\/www.airandme.fr\/blog\/#organization"},"potentialAction":[{"@type":"SearchAction","target":{"@type":"EntryPoint","urlTemplate":"https:\/\/www.airandme.fr\/blog\/?s={search_term_string}"},"query-input":{"@type":"PropertyValueSpecification","valueRequired":true,"valueName":"search_term_string"}}],"inLanguage":"fr-FR"},{"@type":"Organization","@id":"https:\/\/www.airandme.fr\/blog\/#organization","name":"air&me - Le blog du traitement de l'air","url":"https:\/\/www.airandme.fr\/blog\/","logo":{"@type":"ImageObject","inLanguage":"fr-FR","@id":"https:\/\/www.airandme.fr\/blog\/#\/schema\/logo\/image\/","url":"https:\/\/i0.wp.com\/www.airandme.fr\/blog\/wp-content\/uploads\/airandme-logo-blog-300px.png?fit=300%2C120&ssl=1","contentUrl":"https:\/\/i0.wp.com\/www.airandme.fr\/blog\/wp-content\/uploads\/airandme-logo-blog-300px.png?fit=300%2C120&ssl=1","width":300,"height":120,"caption":"air&me - Le blog du traitement de l'air"},"image":{"@id":"https:\/\/www.airandme.fr\/blog\/#\/schema\/logo\/image\/"},"sameAs":["https:\/\/www.facebook.com\/airandme","https:\/\/www.instagram.com\/air_and_me\/","https:\/\/www.linkedin.com\/air-and-me","https:\/\/www.pinterest.fr\/air_and_me","https:\/\/www.youtube.com\/channel\/UCmco9cc0iTBmPINR5vaW90A"]},{"@type":"Person","@id":"https:\/\/www.airandme.fr\/blog\/#\/schema\/person\/c474f6c70e09ebcd550c21157704224a","name":"Am\u00e9lie","image":{"@type":"ImageObject","inLanguage":"fr-FR","@id":"https:\/\/secure.gravatar.com\/avatar\/91dc0d1c2092b56bba764bda674fd3a8e41b277458ae31b560800fd6e5b2a566?s=96&d=mm&r=g","url":"https:\/\/secure.gravatar.com\/avatar\/91dc0d1c2092b56bba764bda674fd3a8e41b277458ae31b560800fd6e5b2a566?s=96&d=mm&r=g","contentUrl":"https:\/\/secure.gravatar.com\/avatar\/91dc0d1c2092b56bba764bda674fd3a8e41b277458ae31b560800fd6e5b2a566?s=96&d=mm&r=g","caption":"Am\u00e9lie"},"url":"https:\/\/www.airandme.fr\/blog\/author\/amelie\/"}]}},"jetpack_featured_media_url":"https:\/\/i0.wp.com\/www.airandme.fr\/blog\/wp-content\/uploads\/humidificateur_KARL.jpg?fit=750%2C374&ssl=1","jetpack_sharing_enabled":true,"jetpack_shortlink":"https:\/\/wp.me\/paHeLN-5cv","_links":{"self":[{"href":"https:\/\/www.airandme.fr\/blog\/wp-json\/wp\/v2\/posts\/19995","targetHints":{"allow":["GET"]}}],"collection":[{"href":"https:\/\/www.airandme.fr\/blog\/wp-json\/wp\/v2\/posts"}],"about":[{"href":"https:\/\/www.airandme.fr\/blog\/wp-json\/wp\/v2\/types\/post"}],"author":[{"embeddable":true,"href":"https:\/\/www.airandme.fr\/blog\/wp-json\/wp\/v2\/users\/1011"}],"replies":[{"embeddable":true,"href":"https:\/\/www.airandme.fr\/blog\/wp-json\/wp\/v2\/comments?post=19995"}],"version-history":[{"count":13,"href":"https:\/\/www.airandme.fr\/blog\/wp-json\/wp\/v2\/posts\/19995\/revisions"}],"predecessor-version":[{"id":21172,"href":"https:\/\/www.airandme.fr\/blog\/wp-json\/wp\/v2\/posts\/19995\/revisions\/21172"}],"wp:featuredmedia":[{"embeddable":true,"href":"https:\/\/www.airandme.fr\/blog\/wp-json\/wp\/v2\/media\/20003"}],"wp:attachment":[{"href":"https:\/\/www.airandme.fr\/blog\/wp-json\/wp\/v2\/media?parent=19995"}],"wp:term":[{"taxonomy":"category","embeddable":true,"href":"https:\/\/www.airandme.fr\/blog\/wp-json\/wp\/v2\/categories?post=19995"},{"taxonomy":"post_tag","embeddable":true,"href":"https:\/\/www.airandme.fr\/blog\/wp-json\/wp\/v2\/tags?post=19995"}],"curies":[{"name":"wp","href":"https:\/\/api.w.org\/{rel}","templated":true}]}}