{"id":22739,"date":"2025-06-09T17:23:45","date_gmt":"2025-06-09T15:23:45","guid":{"rendered":"https:\/\/www.airandme.fr\/blog\/?p=22739"},"modified":"2026-02-09T16:02:37","modified_gmt":"2026-02-09T14:02:37","slug":"comment-rafraichir-une-piece-sans-clim-le-pouvoir-du-ventilateur","status":"publish","type":"post","link":"https:\/\/www.airandme.fr\/blog\/climatisation-chauffage-dappoint\/comment-rafraichir-une-piece-sans-clim-le-pouvoir-du-ventilateur\/","title":{"rendered":"Comment rafra\u00eechir une pi\u00e8ce sans clim : le pouvoir du ventilateur"},"content":{"rendered":"\t\t<div data-elementor-type=\"wp-post\" data-elementor-id=\"22739\" class=\"elementor elementor-22739\">\n\t\t\t\t\t\t<section class=\"elementor-section elementor-top-section elementor-element elementor-element-a401760 elementor-section-boxed elementor-section-height-default elementor-section-height-default\" data-id=\"a401760\" data-element_type=\"section\" data-e-type=\"section\">\n\t\t\t\t\t\t<div class=\"elementor-container elementor-column-gap-default\">\n\t\t\t\t\t<div class=\"elementor-column elementor-col-100 elementor-top-column elementor-element elementor-element-6ccac346\" data-id=\"6ccac346\" data-element_type=\"column\" data-e-type=\"column\">\n\t\t\t<div class=\"elementor-widget-wrap elementor-element-populated\">\n\t\t\t\t\t\t<div class=\"elementor-element elementor-element-3fc500c6 elementor-widget elementor-widget-text-editor\" data-id=\"3fc500c6\" data-element_type=\"widget\" data-e-type=\"widget\" data-widget_type=\"text-editor.default\">\n\t\t\t\t<div class=\"elementor-widget-container\">\n\t\t\t\t\t\t\t\t\t<p data-start=\"615\" data-end=\"928\">Les fortes chaleurs reviennent, et avec elles, ce besoin urgent de fra\u00eecheur \u00e0 la maison. Pourtant, tout le monde ne dispose pas d\u2019une climatisation \u2014 que ce soit par choix \u00e9cologique, par budget ou par manque d\u2019\u00e9quipement. Heureusement, il existe une solution simple, \u00e9conomique et efficace : <strong data-start=\"909\" data-end=\"927\">le <a href=\"https:\/\/airandme.fr\/fr\/34-ventilateur\">ventilateur<\/a><\/strong>.<\/p><p data-start=\"930\" data-end=\"1216\">Utilis\u00e9 intelligemment, il peut consid\u00e9rablement am\u00e9liorer le confort de votre int\u00e9rieur. Et aujourd\u2019hui, les mod\u00e8les sont nombreux : <strong data-start=\"1064\" data-end=\"1091\">ventilateur brumisateur<\/strong>, <strong data-start=\"1093\" data-end=\"1119\">ventilateur silencieux<\/strong>, <strong data-start=\"1121\" data-end=\"1145\">ventilateur pas cher<\/strong>\u2026 \u00c0 condition de choisir <strong data-start=\"1170\" data-end=\"1197\">le meilleur ventilateur<\/strong> selon vos besoins.<\/p>\t\t\t\t\t\t\t\t<\/div>\n\t\t\t\t<\/div>\n\t\t\t\t\t<\/div>\n\t\t<\/div>\n\t\t\t\t\t<\/div>\n\t\t<\/section>\n\t\t\t\t<section class=\"elementor-section elementor-top-section elementor-element elementor-element-7e6ff9fa elementor-section-boxed elementor-section-height-default elementor-section-height-default\" data-id=\"7e6ff9fa\" data-element_type=\"section\" data-e-type=\"section\">\n\t\t\t\t\t\t<div class=\"elementor-container elementor-column-gap-default\">\n\t\t\t\t\t<div class=\"elementor-column elementor-col-100 elementor-top-column elementor-element elementor-element-702e82cd\" data-id=\"702e82cd\" data-element_type=\"column\" data-e-type=\"column\">\n\t\t\t<div class=\"elementor-widget-wrap elementor-element-populated\">\n\t\t\t\t\t\t<div class=\"elementor-element elementor-element-4d9d7802 elementor-widget elementor-widget-heading\" data-id=\"4d9d7802\" data-element_type=\"widget\" data-e-type=\"widget\" data-widget_type=\"heading.default\">\n\t\t\t\t<div class=\"elementor-widget-container\">\n\t\t\t\t\t<h2 class=\"elementor-heading-title elementor-size-default\">Le ventilateur : une alternative maline \u00e0 la climatisation\n\n<\/h2>\t\t\t\t<\/div>\n\t\t\t\t<\/div>\n\t\t\t\t<div class=\"elementor-element elementor-element-262fdba4 elementor-widget elementor-widget-text-editor\" data-id=\"262fdba4\" data-element_type=\"widget\" data-e-type=\"widget\" data-widget_type=\"text-editor.default\">\n\t\t\t\t<div class=\"elementor-widget-container\">\n\t\t\t\t\t\t\t\t\t<p data-start=\"1291\" data-end=\"1692\">Contrairement \u00e0 une clim, un <strong data-start=\"1320\" data-end=\"1335\">ventilateur<\/strong> ne refroidit pas directement l\u2019air. Il brasse l\u2019air ambiant, cr\u00e9ant un mouvement qui acc\u00e9l\u00e8re l\u2019\u00e9vaporation de la transpiration sur la peau, g\u00e9n\u00e9rant une <strong data-start=\"1490\" data-end=\"1526\">sensation imm\u00e9diate de fra\u00eecheur<\/strong>. Ce m\u00e9canisme simple est particuli\u00e8rement efficace lorsqu\u2019il est combin\u00e9 \u00e0 quelques astuces (comme placer un linge humide ou un bol de gla\u00e7ons devant le flux d\u2019air).<\/p><p data-start=\"1694\" data-end=\"1953\">De plus, un <strong data-start=\"1706\" data-end=\"1749\">ventilateur consomme tr\u00e8s peu d\u2019\u00e9nergie<\/strong>, ne n\u00e9cessite aucune installation complexe et peut \u00eatre d\u00e9plac\u00e9 facilement. En somme : c\u2019est la solution id\u00e9ale pour ceux qui cherchent \u00e0 <strong data-start=\"1888\" data-end=\"1952\">se rafra\u00eechir l\u2019\u00e9t\u00e9 sans exploser leur facture d\u2019\u00e9lectricit\u00e9<\/strong>.<\/p>\t\t\t\t\t\t\t\t<\/div>\n\t\t\t\t<\/div>\n\t\t\t\t<div class=\"elementor-element elementor-element-affd357 elementor-widget elementor-widget-heading\" data-id=\"affd357\" data-element_type=\"widget\" data-e-type=\"widget\" data-widget_type=\"heading.default\">\n\t\t\t\t<div class=\"elementor-widget-container\">\n\t\t\t\t\t<h2 class=\"elementor-heading-title elementor-size-default\">Bien choisir son ventilateur : quels crit\u00e8res prendre en compte ?<\/h2>\t\t\t\t<\/div>\n\t\t\t\t<\/div>\n\t\t\t\t\t<\/div>\n\t\t<\/div>\n\t\t\t\t\t<\/div>\n\t\t<\/section>\n\t\t\t\t<section class=\"elementor-section elementor-top-section elementor-element elementor-element-18382beb elementor-section-boxed elementor-section-height-default elementor-section-height-default\" data-id=\"18382beb\" data-element_type=\"section\" data-e-type=\"section\">\n\t\t\t\t\t\t<div class=\"elementor-container elementor-column-gap-default\">\n\t\t\t\t\t<div class=\"elementor-column elementor-col-50 elementor-top-column elementor-element elementor-element-10b6fb44\" data-id=\"10b6fb44\" data-element_type=\"column\" data-e-type=\"column\">\n\t\t\t<div class=\"elementor-widget-wrap elementor-element-populated\">\n\t\t\t\t\t\t<div class=\"elementor-element elementor-element-74856d6b elementor-widget elementor-widget-heading\" data-id=\"74856d6b\" data-element_type=\"widget\" data-e-type=\"widget\" data-widget_type=\"heading.default\">\n\t\t\t\t<div class=\"elementor-widget-container\">\n\t\t\t\t\t<h3 class=\"elementor-heading-title elementor-size-default\">\ud83d\udd07 Vous cherchez le calme ?<\/h3>\t\t\t\t<\/div>\n\t\t\t\t<\/div>\n\t\t\t\t<div class=\"elementor-element elementor-element-902f2b3 elementor-widget elementor-widget-text-editor\" data-id=\"902f2b3\" data-element_type=\"widget\" data-e-type=\"widget\" data-widget_type=\"text-editor.default\">\n\t\t\t\t<div class=\"elementor-widget-container\">\n\t\t\t\t\t\t\t\t\t<p data-start=\"2182\" data-end=\"2394\"><strong data-start=\"2182\" data-end=\"2211\">Le ventilateur silencieux<\/strong> est fait pour vous. Parfait pour une chambre, un bureau ou une pi\u00e8ce de repos, il vous garantit un confort thermique sans bruit d\u00e9rangeant. Id\u00e9al pour dormir ou se concentrer en \u00e9t\u00e9.<\/p><h4 data-start=\"2396\" data-end=\"2451\">\u00a0<\/h4>\t\t\t\t\t\t\t\t<\/div>\n\t\t\t\t<\/div>\n\t\t\t\t\t<\/div>\n\t\t<\/div>\n\t\t\t\t<div class=\"elementor-column elementor-col-50 elementor-top-column elementor-element elementor-element-7b07cde\" data-id=\"7b07cde\" data-element_type=\"column\" data-e-type=\"column\">\n\t\t\t<div class=\"elementor-widget-wrap elementor-element-populated\">\n\t\t\t\t\t\t<div class=\"elementor-element elementor-element-3f2d2f4a elementor-widget elementor-widget-heading\" data-id=\"3f2d2f4a\" data-element_type=\"widget\" data-e-type=\"widget\" data-widget_type=\"heading.default\">\n\t\t\t\t<div class=\"elementor-widget-container\">\n\t\t\t\t\t<h3 class=\"elementor-heading-title elementor-size-default\">\ud83d\udca7 Vous avez besoin d\u2019un coup de frais intense ?\n<\/h3>\t\t\t\t<\/div>\n\t\t\t\t<\/div>\n\t\t\t\t<div class=\"elementor-element elementor-element-5a0564ec elementor-widget elementor-widget-text-editor\" data-id=\"5a0564ec\" data-element_type=\"widget\" data-e-type=\"widget\" data-widget_type=\"text-editor.default\">\n\t\t\t\t<div class=\"elementor-widget-container\">\n\t\t\t\t\t\t\t\t\t<p>Le <strong data-start=\"2455\" data-end=\"2482\">ventilateur brumisateur<\/strong> combine ventilation et micro-gouttelettes d\u2019eau pour <strong data-start=\"2536\" data-end=\"2586\">abaisser efficacement la temp\u00e9rature ressentie<\/strong>. Tr\u00e8s appr\u00e9ci\u00e9 lors des canicules, c\u2019est un vrai atout pour les grandes pi\u00e8ces ou les balcons prot\u00e9g\u00e9s.<\/p>\t\t\t\t\t\t\t\t<\/div>\n\t\t\t\t<\/div>\n\t\t\t\t\t<\/div>\n\t\t<\/div>\n\t\t\t\t\t<\/div>\n\t\t<\/section>\n\t\t\t\t<section class=\"elementor-section elementor-top-section elementor-element elementor-element-37671f68 elementor-section-boxed elementor-section-height-default elementor-section-height-default\" data-id=\"37671f68\" data-element_type=\"section\" data-e-type=\"section\">\n\t\t\t\t\t\t<div class=\"elementor-container elementor-column-gap-default\">\n\t\t\t\t\t<div class=\"elementor-column elementor-col-50 elementor-top-column elementor-element elementor-element-2372fc25\" data-id=\"2372fc25\" data-element_type=\"column\" data-e-type=\"column\">\n\t\t\t<div class=\"elementor-widget-wrap elementor-element-populated\">\n\t\t\t\t\t\t<div class=\"elementor-element elementor-element-607d68a4 elementor-widget elementor-widget-heading\" data-id=\"607d68a4\" data-element_type=\"widget\" data-e-type=\"widget\" data-widget_type=\"heading.default\">\n\t\t\t\t<div class=\"elementor-widget-container\">\n\t\t\t\t\t<h3 class=\"elementor-heading-title elementor-size-default\">\ud83d\udcb8 Vous avez un petit budget ?<\/h3>\t\t\t\t<\/div>\n\t\t\t\t<\/div>\n\t\t\t\t<div class=\"elementor-element elementor-element-6a434a0a elementor-widget elementor-widget-text-editor\" data-id=\"6a434a0a\" data-element_type=\"widget\" data-e-type=\"widget\" data-widget_type=\"text-editor.default\">\n\t\t\t\t<div class=\"elementor-widget-container\">\n\t\t\t\t\t\t\t\t\t<p>Un <strong data-start=\"2733\" data-end=\"2757\">ventilateur pas cher<\/strong> peut largement faire l\u2019affaire. Aujourd\u2019hui, m\u00eame les mod\u00e8les \u00e9conomiques offrent un bon niveau de performance. Pratiques et l\u00e9gers, ils sont parfaits pour des besoins ponctuels ou des petits espaces.<\/p>\t\t\t\t\t\t\t\t<\/div>\n\t\t\t\t<\/div>\n\t\t\t\t\t<\/div>\n\t\t<\/div>\n\t\t\t\t<div class=\"elementor-column elementor-col-50 elementor-top-column elementor-element elementor-element-240dd36d\" data-id=\"240dd36d\" data-element_type=\"column\" data-e-type=\"column\">\n\t\t\t<div class=\"elementor-widget-wrap elementor-element-populated\">\n\t\t\t\t\t\t<div class=\"elementor-element elementor-element-23d3dad6 elementor-widget elementor-widget-heading\" data-id=\"23d3dad6\" data-element_type=\"widget\" data-e-type=\"widget\" data-widget_type=\"heading.default\">\n\t\t\t\t<div class=\"elementor-widget-container\">\n\t\t\t\t\t<h3 class=\"elementor-heading-title elementor-size-default\">\ud83c\udfc6 Vous voulez le top du top ?\n<\/h3>\t\t\t\t<\/div>\n\t\t\t\t<\/div>\n\t\t\t\t<div class=\"elementor-element elementor-element-1f8041a9 elementor-widget elementor-widget-text-editor\" data-id=\"1f8041a9\" data-element_type=\"widget\" data-e-type=\"widget\" data-widget_type=\"text-editor.default\">\n\t\t\t\t<div class=\"elementor-widget-container\">\n\t\t\t\t\t\t\t\t\t<p data-start=\"2998\" data-end=\"3329\">Le <strong data-start=\"3001\" data-end=\"3025\">meilleur ventilateur<\/strong>, c\u2019est celui qui coche <strong data-start=\"3049\" data-end=\"3075\">vos cases personnelles<\/strong> : puissance, silence, design, taille, fonctionnalit\u00e9s (oscillation, minuterie, t\u00e9l\u00e9commande\u2026). Que vous optiez pour un mod\u00e8le connect\u00e9 ou un format compact, chez <strong data-start=\"3238\" data-end=\"3252\">Air and Me<\/strong>, on vous aide \u00e0 trouver <strong data-start=\"3277\" data-end=\"3328\">le ventilateur id\u00e9al pour passer l\u2019\u00e9t\u00e9 au frais<\/strong>.<\/p>\t\t\t\t\t\t\t\t<\/div>\n\t\t\t\t<\/div>\n\t\t\t\t\t<\/div>\n\t\t<\/div>\n\t\t\t\t\t<\/div>\n\t\t<\/section>\n\t\t\t\t<section class=\"elementor-section elementor-top-section elementor-element elementor-element-6353aeb4 elementor-section-boxed elementor-section-height-default elementor-section-height-default\" data-id=\"6353aeb4\" data-element_type=\"section\" data-e-type=\"section\">\n\t\t\t\t\t\t<div class=\"elementor-container elementor-column-gap-default\">\n\t\t\t\t\t<div class=\"elementor-column elementor-col-50 elementor-top-column elementor-element elementor-element-551b9efe\" data-id=\"551b9efe\" data-element_type=\"column\" data-e-type=\"column\">\n\t\t\t<div class=\"elementor-widget-wrap elementor-element-populated\">\n\t\t\t\t\t\t<div class=\"elementor-element elementor-element-2e0f2813 elementor-widget elementor-widget-heading\" data-id=\"2e0f2813\" data-element_type=\"widget\" data-e-type=\"widget\" data-widget_type=\"heading.default\">\n\t\t\t\t<div class=\"elementor-widget-container\">\n\t\t\t\t\t<h2 class=\"elementor-heading-title elementor-size-default\">Quelques astuces pour booster l\u2019efficacit\u00e9 de votre ventilateur<\/h2>\t\t\t\t<\/div>\n\t\t\t\t<\/div>\n\t\t\t\t<div class=\"elementor-element elementor-element-30510d5c elementor-widget elementor-widget-text-editor\" data-id=\"30510d5c\" data-element_type=\"widget\" data-e-type=\"widget\" data-widget_type=\"text-editor.default\">\n\t\t\t\t<div class=\"elementor-widget-container\">\n\t\t\t\t\t\t\t\t\t<ul><li data-start=\"3408\" data-end=\"3474\"><p data-start=\"3410\" data-end=\"3474\">Fermez les volets ou rideaux en journ\u00e9e pour bloquer la chaleur.<\/p><\/li><li data-start=\"3475\" data-end=\"3547\"><p data-start=\"3477\" data-end=\"3547\">Cr\u00e9ez un courant d\u2019air en pla\u00e7ant le ventilateur face \u00e0 une ouverture.<\/p><\/li><li data-start=\"3548\" data-end=\"3609\"><p data-start=\"3550\" data-end=\"3609\">Placez un linge humide ou des gla\u00e7ons devant le flux d\u2019air.<\/p><\/li><li data-start=\"3610\" data-end=\"3683\"><p data-start=\"3612\" data-end=\"3683\">\u00c9teignez les appareils \u00e9lectriques inutiles qui d\u00e9gagent de la chaleur.<\/p><\/li><\/ul>\t\t\t\t\t\t\t\t<\/div>\n\t\t\t\t<\/div>\n\t\t\t\t\t<\/div>\n\t\t<\/div>\n\t\t\t\t<div class=\"elementor-column elementor-col-50 elementor-top-column elementor-element elementor-element-6c4db7a\" data-id=\"6c4db7a\" data-element_type=\"column\" data-e-type=\"column\">\n\t\t\t<div class=\"elementor-widget-wrap elementor-element-populated\">\n\t\t\t\t\t\t<div class=\"elementor-element elementor-element-2d95b678 elementor-widget__width-initial elementor-widget elementor-widget-image\" data-id=\"2d95b678\" data-element_type=\"widget\" data-e-type=\"widget\" data-widget_type=\"image.default\">\n\t\t\t\t<div class=\"elementor-widget-container\">\n\t\t\t\t\t\t\t\t\t\t\t\t\t\t\t\t<a href=\"https:\/\/airandme.fr\/fr\/ventilateur\/1295-ventilateur-naos-anthracite.html\">\n\t\t\t\t\t\t\t<img fetchpriority=\"high\" decoding=\"async\" width=\"1080\" height=\"1350\" src=\"https:\/\/i0.wp.com\/www.airandme.fr\/blog\/wp-content\/uploads\/ventilo-glace.webp?fit=1080%2C1350&amp;ssl=1\" class=\"attachment-full size-full wp-image-22745\" alt=\"\" srcset=\"https:\/\/i0.wp.com\/www.airandme.fr\/blog\/wp-content\/uploads\/ventilo-glace.webp?w=1080&amp;ssl=1 1080w, https:\/\/i0.wp.com\/www.airandme.fr\/blog\/wp-content\/uploads\/ventilo-glace.webp?resize=240%2C300&amp;ssl=1 240w, https:\/\/i0.wp.com\/www.airandme.fr\/blog\/wp-content\/uploads\/ventilo-glace.webp?resize=819%2C1024&amp;ssl=1 819w, https:\/\/i0.wp.com\/www.airandme.fr\/blog\/wp-content\/uploads\/ventilo-glace.webp?resize=768%2C960&amp;ssl=1 768w, https:\/\/i0.wp.com\/www.airandme.fr\/blog\/wp-content\/uploads\/ventilo-glace.webp?resize=750%2C938&amp;ssl=1 750w\" sizes=\"(max-width: 1000px) 100vw, 1000px\" \/>\t\t\t\t\t\t\t\t<\/a>\n\t\t\t\t\t\t\t\t\t\t\t\t\t\t\t<\/div>\n\t\t\t\t<\/div>\n\t\t\t\t\t<\/div>\n\t\t<\/div>\n\t\t\t\t\t<\/div>\n\t\t<\/section>\n\t\t\t\t<section class=\"elementor-section elementor-top-section elementor-element elementor-element-39bca5a elementor-section-boxed elementor-section-height-default elementor-section-height-default\" data-id=\"39bca5a\" data-element_type=\"section\" data-e-type=\"section\">\n\t\t\t\t\t\t<div class=\"elementor-container elementor-column-gap-default\">\n\t\t\t\t\t<div class=\"elementor-column elementor-col-100 elementor-top-column elementor-element elementor-element-1fae5f33\" data-id=\"1fae5f33\" data-element_type=\"column\" data-e-type=\"column\">\n\t\t\t<div class=\"elementor-widget-wrap elementor-element-populated\">\n\t\t\t\t\t\t<div class=\"elementor-element elementor-element-78f06b81 elementor-widget elementor-widget-text-editor\" data-id=\"78f06b81\" data-element_type=\"widget\" data-e-type=\"widget\" data-widget_type=\"text-editor.default\">\n\t\t\t\t<div class=\"elementor-widget-container\">\n\t\t\t\t\t\t\t\t\t<p data-start=\"3707\" data-end=\"3980\">Pas besoin de climatisation pour profiter d\u2019un int\u00e9rieur frais : <strong data-start=\"3772\" data-end=\"3811\">un bon ventilateur suffit largement<\/strong>. Selon vos besoins, vous pouvez opter pour un <strong data-start=\"3858\" data-end=\"3884\">ventilateur silencieux<\/strong>, un <strong data-start=\"3889\" data-end=\"3916\">ventilateur brumisateur<\/strong>, ou encore un <strong data-start=\"3931\" data-end=\"3955\">ventilateur pas cher<\/strong> pour les petits espaces.<\/p><p data-start=\"3982\" data-end=\"4164\">Et si vous h\u00e9sitez encore, d\u00e9couvrez notre s\u00e9lection des <strong data-start=\"4039\" data-end=\"4065\">meilleurs ventilateurs<\/strong> chez Air and Me. Notre mission : vous offrir <strong data-start=\"4111\" data-end=\"4140\">le confort sans compromis<\/strong>, m\u00eame au c\u0153ur de l\u2019\u00e9t\u00e9.<\/p>\t\t\t\t\t\t\t\t<\/div>\n\t\t\t\t<\/div>\n\t\t\t\t\t<\/div>\n\t\t<\/div>\n\t\t\t\t\t<\/div>\n\t\t<\/section>\n\t\t\t\t<section class=\"elementor-section elementor-top-section elementor-element elementor-element-7e2cce3d elementor-section-boxed elementor-section-height-default elementor-section-height-default\" data-id=\"7e2cce3d\" data-element_type=\"section\" data-e-type=\"section\">\n\t\t\t\t\t\t<div class=\"elementor-container elementor-column-gap-default\">\n\t\t\t\t\t<div class=\"elementor-column elementor-col-100 elementor-top-column elementor-element elementor-element-6e1c88f0\" data-id=\"6e1c88f0\" data-element_type=\"column\" data-e-type=\"column\">\n\t\t\t<div class=\"elementor-widget-wrap elementor-element-populated\">\n\t\t\t\t\t\t<div class=\"elementor-element elementor-element-3026d585 elementor-widget elementor-widget-text-editor\" data-id=\"3026d585\" data-element_type=\"widget\" data-e-type=\"widget\" data-widget_type=\"text-editor.default\">\n\t\t\t\t<div class=\"elementor-widget-container\">\n\t\t\t\t\t\t\t\t\t<div class=\"row ppgbo_row ppgbo_product_1\">\n    \n    <div class=\"product col-4\">\n        <a class=\"product_link\" target=\"_blank\" href=\"https:\/\/airandme.fr\/fr\/1625-\">Ventilateur colonne FANTASY Blanc<\/a><img data-recalc-dims=\"1\" decoding=\"async\" class=\"product_image\" src=\"https:\/\/i0.wp.com\/airandme.fr\/8454-medium_default\/1.jpg?resize=250%2C250&#038;ssl=1\"  alt=\"Ventilateur colonne FANTASY Blanc\" width=\"250\" height=\"250\" \/><h4 class=\"product_name\">Ventilateur colonne FANTASY Blanc<\/h4><div class=\"product_description_short\">Passez de fra\u00eeches journ\u00e9es sous \u00e0 la brise du ventilateur colonne FANTASY Blanc [&#8230;]<\/div><span class=\"product_price\">129.90\u20ac<\/span><div class=\"btn btn-default\">Voir le produit<\/div>    <\/div>\n    \n    \n    <div class=\"product col-4\">\n        <a class=\"product_link\" target=\"_blank\" href=\"https:\/\/airandme.fr\/fr\/ventilateur\/1337-ventilateur-airain-champagne.html\">Ventilateur de table AIRAIN Champagne<\/a><img data-recalc-dims=\"1\" decoding=\"async\" class=\"product_image\" src=\"https:\/\/i0.wp.com\/airandme.fr\/8445-medium_default\/1.jpg?resize=250%2C250&#038;ssl=1\"  alt=\"Ventilateur de table AIRAIN Champagne\" width=\"250\" height=\"250\" \/><h4 class=\"product_name\">Ventilateur de table AIRAIN Champagne<\/h4><div class=\"product_description_short\">AIRAIN Champagne est un ventilateur nomade qui vous suivra partout : chambre, salon, [&#8230;]<\/div><span class=\"product_price\">49.90\u20ac<\/span><div class=\"btn btn-default\">Voir le produit<\/div>    <\/div>\n    \n    \n    <div class=\"product col-4\">\n        <a class=\"product_link\" target=\"_blank\" href=\"https:\/\/airandme.fr\/fr\/ventilateur\/1297-ventilateur-naos-blanc.html\">Ventilateur de table NAOS Blanc<\/a><img data-recalc-dims=\"1\" loading=\"lazy\" decoding=\"async\" class=\"product_image\" src=\"https:\/\/i0.wp.com\/airandme.fr\/8478-medium_default\/1.jpg?resize=250%2C250&#038;ssl=1\"  alt=\"Ventilateur de table NAOS Blanc\" width=\"250\" height=\"250\" \/><h4 class=\"product_name\">Ventilateur de table NAOS Blanc<\/h4><div class=\"product_description_short\">Dot\u00e9 d&#039;un mini gabarit, NAOS Blanc rafra\u00eechira votre int\u00e9rieur tout l\u2019\u00e9t\u00e9 gr\u00e2ce [&#8230;]<\/div><span class=\"product_price\">59.00\u20ac<\/span><div class=\"btn btn-default\">Voir le produit<\/div>    <\/div>\n    \n    <div class=\"clear\"><\/div><\/div>\n<div class=\"clear\"><\/div>\t\t\t\t\t\t\t\t<\/div>\n\t\t\t\t<\/div>\n\t\t\t\t\t<\/div>\n\t\t<\/div>\n\t\t\t\t\t<\/div>\n\t\t<\/section>\n\t\t\t\t<\/div>\n\t\t","protected":false},"excerpt":{"rendered":"<p>Les fortes chaleurs reviennent, et avec elles, ce besoin urgent de fra\u00eecheur \u00e0 la maison. Pourtant, tout le monde ne dispose pas d\u2019une climatisation \u2014 que ce soit par choix \u00e9cologique, par budget ou par manque d\u2019\u00e9quipement. Heureusement, il existe une solution simple, \u00e9conomique et efficace : le ventilateur. Utilis\u00e9 intelligemment, il peut consid\u00e9rablement am\u00e9liorer [&hellip;]<\/p>\n","protected":false},"author":1015,"featured_media":22752,"comment_status":"open","ping_status":"closed","sticky":false,"template":"","format":"standard","meta":{"jetpack_post_was_ever_published":false,"_jetpack_newsletter_access":"","_jetpack_dont_email_post_to_subs":false,"_jetpack_newsletter_tier_id":0,"_jetpack_memberships_contains_paywalled_content":false,"_jetpack_memberships_contains_paid_content":false,"jnews-multi-image_gallery":[],"jnews_single_post":{"format":"standard"},"jnews_primary_category":[],"jnews_social_meta":[],"footnotes":""},"categories":[707],"tags":[],"class_list":["post-22739","post","type-post","status-publish","format-standard","has-post-thumbnail","hentry","category-climatisation-chauffage-dappoint"],"yoast_head":"<!-- This site is optimized with the Yoast SEO plugin v27.4 - https:\/\/yoast.com\/product\/yoast-seo-wordpress\/ -->\n<title>Comment rafra\u00eechir une pi\u00e8ce sans clim : le pouvoir du ventilateur<\/title>\n<meta name=\"description\" content=\"Rafra\u00eechissez une pi\u00e8ce sans clim gr\u00e2ce au ventilateur : brumisateur, silencieux ou pas cher, trouvez le mod\u00e8le qu\u2019il vous faut.\" \/>\n<meta name=\"robots\" content=\"index, follow, max-snippet:-1, max-image-preview:large, max-video-preview:-1\" \/>\n<link rel=\"canonical\" href=\"https:\/\/www.airandme.fr\/blog\/climatisation-chauffage-dappoint\/comment-rafraichir-une-piece-sans-clim-le-pouvoir-du-ventilateur\/\" \/>\n<meta property=\"og:locale\" content=\"fr_FR\" \/>\n<meta property=\"og:type\" content=\"article\" \/>\n<meta property=\"og:title\" content=\"Comment rafra\u00eechir une pi\u00e8ce sans clim : le pouvoir du ventilateur\" \/>\n<meta property=\"og:description\" content=\"Rafra\u00eechissez une pi\u00e8ce sans clim gr\u00e2ce au ventilateur : brumisateur, silencieux ou pas cher, trouvez le mod\u00e8le qu\u2019il vous faut.\" \/>\n<meta property=\"og:url\" content=\"https:\/\/www.airandme.fr\/blog\/climatisation-chauffage-dappoint\/comment-rafraichir-une-piece-sans-clim-le-pouvoir-du-ventilateur\/\" \/>\n<meta property=\"og:site_name\" content=\"air&amp;me - Le blog du traitement de l&#039;air\" \/>\n<meta property=\"article:publisher\" content=\"https:\/\/www.facebook.com\/airandme\" \/>\n<meta property=\"article:published_time\" content=\"2025-06-09T15:23:45+00:00\" \/>\n<meta property=\"article:modified_time\" content=\"2026-02-09T14:02:37+00:00\" \/>\n<meta property=\"og:image\" content=\"https:\/\/www.airandme.fr\/blog\/wp-content\/uploads\/young-man-phone.webp\" \/>\n\t<meta property=\"og:image:width\" content=\"2000\" \/>\n\t<meta property=\"og:image:height\" content=\"1333\" \/>\n\t<meta property=\"og:image:type\" content=\"image\/webp\" \/>\n<meta name=\"author\" content=\"Malak Benachour\" \/>\n<meta name=\"twitter:card\" content=\"summary_large_image\" \/>\n<meta name=\"twitter:label1\" content=\"\u00c9crit par\" \/>\n\t<meta name=\"twitter:data1\" content=\"Malak Benachour\" \/>\n\t<meta name=\"twitter:label2\" content=\"Dur\u00e9e de lecture estim\u00e9e\" \/>\n\t<meta name=\"twitter:data2\" content=\"5 minutes\" \/>\n<script type=\"application\/ld+json\" class=\"yoast-schema-graph\">{\"@context\":\"https:\\\/\\\/schema.org\",\"@graph\":[{\"@type\":\"Article\",\"@id\":\"https:\\\/\\\/www.airandme.fr\\\/blog\\\/climatisation-chauffage-dappoint\\\/comment-rafraichir-une-piece-sans-clim-le-pouvoir-du-ventilateur\\\/#article\",\"isPartOf\":{\"@id\":\"https:\\\/\\\/www.airandme.fr\\\/blog\\\/climatisation-chauffage-dappoint\\\/comment-rafraichir-une-piece-sans-clim-le-pouvoir-du-ventilateur\\\/\"},\"author\":{\"name\":\"Malak Benachour\",\"@id\":\"https:\\\/\\\/www.airandme.fr\\\/blog\\\/#\\\/schema\\\/person\\\/f35188b2bfd70fb3802796577bd7dfa3\"},\"headline\":\"Comment rafra\u00eechir une pi\u00e8ce sans clim : le pouvoir du ventilateur\",\"datePublished\":\"2025-06-09T15:23:45+00:00\",\"dateModified\":\"2026-02-09T14:02:37+00:00\",\"mainEntityOfPage\":{\"@id\":\"https:\\\/\\\/www.airandme.fr\\\/blog\\\/climatisation-chauffage-dappoint\\\/comment-rafraichir-une-piece-sans-clim-le-pouvoir-du-ventilateur\\\/\"},\"wordCount\":569,\"commentCount\":0,\"publisher\":{\"@id\":\"https:\\\/\\\/www.airandme.fr\\\/blog\\\/#organization\"},\"image\":{\"@id\":\"https:\\\/\\\/www.airandme.fr\\\/blog\\\/climatisation-chauffage-dappoint\\\/comment-rafraichir-une-piece-sans-clim-le-pouvoir-du-ventilateur\\\/#primaryimage\"},\"thumbnailUrl\":\"https:\\\/\\\/i0.wp.com\\\/www.airandme.fr\\\/blog\\\/wp-content\\\/uploads\\\/young-man-phone.webp?fit=2000%2C1333&ssl=1\",\"articleSection\":[\"Climatisation et chauffage d'appoint\"],\"inLanguage\":\"fr-FR\",\"potentialAction\":[{\"@type\":\"CommentAction\",\"name\":\"Comment\",\"target\":[\"https:\\\/\\\/www.airandme.fr\\\/blog\\\/climatisation-chauffage-dappoint\\\/comment-rafraichir-une-piece-sans-clim-le-pouvoir-du-ventilateur\\\/#respond\"]}]},{\"@type\":\"WebPage\",\"@id\":\"https:\\\/\\\/www.airandme.fr\\\/blog\\\/climatisation-chauffage-dappoint\\\/comment-rafraichir-une-piece-sans-clim-le-pouvoir-du-ventilateur\\\/\",\"url\":\"https:\\\/\\\/www.airandme.fr\\\/blog\\\/climatisation-chauffage-dappoint\\\/comment-rafraichir-une-piece-sans-clim-le-pouvoir-du-ventilateur\\\/\",\"name\":\"Comment rafra\u00eechir une pi\u00e8ce sans clim : le pouvoir du ventilateur\",\"isPartOf\":{\"@id\":\"https:\\\/\\\/www.airandme.fr\\\/blog\\\/#website\"},\"primaryImageOfPage\":{\"@id\":\"https:\\\/\\\/www.airandme.fr\\\/blog\\\/climatisation-chauffage-dappoint\\\/comment-rafraichir-une-piece-sans-clim-le-pouvoir-du-ventilateur\\\/#primaryimage\"},\"image\":{\"@id\":\"https:\\\/\\\/www.airandme.fr\\\/blog\\\/climatisation-chauffage-dappoint\\\/comment-rafraichir-une-piece-sans-clim-le-pouvoir-du-ventilateur\\\/#primaryimage\"},\"thumbnailUrl\":\"https:\\\/\\\/i0.wp.com\\\/www.airandme.fr\\\/blog\\\/wp-content\\\/uploads\\\/young-man-phone.webp?fit=2000%2C1333&ssl=1\",\"datePublished\":\"2025-06-09T15:23:45+00:00\",\"dateModified\":\"2026-02-09T14:02:37+00:00\",\"description\":\"Rafra\u00eechissez une pi\u00e8ce sans clim gr\u00e2ce au ventilateur : brumisateur, silencieux ou pas cher, trouvez le mod\u00e8le qu\u2019il vous faut.\",\"breadcrumb\":{\"@id\":\"https:\\\/\\\/www.airandme.fr\\\/blog\\\/climatisation-chauffage-dappoint\\\/comment-rafraichir-une-piece-sans-clim-le-pouvoir-du-ventilateur\\\/#breadcrumb\"},\"inLanguage\":\"fr-FR\",\"potentialAction\":[{\"@type\":\"ReadAction\",\"target\":[\"https:\\\/\\\/www.airandme.fr\\\/blog\\\/climatisation-chauffage-dappoint\\\/comment-rafraichir-une-piece-sans-clim-le-pouvoir-du-ventilateur\\\/\"]}]},{\"@type\":\"ImageObject\",\"inLanguage\":\"fr-FR\",\"@id\":\"https:\\\/\\\/www.airandme.fr\\\/blog\\\/climatisation-chauffage-dappoint\\\/comment-rafraichir-une-piece-sans-clim-le-pouvoir-du-ventilateur\\\/#primaryimage\",\"url\":\"https:\\\/\\\/i0.wp.com\\\/www.airandme.fr\\\/blog\\\/wp-content\\\/uploads\\\/young-man-phone.webp?fit=2000%2C1333&ssl=1\",\"contentUrl\":\"https:\\\/\\\/i0.wp.com\\\/www.airandme.fr\\\/blog\\\/wp-content\\\/uploads\\\/young-man-phone.webp?fit=2000%2C1333&ssl=1\",\"width\":2000,\"height\":1333,\"caption\":\"@yanalya sur @freepik\"},{\"@type\":\"BreadcrumbList\",\"@id\":\"https:\\\/\\\/www.airandme.fr\\\/blog\\\/climatisation-chauffage-dappoint\\\/comment-rafraichir-une-piece-sans-clim-le-pouvoir-du-ventilateur\\\/#breadcrumb\",\"itemListElement\":[{\"@type\":\"ListItem\",\"position\":1,\"name\":\"Accueil\",\"item\":\"https:\\\/\\\/www.airandme.fr\\\/blog\\\/\"},{\"@type\":\"ListItem\",\"position\":2,\"name\":\"Climatisation et chauffage d'appoint\",\"item\":\"https:\\\/\\\/www.airandme.fr\\\/blog\\\/category\\\/climatisation-chauffage-dappoint\\\/\"},{\"@type\":\"ListItem\",\"position\":3,\"name\":\"Comment rafra\u00eechir une pi\u00e8ce sans clim : le pouvoir du ventilateur\"}]},{\"@type\":\"WebSite\",\"@id\":\"https:\\\/\\\/www.airandme.fr\\\/blog\\\/#website\",\"url\":\"https:\\\/\\\/www.airandme.fr\\\/blog\\\/\",\"name\":\"air&me - Le blog du traitement de l'air\",\"description\":\"Solutions pour le traitement de l&#039;air int\u00e9rieur - Le blog du bien air chez soi\",\"publisher\":{\"@id\":\"https:\\\/\\\/www.airandme.fr\\\/blog\\\/#organization\"},\"potentialAction\":[{\"@type\":\"SearchAction\",\"target\":{\"@type\":\"EntryPoint\",\"urlTemplate\":\"https:\\\/\\\/www.airandme.fr\\\/blog\\\/?s={search_term_string}\"},\"query-input\":{\"@type\":\"PropertyValueSpecification\",\"valueRequired\":true,\"valueName\":\"search_term_string\"}}],\"inLanguage\":\"fr-FR\"},{\"@type\":\"Organization\",\"@id\":\"https:\\\/\\\/www.airandme.fr\\\/blog\\\/#organization\",\"name\":\"air&me - Le blog du traitement de l'air\",\"url\":\"https:\\\/\\\/www.airandme.fr\\\/blog\\\/\",\"logo\":{\"@type\":\"ImageObject\",\"inLanguage\":\"fr-FR\",\"@id\":\"https:\\\/\\\/www.airandme.fr\\\/blog\\\/#\\\/schema\\\/logo\\\/image\\\/\",\"url\":\"https:\\\/\\\/i0.wp.com\\\/www.airandme.fr\\\/blog\\\/wp-content\\\/uploads\\\/airandme-logo-blog-300px.png?fit=300%2C120&ssl=1\",\"contentUrl\":\"https:\\\/\\\/i0.wp.com\\\/www.airandme.fr\\\/blog\\\/wp-content\\\/uploads\\\/airandme-logo-blog-300px.png?fit=300%2C120&ssl=1\",\"width\":300,\"height\":120,\"caption\":\"air&me - Le blog du traitement de l'air\"},\"image\":{\"@id\":\"https:\\\/\\\/www.airandme.fr\\\/blog\\\/#\\\/schema\\\/logo\\\/image\\\/\"},\"sameAs\":[\"https:\\\/\\\/www.facebook.com\\\/airandme\",\"https:\\\/\\\/www.instagram.com\\\/air_and_me\\\/\",\"https:\\\/\\\/www.linkedin.com\\\/air-and-me\",\"https:\\\/\\\/www.pinterest.fr\\\/air_and_me\",\"https:\\\/\\\/www.youtube.com\\\/channel\\\/UCmco9cc0iTBmPINR5vaW90A\"]},{\"@type\":\"Person\",\"@id\":\"https:\\\/\\\/www.airandme.fr\\\/blog\\\/#\\\/schema\\\/person\\\/f35188b2bfd70fb3802796577bd7dfa3\",\"name\":\"Malak Benachour\",\"image\":{\"@type\":\"ImageObject\",\"inLanguage\":\"fr-FR\",\"@id\":\"https:\\\/\\\/secure.gravatar.com\\\/avatar\\\/ddca3dc5075e33580fd0e059d4463076bcc25bceb1d6dc91307c9550e800324a?s=96&d=mm&r=g\",\"url\":\"https:\\\/\\\/secure.gravatar.com\\\/avatar\\\/ddca3dc5075e33580fd0e059d4463076bcc25bceb1d6dc91307c9550e800324a?s=96&d=mm&r=g\",\"contentUrl\":\"https:\\\/\\\/secure.gravatar.com\\\/avatar\\\/ddca3dc5075e33580fd0e059d4463076bcc25bceb1d6dc91307c9550e800324a?s=96&d=mm&r=g\",\"caption\":\"Malak Benachour\"},\"url\":\"https:\\\/\\\/www.airandme.fr\\\/blog\\\/author\\\/malak\\\/\"}]}<\/script>\n<!-- \/ Yoast SEO plugin. -->","yoast_head_json":{"title":"Comment rafra\u00eechir une pi\u00e8ce sans clim : le pouvoir du ventilateur","description":"Rafra\u00eechissez une pi\u00e8ce sans clim gr\u00e2ce au ventilateur : brumisateur, silencieux ou pas cher, trouvez le mod\u00e8le qu\u2019il vous faut.","robots":{"index":"index","follow":"follow","max-snippet":"max-snippet:-1","max-image-preview":"max-image-preview:large","max-video-preview":"max-video-preview:-1"},"canonical":"https:\/\/www.airandme.fr\/blog\/climatisation-chauffage-dappoint\/comment-rafraichir-une-piece-sans-clim-le-pouvoir-du-ventilateur\/","og_locale":"fr_FR","og_type":"article","og_title":"Comment rafra\u00eechir une pi\u00e8ce sans clim : le pouvoir du ventilateur","og_description":"Rafra\u00eechissez une pi\u00e8ce sans clim gr\u00e2ce au ventilateur : brumisateur, silencieux ou pas cher, trouvez le mod\u00e8le qu\u2019il vous faut.","og_url":"https:\/\/www.airandme.fr\/blog\/climatisation-chauffage-dappoint\/comment-rafraichir-une-piece-sans-clim-le-pouvoir-du-ventilateur\/","og_site_name":"air&amp;me - Le blog du traitement de l&#039;air","article_publisher":"https:\/\/www.facebook.com\/airandme","article_published_time":"2025-06-09T15:23:45+00:00","article_modified_time":"2026-02-09T14:02:37+00:00","og_image":[{"width":2000,"height":1333,"url":"https:\/\/www.airandme.fr\/blog\/wp-content\/uploads\/young-man-phone.webp","type":"image\/webp"}],"author":"Malak Benachour","twitter_card":"summary_large_image","twitter_misc":{"\u00c9crit par":"Malak Benachour","Dur\u00e9e de lecture estim\u00e9e":"5 minutes"},"schema":{"@context":"https:\/\/schema.org","@graph":[{"@type":"Article","@id":"https:\/\/www.airandme.fr\/blog\/climatisation-chauffage-dappoint\/comment-rafraichir-une-piece-sans-clim-le-pouvoir-du-ventilateur\/#article","isPartOf":{"@id":"https:\/\/www.airandme.fr\/blog\/climatisation-chauffage-dappoint\/comment-rafraichir-une-piece-sans-clim-le-pouvoir-du-ventilateur\/"},"author":{"name":"Malak Benachour","@id":"https:\/\/www.airandme.fr\/blog\/#\/schema\/person\/f35188b2bfd70fb3802796577bd7dfa3"},"headline":"Comment rafra\u00eechir une pi\u00e8ce sans clim : le pouvoir du ventilateur","datePublished":"2025-06-09T15:23:45+00:00","dateModified":"2026-02-09T14:02:37+00:00","mainEntityOfPage":{"@id":"https:\/\/www.airandme.fr\/blog\/climatisation-chauffage-dappoint\/comment-rafraichir-une-piece-sans-clim-le-pouvoir-du-ventilateur\/"},"wordCount":569,"commentCount":0,"publisher":{"@id":"https:\/\/www.airandme.fr\/blog\/#organization"},"image":{"@id":"https:\/\/www.airandme.fr\/blog\/climatisation-chauffage-dappoint\/comment-rafraichir-une-piece-sans-clim-le-pouvoir-du-ventilateur\/#primaryimage"},"thumbnailUrl":"https:\/\/i0.wp.com\/www.airandme.fr\/blog\/wp-content\/uploads\/young-man-phone.webp?fit=2000%2C1333&ssl=1","articleSection":["Climatisation et chauffage d'appoint"],"inLanguage":"fr-FR","potentialAction":[{"@type":"CommentAction","name":"Comment","target":["https:\/\/www.airandme.fr\/blog\/climatisation-chauffage-dappoint\/comment-rafraichir-une-piece-sans-clim-le-pouvoir-du-ventilateur\/#respond"]}]},{"@type":"WebPage","@id":"https:\/\/www.airandme.fr\/blog\/climatisation-chauffage-dappoint\/comment-rafraichir-une-piece-sans-clim-le-pouvoir-du-ventilateur\/","url":"https:\/\/www.airandme.fr\/blog\/climatisation-chauffage-dappoint\/comment-rafraichir-une-piece-sans-clim-le-pouvoir-du-ventilateur\/","name":"Comment rafra\u00eechir une pi\u00e8ce sans clim : le pouvoir du ventilateur","isPartOf":{"@id":"https:\/\/www.airandme.fr\/blog\/#website"},"primaryImageOfPage":{"@id":"https:\/\/www.airandme.fr\/blog\/climatisation-chauffage-dappoint\/comment-rafraichir-une-piece-sans-clim-le-pouvoir-du-ventilateur\/#primaryimage"},"image":{"@id":"https:\/\/www.airandme.fr\/blog\/climatisation-chauffage-dappoint\/comment-rafraichir-une-piece-sans-clim-le-pouvoir-du-ventilateur\/#primaryimage"},"thumbnailUrl":"https:\/\/i0.wp.com\/www.airandme.fr\/blog\/wp-content\/uploads\/young-man-phone.webp?fit=2000%2C1333&ssl=1","datePublished":"2025-06-09T15:23:45+00:00","dateModified":"2026-02-09T14:02:37+00:00","description":"Rafra\u00eechissez une pi\u00e8ce sans clim gr\u00e2ce au ventilateur : brumisateur, silencieux ou pas cher, trouvez le mod\u00e8le qu\u2019il vous faut.","breadcrumb":{"@id":"https:\/\/www.airandme.fr\/blog\/climatisation-chauffage-dappoint\/comment-rafraichir-une-piece-sans-clim-le-pouvoir-du-ventilateur\/#breadcrumb"},"inLanguage":"fr-FR","potentialAction":[{"@type":"ReadAction","target":["https:\/\/www.airandme.fr\/blog\/climatisation-chauffage-dappoint\/comment-rafraichir-une-piece-sans-clim-le-pouvoir-du-ventilateur\/"]}]},{"@type":"ImageObject","inLanguage":"fr-FR","@id":"https:\/\/www.airandme.fr\/blog\/climatisation-chauffage-dappoint\/comment-rafraichir-une-piece-sans-clim-le-pouvoir-du-ventilateur\/#primaryimage","url":"https:\/\/i0.wp.com\/www.airandme.fr\/blog\/wp-content\/uploads\/young-man-phone.webp?fit=2000%2C1333&ssl=1","contentUrl":"https:\/\/i0.wp.com\/www.airandme.fr\/blog\/wp-content\/uploads\/young-man-phone.webp?fit=2000%2C1333&ssl=1","width":2000,"height":1333,"caption":"@yanalya sur @freepik"},{"@type":"BreadcrumbList","@id":"https:\/\/www.airandme.fr\/blog\/climatisation-chauffage-dappoint\/comment-rafraichir-une-piece-sans-clim-le-pouvoir-du-ventilateur\/#breadcrumb","itemListElement":[{"@type":"ListItem","position":1,"name":"Accueil","item":"https:\/\/www.airandme.fr\/blog\/"},{"@type":"ListItem","position":2,"name":"Climatisation et chauffage d'appoint","item":"https:\/\/www.airandme.fr\/blog\/category\/climatisation-chauffage-dappoint\/"},{"@type":"ListItem","position":3,"name":"Comment rafra\u00eechir une pi\u00e8ce sans clim : le pouvoir du ventilateur"}]},{"@type":"WebSite","@id":"https:\/\/www.airandme.fr\/blog\/#website","url":"https:\/\/www.airandme.fr\/blog\/","name":"air&me - Le blog du traitement de l'air","description":"Solutions pour le traitement de l&#039;air int\u00e9rieur - Le blog du bien air chez soi","publisher":{"@id":"https:\/\/www.airandme.fr\/blog\/#organization"},"potentialAction":[{"@type":"SearchAction","target":{"@type":"EntryPoint","urlTemplate":"https:\/\/www.airandme.fr\/blog\/?s={search_term_string}"},"query-input":{"@type":"PropertyValueSpecification","valueRequired":true,"valueName":"search_term_string"}}],"inLanguage":"fr-FR"},{"@type":"Organization","@id":"https:\/\/www.airandme.fr\/blog\/#organization","name":"air&me - Le blog du traitement de l'air","url":"https:\/\/www.airandme.fr\/blog\/","logo":{"@type":"ImageObject","inLanguage":"fr-FR","@id":"https:\/\/www.airandme.fr\/blog\/#\/schema\/logo\/image\/","url":"https:\/\/i0.wp.com\/www.airandme.fr\/blog\/wp-content\/uploads\/airandme-logo-blog-300px.png?fit=300%2C120&ssl=1","contentUrl":"https:\/\/i0.wp.com\/www.airandme.fr\/blog\/wp-content\/uploads\/airandme-logo-blog-300px.png?fit=300%2C120&ssl=1","width":300,"height":120,"caption":"air&me - Le blog du traitement de l'air"},"image":{"@id":"https:\/\/www.airandme.fr\/blog\/#\/schema\/logo\/image\/"},"sameAs":["https:\/\/www.facebook.com\/airandme","https:\/\/www.instagram.com\/air_and_me\/","https:\/\/www.linkedin.com\/air-and-me","https:\/\/www.pinterest.fr\/air_and_me","https:\/\/www.youtube.com\/channel\/UCmco9cc0iTBmPINR5vaW90A"]},{"@type":"Person","@id":"https:\/\/www.airandme.fr\/blog\/#\/schema\/person\/f35188b2bfd70fb3802796577bd7dfa3","name":"Malak Benachour","image":{"@type":"ImageObject","inLanguage":"fr-FR","@id":"https:\/\/secure.gravatar.com\/avatar\/ddca3dc5075e33580fd0e059d4463076bcc25bceb1d6dc91307c9550e800324a?s=96&d=mm&r=g","url":"https:\/\/secure.gravatar.com\/avatar\/ddca3dc5075e33580fd0e059d4463076bcc25bceb1d6dc91307c9550e800324a?s=96&d=mm&r=g","contentUrl":"https:\/\/secure.gravatar.com\/avatar\/ddca3dc5075e33580fd0e059d4463076bcc25bceb1d6dc91307c9550e800324a?s=96&d=mm&r=g","caption":"Malak Benachour"},"url":"https:\/\/www.airandme.fr\/blog\/author\/malak\/"}]}},"jetpack_featured_media_url":"https:\/\/i0.wp.com\/www.airandme.fr\/blog\/wp-content\/uploads\/young-man-phone.webp?fit=2000%2C1333&ssl=1","jetpack_sharing_enabled":true,"jetpack_shortlink":"https:\/\/wp.me\/paHeLN-5UL","_links":{"self":[{"href":"https:\/\/www.airandme.fr\/blog\/wp-json\/wp\/v2\/posts\/22739","targetHints":{"allow":["GET"]}}],"collection":[{"href":"https:\/\/www.airandme.fr\/blog\/wp-json\/wp\/v2\/posts"}],"about":[{"href":"https:\/\/www.airandme.fr\/blog\/wp-json\/wp\/v2\/types\/post"}],"author":[{"embeddable":true,"href":"https:\/\/www.airandme.fr\/blog\/wp-json\/wp\/v2\/users\/1015"}],"replies":[{"embeddable":true,"href":"https:\/\/www.airandme.fr\/blog\/wp-json\/wp\/v2\/comments?post=22739"}],"version-history":[{"count":16,"href":"https:\/\/www.airandme.fr\/blog\/wp-json\/wp\/v2\/posts\/22739\/revisions"}],"predecessor-version":[{"id":23460,"href":"https:\/\/www.airandme.fr\/blog\/wp-json\/wp\/v2\/posts\/22739\/revisions\/23460"}],"wp:featuredmedia":[{"embeddable":true,"href":"https:\/\/www.airandme.fr\/blog\/wp-json\/wp\/v2\/media\/22752"}],"wp:attachment":[{"href":"https:\/\/www.airandme.fr\/blog\/wp-json\/wp\/v2\/media?parent=22739"}],"wp:term":[{"taxonomy":"category","embeddable":true,"href":"https:\/\/www.airandme.fr\/blog\/wp-json\/wp\/v2\/categories?post=22739"},{"taxonomy":"post_tag","embeddable":true,"href":"https:\/\/www.airandme.fr\/blog\/wp-json\/wp\/v2\/tags?post=22739"}],"curies":[{"name":"wp","href":"https:\/\/api.w.org\/{rel}","templated":true}]}}