{"id":22832,"date":"2025-08-04T12:11:04","date_gmt":"2025-08-04T10:11:04","guid":{"rendered":"https:\/\/www.airandme.fr\/blog\/?p=22832"},"modified":"2026-02-09T16:09:41","modified_gmt":"2026-02-09T14:09:41","slug":"pourquoi-votre-linge-met-trop-de-temps-a-secher-en-interieur","status":"publish","type":"post","link":"https:\/\/www.airandme.fr\/blog\/deshumidification\/pourquoi-votre-linge-met-trop-de-temps-a-secher-en-interieur\/","title":{"rendered":"Pourquoi votre linge met trop de temps \u00e0 s\u00e9cher en int\u00e9rieur"},"content":{"rendered":"\t\t<div data-elementor-type=\"wp-post\" data-elementor-id=\"22832\" class=\"elementor elementor-22832\">\n\t\t\t\t\t\t<section class=\"elementor-section elementor-top-section elementor-element elementor-element-30ed97cb elementor-section-boxed elementor-section-height-default elementor-section-height-default\" data-id=\"30ed97cb\" data-element_type=\"section\" data-e-type=\"section\">\n\t\t\t\t\t\t<div class=\"elementor-container elementor-column-gap-default\">\n\t\t\t\t\t<div class=\"elementor-column elementor-col-100 elementor-top-column elementor-element elementor-element-2d9b182\" data-id=\"2d9b182\" data-element_type=\"column\" data-e-type=\"column\">\n\t\t\t<div class=\"elementor-widget-wrap elementor-element-populated\">\n\t\t\t\t\t\t<div class=\"elementor-element elementor-element-482386ee elementor-widget elementor-widget-text-editor\" data-id=\"482386ee\" data-element_type=\"widget\" data-e-type=\"widget\" data-widget_type=\"text-editor.default\">\n\t\t\t\t<div class=\"elementor-widget-container\">\n\t\t\t\t\t\t\t\t\t<p data-prosemirror-content-type=\"node\" data-prosemirror-node-name=\"paragraph\" data-prosemirror-node-block=\"true\" data-pm-slice=\"1 1 []\">Pourquoi votre linge met trop de temps \u00e0 s\u00e9cher en int\u00e9rieur ? Les vraies causes et solutions efficaces<\/p><p data-prosemirror-content-type=\"node\" data-prosemirror-node-name=\"paragraph\" data-prosemirror-node-block=\"true\">Le s\u00e9chage du linge en int\u00e9rieur peut rapidement devenir un casse-t\u00eate, surtout pendant les mois d&rsquo;hiver ou dans les logements peu ventil\u00e9s. Vous avez d\u00e9j\u00e0 remarqu\u00e9 que vos v\u00eatements restent humides pendant des heures, voire des jours ? Cette situation frustrante cache en r\u00e9alit\u00e9 plusieurs causes m\u00e9connues que nous allons d\u00e9cortiquer ensemble.<\/p>\t\t\t\t\t\t\t\t<\/div>\n\t\t\t\t<\/div>\n\t\t\t\t\t<\/div>\n\t\t<\/div>\n\t\t\t\t\t<\/div>\n\t\t<\/section>\n\t\t\t\t<section class=\"elementor-section elementor-top-section elementor-element elementor-element-4b89e800 elementor-section-boxed elementor-section-height-default elementor-section-height-default\" data-id=\"4b89e800\" data-element_type=\"section\" data-e-type=\"section\">\n\t\t\t\t\t\t<div class=\"elementor-container elementor-column-gap-default\">\n\t\t\t\t\t<div class=\"elementor-column elementor-col-100 elementor-top-column elementor-element elementor-element-78b2cfcb\" data-id=\"78b2cfcb\" data-element_type=\"column\" data-e-type=\"column\">\n\t\t\t<div class=\"elementor-widget-wrap elementor-element-populated\">\n\t\t\t\t\t\t<div class=\"elementor-element elementor-element-60299d04 elementor-widget elementor-widget-heading\" data-id=\"60299d04\" data-element_type=\"widget\" data-e-type=\"widget\" data-widget_type=\"heading.default\">\n\t\t\t\t<div class=\"elementor-widget-container\">\n\t\t\t\t\t<h2 class=\"elementor-heading-title elementor-size-default\">Les vraies raisons du s\u00e9chage lent de votre linge\n<\/h2>\t\t\t\t<\/div>\n\t\t\t\t<\/div>\n\t\t\t\t<div class=\"elementor-element elementor-element-1e2dac54 elementor-widget elementor-widget-text-editor\" data-id=\"1e2dac54\" data-element_type=\"widget\" data-e-type=\"widget\" data-widget_type=\"text-editor.default\">\n\t\t\t\t<div class=\"elementor-widget-container\">\n\t\t\t\t\t\t\t\t\t<p>L\u2019<a href=\"https:\/\/www.airandme.fr\/blog\/analyse-et-purification-de-lair\/comment-ameliorer-la-qualite-de-lair-interieur\/\">air int\u00e9rieur<\/a> peut \u00eatre jusqu\u2019\u00e0 cinq fois plus pollu\u00e9 que l\u2019air ext\u00e9rieur, et nos animaux de compagnie y sont expos\u00e9s en permanence. Plusieurs facteurs contribuent \u00e0 cette pollution, certains \u00e9tant sp\u00e9cifiques aux foyers avec des animaux.<\/p>\t\t\t\t\t\t\t\t<\/div>\n\t\t\t\t<\/div>\n\t\t\t\t\t<\/div>\n\t\t<\/div>\n\t\t\t\t\t<\/div>\n\t\t<\/section>\n\t\t\t\t<section class=\"elementor-section elementor-top-section elementor-element elementor-element-20029b90 elementor-section-boxed elementor-section-height-default elementor-section-height-default\" data-id=\"20029b90\" data-element_type=\"section\" data-e-type=\"section\">\n\t\t\t\t\t\t<div class=\"elementor-container elementor-column-gap-default\">\n\t\t\t\t\t<div class=\"elementor-column elementor-col-50 elementor-top-column elementor-element elementor-element-43f1bc94\" data-id=\"43f1bc94\" data-element_type=\"column\" data-e-type=\"column\">\n\t\t\t<div class=\"elementor-widget-wrap elementor-element-populated\">\n\t\t\t\t\t\t<div class=\"elementor-element elementor-element-7ee14147 elementor-view-default elementor-widget elementor-widget-icon\" data-id=\"7ee14147\" data-element_type=\"widget\" data-e-type=\"widget\" data-widget_type=\"icon.default\">\n\t\t\t\t<div class=\"elementor-widget-container\">\n\t\t\t\t\t\t\t<div class=\"elementor-icon-wrapper\">\n\t\t\t<div class=\"elementor-icon\">\n\t\t\t<i aria-hidden=\"true\" class=\"fas fa-water\"><\/i>\t\t\t<\/div>\n\t\t<\/div>\n\t\t\t\t\t\t<\/div>\n\t\t\t\t<\/div>\n\t\t\t\t<div class=\"elementor-element elementor-element-476d6e1e elementor-widget elementor-widget-heading\" data-id=\"476d6e1e\" data-element_type=\"widget\" data-e-type=\"widget\" data-widget_type=\"heading.default\">\n\t\t\t\t<div class=\"elementor-widget-container\">\n\t\t\t\t\t<h3 class=\"elementor-heading-title elementor-size-default\">1. L'humidit\u00e9 excessive de votre logement<\/h3>\t\t\t\t<\/div>\n\t\t\t\t<\/div>\n\t\t\t\t<div class=\"elementor-element elementor-element-75aed048 elementor-widget elementor-widget-text-editor\" data-id=\"75aed048\" data-element_type=\"widget\" data-e-type=\"widget\" data-widget_type=\"text-editor.default\">\n\t\t\t\t<div class=\"elementor-widget-container\">\n\t\t\t\t\t\t\t\t\t<p data-prosemirror-content-type=\"node\" data-prosemirror-node-name=\"paragraph\" data-prosemirror-node-block=\"true\" data-pm-slice=\"1 3 []\">Le principal coupable du s\u00e9chage lent ? <strong data-prosemirror-content-type=\"mark\" data-prosemirror-mark-name=\"strong\">L&rsquo;humidit\u00e9 ambiante trop \u00e9lev\u00e9e<\/strong>. Quand l&rsquo;air de votre maison contient d\u00e9j\u00e0 beaucoup d&rsquo;eau (au-dessus de 60%), il ne peut plus absorber l&rsquo;humidit\u00e9 de vos v\u00eatements efficacement. C&rsquo;est comme essayer de remplir un verre d\u00e9j\u00e0 plein !<\/p><p data-prosemirror-content-type=\"node\" data-prosemirror-node-name=\"paragraph\" data-prosemirror-node-block=\"true\">Cette situation est particuli\u00e8rement probl\u00e9matique dans :<\/p><ul class=\"ak-ul\" data-prosemirror-content-type=\"node\" data-prosemirror-node-name=\"bulletList\" data-prosemirror-node-block=\"true\"><li data-prosemirror-content-type=\"node\" data-prosemirror-node-name=\"listItem\" data-prosemirror-node-block=\"true\"><p data-prosemirror-content-type=\"node\" data-prosemirror-node-name=\"paragraph\" data-prosemirror-node-block=\"true\">Les salles de bain mal ventil\u00e9es<\/p><\/li><li data-prosemirror-content-type=\"node\" data-prosemirror-node-name=\"listItem\" data-prosemirror-node-block=\"true\"><p data-prosemirror-content-type=\"node\" data-prosemirror-node-name=\"paragraph\" data-prosemirror-node-block=\"true\">Les buanderies sans a\u00e9ration<\/p><\/li><li data-prosemirror-content-type=\"node\" data-prosemirror-node-name=\"listItem\" data-prosemirror-node-block=\"true\"><p data-prosemirror-content-type=\"node\" data-prosemirror-node-name=\"paragraph\" data-prosemirror-node-block=\"true\">Les garages et sous-sols humides<\/p><\/li><li data-prosemirror-content-type=\"node\" data-prosemirror-node-name=\"listItem\" data-prosemirror-node-block=\"true\"><p data-prosemirror-content-type=\"node\" data-prosemirror-node-name=\"paragraph\" data-prosemirror-node-block=\"true\">Les pi\u00e8ces orient\u00e9es au nord<\/p><\/li><\/ul>\t\t\t\t\t\t\t\t<\/div>\n\t\t\t\t<\/div>\n\t\t\t\t\t<\/div>\n\t\t<\/div>\n\t\t\t\t<div class=\"elementor-column elementor-col-50 elementor-top-column elementor-element elementor-element-33937f85\" data-id=\"33937f85\" data-element_type=\"column\" data-e-type=\"column\">\n\t\t\t<div class=\"elementor-widget-wrap elementor-element-populated\">\n\t\t\t\t\t\t<div class=\"elementor-element elementor-element-7554a424 elementor-view-default elementor-widget elementor-widget-icon\" data-id=\"7554a424\" data-element_type=\"widget\" data-e-type=\"widget\" data-widget_type=\"icon.default\">\n\t\t\t\t<div class=\"elementor-widget-container\">\n\t\t\t\t\t\t\t<div class=\"elementor-icon-wrapper\">\n\t\t\t<div class=\"elementor-icon\">\n\t\t\t<i aria-hidden=\"true\" class=\"fas fa-fan\"><\/i>\t\t\t<\/div>\n\t\t<\/div>\n\t\t\t\t\t\t<\/div>\n\t\t\t\t<\/div>\n\t\t\t\t<div class=\"elementor-element elementor-element-55b0f2c6 elementor-widget elementor-widget-heading\" data-id=\"55b0f2c6\" data-element_type=\"widget\" data-e-type=\"widget\" data-widget_type=\"heading.default\">\n\t\t\t\t<div class=\"elementor-widget-container\">\n\t\t\t\t\t<h3 class=\"elementor-heading-title elementor-size-default\">2. La ventilation insuffisante<\/h3>\t\t\t\t<\/div>\n\t\t\t\t<\/div>\n\t\t\t\t<div class=\"elementor-element elementor-element-27bfa169 elementor-widget elementor-widget-text-editor\" data-id=\"27bfa169\" data-element_type=\"widget\" data-e-type=\"widget\" data-widget_type=\"text-editor.default\">\n\t\t\t\t<div class=\"elementor-widget-container\">\n\t\t\t\t\t\t\t\t\t<p data-prosemirror-content-type=\"node\" data-prosemirror-node-name=\"paragraph\" data-prosemirror-node-block=\"true\" data-pm-slice=\"1 1 []\">M\u00eame avec un taux d&rsquo;humidit\u00e9 correct, l&rsquo;air doit circuler pour \u00e9vacuer l&rsquo;humidit\u00e9 lib\u00e9r\u00e9e par le linge. Sans circulation d&rsquo;air, l&rsquo;humidit\u00e9 stagne autour des v\u00eatements, cr\u00e9ant une \u00ab\u00a0bulle\u00a0\u00bb satur\u00e9e qui emp\u00eache l&rsquo;\u00e9vaporation.<\/p>\t\t\t\t\t\t\t\t<\/div>\n\t\t\t\t<\/div>\n\t\t\t\t\t<\/div>\n\t\t<\/div>\n\t\t\t\t\t<\/div>\n\t\t<\/section>\n\t\t\t\t<section class=\"elementor-section elementor-top-section elementor-element elementor-element-770b1e99 elementor-section-boxed elementor-section-height-default elementor-section-height-default\" data-id=\"770b1e99\" data-element_type=\"section\" data-e-type=\"section\">\n\t\t\t\t\t\t<div class=\"elementor-container elementor-column-gap-default\">\n\t\t\t\t\t<div class=\"elementor-column elementor-col-50 elementor-top-column elementor-element elementor-element-11069f1b\" data-id=\"11069f1b\" data-element_type=\"column\" data-e-type=\"column\">\n\t\t\t<div class=\"elementor-widget-wrap elementor-element-populated\">\n\t\t\t\t\t\t<div class=\"elementor-element elementor-element-50cd9ab3 elementor-view-default elementor-widget elementor-widget-icon\" data-id=\"50cd9ab3\" data-element_type=\"widget\" data-e-type=\"widget\" data-widget_type=\"icon.default\">\n\t\t\t\t<div class=\"elementor-widget-container\">\n\t\t\t\t\t\t\t<div class=\"elementor-icon-wrapper\">\n\t\t\t<div class=\"elementor-icon\">\n\t\t\t<i aria-hidden=\"true\" class=\"fas fa-fire\"><\/i>\t\t\t<\/div>\n\t\t<\/div>\n\t\t\t\t\t\t<\/div>\n\t\t\t\t<\/div>\n\t\t\t\t<div class=\"elementor-element elementor-element-4c5a3128 elementor-widget elementor-widget-heading\" data-id=\"4c5a3128\" data-element_type=\"widget\" data-e-type=\"widget\" data-widget_type=\"heading.default\">\n\t\t\t\t<div class=\"elementor-widget-container\">\n\t\t\t\t\t<h3 class=\"elementor-heading-title elementor-size-default\">3. La temp\u00e9rature trop basse<\/h3>\t\t\t\t<\/div>\n\t\t\t\t<\/div>\n\t\t\t\t<div class=\"elementor-element elementor-element-70cdf800 elementor-widget elementor-widget-text-editor\" data-id=\"70cdf800\" data-element_type=\"widget\" data-e-type=\"widget\" data-widget_type=\"text-editor.default\">\n\t\t\t\t<div class=\"elementor-widget-container\">\n\t\t\t\t\t\t\t\t\t<p data-prosemirror-content-type=\"node\" data-prosemirror-node-name=\"paragraph\" data-prosemirror-node-block=\"true\" data-pm-slice=\"1 1 []\">Plus l&rsquo;air est chaud, plus il peut contenir d&rsquo;humidit\u00e9. \u00c0 15\u00b0C, l&rsquo;air absorbe beaucoup moins d&rsquo;eau qu&rsquo;\u00e0 20\u00b0C. C&rsquo;est pourquoi votre linge s\u00e8che si lentement dans une cave ou un garage non chauff\u00e9.<\/p>\t\t\t\t\t\t\t\t<\/div>\n\t\t\t\t<\/div>\n\t\t\t\t\t<\/div>\n\t\t<\/div>\n\t\t\t\t<div class=\"elementor-column elementor-col-50 elementor-top-column elementor-element elementor-element-5c317ef3\" data-id=\"5c317ef3\" data-element_type=\"column\" data-e-type=\"column\">\n\t\t\t<div class=\"elementor-widget-wrap elementor-element-populated\">\n\t\t\t\t\t\t<div class=\"elementor-element elementor-element-75d937a8 elementor-view-default elementor-widget elementor-widget-icon\" data-id=\"75d937a8\" data-element_type=\"widget\" data-e-type=\"widget\" data-widget_type=\"icon.default\">\n\t\t\t\t<div class=\"elementor-widget-container\">\n\t\t\t\t\t\t\t<div class=\"elementor-icon-wrapper\">\n\t\t\t<div class=\"elementor-icon\">\n\t\t\t<i aria-hidden=\"true\" class=\"fas fa-tint-slash\"><\/i>\t\t\t<\/div>\n\t\t<\/div>\n\t\t\t\t\t\t<\/div>\n\t\t\t\t<\/div>\n\t\t\t\t<div class=\"elementor-element elementor-element-61a9ab24 elementor-widget elementor-widget-heading\" data-id=\"61a9ab24\" data-element_type=\"widget\" data-e-type=\"widget\" data-widget_type=\"heading.default\">\n\t\t\t\t<div class=\"elementor-widget-container\">\n\t\t\t\t\t<h3 class=\"elementor-heading-title elementor-size-default\">4. Le sur-essorage ou sous-essorage<\/h3>\t\t\t\t<\/div>\n\t\t\t\t<\/div>\n\t\t\t\t<div class=\"elementor-element elementor-element-3b90ad1b elementor-widget elementor-widget-text-editor\" data-id=\"3b90ad1b\" data-element_type=\"widget\" data-e-type=\"widget\" data-widget_type=\"text-editor.default\">\n\t\t\t\t<div class=\"elementor-widget-container\">\n\t\t\t\t\t\t\t\t\t<p data-prosemirror-content-type=\"node\" data-prosemirror-node-name=\"paragraph\" data-prosemirror-node-block=\"true\" data-pm-slice=\"1 1 []\">Paradoxalement, un linge trop essor\u00e9 ou pas assez peut ralentir le s\u00e9chage. Un essorage insuffisant laisse trop d&rsquo;eau, tandis qu&rsquo;un sur-essorage fait que les fibres retiennent l&rsquo;humidit\u00e9 plus longtemps.<\/p>\t\t\t\t\t\t\t\t<\/div>\n\t\t\t\t<\/div>\n\t\t\t\t\t<\/div>\n\t\t<\/div>\n\t\t\t\t\t<\/div>\n\t\t<\/section>\n\t\t\t\t<section class=\"elementor-section elementor-top-section elementor-element elementor-element-68fa4eac elementor-section-boxed elementor-section-height-default elementor-section-height-default\" data-id=\"68fa4eac\" data-element_type=\"section\" data-e-type=\"section\">\n\t\t\t\t\t\t<div class=\"elementor-container elementor-column-gap-default\">\n\t\t\t\t\t<div class=\"elementor-column elementor-col-100 elementor-top-column elementor-element elementor-element-57992c9c\" data-id=\"57992c9c\" data-element_type=\"column\" data-e-type=\"column\">\n\t\t\t<div class=\"elementor-widget-wrap elementor-element-populated\">\n\t\t\t\t\t\t<div class=\"elementor-element elementor-element-1b559ec9 elementor-widget elementor-widget-heading\" data-id=\"1b559ec9\" data-element_type=\"widget\" data-e-type=\"widget\" data-widget_type=\"heading.default\">\n\t\t\t\t<div class=\"elementor-widget-container\">\n\t\t\t\t\t<h2 class=\"elementor-heading-title elementor-size-default\">Les cons\u00e9quences d'un s\u00e9chage trop long\n\n<\/h2>\t\t\t\t<\/div>\n\t\t\t\t<\/div>\n\t\t\t\t<div class=\"elementor-element elementor-element-ea55edd elementor-widget elementor-widget-text-editor\" data-id=\"ea55edd\" data-element_type=\"widget\" data-e-type=\"widget\" data-widget_type=\"text-editor.default\">\n\t\t\t\t<div class=\"elementor-widget-container\">\n\t\t\t\t\t\t\t\t\t<p data-prosemirror-content-type=\"node\" data-prosemirror-node-name=\"paragraph\" data-prosemirror-node-block=\"true\" data-pm-slice=\"1 3 []\">Un linge qui s\u00e8che mal n&rsquo;est pas qu&rsquo;un d\u00e9sagr\u00e9ment. Les risques sont r\u00e9els :<\/p><ul class=\"ak-ul\" data-prosemirror-content-type=\"node\" data-prosemirror-node-name=\"bulletList\" data-prosemirror-node-block=\"true\"><li data-prosemirror-content-type=\"node\" data-prosemirror-node-name=\"listItem\" data-prosemirror-node-block=\"true\"><p data-prosemirror-content-type=\"node\" data-prosemirror-node-name=\"paragraph\" data-prosemirror-node-block=\"true\"><strong data-prosemirror-content-type=\"mark\" data-prosemirror-mark-name=\"strong\">Odeurs de moisi<\/strong> qui s&rsquo;incrustent dans les fibres<\/p><\/li><li data-prosemirror-content-type=\"node\" data-prosemirror-node-name=\"listItem\" data-prosemirror-node-block=\"true\"><p data-prosemirror-content-type=\"node\" data-prosemirror-node-name=\"paragraph\" data-prosemirror-node-block=\"true\"><strong data-prosemirror-content-type=\"mark\" data-prosemirror-mark-name=\"strong\">D\u00e9veloppement de moisissures<\/strong> sur les v\u00eatements<\/p><\/li><li data-prosemirror-content-type=\"node\" data-prosemirror-node-name=\"listItem\" data-prosemirror-node-block=\"true\"><p data-prosemirror-content-type=\"node\" data-prosemirror-node-name=\"paragraph\" data-prosemirror-node-block=\"true\"><strong data-prosemirror-content-type=\"mark\" data-prosemirror-mark-name=\"strong\">Allergies et probl\u00e8mes respiratoires<\/strong> caus\u00e9s par les spores<\/p><\/li><li data-prosemirror-content-type=\"node\" data-prosemirror-node-name=\"listItem\" data-prosemirror-node-block=\"true\"><p data-prosemirror-content-type=\"node\" data-prosemirror-node-name=\"paragraph\" data-prosemirror-node-block=\"true\"><strong data-prosemirror-content-type=\"mark\" data-prosemirror-mark-name=\"strong\">D\u00e9gradation des textiles<\/strong> \u00e0 long terme<\/p><\/li><li data-prosemirror-content-type=\"node\" data-prosemirror-node-name=\"listItem\" data-prosemirror-node-block=\"true\"><p data-prosemirror-content-type=\"node\" data-prosemirror-node-name=\"paragraph\" data-prosemirror-node-block=\"true\"><strong data-prosemirror-content-type=\"mark\" data-prosemirror-mark-name=\"strong\">Augmentation de l&rsquo;humidit\u00e9 g\u00e9n\u00e9rale<\/strong> de votre logement<\/p><\/li><\/ul>\t\t\t\t\t\t\t\t<\/div>\n\t\t\t\t<\/div>\n\t\t\t\t\t<\/div>\n\t\t<\/div>\n\t\t\t\t\t<\/div>\n\t\t<\/section>\n\t\t\t\t<section class=\"elementor-section elementor-top-section elementor-element elementor-element-9710e55 elementor-section-boxed elementor-section-height-default elementor-section-height-default\" data-id=\"9710e55\" data-element_type=\"section\" data-e-type=\"section\">\n\t\t\t\t\t\t<div class=\"elementor-container elementor-column-gap-default\">\n\t\t\t\t\t<div class=\"elementor-column elementor-col-100 elementor-top-column elementor-element elementor-element-d16ea2a\" data-id=\"d16ea2a\" data-element_type=\"column\" data-e-type=\"column\">\n\t\t\t<div class=\"elementor-widget-wrap elementor-element-populated\">\n\t\t\t\t\t\t<div class=\"elementor-element elementor-element-f536cea elementor-widget elementor-widget-heading\" data-id=\"f536cea\" data-element_type=\"widget\" data-e-type=\"widget\" data-widget_type=\"heading.default\">\n\t\t\t\t<div class=\"elementor-widget-container\">\n\t\t\t\t\t<h2 class=\"elementor-heading-title elementor-size-default\">Solutions efficaces pour acc\u00e9l\u00e9rer le s\u00e9chage<\/h2>\t\t\t\t<\/div>\n\t\t\t\t<\/div>\n\t\t\t\t\t<\/div>\n\t\t<\/div>\n\t\t\t\t\t<\/div>\n\t\t<\/section>\n\t\t\t\t<section class=\"elementor-section elementor-top-section elementor-element elementor-element-7e1f9b0b elementor-reverse-mobile elementor-section-boxed elementor-section-height-default elementor-section-height-default\" data-id=\"7e1f9b0b\" data-element_type=\"section\" data-e-type=\"section\">\n\t\t\t\t\t\t<div class=\"elementor-container elementor-column-gap-default\">\n\t\t\t\t\t<div class=\"elementor-column elementor-col-100 elementor-top-column elementor-element elementor-element-7116d4bf\" data-id=\"7116d4bf\" data-element_type=\"column\" data-e-type=\"column\">\n\t\t\t<div class=\"elementor-widget-wrap elementor-element-populated\">\n\t\t\t\t\t\t<div class=\"elementor-element elementor-element-63e7acdc elementor-widget elementor-widget-heading\" data-id=\"63e7acdc\" data-element_type=\"widget\" data-e-type=\"widget\" data-widget_type=\"heading.default\">\n\t\t\t\t<div class=\"elementor-widget-container\">\n\t\t\t\t\t<h3 class=\"elementor-heading-title elementor-size-default\">Solution 1 : Contr\u00f4ler l'humidit\u00e9 avec un d\u00e9shumidificateur<\/h3>\t\t\t\t<\/div>\n\t\t\t\t<\/div>\n\t\t\t\t<div class=\"elementor-element elementor-element-3fd70bab elementor-widget elementor-widget-text-editor\" data-id=\"3fd70bab\" data-element_type=\"widget\" data-e-type=\"widget\" data-widget_type=\"text-editor.default\">\n\t\t\t\t<div class=\"elementor-widget-container\">\n\t\t\t\t\t\t\t\t\t<p data-prosemirror-content-type=\"node\" data-prosemirror-node-name=\"paragraph\" data-prosemirror-node-block=\"true\" data-pm-slice=\"1 1 []\">La solution la plus efficace consiste \u00e0 r\u00e9guler l&rsquo;humidit\u00e9 de votre pi\u00e8ce de s\u00e9chage. Trois technologies s&rsquo;offrent \u00e0 vous selon vos besoins :<\/p>\t\t\t\t\t\t\t\t<\/div>\n\t\t\t\t<\/div>\n\t\t\t\t\t<\/div>\n\t\t<\/div>\n\t\t\t\t\t<\/div>\n\t\t<\/section>\n\t\t\t\t<section class=\"elementor-section elementor-top-section elementor-element elementor-element-6d0a21e elementor-section-boxed elementor-section-height-default elementor-section-height-default\" data-id=\"6d0a21e\" data-element_type=\"section\" data-e-type=\"section\">\n\t\t\t\t\t\t<div class=\"elementor-container elementor-column-gap-default\">\n\t\t\t\t\t<div class=\"elementor-column elementor-col-50 elementor-top-column elementor-element elementor-element-e26d00f\" data-id=\"e26d00f\" data-element_type=\"column\" data-e-type=\"column\">\n\t\t\t<div class=\"elementor-widget-wrap elementor-element-populated\">\n\t\t\t\t\t\t<div class=\"elementor-element elementor-element-c0444a3 elementor-widget elementor-widget-heading\" data-id=\"c0444a3\" data-element_type=\"widget\" data-e-type=\"widget\" data-widget_type=\"heading.default\">\n\t\t\t\t<div class=\"elementor-widget-container\">\n\t\t\t\t\t<h4 class=\"elementor-heading-title elementor-size-default\">ROHAN - Le puissant pour grandes surfaces<\/h4>\t\t\t\t<\/div>\n\t\t\t\t<\/div>\n\t\t\t\t<div class=\"elementor-element elementor-element-4c5aa03 elementor-widget__width-initial elementor-widget elementor-widget-image\" data-id=\"4c5aa03\" data-element_type=\"widget\" data-e-type=\"widget\" data-widget_type=\"image.default\">\n\t\t\t\t<div class=\"elementor-widget-container\">\n\t\t\t\t\t\t\t\t\t\t\t\t\t\t\t\t<a href=\"https:\/\/airandme.fr\/fr\/deshumidification\/1200-deshumidificateur-connecte-rohan.html\">\n\t\t\t\t\t\t\t<img fetchpriority=\"high\" decoding=\"async\" width=\"1024\" height=\"1024\" src=\"https:\/\/i0.wp.com\/www.airandme.fr\/blog\/wp-content\/uploads\/ROHAN-3700459001999-LF06-squared-min-scaled.webp?fit=1024%2C1024&amp;ssl=1\" class=\"attachment-large size-large wp-image-22834\" alt=\"\" srcset=\"https:\/\/i0.wp.com\/www.airandme.fr\/blog\/wp-content\/uploads\/ROHAN-3700459001999-LF06-squared-min-scaled.webp?w=2560&amp;ssl=1 2560w, https:\/\/i0.wp.com\/www.airandme.fr\/blog\/wp-content\/uploads\/ROHAN-3700459001999-LF06-squared-min-scaled.webp?resize=300%2C300&amp;ssl=1 300w, https:\/\/i0.wp.com\/www.airandme.fr\/blog\/wp-content\/uploads\/ROHAN-3700459001999-LF06-squared-min-scaled.webp?resize=1024%2C1024&amp;ssl=1 1024w, https:\/\/i0.wp.com\/www.airandme.fr\/blog\/wp-content\/uploads\/ROHAN-3700459001999-LF06-squared-min-scaled.webp?resize=150%2C150&amp;ssl=1 150w, https:\/\/i0.wp.com\/www.airandme.fr\/blog\/wp-content\/uploads\/ROHAN-3700459001999-LF06-squared-min-scaled.webp?resize=768%2C768&amp;ssl=1 768w, https:\/\/i0.wp.com\/www.airandme.fr\/blog\/wp-content\/uploads\/ROHAN-3700459001999-LF06-squared-min-scaled.webp?resize=1536%2C1536&amp;ssl=1 1536w, https:\/\/i0.wp.com\/www.airandme.fr\/blog\/wp-content\/uploads\/ROHAN-3700459001999-LF06-squared-min-scaled.webp?resize=2048%2C2048&amp;ssl=1 2048w, https:\/\/i0.wp.com\/www.airandme.fr\/blog\/wp-content\/uploads\/ROHAN-3700459001999-LF06-squared-min-scaled.webp?resize=75%2C75&amp;ssl=1 75w, https:\/\/i0.wp.com\/www.airandme.fr\/blog\/wp-content\/uploads\/ROHAN-3700459001999-LF06-squared-min-scaled.webp?resize=350%2C350&amp;ssl=1 350w, https:\/\/i0.wp.com\/www.airandme.fr\/blog\/wp-content\/uploads\/ROHAN-3700459001999-LF06-squared-min-scaled.webp?resize=750%2C750&amp;ssl=1 750w, https:\/\/i0.wp.com\/www.airandme.fr\/blog\/wp-content\/uploads\/ROHAN-3700459001999-LF06-squared-min-scaled.webp?resize=1140%2C1140&amp;ssl=1 1140w\" sizes=\"(max-width: 1000px) 100vw, 1000px\" \/>\t\t\t\t\t\t\t\t<\/a>\n\t\t\t\t\t\t\t\t\t\t\t\t\t\t\t<\/div>\n\t\t\t\t<\/div>\n\t\t\t\t\t<\/div>\n\t\t<\/div>\n\t\t\t\t<div class=\"elementor-column elementor-col-50 elementor-top-column elementor-element elementor-element-f63600f\" data-id=\"f63600f\" data-element_type=\"column\" data-e-type=\"column\">\n\t\t\t<div class=\"elementor-widget-wrap elementor-element-populated\">\n\t\t\t\t\t\t<div class=\"elementor-element elementor-element-e2c019a elementor-widget elementor-widget-text-editor\" data-id=\"e2c019a\" data-element_type=\"widget\" data-e-type=\"widget\" data-widget_type=\"text-editor.default\">\n\t\t\t\t<div class=\"elementor-widget-container\">\n\t\t\t\t\t\t\t\t\t<p data-prosemirror-content-type=\"node\" data-prosemirror-node-name=\"paragraph\" data-prosemirror-node-block=\"true\" data-pm-slice=\"1 3 []\">Avec sa <strong data-prosemirror-content-type=\"mark\" data-prosemirror-mark-name=\"strong\">capacit\u00e9 exceptionnelle de 50L\/jour<\/strong>, ROHAN est parfait pour les buanderies, garages ou grandes pi\u00e8ces. Sa technologie \u00e0 <a href=\"https:\/\/airandme.fr\/fr\/105-deshumidificateur-d-air-compresseur\">compresseur<\/a> et son <strong data-prosemirror-content-type=\"mark\" data-prosemirror-mark-name=\"strong\">mode s\u00e8che-linge<\/strong> avec volet orientable transforment n&rsquo;importe quel espace en s\u00e9choir efficace.<\/p><p data-prosemirror-content-type=\"node\" data-prosemirror-node-name=\"paragraph\" data-prosemirror-node-block=\"true\"><strong data-prosemirror-content-type=\"mark\" data-prosemirror-mark-name=\"strong\">Avantages sp\u00e9cifiques pour le s\u00e9chage :<\/strong><\/p><ul class=\"ak-ul\" data-prosemirror-content-type=\"node\" data-prosemirror-node-name=\"bulletList\" data-prosemirror-node-block=\"true\"><li data-prosemirror-content-type=\"node\" data-prosemirror-node-name=\"listItem\" data-prosemirror-node-block=\"true\"><p data-prosemirror-content-type=\"node\" data-prosemirror-node-name=\"paragraph\" data-prosemirror-node-block=\"true\">Indicateur color\u00e9 de l&rsquo;humidit\u00e9 (rouge &gt; 60%, vert 40-60%, bleu &lt; 40%)<\/p><\/li><li data-prosemirror-content-type=\"node\" data-prosemirror-node-name=\"listItem\" data-prosemirror-node-block=\"true\"><p data-prosemirror-content-type=\"node\" data-prosemirror-node-name=\"paragraph\" data-prosemirror-node-block=\"true\">Contr\u00f4le connect\u00e9 pour programmer le s\u00e9chage \u00e0 distance<\/p><\/li><li data-prosemirror-content-type=\"node\" data-prosemirror-node-name=\"listItem\" data-prosemirror-node-block=\"true\"><p data-prosemirror-content-type=\"node\" data-prosemirror-node-name=\"paragraph\" data-prosemirror-node-block=\"true\">Pompe de relevage incluse pour \u00e9vacuer l&rsquo;eau m\u00eame en hauteur<\/p><\/li><li data-prosemirror-content-type=\"node\" data-prosemirror-node-name=\"listItem\" data-prosemirror-node-block=\"true\"><p data-prosemirror-content-type=\"node\" data-prosemirror-node-name=\"paragraph\" data-prosemirror-node-block=\"true\">Deux vitesses pour adapter la puissance<\/p><\/li><\/ul>\t\t\t\t\t\t\t\t<\/div>\n\t\t\t\t<\/div>\n\t\t\t\t\t<\/div>\n\t\t<\/div>\n\t\t\t\t\t<\/div>\n\t\t<\/section>\n\t\t\t\t<section class=\"elementor-section elementor-top-section elementor-element elementor-element-197149de elementor-reverse-mobile elementor-section-boxed elementor-section-height-default elementor-section-height-default\" data-id=\"197149de\" data-element_type=\"section\" data-e-type=\"section\">\n\t\t\t\t\t\t<div class=\"elementor-container elementor-column-gap-default\">\n\t\t\t\t\t<div class=\"elementor-column elementor-col-50 elementor-top-column elementor-element elementor-element-71b84426\" data-id=\"71b84426\" data-element_type=\"column\" data-e-type=\"column\">\n\t\t\t<div class=\"elementor-widget-wrap elementor-element-populated\">\n\t\t\t\t\t\t<div class=\"elementor-element elementor-element-53e327d2 elementor-widget elementor-widget-heading\" data-id=\"53e327d2\" data-element_type=\"widget\" data-e-type=\"widget\" data-widget_type=\"heading.default\">\n\t\t\t\t<div class=\"elementor-widget-container\">\n\t\t\t\t\t<h4 class=\"elementor-heading-title elementor-size-default\">EVEL - L'\u00e9conomique et silencieux<\/h4>\t\t\t\t<\/div>\n\t\t\t\t<\/div>\n\t\t\t\t<div class=\"elementor-element elementor-element-5c1785de elementor-widget elementor-widget-text-editor\" data-id=\"5c1785de\" data-element_type=\"widget\" data-e-type=\"widget\" data-widget_type=\"text-editor.default\">\n\t\t\t\t<div class=\"elementor-widget-container\">\n\t\t\t\t\t\t\t\t\t<p data-prosemirror-content-type=\"node\" data-prosemirror-node-name=\"paragraph\" data-prosemirror-node-block=\"true\" data-pm-slice=\"1 3 []\">Sa technologie <a href=\"https:\/\/airandme.fr\/fr\/106-deshumidificateur-d-air-dessiccation\">dessiccante<\/a> unique fonctionne <strong data-prosemirror-content-type=\"mark\" data-prosemirror-mark-name=\"strong\">d\u00e8s 0\u00b0C<\/strong>, parfait pour les garages et caves. Avec 7L\/jour d&rsquo;extraction, EVEL maintient automatiquement le taux d&rsquo;humidit\u00e9 optimal entre 40% et 60% gr\u00e2ce \u00e0 sa technologie brevet\u00e9e <strong data-prosemirror-content-type=\"mark\" data-prosemirror-mark-name=\"strong\">Hygrosmart\u00ae<\/strong>.<\/p><p data-prosemirror-content-type=\"node\" data-prosemirror-node-name=\"paragraph\" data-prosemirror-node-block=\"true\"><strong data-prosemirror-content-type=\"mark\" data-prosemirror-mark-name=\"strong\">Pourquoi choisir EVEL pour le s\u00e9chage :<\/strong><\/p><ul class=\"ak-ul\" data-prosemirror-content-type=\"node\" data-prosemirror-node-name=\"bulletList\" data-prosemirror-node-block=\"true\"><li data-prosemirror-content-type=\"node\" data-prosemirror-node-name=\"listItem\" data-prosemirror-node-block=\"true\"><p data-prosemirror-content-type=\"node\" data-prosemirror-node-name=\"paragraph\" data-prosemirror-node-block=\"true\">Fonctionne sans compresseur ni gaz (plus \u00e9conomique)<\/p><\/li><li data-prosemirror-content-type=\"node\" data-prosemirror-node-name=\"listItem\" data-prosemirror-node-block=\"true\"><p data-prosemirror-content-type=\"node\" data-prosemirror-node-name=\"paragraph\" data-prosemirror-node-block=\"true\">Mode s\u00e8che-linge avec volet orientable jusqu&rsquo;\u00e0 90\u00b0<\/p><\/li><li data-prosemirror-content-type=\"node\" data-prosemirror-node-name=\"listItem\" data-prosemirror-node-block=\"true\"><p data-prosemirror-content-type=\"node\" data-prosemirror-node-name=\"paragraph\" data-prosemirror-node-block=\"true\">Contr\u00f4le Wi-Fi pour programmer pendant les heures creuses<\/p><\/li><li data-prosemirror-content-type=\"node\" data-prosemirror-node-name=\"listItem\" data-prosemirror-node-block=\"true\"><p data-prosemirror-content-type=\"node\" data-prosemirror-node-name=\"paragraph\" data-prosemirror-node-block=\"true\">S\u00e9curit\u00e9 anti-bascule (id\u00e9al pr\u00e8s du linge suspendu)<\/p><\/li><\/ul>\t\t\t\t\t\t\t\t<\/div>\n\t\t\t\t<\/div>\n\t\t\t\t\t<\/div>\n\t\t<\/div>\n\t\t\t\t<div class=\"elementor-column elementor-col-50 elementor-top-column elementor-element elementor-element-13306f34\" data-id=\"13306f34\" data-element_type=\"column\" data-e-type=\"column\">\n\t\t\t<div class=\"elementor-widget-wrap elementor-element-populated\">\n\t\t\t\t\t\t<div class=\"elementor-element elementor-element-723318ea elementor-widget__width-initial elementor-widget elementor-widget-image\" data-id=\"723318ea\" data-element_type=\"widget\" data-e-type=\"widget\" data-widget_type=\"image.default\">\n\t\t\t\t<div class=\"elementor-widget-container\">\n\t\t\t\t\t\t\t\t\t\t\t\t\t\t\t\t<a href=\"https:\/\/airandme.fr\/fr\/deshumidification\/1554-deshumidificateur-connecte-evel.html\">\n\t\t\t\t\t\t\t<img decoding=\"async\" width=\"637\" height=\"1024\" src=\"https:\/\/i0.wp.com\/www.airandme.fr\/blog\/wp-content\/uploads\/EVEL-3700459001982-LF03-scaled.webp?fit=637%2C1024&amp;ssl=1\" class=\"attachment-large size-large wp-image-22835\" alt=\"\" srcset=\"https:\/\/i0.wp.com\/www.airandme.fr\/blog\/wp-content\/uploads\/EVEL-3700459001982-LF03-scaled.webp?w=1593&amp;ssl=1 1593w, https:\/\/i0.wp.com\/www.airandme.fr\/blog\/wp-content\/uploads\/EVEL-3700459001982-LF03-scaled.webp?resize=187%2C300&amp;ssl=1 187w, https:\/\/i0.wp.com\/www.airandme.fr\/blog\/wp-content\/uploads\/EVEL-3700459001982-LF03-scaled.webp?resize=637%2C1024&amp;ssl=1 637w, https:\/\/i0.wp.com\/www.airandme.fr\/blog\/wp-content\/uploads\/EVEL-3700459001982-LF03-scaled.webp?resize=768%2C1234&amp;ssl=1 768w, https:\/\/i0.wp.com\/www.airandme.fr\/blog\/wp-content\/uploads\/EVEL-3700459001982-LF03-scaled.webp?resize=956%2C1536&amp;ssl=1 956w, https:\/\/i0.wp.com\/www.airandme.fr\/blog\/wp-content\/uploads\/EVEL-3700459001982-LF03-scaled.webp?resize=1274%2C2048&amp;ssl=1 1274w, https:\/\/i0.wp.com\/www.airandme.fr\/blog\/wp-content\/uploads\/EVEL-3700459001982-LF03-scaled.webp?resize=750%2C1205&amp;ssl=1 750w, https:\/\/i0.wp.com\/www.airandme.fr\/blog\/wp-content\/uploads\/EVEL-3700459001982-LF03-scaled.webp?resize=1140%2C1832&amp;ssl=1 1140w\" sizes=\"(max-width: 637px) 100vw, 637px\" \/>\t\t\t\t\t\t\t\t<\/a>\n\t\t\t\t\t\t\t\t\t\t\t\t\t\t\t<\/div>\n\t\t\t\t<\/div>\n\t\t\t\t\t<\/div>\n\t\t<\/div>\n\t\t\t\t\t<\/div>\n\t\t<\/section>\n\t\t\t\t<section class=\"elementor-section elementor-top-section elementor-element elementor-element-735b34 elementor-section-boxed elementor-section-height-default elementor-section-height-default\" data-id=\"735b34\" data-element_type=\"section\" data-e-type=\"section\">\n\t\t\t\t\t\t<div class=\"elementor-container elementor-column-gap-default\">\n\t\t\t\t\t<div class=\"elementor-column elementor-col-50 elementor-top-column elementor-element elementor-element-349cb0ed\" data-id=\"349cb0ed\" data-element_type=\"column\" data-e-type=\"column\">\n\t\t\t<div class=\"elementor-widget-wrap elementor-element-populated\">\n\t\t\t\t\t\t<div class=\"elementor-element elementor-element-5d8b0248 elementor-widget__width-initial elementor-widget elementor-widget-image\" data-id=\"5d8b0248\" data-element_type=\"widget\" data-e-type=\"widget\" data-widget_type=\"image.default\">\n\t\t\t\t<div class=\"elementor-widget-container\">\n\t\t\t\t\t\t\t\t\t\t\t\t\t\t\t\t<a href=\"https:\/\/airandme.fr\/fr\/deshumidification\/1354-deshumidificateur-orain-noir.html\">\n\t\t\t\t\t\t\t<img decoding=\"async\" width=\"683\" height=\"1024\" src=\"https:\/\/i0.wp.com\/www.airandme.fr\/blog\/wp-content\/uploads\/airandme-deshumidificateur-orain-noir-PT01-scaled.webp?fit=683%2C1024&amp;ssl=1\" class=\"attachment-large size-large wp-image-22836\" alt=\"\" srcset=\"https:\/\/i0.wp.com\/www.airandme.fr\/blog\/wp-content\/uploads\/airandme-deshumidificateur-orain-noir-PT01-scaled.webp?w=1707&amp;ssl=1 1707w, https:\/\/i0.wp.com\/www.airandme.fr\/blog\/wp-content\/uploads\/airandme-deshumidificateur-orain-noir-PT01-scaled.webp?resize=200%2C300&amp;ssl=1 200w, https:\/\/i0.wp.com\/www.airandme.fr\/blog\/wp-content\/uploads\/airandme-deshumidificateur-orain-noir-PT01-scaled.webp?resize=683%2C1024&amp;ssl=1 683w, https:\/\/i0.wp.com\/www.airandme.fr\/blog\/wp-content\/uploads\/airandme-deshumidificateur-orain-noir-PT01-scaled.webp?resize=768%2C1152&amp;ssl=1 768w, https:\/\/i0.wp.com\/www.airandme.fr\/blog\/wp-content\/uploads\/airandme-deshumidificateur-orain-noir-PT01-scaled.webp?resize=1024%2C1536&amp;ssl=1 1024w, https:\/\/i0.wp.com\/www.airandme.fr\/blog\/wp-content\/uploads\/airandme-deshumidificateur-orain-noir-PT01-scaled.webp?resize=1365%2C2048&amp;ssl=1 1365w, https:\/\/i0.wp.com\/www.airandme.fr\/blog\/wp-content\/uploads\/airandme-deshumidificateur-orain-noir-PT01-scaled.webp?resize=750%2C1125&amp;ssl=1 750w, https:\/\/i0.wp.com\/www.airandme.fr\/blog\/wp-content\/uploads\/airandme-deshumidificateur-orain-noir-PT01-scaled.webp?resize=1140%2C1710&amp;ssl=1 1140w\" sizes=\"(max-width: 683px) 100vw, 683px\" \/>\t\t\t\t\t\t\t\t<\/a>\n\t\t\t\t\t\t\t\t\t\t\t\t\t\t\t<\/div>\n\t\t\t\t<\/div>\n\t\t\t\t\t<\/div>\n\t\t<\/div>\n\t\t\t\t<div class=\"elementor-column elementor-col-50 elementor-top-column elementor-element elementor-element-6f3038fd\" data-id=\"6f3038fd\" data-element_type=\"column\" data-e-type=\"column\">\n\t\t\t<div class=\"elementor-widget-wrap elementor-element-populated\">\n\t\t\t\t\t\t<div class=\"elementor-element elementor-element-3e0899a9 elementor-widget elementor-widget-heading\" data-id=\"3e0899a9\" data-element_type=\"widget\" data-e-type=\"widget\" data-widget_type=\"heading.default\">\n\t\t\t\t<div class=\"elementor-widget-container\">\n\t\t\t\t\t<h4 class=\"elementor-heading-title elementor-size-default\">ORAIN - Le compact pour petits espaces<\/h4>\t\t\t\t<\/div>\n\t\t\t\t<\/div>\n\t\t\t\t<div class=\"elementor-element elementor-element-6cad6b4c elementor-widget elementor-widget-text-editor\" data-id=\"6cad6b4c\" data-element_type=\"widget\" data-e-type=\"widget\" data-widget_type=\"text-editor.default\">\n\t\t\t\t<div class=\"elementor-widget-container\">\n\t\t\t\t\t\t\t\t\t<p data-prosemirror-content-type=\"node\" data-prosemirror-node-name=\"paragraph\" data-prosemirror-node-block=\"true\" data-pm-slice=\"1 3 []\">\u00c0 seulement <strong data-prosemirror-content-type=\"mark\" data-prosemirror-mark-name=\"strong\">42 dB<\/strong> et 2 kg, ORAIN se faufile partout. Sa technologie <a href=\"https:\/\/airandme.fr\/fr\/104-deshumidificateur-d-air-effet-peltier\">Peltier<\/a> consomme seulement 40W tout en \u00e9tant plus efficace qu&rsquo;un absorbeur d&rsquo;humidit\u00e9 classique.<\/p><p data-prosemirror-content-type=\"node\" data-prosemirror-node-name=\"paragraph\" data-prosemirror-node-block=\"true\"><strong data-prosemirror-content-type=\"mark\" data-prosemirror-mark-name=\"strong\">Atouts pour le s\u00e9chage en appartement :<\/strong><\/p><ul class=\"ak-ul\" data-prosemirror-content-type=\"node\" data-prosemirror-node-name=\"bulletList\" data-prosemirror-node-block=\"true\"><li data-prosemirror-content-type=\"node\" data-prosemirror-node-name=\"listItem\" data-prosemirror-node-block=\"true\"><p data-prosemirror-content-type=\"node\" data-prosemirror-node-name=\"paragraph\" data-prosemirror-node-block=\"true\">Ultra-silencieux (parfait pour les chambres)<\/p><\/li><li data-prosemirror-content-type=\"node\" data-prosemirror-node-name=\"listItem\" data-prosemirror-node-block=\"true\"><p data-prosemirror-content-type=\"node\" data-prosemirror-node-name=\"paragraph\" data-prosemirror-node-block=\"true\">Design \u00e9l\u00e9gant qui s&rsquo;int\u00e8gre partout<\/p><\/li><li data-prosemirror-content-type=\"node\" data-prosemirror-node-name=\"listItem\" data-prosemirror-node-block=\"true\"><p data-prosemirror-content-type=\"node\" data-prosemirror-node-name=\"paragraph\" data-prosemirror-node-block=\"true\">Drainage continu pour fonctionnement autonome<\/p><\/li><li data-prosemirror-content-type=\"node\" data-prosemirror-node-name=\"listItem\" data-prosemirror-node-block=\"true\"><p data-prosemirror-content-type=\"node\" data-prosemirror-node-name=\"paragraph\" data-prosemirror-node-block=\"true\">Aucun consommable (contrairement aux absorbeurs chimiques)<\/p><\/li><\/ul>\t\t\t\t\t\t\t\t<\/div>\n\t\t\t\t<\/div>\n\t\t\t\t\t<\/div>\n\t\t<\/div>\n\t\t\t\t\t<\/div>\n\t\t<\/section>\n\t\t\t\t<section class=\"elementor-section elementor-top-section elementor-element elementor-element-55f254e2 elementor-section-boxed elementor-section-height-default elementor-section-height-default\" data-id=\"55f254e2\" data-element_type=\"section\" data-e-type=\"section\">\n\t\t\t\t\t\t<div class=\"elementor-container elementor-column-gap-default\">\n\t\t\t\t\t<div class=\"elementor-column elementor-col-100 elementor-top-column elementor-element elementor-element-45765b21\" data-id=\"45765b21\" data-element_type=\"column\" data-e-type=\"column\">\n\t\t\t<div class=\"elementor-widget-wrap elementor-element-populated\">\n\t\t\t\t\t\t<div class=\"elementor-element elementor-element-2f5a136 elementor-widget elementor-widget-heading\" data-id=\"2f5a136\" data-element_type=\"widget\" data-e-type=\"widget\" data-widget_type=\"heading.default\">\n\t\t\t\t<div class=\"elementor-widget-container\">\n\t\t\t\t\t<h3 class=\"elementor-heading-title elementor-size-default\">Solution 2 : Optimiser l'emplacement du linge<\/h3>\t\t\t\t<\/div>\n\t\t\t\t<\/div>\n\t\t\t\t<div class=\"elementor-element elementor-element-403240d1 elementor-widget__width-initial elementor-widget elementor-widget-text-editor\" data-id=\"403240d1\" data-element_type=\"widget\" data-e-type=\"widget\" data-widget_type=\"text-editor.default\">\n\t\t\t\t<div class=\"elementor-widget-container\">\n\t\t\t\t\t\t\t\t\t<ul class=\"ak-ul\" data-prosemirror-content-type=\"node\" data-prosemirror-node-name=\"bulletList\" data-prosemirror-node-block=\"true\" data-pm-slice=\"3 3 []\"><li data-prosemirror-content-type=\"node\" data-prosemirror-node-name=\"listItem\" data-prosemirror-node-block=\"true\"><p data-prosemirror-content-type=\"node\" data-prosemirror-node-name=\"paragraph\" data-prosemirror-node-block=\"true\"><strong data-prosemirror-content-type=\"mark\" data-prosemirror-mark-name=\"strong\">Espacez les v\u00eatements<\/strong> sur l&rsquo;\u00e9tendoir pour permettre la circulation d&rsquo;air<\/p><\/li><li data-prosemirror-content-type=\"node\" data-prosemirror-node-name=\"listItem\" data-prosemirror-node-block=\"true\"><p data-prosemirror-content-type=\"node\" data-prosemirror-node-name=\"paragraph\" data-prosemirror-node-block=\"true\"><strong data-prosemirror-content-type=\"mark\" data-prosemirror-mark-name=\"strong\">\u00c9vitez de superposer<\/strong> les pi\u00e8ces de linge<\/p><\/li><li data-prosemirror-content-type=\"node\" data-prosemirror-node-name=\"listItem\" data-prosemirror-node-block=\"true\"><p data-prosemirror-content-type=\"node\" data-prosemirror-node-name=\"paragraph\" data-prosemirror-node-block=\"true\"><strong data-prosemirror-content-type=\"mark\" data-prosemirror-mark-name=\"strong\">Placez l&rsquo;\u00e9tendoir<\/strong> loin des murs pour favoriser la ventilation<\/p><\/li><li data-prosemirror-content-type=\"node\" data-prosemirror-node-name=\"listItem\" data-prosemirror-node-block=\"true\"><p data-prosemirror-content-type=\"node\" data-prosemirror-node-name=\"paragraph\" data-prosemirror-node-block=\"true\"><strong data-prosemirror-content-type=\"mark\" data-prosemirror-mark-name=\"strong\">Orientez vers une source de chaleur<\/strong> (radiateur, mais pas trop pr\u00e8s)<\/p><\/li><\/ul>\t\t\t\t\t\t\t\t<\/div>\n\t\t\t\t<\/div>\n\t\t\t\t\t<\/div>\n\t\t<\/div>\n\t\t\t\t\t<\/div>\n\t\t<\/section>\n\t\t\t\t<section class=\"elementor-section elementor-top-section elementor-element elementor-element-de0bb4e elementor-section-boxed elementor-section-height-default elementor-section-height-default\" data-id=\"de0bb4e\" data-element_type=\"section\" data-e-type=\"section\">\n\t\t\t\t\t\t<div class=\"elementor-container elementor-column-gap-default\">\n\t\t\t\t\t<div class=\"elementor-column elementor-col-100 elementor-top-column elementor-element elementor-element-b1eeabd\" data-id=\"b1eeabd\" data-element_type=\"column\" data-e-type=\"column\">\n\t\t\t<div class=\"elementor-widget-wrap elementor-element-populated\">\n\t\t\t\t\t\t<div class=\"elementor-element elementor-element-d665457 elementor-widget elementor-widget-heading\" data-id=\"d665457\" data-element_type=\"widget\" data-e-type=\"widget\" data-widget_type=\"heading.default\">\n\t\t\t\t<div class=\"elementor-widget-container\">\n\t\t\t\t\t<h3 class=\"elementor-heading-title elementor-size-default\">Solution 3 : Am\u00e9liorer la ventilation naturelle<\/h3>\t\t\t\t<\/div>\n\t\t\t\t<\/div>\n\t\t\t\t<div class=\"elementor-element elementor-element-23fcd08 elementor-widget__width-initial elementor-widget elementor-widget-text-editor\" data-id=\"23fcd08\" data-element_type=\"widget\" data-e-type=\"widget\" data-widget_type=\"text-editor.default\">\n\t\t\t\t<div class=\"elementor-widget-container\">\n\t\t\t\t\t\t\t\t\t<ul><li data-prosemirror-content-type=\"node\" data-prosemirror-node-name=\"paragraph\" data-prosemirror-node-block=\"true\"><strong data-prosemirror-content-type=\"mark\" data-prosemirror-mark-name=\"strong\">Ouvrez les fen\u00eatres<\/strong> 10-15 minutes par jour m\u00eame en hiver<\/li><li data-prosemirror-content-type=\"node\" data-prosemirror-node-name=\"paragraph\" data-prosemirror-node-block=\"true\"><strong data-prosemirror-content-type=\"mark\" data-prosemirror-mark-name=\"strong\">Utilisez un ventilateur<\/strong> pour faire circuler l&rsquo;air<\/li><li data-prosemirror-content-type=\"node\" data-prosemirror-node-name=\"paragraph\" data-prosemirror-node-block=\"true\"><strong data-prosemirror-content-type=\"mark\" data-prosemirror-mark-name=\"strong\">Cr\u00e9ez des courants d&rsquo;air<\/strong> en ouvrant plusieurs ouvertures<\/li><li style=\"list-style-type: none;\">\u00a0<\/li><\/ul>\t\t\t\t\t\t\t\t<\/div>\n\t\t\t\t<\/div>\n\t\t\t\t\t<\/div>\n\t\t<\/div>\n\t\t\t\t\t<\/div>\n\t\t<\/section>\n\t\t\t\t<section class=\"elementor-section elementor-top-section elementor-element elementor-element-f749a0d elementor-section-boxed elementor-section-height-default elementor-section-height-default\" data-id=\"f749a0d\" data-element_type=\"section\" data-e-type=\"section\">\n\t\t\t\t\t\t<div class=\"elementor-container elementor-column-gap-default\">\n\t\t\t\t\t<div class=\"elementor-column elementor-col-100 elementor-top-column elementor-element elementor-element-d8e2e12\" data-id=\"d8e2e12\" data-element_type=\"column\" data-e-type=\"column\">\n\t\t\t<div class=\"elementor-widget-wrap elementor-element-populated\">\n\t\t\t\t\t\t<div class=\"elementor-element elementor-element-707ed4b elementor-widget elementor-widget-heading\" data-id=\"707ed4b\" data-element_type=\"widget\" data-e-type=\"widget\" data-widget_type=\"heading.default\">\n\t\t\t\t<div class=\"elementor-widget-container\">\n\t\t\t\t\t<h3 class=\"elementor-heading-title elementor-size-default\">Solution 4 : Techniques de s\u00e9chage optimis\u00e9es<\/h3>\t\t\t\t<\/div>\n\t\t\t\t<\/div>\n\t\t\t\t<div class=\"elementor-element elementor-element-7751f5b elementor-widget__width-initial elementor-widget elementor-widget-text-editor\" data-id=\"7751f5b\" data-element_type=\"widget\" data-e-type=\"widget\" data-widget_type=\"text-editor.default\">\n\t\t\t\t<div class=\"elementor-widget-container\">\n\t\t\t\t\t\t\t\t\t<ul><li data-prosemirror-content-type=\"node\" data-prosemirror-node-name=\"paragraph\" data-prosemirror-node-block=\"true\"><strong data-prosemirror-content-type=\"mark\" data-prosemirror-mark-name=\"strong\">Ouvrez les fen\u00eatres<\/strong> 10-15 minutes par jour m\u00eame en hiver<\/li><li data-prosemirror-content-type=\"node\" data-prosemirror-node-name=\"paragraph\" data-prosemirror-node-block=\"true\"><strong data-prosemirror-content-type=\"mark\" data-prosemirror-mark-name=\"strong\">Utilisez un ventilateur<\/strong> pour faire circuler l&rsquo;air<\/li><li data-prosemirror-content-type=\"node\" data-prosemirror-node-name=\"paragraph\" data-prosemirror-node-block=\"true\"><strong data-prosemirror-content-type=\"mark\" data-prosemirror-mark-name=\"strong\">Cr\u00e9ez des courants d&rsquo;air<\/strong> en ouvrant plusieurs ouvertures<\/li><li style=\"list-style-type: none;\">\u00a0<\/li><\/ul>\t\t\t\t\t\t\t\t<\/div>\n\t\t\t\t<\/div>\n\t\t\t\t\t<\/div>\n\t\t<\/div>\n\t\t\t\t\t<\/div>\n\t\t<\/section>\n\t\t\t\t<section class=\"elementor-section elementor-top-section elementor-element elementor-element-398c687 elementor-section-boxed elementor-section-height-default elementor-section-height-default\" data-id=\"398c687\" data-element_type=\"section\" data-e-type=\"section\">\n\t\t\t\t\t\t<div class=\"elementor-container elementor-column-gap-default\">\n\t\t\t\t\t<div class=\"elementor-column elementor-col-100 elementor-top-column elementor-element elementor-element-941fc1b\" data-id=\"941fc1b\" data-element_type=\"column\" data-e-type=\"column\">\n\t\t\t<div class=\"elementor-widget-wrap elementor-element-populated\">\n\t\t\t\t\t\t<div class=\"elementor-element elementor-element-fcab38a elementor-widget elementor-widget-heading\" data-id=\"fcab38a\" data-element_type=\"widget\" data-e-type=\"widget\" data-widget_type=\"heading.default\">\n\t\t\t\t<div class=\"elementor-widget-container\">\n\t\t\t\t\t<h2 class=\"elementor-heading-title elementor-size-default\">Le combo gagnant : d\u00e9shumidificateur + bonnes pratiques<\/h2>\t\t\t\t<\/div>\n\t\t\t\t<\/div>\n\t\t\t\t<div class=\"elementor-element elementor-element-1c2faed elementor-widget elementor-widget-text-editor\" data-id=\"1c2faed\" data-element_type=\"widget\" data-e-type=\"widget\" data-widget_type=\"text-editor.default\">\n\t\t\t\t<div class=\"elementor-widget-container\">\n\t\t\t\t\t\t\t\t\t<p data-prosemirror-content-type=\"node\" data-prosemirror-node-name=\"paragraph\" data-prosemirror-node-block=\"true\" data-pm-slice=\"1 1 []\">La solution la plus efficace combine un <a href=\"https:\/\/airandme.fr\/fr\/22-deshumidification\">d\u00e9shumidificateur<\/a> adapt\u00e9 \u00e0 votre situation avec les bonnes techniques de s\u00e9chage. Voici nos recommandations :<\/p><p data-prosemirror-content-type=\"node\" data-prosemirror-node-name=\"paragraph\" data-prosemirror-node-block=\"true\"><strong data-prosemirror-content-type=\"mark\" data-prosemirror-mark-name=\"strong\">Pour une buanderie\/garage :<\/strong> ROHAN avec son mode s\u00e8che-linge et sa puissance de 50L\/jour <strong data-prosemirror-content-type=\"mark\" data-prosemirror-mark-name=\"strong\">Pour une pi\u00e8ce de vie\/chambre :<\/strong> EVEL avec sa discr\u00e9tion et son fonctionnement \u00e9conomique <strong data-prosemirror-content-type=\"mark\" data-prosemirror-mark-name=\"strong\">Pour un studio\/petit appartement :<\/strong> ORAIN Blanc, compact et ultra-silencieux<\/p><p data-prosemirror-content-type=\"node\" data-prosemirror-node-name=\"paragraph\" data-prosemirror-node-block=\"true\">\u00a0<\/p><h3 data-prosemirror-content-type=\"node\" data-prosemirror-node-name=\"paragraph\" data-prosemirror-node-block=\"true\">Nos produits<\/h3>\t\t\t\t\t\t\t\t<\/div>\n\t\t\t\t<\/div>\n\t\t\t\t\t<\/div>\n\t\t<\/div>\n\t\t\t\t\t<\/div>\n\t\t<\/section>\n\t\t\t\t<section class=\"elementor-section elementor-top-section elementor-element elementor-element-3e4fd630 elementor-section-boxed elementor-section-height-default elementor-section-height-default\" data-id=\"3e4fd630\" data-element_type=\"section\" data-e-type=\"section\">\n\t\t\t\t\t\t<div class=\"elementor-container elementor-column-gap-default\">\n\t\t\t\t\t<div class=\"elementor-column elementor-col-100 elementor-top-column elementor-element elementor-element-19fa5e8a\" data-id=\"19fa5e8a\" data-element_type=\"column\" data-e-type=\"column\">\n\t\t\t<div class=\"elementor-widget-wrap elementor-element-populated\">\n\t\t\t\t\t\t<div class=\"elementor-element elementor-element-6825049c elementor-widget elementor-widget-text-editor\" data-id=\"6825049c\" data-element_type=\"widget\" data-e-type=\"widget\" data-widget_type=\"text-editor.default\">\n\t\t\t\t<div class=\"elementor-widget-container\">\n\t\t\t\t\t\t\t\t\t<div class=\"row ppgbo_row ppgbo_product_1\">\n    \n    <div class=\"product col-4\">\n        <a class=\"product_link\" target=\"_blank\" href=\"https:\/\/airandme.fr\/fr\/deshumidification\/1554-deshumidificateur-connecte-evel.html\">D\u00e9shumidificateur connect\u00e9 EVEL 7L\/J<\/a><img data-recalc-dims=\"1\" loading=\"lazy\" decoding=\"async\" class=\"product_image\" src=\"https:\/\/i0.wp.com\/airandme.fr\/9929-medium_default\/1.jpg?resize=250%2C250&#038;ssl=1\"  alt=\"D\u00e9shumidificateur connect\u00e9 EVEL 7L\/J\" width=\"250\" height=\"250\" \/><h4 class=\"product_name\">D\u00e9shumidificateur connect\u00e9 EVEL 7L\/J<\/h4><div class=\"product_description_short\">marre d&#039;un air trop humide ? EVEL est la solution pour combattre moisissure et germe. [&#8230;]<\/div><span class=\"product_price\">299.00\u20ac<\/span><div class=\"btn btn-default\">Voir le produit<\/div>    <\/div>\n    \n    \n    <div class=\"product col-4\">\n        <a class=\"product_link\" target=\"_blank\" href=\"https:\/\/airandme.fr\/fr\/deshumidification\/1180-deshumidificateur-orain-blanc.html\">D\u00e9shumidificateur ORAIN Blanc 0.75L\/j<\/a><img data-recalc-dims=\"1\" loading=\"lazy\" decoding=\"async\" class=\"product_image\" src=\"https:\/\/i0.wp.com\/airandme.fr\/5640-medium_default\/1.jpg?resize=250%2C250&#038;ssl=1\"  alt=\"D\u00e9shumidificateur ORAIN Blanc 0.75L\/j\" width=\"250\" height=\"250\" \/><h4 class=\"product_name\">D\u00e9shumidificateur ORAIN Blanc 0.75L\/j<\/h4><div class=\"product_description_short\">ORAIN\u00a0est un d\u00e9shumidificateur d\u2019air compact et discret. Son design soign\u00e9 [&#8230;]<\/div><span class=\"product_price\">129.90\u20ac<\/span><div class=\"btn btn-default\">Voir le produit<\/div>    <\/div>\n    \n    \n    <div class=\"product col-4\">\n        <a class=\"product_link\" target=\"_blank\" href=\"https:\/\/airandme.fr\/fr\/deshumidification\/1200-deshumidificateur-connecte-rohan.html\">D\u00e9shumidificateur ROHAN 50L\/j<\/a><img data-recalc-dims=\"1\" loading=\"lazy\" decoding=\"async\" class=\"product_image\" src=\"https:\/\/i0.wp.com\/airandme.fr\/10222-medium_default\/1.jpg?resize=250%2C250&#038;ssl=1\"  alt=\"D\u00e9shumidificateur ROHAN 50L\/j\" width=\"250\" height=\"250\" \/><h4 class=\"product_name\">D\u00e9shumidificateur ROHAN 50L\/j<\/h4><div class=\"product_description_short\">ROHAN est un d\u00e9shumidificateur puissant et connect\u00e9 avec une pompe de relevage, capable [&#8230;]<\/div><span class=\"product_price\">449.90\u20ac<\/span><div class=\"btn btn-default\">Voir le produit<\/div>    <\/div>\n    \n    <div class=\"clear\"><\/div><\/div>\n<div class=\"clear\"><\/div>\t\t\t\t\t\t\t\t<\/div>\n\t\t\t\t<\/div>\n\t\t\t\t\t<\/div>\n\t\t<\/div>\n\t\t\t\t\t<\/div>\n\t\t<\/section>\n\t\t\t\t<\/div>\n\t\t","protected":false},"excerpt":{"rendered":"<p>Pourquoi votre linge met trop de temps \u00e0 s\u00e9cher en int\u00e9rieur ? Les vraies causes et solutions efficaces Le s\u00e9chage du linge en int\u00e9rieur peut rapidement devenir un casse-t\u00eate, surtout pendant les mois d&rsquo;hiver ou dans les logements peu ventil\u00e9s. Vous avez d\u00e9j\u00e0 remarqu\u00e9 que vos v\u00eatements restent humides pendant des heures, voire des jours [&hellip;]<\/p>\n","protected":false},"author":1015,"featured_media":22847,"comment_status":"open","ping_status":"closed","sticky":false,"template":"","format":"standard","meta":{"jetpack_post_was_ever_published":false,"_jetpack_newsletter_access":"","_jetpack_dont_email_post_to_subs":false,"_jetpack_newsletter_tier_id":0,"_jetpack_memberships_contains_paywalled_content":false,"_jetpack_memberships_contains_paid_content":false,"jnews-multi-image_gallery":[],"jnews_single_post":{"format":"standard"},"jnews_primary_category":[],"jnews_social_meta":[],"footnotes":""},"categories":[709],"tags":[],"class_list":["post-22832","post","type-post","status-publish","format-standard","has-post-thumbnail","hentry","category-deshumidification"],"yoast_head":"<!-- This site is optimized with the Yoast SEO plugin v27.4 - https:\/\/yoast.com\/product\/yoast-seo-wordpress\/ -->\n<title>Pourquoi votre linge met trop de temps \u00e0 s\u00e9cher en int\u00e9rieur - air&amp;me - Le blog du traitement de l&#039;air<\/title>\n<meta name=\"description\" content=\"D\u00e9couvrez pourquoi votre linge s\u00e8che lentement en int\u00e9rieur et nos solutions efficaces (d\u00e9shumidificateurs ROHAN, EVEL, ORAIN).\" \/>\n<meta name=\"robots\" content=\"index, follow, max-snippet:-1, max-image-preview:large, max-video-preview:-1\" \/>\n<link rel=\"canonical\" href=\"https:\/\/www.airandme.fr\/blog\/deshumidification\/pourquoi-votre-linge-met-trop-de-temps-a-secher-en-interieur\/\" \/>\n<meta property=\"og:locale\" content=\"fr_FR\" \/>\n<meta property=\"og:type\" content=\"article\" \/>\n<meta property=\"og:title\" content=\"Pourquoi votre linge met trop de temps \u00e0 s\u00e9cher en int\u00e9rieur - air&amp;me - Le blog du traitement de l&#039;air\" \/>\n<meta property=\"og:description\" content=\"D\u00e9couvrez pourquoi votre linge s\u00e8che lentement en int\u00e9rieur et nos solutions efficaces (d\u00e9shumidificateurs ROHAN, EVEL, ORAIN).\" \/>\n<meta property=\"og:url\" content=\"https:\/\/www.airandme.fr\/blog\/deshumidification\/pourquoi-votre-linge-met-trop-de-temps-a-secher-en-interieur\/\" \/>\n<meta property=\"og:site_name\" content=\"air&amp;me - Le blog du traitement de l&#039;air\" \/>\n<meta property=\"article:publisher\" content=\"https:\/\/www.facebook.com\/airandme\" \/>\n<meta property=\"article:published_time\" content=\"2025-08-04T10:11:04+00:00\" \/>\n<meta property=\"article:modified_time\" content=\"2026-02-09T14:09:41+00:00\" \/>\n<meta property=\"og:image\" content=\"https:\/\/www.airandme.fr\/blog\/wp-content\/uploads\/seche-linge-deshumidificateur.jpg\" \/>\n\t<meta property=\"og:image:width\" content=\"1200\" \/>\n\t<meta property=\"og:image:height\" content=\"798\" \/>\n\t<meta property=\"og:image:type\" content=\"image\/jpeg\" \/>\n<meta name=\"author\" content=\"Malak Benachour\" \/>\n<meta name=\"twitter:card\" content=\"summary_large_image\" \/>\n<meta name=\"twitter:label1\" content=\"\u00c9crit par\" \/>\n\t<meta name=\"twitter:data1\" content=\"Malak Benachour\" \/>\n\t<meta name=\"twitter:label2\" content=\"Dur\u00e9e de lecture estim\u00e9e\" \/>\n\t<meta name=\"twitter:data2\" content=\"6 minutes\" \/>\n<script type=\"application\/ld+json\" class=\"yoast-schema-graph\">{\"@context\":\"https:\\\/\\\/schema.org\",\"@graph\":[{\"@type\":\"Article\",\"@id\":\"https:\\\/\\\/www.airandme.fr\\\/blog\\\/deshumidification\\\/pourquoi-votre-linge-met-trop-de-temps-a-secher-en-interieur\\\/#article\",\"isPartOf\":{\"@id\":\"https:\\\/\\\/www.airandme.fr\\\/blog\\\/deshumidification\\\/pourquoi-votre-linge-met-trop-de-temps-a-secher-en-interieur\\\/\"},\"author\":{\"name\":\"Malak Benachour\",\"@id\":\"https:\\\/\\\/www.airandme.fr\\\/blog\\\/#\\\/schema\\\/person\\\/f35188b2bfd70fb3802796577bd7dfa3\"},\"headline\":\"Pourquoi votre linge met trop de temps \u00e0 s\u00e9cher en int\u00e9rieur\",\"datePublished\":\"2025-08-04T10:11:04+00:00\",\"dateModified\":\"2026-02-09T14:09:41+00:00\",\"mainEntityOfPage\":{\"@id\":\"https:\\\/\\\/www.airandme.fr\\\/blog\\\/deshumidification\\\/pourquoi-votre-linge-met-trop-de-temps-a-secher-en-interieur\\\/\"},\"wordCount\":903,\"commentCount\":0,\"publisher\":{\"@id\":\"https:\\\/\\\/www.airandme.fr\\\/blog\\\/#organization\"},\"image\":{\"@id\":\"https:\\\/\\\/www.airandme.fr\\\/blog\\\/deshumidification\\\/pourquoi-votre-linge-met-trop-de-temps-a-secher-en-interieur\\\/#primaryimage\"},\"thumbnailUrl\":\"https:\\\/\\\/i0.wp.com\\\/www.airandme.fr\\\/blog\\\/wp-content\\\/uploads\\\/seche-linge-deshumidificateur.jpg?fit=1200%2C798&ssl=1\",\"articleSection\":[\"D\u00e9shumidification de l'air\"],\"inLanguage\":\"fr-FR\",\"potentialAction\":[{\"@type\":\"CommentAction\",\"name\":\"Comment\",\"target\":[\"https:\\\/\\\/www.airandme.fr\\\/blog\\\/deshumidification\\\/pourquoi-votre-linge-met-trop-de-temps-a-secher-en-interieur\\\/#respond\"]}]},{\"@type\":\"WebPage\",\"@id\":\"https:\\\/\\\/www.airandme.fr\\\/blog\\\/deshumidification\\\/pourquoi-votre-linge-met-trop-de-temps-a-secher-en-interieur\\\/\",\"url\":\"https:\\\/\\\/www.airandme.fr\\\/blog\\\/deshumidification\\\/pourquoi-votre-linge-met-trop-de-temps-a-secher-en-interieur\\\/\",\"name\":\"Pourquoi votre linge met trop de temps \u00e0 s\u00e9cher en int\u00e9rieur - air&amp;me - Le blog du traitement de l&#039;air\",\"isPartOf\":{\"@id\":\"https:\\\/\\\/www.airandme.fr\\\/blog\\\/#website\"},\"primaryImageOfPage\":{\"@id\":\"https:\\\/\\\/www.airandme.fr\\\/blog\\\/deshumidification\\\/pourquoi-votre-linge-met-trop-de-temps-a-secher-en-interieur\\\/#primaryimage\"},\"image\":{\"@id\":\"https:\\\/\\\/www.airandme.fr\\\/blog\\\/deshumidification\\\/pourquoi-votre-linge-met-trop-de-temps-a-secher-en-interieur\\\/#primaryimage\"},\"thumbnailUrl\":\"https:\\\/\\\/i0.wp.com\\\/www.airandme.fr\\\/blog\\\/wp-content\\\/uploads\\\/seche-linge-deshumidificateur.jpg?fit=1200%2C798&ssl=1\",\"datePublished\":\"2025-08-04T10:11:04+00:00\",\"dateModified\":\"2026-02-09T14:09:41+00:00\",\"description\":\"D\u00e9couvrez pourquoi votre linge s\u00e8che lentement en int\u00e9rieur et nos solutions efficaces (d\u00e9shumidificateurs ROHAN, EVEL, ORAIN).\",\"breadcrumb\":{\"@id\":\"https:\\\/\\\/www.airandme.fr\\\/blog\\\/deshumidification\\\/pourquoi-votre-linge-met-trop-de-temps-a-secher-en-interieur\\\/#breadcrumb\"},\"inLanguage\":\"fr-FR\",\"potentialAction\":[{\"@type\":\"ReadAction\",\"target\":[\"https:\\\/\\\/www.airandme.fr\\\/blog\\\/deshumidification\\\/pourquoi-votre-linge-met-trop-de-temps-a-secher-en-interieur\\\/\"]}]},{\"@type\":\"ImageObject\",\"inLanguage\":\"fr-FR\",\"@id\":\"https:\\\/\\\/www.airandme.fr\\\/blog\\\/deshumidification\\\/pourquoi-votre-linge-met-trop-de-temps-a-secher-en-interieur\\\/#primaryimage\",\"url\":\"https:\\\/\\\/i0.wp.com\\\/www.airandme.fr\\\/blog\\\/wp-content\\\/uploads\\\/seche-linge-deshumidificateur.jpg?fit=1200%2C798&ssl=1\",\"contentUrl\":\"https:\\\/\\\/i0.wp.com\\\/www.airandme.fr\\\/blog\\\/wp-content\\\/uploads\\\/seche-linge-deshumidificateur.jpg?fit=1200%2C798&ssl=1\",\"width\":1200,\"height\":798,\"caption\":\"@freepik\"},{\"@type\":\"BreadcrumbList\",\"@id\":\"https:\\\/\\\/www.airandme.fr\\\/blog\\\/deshumidification\\\/pourquoi-votre-linge-met-trop-de-temps-a-secher-en-interieur\\\/#breadcrumb\",\"itemListElement\":[{\"@type\":\"ListItem\",\"position\":1,\"name\":\"Accueil\",\"item\":\"https:\\\/\\\/www.airandme.fr\\\/blog\\\/\"},{\"@type\":\"ListItem\",\"position\":2,\"name\":\"D\u00e9shumidification de l'air\",\"item\":\"https:\\\/\\\/www.airandme.fr\\\/blog\\\/category\\\/deshumidification\\\/\"},{\"@type\":\"ListItem\",\"position\":3,\"name\":\"Pourquoi votre linge met trop de temps \u00e0 s\u00e9cher en int\u00e9rieur\"}]},{\"@type\":\"WebSite\",\"@id\":\"https:\\\/\\\/www.airandme.fr\\\/blog\\\/#website\",\"url\":\"https:\\\/\\\/www.airandme.fr\\\/blog\\\/\",\"name\":\"air&me - Le blog du traitement de l'air\",\"description\":\"Solutions pour le traitement de l&#039;air int\u00e9rieur - Le blog du bien air chez soi\",\"publisher\":{\"@id\":\"https:\\\/\\\/www.airandme.fr\\\/blog\\\/#organization\"},\"potentialAction\":[{\"@type\":\"SearchAction\",\"target\":{\"@type\":\"EntryPoint\",\"urlTemplate\":\"https:\\\/\\\/www.airandme.fr\\\/blog\\\/?s={search_term_string}\"},\"query-input\":{\"@type\":\"PropertyValueSpecification\",\"valueRequired\":true,\"valueName\":\"search_term_string\"}}],\"inLanguage\":\"fr-FR\"},{\"@type\":\"Organization\",\"@id\":\"https:\\\/\\\/www.airandme.fr\\\/blog\\\/#organization\",\"name\":\"air&me - Le blog du traitement de l'air\",\"url\":\"https:\\\/\\\/www.airandme.fr\\\/blog\\\/\",\"logo\":{\"@type\":\"ImageObject\",\"inLanguage\":\"fr-FR\",\"@id\":\"https:\\\/\\\/www.airandme.fr\\\/blog\\\/#\\\/schema\\\/logo\\\/image\\\/\",\"url\":\"https:\\\/\\\/i0.wp.com\\\/www.airandme.fr\\\/blog\\\/wp-content\\\/uploads\\\/airandme-logo-blog-300px.png?fit=300%2C120&ssl=1\",\"contentUrl\":\"https:\\\/\\\/i0.wp.com\\\/www.airandme.fr\\\/blog\\\/wp-content\\\/uploads\\\/airandme-logo-blog-300px.png?fit=300%2C120&ssl=1\",\"width\":300,\"height\":120,\"caption\":\"air&me - Le blog du traitement de l'air\"},\"image\":{\"@id\":\"https:\\\/\\\/www.airandme.fr\\\/blog\\\/#\\\/schema\\\/logo\\\/image\\\/\"},\"sameAs\":[\"https:\\\/\\\/www.facebook.com\\\/airandme\",\"https:\\\/\\\/www.instagram.com\\\/air_and_me\\\/\",\"https:\\\/\\\/www.linkedin.com\\\/air-and-me\",\"https:\\\/\\\/www.pinterest.fr\\\/air_and_me\",\"https:\\\/\\\/www.youtube.com\\\/channel\\\/UCmco9cc0iTBmPINR5vaW90A\"]},{\"@type\":\"Person\",\"@id\":\"https:\\\/\\\/www.airandme.fr\\\/blog\\\/#\\\/schema\\\/person\\\/f35188b2bfd70fb3802796577bd7dfa3\",\"name\":\"Malak Benachour\",\"image\":{\"@type\":\"ImageObject\",\"inLanguage\":\"fr-FR\",\"@id\":\"https:\\\/\\\/secure.gravatar.com\\\/avatar\\\/ddca3dc5075e33580fd0e059d4463076bcc25bceb1d6dc91307c9550e800324a?s=96&d=mm&r=g\",\"url\":\"https:\\\/\\\/secure.gravatar.com\\\/avatar\\\/ddca3dc5075e33580fd0e059d4463076bcc25bceb1d6dc91307c9550e800324a?s=96&d=mm&r=g\",\"contentUrl\":\"https:\\\/\\\/secure.gravatar.com\\\/avatar\\\/ddca3dc5075e33580fd0e059d4463076bcc25bceb1d6dc91307c9550e800324a?s=96&d=mm&r=g\",\"caption\":\"Malak Benachour\"},\"url\":\"https:\\\/\\\/www.airandme.fr\\\/blog\\\/author\\\/malak\\\/\"}]}<\/script>\n<!-- \/ Yoast SEO plugin. -->","yoast_head_json":{"title":"Pourquoi votre linge met trop de temps \u00e0 s\u00e9cher en int\u00e9rieur - air&amp;me - Le blog du traitement de l&#039;air","description":"D\u00e9couvrez pourquoi votre linge s\u00e8che lentement en int\u00e9rieur et nos solutions efficaces (d\u00e9shumidificateurs ROHAN, EVEL, ORAIN).","robots":{"index":"index","follow":"follow","max-snippet":"max-snippet:-1","max-image-preview":"max-image-preview:large","max-video-preview":"max-video-preview:-1"},"canonical":"https:\/\/www.airandme.fr\/blog\/deshumidification\/pourquoi-votre-linge-met-trop-de-temps-a-secher-en-interieur\/","og_locale":"fr_FR","og_type":"article","og_title":"Pourquoi votre linge met trop de temps \u00e0 s\u00e9cher en int\u00e9rieur - air&amp;me - Le blog du traitement de l&#039;air","og_description":"D\u00e9couvrez pourquoi votre linge s\u00e8che lentement en int\u00e9rieur et nos solutions efficaces (d\u00e9shumidificateurs ROHAN, EVEL, ORAIN).","og_url":"https:\/\/www.airandme.fr\/blog\/deshumidification\/pourquoi-votre-linge-met-trop-de-temps-a-secher-en-interieur\/","og_site_name":"air&amp;me - Le blog du traitement de l&#039;air","article_publisher":"https:\/\/www.facebook.com\/airandme","article_published_time":"2025-08-04T10:11:04+00:00","article_modified_time":"2026-02-09T14:09:41+00:00","og_image":[{"width":1200,"height":798,"url":"https:\/\/www.airandme.fr\/blog\/wp-content\/uploads\/seche-linge-deshumidificateur.jpg","type":"image\/jpeg"}],"author":"Malak Benachour","twitter_card":"summary_large_image","twitter_misc":{"\u00c9crit par":"Malak Benachour","Dur\u00e9e de lecture estim\u00e9e":"6 minutes"},"schema":{"@context":"https:\/\/schema.org","@graph":[{"@type":"Article","@id":"https:\/\/www.airandme.fr\/blog\/deshumidification\/pourquoi-votre-linge-met-trop-de-temps-a-secher-en-interieur\/#article","isPartOf":{"@id":"https:\/\/www.airandme.fr\/blog\/deshumidification\/pourquoi-votre-linge-met-trop-de-temps-a-secher-en-interieur\/"},"author":{"name":"Malak Benachour","@id":"https:\/\/www.airandme.fr\/blog\/#\/schema\/person\/f35188b2bfd70fb3802796577bd7dfa3"},"headline":"Pourquoi votre linge met trop de temps \u00e0 s\u00e9cher en int\u00e9rieur","datePublished":"2025-08-04T10:11:04+00:00","dateModified":"2026-02-09T14:09:41+00:00","mainEntityOfPage":{"@id":"https:\/\/www.airandme.fr\/blog\/deshumidification\/pourquoi-votre-linge-met-trop-de-temps-a-secher-en-interieur\/"},"wordCount":903,"commentCount":0,"publisher":{"@id":"https:\/\/www.airandme.fr\/blog\/#organization"},"image":{"@id":"https:\/\/www.airandme.fr\/blog\/deshumidification\/pourquoi-votre-linge-met-trop-de-temps-a-secher-en-interieur\/#primaryimage"},"thumbnailUrl":"https:\/\/i0.wp.com\/www.airandme.fr\/blog\/wp-content\/uploads\/seche-linge-deshumidificateur.jpg?fit=1200%2C798&ssl=1","articleSection":["D\u00e9shumidification de l'air"],"inLanguage":"fr-FR","potentialAction":[{"@type":"CommentAction","name":"Comment","target":["https:\/\/www.airandme.fr\/blog\/deshumidification\/pourquoi-votre-linge-met-trop-de-temps-a-secher-en-interieur\/#respond"]}]},{"@type":"WebPage","@id":"https:\/\/www.airandme.fr\/blog\/deshumidification\/pourquoi-votre-linge-met-trop-de-temps-a-secher-en-interieur\/","url":"https:\/\/www.airandme.fr\/blog\/deshumidification\/pourquoi-votre-linge-met-trop-de-temps-a-secher-en-interieur\/","name":"Pourquoi votre linge met trop de temps \u00e0 s\u00e9cher en int\u00e9rieur - air&amp;me - Le blog du traitement de l&#039;air","isPartOf":{"@id":"https:\/\/www.airandme.fr\/blog\/#website"},"primaryImageOfPage":{"@id":"https:\/\/www.airandme.fr\/blog\/deshumidification\/pourquoi-votre-linge-met-trop-de-temps-a-secher-en-interieur\/#primaryimage"},"image":{"@id":"https:\/\/www.airandme.fr\/blog\/deshumidification\/pourquoi-votre-linge-met-trop-de-temps-a-secher-en-interieur\/#primaryimage"},"thumbnailUrl":"https:\/\/i0.wp.com\/www.airandme.fr\/blog\/wp-content\/uploads\/seche-linge-deshumidificateur.jpg?fit=1200%2C798&ssl=1","datePublished":"2025-08-04T10:11:04+00:00","dateModified":"2026-02-09T14:09:41+00:00","description":"D\u00e9couvrez pourquoi votre linge s\u00e8che lentement en int\u00e9rieur et nos solutions efficaces (d\u00e9shumidificateurs ROHAN, EVEL, ORAIN).","breadcrumb":{"@id":"https:\/\/www.airandme.fr\/blog\/deshumidification\/pourquoi-votre-linge-met-trop-de-temps-a-secher-en-interieur\/#breadcrumb"},"inLanguage":"fr-FR","potentialAction":[{"@type":"ReadAction","target":["https:\/\/www.airandme.fr\/blog\/deshumidification\/pourquoi-votre-linge-met-trop-de-temps-a-secher-en-interieur\/"]}]},{"@type":"ImageObject","inLanguage":"fr-FR","@id":"https:\/\/www.airandme.fr\/blog\/deshumidification\/pourquoi-votre-linge-met-trop-de-temps-a-secher-en-interieur\/#primaryimage","url":"https:\/\/i0.wp.com\/www.airandme.fr\/blog\/wp-content\/uploads\/seche-linge-deshumidificateur.jpg?fit=1200%2C798&ssl=1","contentUrl":"https:\/\/i0.wp.com\/www.airandme.fr\/blog\/wp-content\/uploads\/seche-linge-deshumidificateur.jpg?fit=1200%2C798&ssl=1","width":1200,"height":798,"caption":"@freepik"},{"@type":"BreadcrumbList","@id":"https:\/\/www.airandme.fr\/blog\/deshumidification\/pourquoi-votre-linge-met-trop-de-temps-a-secher-en-interieur\/#breadcrumb","itemListElement":[{"@type":"ListItem","position":1,"name":"Accueil","item":"https:\/\/www.airandme.fr\/blog\/"},{"@type":"ListItem","position":2,"name":"D\u00e9shumidification de l'air","item":"https:\/\/www.airandme.fr\/blog\/category\/deshumidification\/"},{"@type":"ListItem","position":3,"name":"Pourquoi votre linge met trop de temps \u00e0 s\u00e9cher en int\u00e9rieur"}]},{"@type":"WebSite","@id":"https:\/\/www.airandme.fr\/blog\/#website","url":"https:\/\/www.airandme.fr\/blog\/","name":"air&me - Le blog du traitement de l'air","description":"Solutions pour le traitement de l&#039;air int\u00e9rieur - Le blog du bien air chez soi","publisher":{"@id":"https:\/\/www.airandme.fr\/blog\/#organization"},"potentialAction":[{"@type":"SearchAction","target":{"@type":"EntryPoint","urlTemplate":"https:\/\/www.airandme.fr\/blog\/?s={search_term_string}"},"query-input":{"@type":"PropertyValueSpecification","valueRequired":true,"valueName":"search_term_string"}}],"inLanguage":"fr-FR"},{"@type":"Organization","@id":"https:\/\/www.airandme.fr\/blog\/#organization","name":"air&me - Le blog du traitement de l'air","url":"https:\/\/www.airandme.fr\/blog\/","logo":{"@type":"ImageObject","inLanguage":"fr-FR","@id":"https:\/\/www.airandme.fr\/blog\/#\/schema\/logo\/image\/","url":"https:\/\/i0.wp.com\/www.airandme.fr\/blog\/wp-content\/uploads\/airandme-logo-blog-300px.png?fit=300%2C120&ssl=1","contentUrl":"https:\/\/i0.wp.com\/www.airandme.fr\/blog\/wp-content\/uploads\/airandme-logo-blog-300px.png?fit=300%2C120&ssl=1","width":300,"height":120,"caption":"air&me - Le blog du traitement de l'air"},"image":{"@id":"https:\/\/www.airandme.fr\/blog\/#\/schema\/logo\/image\/"},"sameAs":["https:\/\/www.facebook.com\/airandme","https:\/\/www.instagram.com\/air_and_me\/","https:\/\/www.linkedin.com\/air-and-me","https:\/\/www.pinterest.fr\/air_and_me","https:\/\/www.youtube.com\/channel\/UCmco9cc0iTBmPINR5vaW90A"]},{"@type":"Person","@id":"https:\/\/www.airandme.fr\/blog\/#\/schema\/person\/f35188b2bfd70fb3802796577bd7dfa3","name":"Malak Benachour","image":{"@type":"ImageObject","inLanguage":"fr-FR","@id":"https:\/\/secure.gravatar.com\/avatar\/ddca3dc5075e33580fd0e059d4463076bcc25bceb1d6dc91307c9550e800324a?s=96&d=mm&r=g","url":"https:\/\/secure.gravatar.com\/avatar\/ddca3dc5075e33580fd0e059d4463076bcc25bceb1d6dc91307c9550e800324a?s=96&d=mm&r=g","contentUrl":"https:\/\/secure.gravatar.com\/avatar\/ddca3dc5075e33580fd0e059d4463076bcc25bceb1d6dc91307c9550e800324a?s=96&d=mm&r=g","caption":"Malak Benachour"},"url":"https:\/\/www.airandme.fr\/blog\/author\/malak\/"}]}},"jetpack_featured_media_url":"https:\/\/i0.wp.com\/www.airandme.fr\/blog\/wp-content\/uploads\/seche-linge-deshumidificateur.jpg?fit=1200%2C798&ssl=1","jetpack_sharing_enabled":true,"jetpack_shortlink":"https:\/\/wp.me\/paHeLN-5Wg","_links":{"self":[{"href":"https:\/\/www.airandme.fr\/blog\/wp-json\/wp\/v2\/posts\/22832","targetHints":{"allow":["GET"]}}],"collection":[{"href":"https:\/\/www.airandme.fr\/blog\/wp-json\/wp\/v2\/posts"}],"about":[{"href":"https:\/\/www.airandme.fr\/blog\/wp-json\/wp\/v2\/types\/post"}],"author":[{"embeddable":true,"href":"https:\/\/www.airandme.fr\/blog\/wp-json\/wp\/v2\/users\/1015"}],"replies":[{"embeddable":true,"href":"https:\/\/www.airandme.fr\/blog\/wp-json\/wp\/v2\/comments?post=22832"}],"version-history":[{"count":19,"href":"https:\/\/www.airandme.fr\/blog\/wp-json\/wp\/v2\/posts\/22832\/revisions"}],"predecessor-version":[{"id":23483,"href":"https:\/\/www.airandme.fr\/blog\/wp-json\/wp\/v2\/posts\/22832\/revisions\/23483"}],"wp:featuredmedia":[{"embeddable":true,"href":"https:\/\/www.airandme.fr\/blog\/wp-json\/wp\/v2\/media\/22847"}],"wp:attachment":[{"href":"https:\/\/www.airandme.fr\/blog\/wp-json\/wp\/v2\/media?parent=22832"}],"wp:term":[{"taxonomy":"category","embeddable":true,"href":"https:\/\/www.airandme.fr\/blog\/wp-json\/wp\/v2\/categories?post=22832"},{"taxonomy":"post_tag","embeddable":true,"href":"https:\/\/www.airandme.fr\/blog\/wp-json\/wp\/v2\/tags?post=22832"}],"curies":[{"name":"wp","href":"https:\/\/api.w.org\/{rel}","templated":true}]}}