{"id":22880,"date":"2025-08-20T11:38:15","date_gmt":"2025-08-20T09:38:15","guid":{"rendered":"https:\/\/www.airandme.fr\/blog\/?p=22880"},"modified":"2026-02-09T16:08:44","modified_gmt":"2026-02-09T14:08:44","slug":"deshumidificateur-pourquoi-lutiliser-fin-dete-et-en-hiver","status":"publish","type":"post","link":"https:\/\/www.airandme.fr\/blog\/deshumidification\/deshumidificateur-pourquoi-lutiliser-fin-dete-et-en-hiver\/","title":{"rendered":"D\u00e9shumidificateur : pourquoi l\u2019utiliser fin d\u2019\u00e9t\u00e9 et en hiver"},"content":{"rendered":"\t\t<div data-elementor-type=\"wp-post\" data-elementor-id=\"22880\" class=\"elementor elementor-22880\">\n\t\t\t\t\t\t<section class=\"elementor-section elementor-top-section elementor-element elementor-element-4a896426 elementor-section-boxed elementor-section-height-default elementor-section-height-default\" data-id=\"4a896426\" data-element_type=\"section\" data-e-type=\"section\">\n\t\t\t\t\t\t<div class=\"elementor-container elementor-column-gap-default\">\n\t\t\t\t\t<div class=\"elementor-column elementor-col-100 elementor-top-column elementor-element elementor-element-8f717ca\" data-id=\"8f717ca\" data-element_type=\"column\" data-e-type=\"column\">\n\t\t\t<div class=\"elementor-widget-wrap elementor-element-populated\">\n\t\t\t\t\t\t<div class=\"elementor-element elementor-element-6105bcaf elementor-widget elementor-widget-text-editor\" data-id=\"6105bcaf\" data-element_type=\"widget\" data-e-type=\"widget\" data-widget_type=\"text-editor.default\">\n\t\t\t\t<div class=\"elementor-widget-container\">\n\t\t\t\t\t\t\t\t\t<p>L\u2019humidit\u00e9 dans la maison est un probl\u00e8me fr\u00e9quent, surtout \u00e0 la fin de l\u2019\u00e9t\u00e9 et en hiver. Elle peut affecter votre confort, la sant\u00e9 de votre famille et m\u00eame l\u2019int\u00e9grit\u00e9 de votre logement. L\u2019utilisation d\u2019un <a href=\"https:\/\/airandme.fr\/fr\/22-deshumidification\"><strong data-start=\"532\" data-end=\"553\">d\u00e9shumidificateur<\/strong> <\/a>est une solution efficace pour maintenir un <a href=\"https:\/\/www.airandme.fr\/blog\/humidification\/quel-est-le-bon-taux-dhumidite\/\">taux d\u2019humidit\u00e9<\/a> dans une maison optimal et \u00e9viter les cons\u00e9quences n\u00e9fastes de l\u2019humidit\u00e9 excessive.<\/p>\t\t\t\t\t\t\t\t<\/div>\n\t\t\t\t<\/div>\n\t\t\t\t\t<\/div>\n\t\t<\/div>\n\t\t\t\t\t<\/div>\n\t\t<\/section>\n\t\t\t\t<section class=\"elementor-section elementor-top-section elementor-element elementor-element-6c9edd94 elementor-section-boxed elementor-section-height-default elementor-section-height-default\" data-id=\"6c9edd94\" data-element_type=\"section\" data-e-type=\"section\">\n\t\t\t\t\t\t<div class=\"elementor-container elementor-column-gap-default\">\n\t\t\t\t\t<div class=\"elementor-column elementor-col-100 elementor-top-column elementor-element elementor-element-4d1e183e\" data-id=\"4d1e183e\" data-element_type=\"column\" data-e-type=\"column\">\n\t\t\t<div class=\"elementor-widget-wrap elementor-element-populated\">\n\t\t\t\t\t\t<div class=\"elementor-element elementor-element-786332d2 elementor-widget elementor-widget-heading\" data-id=\"786332d2\" data-element_type=\"widget\" data-e-type=\"widget\" data-widget_type=\"heading.default\">\n\t\t\t\t<div class=\"elementor-widget-container\">\n\t\t\t\t\t<h2 class=\"elementor-heading-title elementor-size-default\">Comprendre l\u2019humidit\u00e9 dans la maison\n<\/h2>\t\t\t\t<\/div>\n\t\t\t\t<\/div>\n\t\t\t\t<div class=\"elementor-element elementor-element-53da5ce2 elementor-widget elementor-widget-text-editor\" data-id=\"53da5ce2\" data-element_type=\"widget\" data-e-type=\"widget\" data-widget_type=\"text-editor.default\">\n\t\t\t\t<div class=\"elementor-widget-container\">\n\t\t\t\t\t\t\t\t\t<p data-start=\"745\" data-end=\"886\">L\u2019humidit\u00e9 est la quantit\u00e9 de vapeur d\u2019eau pr\u00e9sente dans l\u2019air. Un taux d\u2019humidit\u00e9 maison trop \u00e9lev\u00e9 peut entra\u00eener plusieurs probl\u00e8mes :<\/p><ul data-start=\"888\" data-end=\"1116\"><li data-start=\"888\" data-end=\"934\"><p data-start=\"890\" data-end=\"934\"><strong data-start=\"890\" data-end=\"906\">Murs humides<\/strong> et traces de condensation<\/p><\/li><li data-start=\"935\" data-end=\"998\"><p data-start=\"937\" data-end=\"998\">Apparition de <strong data-start=\"951\" data-end=\"978\">moisissures mur chambre<\/strong> et de champignons<\/p><\/li><li data-start=\"999\" data-end=\"1050\"><p data-start=\"1001\" data-end=\"1050\"><strong>Allergies li\u00e9es aux acariens<\/strong> et aux moisissures<\/p><\/li><li data-start=\"1051\" data-end=\"1116\"><p data-start=\"1053\" data-end=\"1116\"><strong>D\u00e9gradation des meubles et mat\u00e9riaux<\/strong> (bois, papier, textiles)<\/p><\/li><\/ul><p data-start=\"1118\" data-end=\"1462\">\u00c0 la fin de l\u2019\u00e9t\u00e9, l\u2019air est souvent encore charg\u00e9 d\u2019humidit\u00e9 apr\u00e8s les p\u00e9riodes de pluie ou les fortes chaleurs qui favorisent la condensation dans certaines pi\u00e8ces. En hiver, le chauffage provoque un d\u00e9s\u00e9quilibre entre l\u2019air int\u00e9rieur et ext\u00e9rieur, cr\u00e9ant \u00e9galement des zones de mur humide et d\u2019air trop humide ou sec selon le logement.<\/p><p data-start=\"1464\" data-end=\"1646\">Un taux d\u2019humidit\u00e9 id\u00e9al dans une maison se situe g\u00e9n\u00e9ralement entre 40 % et 60 %. En dessous, l\u2019air est trop sec ; au-dessus, il favorise les probl\u00e8mes d\u2019humidit\u00e9 et de sant\u00e9.<\/p>\t\t\t\t\t\t\t\t<\/div>\n\t\t\t\t<\/div>\n\t\t\t\t\t<\/div>\n\t\t<\/div>\n\t\t\t\t\t<\/div>\n\t\t<\/section>\n\t\t\t\t<section class=\"elementor-section elementor-top-section elementor-element elementor-element-75f0a22 elementor-reverse-mobile elementor-section-boxed elementor-section-height-default elementor-section-height-default\" data-id=\"75f0a22\" data-element_type=\"section\" data-e-type=\"section\">\n\t\t\t\t\t\t<div class=\"elementor-container elementor-column-gap-default\">\n\t\t\t\t\t<div class=\"elementor-column elementor-col-50 elementor-top-column elementor-element elementor-element-465e7b0a\" data-id=\"465e7b0a\" data-element_type=\"column\" data-e-type=\"column\">\n\t\t\t<div class=\"elementor-widget-wrap elementor-element-populated\">\n\t\t\t\t\t\t<div class=\"elementor-element elementor-element-2eefa4d elementor-widget elementor-widget-heading\" data-id=\"2eefa4d\" data-element_type=\"widget\" data-e-type=\"widget\" data-widget_type=\"heading.default\">\n\t\t\t\t<div class=\"elementor-widget-container\">\n\t\t\t\t\t<h2 class=\"elementor-heading-title elementor-size-default\">Pourquoi la fin de l\u2019\u00e9t\u00e9 est critique<\/h2>\t\t\t\t<\/div>\n\t\t\t\t<\/div>\n\t\t\t\t<div class=\"elementor-element elementor-element-3cb5cd73 elementor-widget elementor-widget-text-editor\" data-id=\"3cb5cd73\" data-element_type=\"widget\" data-e-type=\"widget\" data-widget_type=\"text-editor.default\">\n\t\t\t\t<div class=\"elementor-widget-container\">\n\t\t\t\t\t\t\t\t\t<p data-start=\"1690\" data-end=\"1790\">\u00c0 la fin de l\u2019\u00e9t\u00e9, plusieurs facteurs contribuent \u00e0 un taux d\u2019humidit\u00e9 chambre ou maison \u00e9lev\u00e9 :<\/p><ul data-start=\"1792\" data-end=\"2069\"><li data-start=\"1792\" data-end=\"1888\"><p data-start=\"1794\" data-end=\"1888\">Les fortes chaleurs provoquent la transpiration et la condensation sur les surfaces froides.<\/p><\/li><li data-start=\"1889\" data-end=\"1978\"><p data-start=\"1891\" data-end=\"1978\">Les pluies abondantes augmentent le niveau d\u2019humidit\u00e9 dans les murs et les sous-sols.<\/p><\/li><li data-start=\"1979\" data-end=\"2069\"><p data-start=\"1981\" data-end=\"2069\">Les logements mal ventil\u00e9s retiennent l\u2019humidit\u00e9 accumul\u00e9e pendant la saison estivale.<\/p><\/li><\/ul><p data-start=\"2071\" data-end=\"2186\">\u00c0 ce moment, un absorbeur d\u2019humidit\u00e9 maison ou un d\u00e9shumidificateur d\u2019air est particuli\u00e8rement utile pour :<\/p><ul data-start=\"2188\" data-end=\"2385\"><li data-start=\"2188\" data-end=\"2247\"><p data-start=\"2190\" data-end=\"2247\">Pr\u00e9venir la formation de <strong>moisissures mur<\/strong> ou plafond<\/p><\/li><li data-start=\"2248\" data-end=\"2316\"><p data-start=\"2250\" data-end=\"2316\"><strong>R\u00e9duire les risques d\u2019allergies<\/strong> dues aux acariens ou champignons<\/p><\/li><li data-start=\"2317\" data-end=\"2385\"><p data-start=\"2319\" data-end=\"2385\">Assurer un <strong data-start=\"2330\" data-end=\"2357\">taux d\u2019humidit\u00e9 chambre<\/strong> optimal pour mieux dormir<\/p><\/li><\/ul>\t\t\t\t\t\t\t\t<\/div>\n\t\t\t\t<\/div>\n\t\t\t\t\t<\/div>\n\t\t<\/div>\n\t\t\t\t<div class=\"elementor-column elementor-col-50 elementor-top-column elementor-element elementor-element-1d954405\" data-id=\"1d954405\" data-element_type=\"column\" data-e-type=\"column\">\n\t\t\t<div class=\"elementor-widget-wrap elementor-element-populated\">\n\t\t\t\t\t\t<div class=\"elementor-element elementor-element-49df5b40 elementor-widget__width-initial elementor-widget elementor-widget-image\" data-id=\"49df5b40\" data-element_type=\"widget\" data-e-type=\"widget\" data-widget_type=\"image.default\">\n\t\t\t\t<div class=\"elementor-widget-container\">\n\t\t\t\t\t\t\t\t\t\t\t\t\t\t\t\t<a href=\"https:\/\/airandme.fr\/fr\/deshumidification\/1554-deshumidificateur-connecte-evel.html\">\n\t\t\t\t\t\t\t<img fetchpriority=\"high\" decoding=\"async\" width=\"637\" height=\"1024\" src=\"https:\/\/i0.wp.com\/www.airandme.fr\/blog\/wp-content\/uploads\/EVEL-3700459001982-LF03-1-scaled.webp?fit=637%2C1024&amp;ssl=1\" class=\"attachment-large size-large wp-image-22892\" alt=\"\" srcset=\"https:\/\/i0.wp.com\/www.airandme.fr\/blog\/wp-content\/uploads\/EVEL-3700459001982-LF03-1-scaled.webp?w=1593&amp;ssl=1 1593w, https:\/\/i0.wp.com\/www.airandme.fr\/blog\/wp-content\/uploads\/EVEL-3700459001982-LF03-1-scaled.webp?resize=187%2C300&amp;ssl=1 187w, https:\/\/i0.wp.com\/www.airandme.fr\/blog\/wp-content\/uploads\/EVEL-3700459001982-LF03-1-scaled.webp?resize=637%2C1024&amp;ssl=1 637w, https:\/\/i0.wp.com\/www.airandme.fr\/blog\/wp-content\/uploads\/EVEL-3700459001982-LF03-1-scaled.webp?resize=768%2C1234&amp;ssl=1 768w, https:\/\/i0.wp.com\/www.airandme.fr\/blog\/wp-content\/uploads\/EVEL-3700459001982-LF03-1-scaled.webp?resize=956%2C1536&amp;ssl=1 956w, https:\/\/i0.wp.com\/www.airandme.fr\/blog\/wp-content\/uploads\/EVEL-3700459001982-LF03-1-scaled.webp?resize=1274%2C2048&amp;ssl=1 1274w, https:\/\/i0.wp.com\/www.airandme.fr\/blog\/wp-content\/uploads\/EVEL-3700459001982-LF03-1-scaled.webp?resize=750%2C1205&amp;ssl=1 750w, https:\/\/i0.wp.com\/www.airandme.fr\/blog\/wp-content\/uploads\/EVEL-3700459001982-LF03-1-scaled.webp?resize=1140%2C1832&amp;ssl=1 1140w\" sizes=\"(max-width: 637px) 100vw, 637px\" \/>\t\t\t\t\t\t\t\t<\/a>\n\t\t\t\t\t\t\t\t\t\t\t\t\t\t\t<\/div>\n\t\t\t\t<\/div>\n\t\t\t\t\t<\/div>\n\t\t<\/div>\n\t\t\t\t\t<\/div>\n\t\t<\/section>\n\t\t\t\t<section class=\"elementor-section elementor-top-section elementor-element elementor-element-1e4e382b elementor-section-boxed elementor-section-height-default elementor-section-height-default\" data-id=\"1e4e382b\" data-element_type=\"section\" data-e-type=\"section\">\n\t\t\t\t\t\t<div class=\"elementor-container elementor-column-gap-default\">\n\t\t\t\t\t<div class=\"elementor-column elementor-col-50 elementor-top-column elementor-element elementor-element-432dbfbc\" data-id=\"432dbfbc\" data-element_type=\"column\" data-e-type=\"column\">\n\t\t\t<div class=\"elementor-widget-wrap elementor-element-populated\">\n\t\t\t\t\t\t<div class=\"elementor-element elementor-element-774cb640 elementor-widget__width-initial elementor-widget elementor-widget-image\" data-id=\"774cb640\" data-element_type=\"widget\" data-e-type=\"widget\" data-widget_type=\"image.default\">\n\t\t\t\t<div class=\"elementor-widget-container\">\n\t\t\t\t\t\t\t\t\t\t\t\t\t\t\t\t<a href=\"https:\/\/airandme.fr\/fr\/deshumidification\/1354-deshumidificateur-orain-noir.html\">\n\t\t\t\t\t\t\t<img decoding=\"async\" width=\"683\" height=\"1024\" src=\"https:\/\/i0.wp.com\/www.airandme.fr\/blog\/wp-content\/uploads\/airandme-deshumidificateur-orain-noir-PT01-1-scaled.webp?fit=683%2C1024&amp;ssl=1\" class=\"attachment-large size-large wp-image-22891\" alt=\"\" srcset=\"https:\/\/i0.wp.com\/www.airandme.fr\/blog\/wp-content\/uploads\/airandme-deshumidificateur-orain-noir-PT01-1-scaled.webp?w=1707&amp;ssl=1 1707w, https:\/\/i0.wp.com\/www.airandme.fr\/blog\/wp-content\/uploads\/airandme-deshumidificateur-orain-noir-PT01-1-scaled.webp?resize=200%2C300&amp;ssl=1 200w, https:\/\/i0.wp.com\/www.airandme.fr\/blog\/wp-content\/uploads\/airandme-deshumidificateur-orain-noir-PT01-1-scaled.webp?resize=683%2C1024&amp;ssl=1 683w, https:\/\/i0.wp.com\/www.airandme.fr\/blog\/wp-content\/uploads\/airandme-deshumidificateur-orain-noir-PT01-1-scaled.webp?resize=768%2C1152&amp;ssl=1 768w, https:\/\/i0.wp.com\/www.airandme.fr\/blog\/wp-content\/uploads\/airandme-deshumidificateur-orain-noir-PT01-1-scaled.webp?resize=1024%2C1536&amp;ssl=1 1024w, https:\/\/i0.wp.com\/www.airandme.fr\/blog\/wp-content\/uploads\/airandme-deshumidificateur-orain-noir-PT01-1-scaled.webp?resize=1365%2C2048&amp;ssl=1 1365w, https:\/\/i0.wp.com\/www.airandme.fr\/blog\/wp-content\/uploads\/airandme-deshumidificateur-orain-noir-PT01-1-scaled.webp?resize=750%2C1125&amp;ssl=1 750w, https:\/\/i0.wp.com\/www.airandme.fr\/blog\/wp-content\/uploads\/airandme-deshumidificateur-orain-noir-PT01-1-scaled.webp?resize=1140%2C1710&amp;ssl=1 1140w\" sizes=\"(max-width: 683px) 100vw, 683px\" \/>\t\t\t\t\t\t\t\t<\/a>\n\t\t\t\t\t\t\t\t\t\t\t\t\t\t\t<\/div>\n\t\t\t\t<\/div>\n\t\t\t\t\t<\/div>\n\t\t<\/div>\n\t\t\t\t<div class=\"elementor-column elementor-col-50 elementor-top-column elementor-element elementor-element-7484d3b6\" data-id=\"7484d3b6\" data-element_type=\"column\" data-e-type=\"column\">\n\t\t\t<div class=\"elementor-widget-wrap elementor-element-populated\">\n\t\t\t\t\t\t<div class=\"elementor-element elementor-element-5f57f6cd elementor-widget elementor-widget-heading\" data-id=\"5f57f6cd\" data-element_type=\"widget\" data-e-type=\"widget\" data-widget_type=\"heading.default\">\n\t\t\t\t<div class=\"elementor-widget-container\">\n\t\t\t\t\t<h2 class=\"elementor-heading-title elementor-size-default\">Pourquoi l\u2019hiver accentue le probl\u00e8me\n<\/h2>\t\t\t\t<\/div>\n\t\t\t\t<\/div>\n\t\t\t\t<div class=\"elementor-element elementor-element-383c626e elementor-widget elementor-widget-text-editor\" data-id=\"383c626e\" data-element_type=\"widget\" data-e-type=\"widget\" data-widget_type=\"text-editor.default\">\n\t\t\t\t<div class=\"elementor-widget-container\">\n\t\t\t\t\t\t\t\t\t<p data-start=\"2429\" data-end=\"2522\">En hiver, le chauffage ass\u00e8che l\u2019air, mais paradoxalement, certaines pi\u00e8ces restent humides :<\/p><ul data-start=\"2524\" data-end=\"2765\"><li data-start=\"2524\" data-end=\"2600\"><p data-start=\"2526\" data-end=\"2600\">Les cuisines et salles de bain produisent de la vapeur qui peut stagner.<\/p><\/li><li data-start=\"2601\" data-end=\"2683\"><p data-start=\"2603\" data-end=\"2683\">Les murs mal isol\u00e9s ou expos\u00e9s au froid deviennent des points de condensation.<\/p><\/li><li data-start=\"2684\" data-end=\"2765\"><p data-start=\"2686\" data-end=\"2765\">Les sous-sols et garages conservent l\u2019humidit\u00e9 de la terre et de l\u2019ext\u00e9rieur.<\/p><\/li><\/ul><p data-start=\"2767\" data-end=\"3122\">Un <strong data-start=\"2770\" data-end=\"2798\">d\u00e9shumidificateur maison<\/strong> ou un <strong data-start=\"2805\" data-end=\"2837\">absorbeur d\u2019humidit\u00e9 naturel<\/strong> permet de maintenir le <strong data-start=\"2861\" data-end=\"2896\">taux d\u2019humidit\u00e9 <\/strong>dans une maison dans la plage id\u00e9ale et de prot\u00e9ger vos murs et vos meubles. Cela r\u00e9duit \u00e9galement la prolif\u00e9ration de moisissures et de <strong data-start=\"3018\" data-end=\"3045\">champignons sur les murs des maisons<\/strong> qui peuvent causer des <strong data-start=\"3069\" data-end=\"3102\">maladies dues aux moisissures<\/strong> ou des allergies.<\/p>\t\t\t\t\t\t\t\t<\/div>\n\t\t\t\t<\/div>\n\t\t\t\t\t<\/div>\n\t\t<\/div>\n\t\t\t\t\t<\/div>\n\t\t<\/section>\n\t\t\t\t<section class=\"elementor-section elementor-top-section elementor-element elementor-element-61366b72 elementor-section-boxed elementor-section-height-default elementor-section-height-default\" data-id=\"61366b72\" data-element_type=\"section\" data-e-type=\"section\">\n\t\t\t\t\t\t<div class=\"elementor-container elementor-column-gap-default\">\n\t\t\t\t\t<div class=\"elementor-column elementor-col-100 elementor-top-column elementor-element elementor-element-181bd06b\" data-id=\"181bd06b\" data-element_type=\"column\" data-e-type=\"column\">\n\t\t\t<div class=\"elementor-widget-wrap elementor-element-populated\">\n\t\t\t\t\t\t<div class=\"elementor-element elementor-element-03b3d41 elementor-widget elementor-widget-heading\" data-id=\"03b3d41\" data-element_type=\"widget\" data-e-type=\"widget\" data-widget_type=\"heading.default\">\n\t\t\t\t<div class=\"elementor-widget-container\">\n\t\t\t\t\t<h2 class=\"elementor-heading-title elementor-size-default\">Les avantages d\u2019un d\u00e9shumidificateur<\/h2>\t\t\t\t<\/div>\n\t\t\t\t<\/div>\n\t\t\t\t<div class=\"elementor-element elementor-element-10afee06 elementor-widget elementor-widget-text-editor\" data-id=\"10afee06\" data-element_type=\"widget\" data-e-type=\"widget\" data-widget_type=\"text-editor.default\">\n\t\t\t\t<div class=\"elementor-widget-container\">\n\t\t\t\t\t\t\t\t\t<p data-start=\"3165\" data-end=\"3234\">Investir dans un <strong data-start=\"3182\" data-end=\"3203\">d\u00e9shumidificateur<\/strong> pr\u00e9sente plusieurs b\u00e9n\u00e9fices :<\/p><ol data-start=\"3236\" data-end=\"3919\"><li data-start=\"3236\" data-end=\"3380\"><h3 data-start=\"3239\" data-end=\"3380\"><strong data-start=\"3239\" data-end=\"3285\">Pr\u00e9venir les murs humides et la moisissure<\/strong> :<\/h3><p>un air trop humide favorise la formation de condensation et de <strong data-start=\"3351\" data-end=\"3377\">moisissure<\/strong>.<\/p><\/li><li data-start=\"3381\" data-end=\"3491\"><h3 data-start=\"3384\" data-end=\"3491\"><strong data-start=\"3384\" data-end=\"3405\">Prot\u00e9ger la sant\u00e9<\/strong> :<\/h3><p>limiter l\u2019humidit\u00e9 r\u00e9duit les risques d\u2019allergie aux acariens et aux champignons.<\/p><\/li><li data-start=\"3492\" data-end=\"3627\"><h3 data-start=\"3495\" data-end=\"3627\"><strong data-start=\"3495\" data-end=\"3514\">Confort optimal<\/strong> :<\/h3><p>un air \u00e9quilibr\u00e9 est plus agr\u00e9able \u00e0 respirer et r\u00e9duit la sensation de froid ou d\u2019humidit\u00e9 dans les pi\u00e8ces.<\/p><\/li><li data-start=\"3628\" data-end=\"3750\"><h3 data-start=\"3631\" data-end=\"3750\"><strong data-start=\"3631\" data-end=\"3673\">Pr\u00e9server le mobilier et la d\u00e9coration<\/strong> :<\/h3><p>le bois, les textiles et les papiers peints sont sensibles \u00e0 l\u2019humidit\u00e9.<\/p><\/li><li data-start=\"3751\" data-end=\"3919\"><h3 data-start=\"3754\" data-end=\"3919\"><strong data-start=\"3754\" data-end=\"3780\">Facilit\u00e9 d\u2019utilisation<\/strong> :<\/h3><p>les mod\u00e8les modernes de <strong data-start=\"3807\" data-end=\"3843\">d\u00e9shumidificateurs salle de bain<\/strong> ou <strong data-start=\"3847\" data-end=\"3877\">d\u00e9shumidificateur sous-sol<\/strong> sont silencieux et faciles \u00e0 installer.<\/p><\/li><\/ol>\t\t\t\t\t\t\t\t<\/div>\n\t\t\t\t<\/div>\n\t\t\t\t\t<\/div>\n\t\t<\/div>\n\t\t\t\t\t<\/div>\n\t\t<\/section>\n\t\t\t\t<section class=\"elementor-section elementor-top-section elementor-element elementor-element-78dbdca elementor-section-boxed elementor-section-height-default elementor-section-height-default\" data-id=\"78dbdca\" data-element_type=\"section\" data-e-type=\"section\">\n\t\t\t\t\t\t<div class=\"elementor-container elementor-column-gap-default\">\n\t\t\t\t\t<div class=\"elementor-column elementor-col-100 elementor-top-column elementor-element elementor-element-973cc44\" data-id=\"973cc44\" data-element_type=\"column\" data-e-type=\"column\">\n\t\t\t<div class=\"elementor-widget-wrap elementor-element-populated\">\n\t\t\t\t\t\t<div class=\"elementor-element elementor-element-566487f elementor-widget elementor-widget-heading\" data-id=\"566487f\" data-element_type=\"widget\" data-e-type=\"widget\" data-widget_type=\"heading.default\">\n\t\t\t\t<div class=\"elementor-widget-container\">\n\t\t\t\t\t<h2 class=\"elementor-heading-title elementor-size-default\">Comment choisir son d\u00e9shumidificateur<\/h2>\t\t\t\t<\/div>\n\t\t\t\t<\/div>\n\t\t\t\t<div class=\"elementor-element elementor-element-484d91f elementor-widget elementor-widget-text-editor\" data-id=\"484d91f\" data-element_type=\"widget\" data-e-type=\"widget\" data-widget_type=\"text-editor.default\">\n\t\t\t\t<div class=\"elementor-widget-container\">\n\t\t\t\t\t\t\t\t\t<p data-start=\"3963\" data-end=\"4005\">Pour un choix efficace, prenez en compte :<\/p><ul data-start=\"4007\" data-end=\"4252\"><li data-start=\"4007\" data-end=\"4065\"><p data-start=\"4009\" data-end=\"4065\">La <strong data-start=\"4012\" data-end=\"4034\">taille de la pi\u00e8ce<\/strong> et le volume d\u2019air \u00e0 traiter<\/p><\/li><li data-start=\"4066\" data-end=\"4109\"><p data-start=\"4068\" data-end=\"4109\">La <strong>capacit\u00e9 d\u2019extraction d\u2019eau<\/strong> par jour<\/p><\/li><li data-start=\"4110\" data-end=\"4202\"><p data-start=\"4112\" data-end=\"4202\">La pr\u00e9sence de fonctions suppl\u00e9mentaires : arr\u00eat automatique, hygrostat, mode silencieux<\/p><\/li><li data-start=\"4203\" data-end=\"4252\"><p data-start=\"4205\" data-end=\"4252\">La consommation \u00e9nerg\u00e9tique, surtout en hiver<\/p><\/li><\/ul><p data-start=\"4254\" data-end=\"4438\">Les <strong data-start=\"4258\" data-end=\"4295\">d\u00e9shumidificateurs professionnels<\/strong> sont adapt\u00e9s aux grandes surfaces ou aux logements tr\u00e8s humides, tandis que les mod\u00e8les domestiques suffisent pour une chambre ou un s\u00e9jour.<\/p>\t\t\t\t\t\t\t\t<\/div>\n\t\t\t\t<\/div>\n\t\t\t\t\t<\/div>\n\t\t<\/div>\n\t\t\t\t\t<\/div>\n\t\t<\/section>\n\t\t\t\t<section class=\"elementor-section elementor-top-section elementor-element elementor-element-411c349 elementor-section-boxed elementor-section-height-default elementor-section-height-default\" data-id=\"411c349\" data-element_type=\"section\" data-e-type=\"section\">\n\t\t\t\t\t\t<div class=\"elementor-container elementor-column-gap-default\">\n\t\t\t\t\t<div class=\"elementor-column elementor-col-100 elementor-top-column elementor-element elementor-element-de2285b\" data-id=\"de2285b\" data-element_type=\"column\" data-e-type=\"column\">\n\t\t\t<div class=\"elementor-widget-wrap elementor-element-populated\">\n\t\t\t\t\t\t<div class=\"elementor-element elementor-element-73fc5fd elementor-widget elementor-widget-heading\" data-id=\"73fc5fd\" data-element_type=\"widget\" data-e-type=\"widget\" data-widget_type=\"heading.default\">\n\t\t\t\t<div class=\"elementor-widget-container\">\n\t\t\t\t\t<h2 class=\"elementor-heading-title elementor-size-default\">Conseils suppl\u00e9mentaires pour r\u00e9duire l\u2019humidit\u00e9<\/h2>\t\t\t\t<\/div>\n\t\t\t\t<\/div>\n\t\t\t\t<div class=\"elementor-element elementor-element-b2ae463 elementor-widget elementor-widget-text-editor\" data-id=\"b2ae463\" data-element_type=\"widget\" data-e-type=\"widget\" data-widget_type=\"text-editor.default\">\n\t\t\t\t<div class=\"elementor-widget-container\">\n\t\t\t\t\t\t\t\t\t<p data-start=\"4493\" data-end=\"4561\">En compl\u00e9ment de l\u2019utilisation d\u2019un d\u00e9shumidificateur, vous pouvez :<\/p><ul data-start=\"4563\" data-end=\"4849\"><li data-start=\"4563\" data-end=\"4628\"><p data-start=\"4565\" data-end=\"4628\">A\u00e9rer r\u00e9guli\u00e8rement votre maison pour r\u00e9duire la condensation<\/p><\/li><li data-start=\"4629\" data-end=\"4693\"><p data-start=\"4631\" data-end=\"4693\">Isoler vos murs et plafonds pour \u00e9viter les <strong data-start=\"4675\" data-end=\"4691\">murs humides<\/strong><\/p><\/li><li data-start=\"4694\" data-end=\"4785\"><p data-start=\"4696\" data-end=\"4785\">Utiliser des <strong data-start=\"4709\" data-end=\"4741\">absorbeurs d\u2019humidit\u00e9 maison<\/strong> dans les zones difficiles \u00e0 d\u00e9shumidifier<\/p><\/li><li data-start=\"4786\" data-end=\"4849\"><p data-start=\"4788\" data-end=\"4849\">Surveiller le <strong data-start=\"4802\" data-end=\"4828\">taux d\u2019humidit\u00e9 maison<\/strong> avec un hygrom\u00e8tre<\/p><\/li><\/ul>\t\t\t\t\t\t\t\t<\/div>\n\t\t\t\t<\/div>\n\t\t\t\t\t<\/div>\n\t\t<\/div>\n\t\t\t\t\t<\/div>\n\t\t<\/section>\n\t\t\t\t<section class=\"elementor-section elementor-top-section elementor-element elementor-element-b3e342e elementor-section-boxed elementor-section-height-default elementor-section-height-default\" data-id=\"b3e342e\" data-element_type=\"section\" data-e-type=\"section\">\n\t\t\t\t\t\t<div class=\"elementor-container elementor-column-gap-default\">\n\t\t\t\t\t<div class=\"elementor-column elementor-col-100 elementor-top-column elementor-element elementor-element-ab82495\" data-id=\"ab82495\" data-element_type=\"column\" data-e-type=\"column\">\n\t\t\t<div class=\"elementor-widget-wrap elementor-element-populated\">\n\t\t\t\t\t\t<div class=\"elementor-element elementor-element-4b896ba elementor-widget elementor-widget-text-editor\" data-id=\"4b896ba\" data-element_type=\"widget\" data-e-type=\"widget\" data-widget_type=\"text-editor.default\">\n\t\t\t\t<div class=\"elementor-widget-container\">\n\t\t\t\t\t\t\t\t\t<p>Que ce soit \u00e0 la fin de l\u2019\u00e9t\u00e9 ou en plein hiver, un <strong data-start=\"4918\" data-end=\"4939\">d\u00e9shumidificateur<\/strong> est un alli\u00e9 indispensable pour maintenir un <strong data-start=\"4985\" data-end=\"5011\">taux d\u2019humidit\u00e9<\/strong>\u00a0optimal. Il prot\u00e8ge votre logement, pr\u00e9serve votre sant\u00e9 et am\u00e9liore votre confort. Ne laissez pas l\u2019humidit\u00e9 envahir vos murs et vos pi\u00e8ces : investir dans un <strong data-start=\"5172\" data-end=\"5200\">d\u00e9shumidificateur maison<\/strong> est une solution simple et efficace.<\/p>\t\t\t\t\t\t\t\t<\/div>\n\t\t\t\t<\/div>\n\t\t\t\t\t<\/div>\n\t\t<\/div>\n\t\t\t\t\t<\/div>\n\t\t<\/section>\n\t\t\t\t<section class=\"elementor-section elementor-top-section elementor-element elementor-element-26afca59 elementor-section-boxed elementor-section-height-default elementor-section-height-default\" data-id=\"26afca59\" data-element_type=\"section\" data-e-type=\"section\">\n\t\t\t\t\t\t<div class=\"elementor-container elementor-column-gap-default\">\n\t\t\t\t\t<div class=\"elementor-column elementor-col-100 elementor-top-column elementor-element elementor-element-51d364f3\" data-id=\"51d364f3\" data-element_type=\"column\" data-e-type=\"column\">\n\t\t\t<div class=\"elementor-widget-wrap elementor-element-populated\">\n\t\t\t\t\t\t<div class=\"elementor-element elementor-element-9d05b4e elementor-widget elementor-widget-heading\" data-id=\"9d05b4e\" data-element_type=\"widget\" data-e-type=\"widget\" data-widget_type=\"heading.default\">\n\t\t\t\t<div class=\"elementor-widget-container\">\n\t\t\t\t\t<h3 class=\"elementor-heading-title elementor-size-default\">Nos d\u00e9shumidificateurs maison<\/h3>\t\t\t\t<\/div>\n\t\t\t\t<\/div>\n\t\t\t\t<div class=\"elementor-element elementor-element-7a01f06e elementor-widget elementor-widget-text-editor\" data-id=\"7a01f06e\" data-element_type=\"widget\" data-e-type=\"widget\" data-widget_type=\"text-editor.default\">\n\t\t\t\t<div class=\"elementor-widget-container\">\n\t\t\t\t\t\t\t\t\t<div class=\"row ppgbo_row ppgbo_product_1\">\n    \n    <div class=\"product col-4\">\n        <a class=\"product_link\" target=\"_blank\" href=\"https:\/\/airandme.fr\/fr\/deshumidification\/1205-deshumidificateur-lary.html\">D\u00e9shumidificateur LARY 12L\/j<\/a><img data-recalc-dims=\"1\" decoding=\"async\" class=\"product_image\" src=\"https:\/\/i0.wp.com\/airandme.fr\/5886-medium_default\/1.jpg?resize=250%2C250&#038;ssl=1\"  alt=\"D\u00e9shumidificateur LARY 12L\/j\" width=\"250\" height=\"250\" \/><h4 class=\"product_name\">D\u00e9shumidificateur LARY 12L\/j<\/h4><div class=\"product_description_short\">Avec son format compact et ses roulettes multi-directionnelles, LARY passe facilement [&#8230;]<\/div><span class=\"product_price\">269.90\u20ac<\/span><div class=\"btn btn-default\">Voir le produit<\/div>    <\/div>\n    \n    \n    <div class=\"product col-4\">\n        <a class=\"product_link\" target=\"_blank\" href=\"https:\/\/airandme.fr\/fr\/deshumidification\/1354-deshumidificateur-orain-noir.html\">D\u00e9shumidificateur ORAIN Noir 0.75L\/j<\/a><img data-recalc-dims=\"1\" loading=\"lazy\" decoding=\"async\" class=\"product_image\" src=\"https:\/\/i0.wp.com\/airandme.fr\/6800-medium_default\/1.jpg?resize=250%2C250&#038;ssl=1\"  alt=\"D\u00e9shumidificateur ORAIN Noir 0.75L\/j\" width=\"250\" height=\"250\" \/><h4 class=\"product_name\">D\u00e9shumidificateur ORAIN Noir 0.75L\/j<\/h4><div class=\"product_description_short\">L\u2019air est trop humide dans votre studio, votre salle de bain ou votre dressing ? ORAIN [&#8230;]<\/div><span class=\"product_price\">99.00\u20ac<\/span><div class=\"btn btn-default\">Voir le produit<\/div>    <\/div>\n    \n    \n    <div class=\"product col-4\">\n        <a class=\"product_link\" target=\"_blank\" href=\"https:\/\/airandme.fr\/fr\/deshumidification\/1200-deshumidificateur-connecte-rohan.html\">D\u00e9shumidificateur ROHAN 50L\/j<\/a><img data-recalc-dims=\"1\" loading=\"lazy\" decoding=\"async\" class=\"product_image\" src=\"https:\/\/i0.wp.com\/airandme.fr\/10222-medium_default\/1.jpg?resize=250%2C250&#038;ssl=1\"  alt=\"D\u00e9shumidificateur ROHAN 50L\/j\" width=\"250\" height=\"250\" \/><h4 class=\"product_name\">D\u00e9shumidificateur ROHAN 50L\/j<\/h4><div class=\"product_description_short\">ROHAN est un d\u00e9shumidificateur puissant et connect\u00e9 avec une pompe de relevage, capable [&#8230;]<\/div><span class=\"product_price\">449.90\u20ac<\/span><div class=\"btn btn-default\">Voir le produit<\/div>    <\/div>\n    \n    <div class=\"clear\"><\/div><\/div>\n<div class=\"clear\"><\/div>\t\t\t\t\t\t\t\t<\/div>\n\t\t\t\t<\/div>\n\t\t\t\t\t<\/div>\n\t\t<\/div>\n\t\t\t\t\t<\/div>\n\t\t<\/section>\n\t\t\t\t<\/div>\n\t\t","protected":false},"excerpt":{"rendered":"<p>L\u2019humidit\u00e9 dans la maison est un probl\u00e8me fr\u00e9quent, surtout \u00e0 la fin de l\u2019\u00e9t\u00e9 et en hiver. Elle peut affecter votre confort, la sant\u00e9 de votre famille et m\u00eame l\u2019int\u00e9grit\u00e9 de votre logement. L\u2019utilisation d\u2019un d\u00e9shumidificateur est une solution efficace pour maintenir un taux d\u2019humidit\u00e9 dans une maison optimal et \u00e9viter les cons\u00e9quences n\u00e9fastes de [&hellip;]<\/p>\n","protected":false},"author":1015,"featured_media":22896,"comment_status":"open","ping_status":"closed","sticky":false,"template":"","format":"standard","meta":{"jetpack_post_was_ever_published":false,"_jetpack_newsletter_access":"","_jetpack_dont_email_post_to_subs":false,"_jetpack_newsletter_tier_id":0,"_jetpack_memberships_contains_paywalled_content":false,"_jetpack_memberships_contains_paid_content":false,"jnews-multi-image_gallery":[],"jnews_single_post":{"format":"standard"},"jnews_primary_category":[],"jnews_social_meta":[],"footnotes":""},"categories":[709],"tags":[],"class_list":["post-22880","post","type-post","status-publish","format-standard","has-post-thumbnail","hentry","category-deshumidification"],"yoast_head":"<!-- This site is optimized with the Yoast SEO plugin v27.4 - https:\/\/yoast.com\/product\/yoast-seo-wordpress\/ -->\n<title>D\u00e9shumidificateur : pourquoi l\u2019utiliser fin d\u2019\u00e9t\u00e9 et en hiver - air&amp;me - Le blog du traitement de l&#039;air<\/title>\n<meta name=\"description\" content=\"Prot\u00e9gez votre maison et votre sant\u00e9 avec un d\u00e9shumidificateur maison en fin d\u2019\u00e9t\u00e9 et en hiver.\" \/>\n<meta name=\"robots\" content=\"index, follow, max-snippet:-1, max-image-preview:large, max-video-preview:-1\" \/>\n<link rel=\"canonical\" href=\"https:\/\/www.airandme.fr\/blog\/deshumidification\/deshumidificateur-pourquoi-lutiliser-fin-dete-et-en-hiver\/\" \/>\n<meta property=\"og:locale\" content=\"fr_FR\" \/>\n<meta property=\"og:type\" content=\"article\" \/>\n<meta property=\"og:title\" content=\"D\u00e9shumidificateur : pourquoi l\u2019utiliser fin d\u2019\u00e9t\u00e9 et en hiver - air&amp;me - Le blog du traitement de l&#039;air\" \/>\n<meta property=\"og:description\" content=\"Prot\u00e9gez votre maison et votre sant\u00e9 avec un d\u00e9shumidificateur maison en fin d\u2019\u00e9t\u00e9 et en hiver.\" \/>\n<meta property=\"og:url\" content=\"https:\/\/www.airandme.fr\/blog\/deshumidification\/deshumidificateur-pourquoi-lutiliser-fin-dete-et-en-hiver\/\" \/>\n<meta property=\"og:site_name\" content=\"air&amp;me - Le blog du traitement de l&#039;air\" \/>\n<meta property=\"article:publisher\" content=\"https:\/\/www.facebook.com\/airandme\" \/>\n<meta property=\"article:published_time\" content=\"2025-08-20T09:38:15+00:00\" \/>\n<meta property=\"article:modified_time\" content=\"2026-02-09T14:08:44+00:00\" \/>\n<meta property=\"og:image\" content=\"https:\/\/www.airandme.fr\/blog\/wp-content\/uploads\/deshumidificateur-maison-ete-hiver.webp\" \/>\n\t<meta property=\"og:image:width\" content=\"1200\" \/>\n\t<meta property=\"og:image:height\" content=\"801\" \/>\n\t<meta property=\"og:image:type\" content=\"image\/webp\" \/>\n<meta name=\"author\" content=\"Malak Benachour\" \/>\n<meta name=\"twitter:card\" content=\"summary_large_image\" \/>\n<meta name=\"twitter:label1\" content=\"\u00c9crit par\" \/>\n\t<meta name=\"twitter:data1\" content=\"Malak Benachour\" \/>\n\t<meta name=\"twitter:label2\" content=\"Dur\u00e9e de lecture estim\u00e9e\" \/>\n\t<meta name=\"twitter:data2\" content=\"5 minutes\" \/>\n<script type=\"application\/ld+json\" class=\"yoast-schema-graph\">{\"@context\":\"https:\\\/\\\/schema.org\",\"@graph\":[{\"@type\":\"Article\",\"@id\":\"https:\\\/\\\/www.airandme.fr\\\/blog\\\/deshumidification\\\/deshumidificateur-pourquoi-lutiliser-fin-dete-et-en-hiver\\\/#article\",\"isPartOf\":{\"@id\":\"https:\\\/\\\/www.airandme.fr\\\/blog\\\/deshumidification\\\/deshumidificateur-pourquoi-lutiliser-fin-dete-et-en-hiver\\\/\"},\"author\":{\"name\":\"Malak Benachour\",\"@id\":\"https:\\\/\\\/www.airandme.fr\\\/blog\\\/#\\\/schema\\\/person\\\/f35188b2bfd70fb3802796577bd7dfa3\"},\"headline\":\"D\u00e9shumidificateur : pourquoi l\u2019utiliser fin d\u2019\u00e9t\u00e9 et en hiver\",\"datePublished\":\"2025-08-20T09:38:15+00:00\",\"dateModified\":\"2026-02-09T14:08:44+00:00\",\"mainEntityOfPage\":{\"@id\":\"https:\\\/\\\/www.airandme.fr\\\/blog\\\/deshumidification\\\/deshumidificateur-pourquoi-lutiliser-fin-dete-et-en-hiver\\\/\"},\"wordCount\":824,\"commentCount\":0,\"publisher\":{\"@id\":\"https:\\\/\\\/www.airandme.fr\\\/blog\\\/#organization\"},\"image\":{\"@id\":\"https:\\\/\\\/www.airandme.fr\\\/blog\\\/deshumidification\\\/deshumidificateur-pourquoi-lutiliser-fin-dete-et-en-hiver\\\/#primaryimage\"},\"thumbnailUrl\":\"https:\\\/\\\/i0.wp.com\\\/www.airandme.fr\\\/blog\\\/wp-content\\\/uploads\\\/deshumidificateur-maison-ete-hiver.webp?fit=1200%2C801&ssl=1\",\"articleSection\":[\"D\u00e9shumidification de l'air\"],\"inLanguage\":\"fr-FR\",\"potentialAction\":[{\"@type\":\"CommentAction\",\"name\":\"Comment\",\"target\":[\"https:\\\/\\\/www.airandme.fr\\\/blog\\\/deshumidification\\\/deshumidificateur-pourquoi-lutiliser-fin-dete-et-en-hiver\\\/#respond\"]}]},{\"@type\":\"WebPage\",\"@id\":\"https:\\\/\\\/www.airandme.fr\\\/blog\\\/deshumidification\\\/deshumidificateur-pourquoi-lutiliser-fin-dete-et-en-hiver\\\/\",\"url\":\"https:\\\/\\\/www.airandme.fr\\\/blog\\\/deshumidification\\\/deshumidificateur-pourquoi-lutiliser-fin-dete-et-en-hiver\\\/\",\"name\":\"D\u00e9shumidificateur : pourquoi l\u2019utiliser fin d\u2019\u00e9t\u00e9 et en hiver - air&amp;me - Le blog du traitement de l&#039;air\",\"isPartOf\":{\"@id\":\"https:\\\/\\\/www.airandme.fr\\\/blog\\\/#website\"},\"primaryImageOfPage\":{\"@id\":\"https:\\\/\\\/www.airandme.fr\\\/blog\\\/deshumidification\\\/deshumidificateur-pourquoi-lutiliser-fin-dete-et-en-hiver\\\/#primaryimage\"},\"image\":{\"@id\":\"https:\\\/\\\/www.airandme.fr\\\/blog\\\/deshumidification\\\/deshumidificateur-pourquoi-lutiliser-fin-dete-et-en-hiver\\\/#primaryimage\"},\"thumbnailUrl\":\"https:\\\/\\\/i0.wp.com\\\/www.airandme.fr\\\/blog\\\/wp-content\\\/uploads\\\/deshumidificateur-maison-ete-hiver.webp?fit=1200%2C801&ssl=1\",\"datePublished\":\"2025-08-20T09:38:15+00:00\",\"dateModified\":\"2026-02-09T14:08:44+00:00\",\"description\":\"Prot\u00e9gez votre maison et votre sant\u00e9 avec un d\u00e9shumidificateur maison en fin d\u2019\u00e9t\u00e9 et en hiver.\",\"breadcrumb\":{\"@id\":\"https:\\\/\\\/www.airandme.fr\\\/blog\\\/deshumidification\\\/deshumidificateur-pourquoi-lutiliser-fin-dete-et-en-hiver\\\/#breadcrumb\"},\"inLanguage\":\"fr-FR\",\"potentialAction\":[{\"@type\":\"ReadAction\",\"target\":[\"https:\\\/\\\/www.airandme.fr\\\/blog\\\/deshumidification\\\/deshumidificateur-pourquoi-lutiliser-fin-dete-et-en-hiver\\\/\"]}]},{\"@type\":\"ImageObject\",\"inLanguage\":\"fr-FR\",\"@id\":\"https:\\\/\\\/www.airandme.fr\\\/blog\\\/deshumidification\\\/deshumidificateur-pourquoi-lutiliser-fin-dete-et-en-hiver\\\/#primaryimage\",\"url\":\"https:\\\/\\\/i0.wp.com\\\/www.airandme.fr\\\/blog\\\/wp-content\\\/uploads\\\/deshumidificateur-maison-ete-hiver.webp?fit=1200%2C801&ssl=1\",\"contentUrl\":\"https:\\\/\\\/i0.wp.com\\\/www.airandme.fr\\\/blog\\\/wp-content\\\/uploads\\\/deshumidificateur-maison-ete-hiver.webp?fit=1200%2C801&ssl=1\",\"width\":1200,\"height\":801,\"caption\":\"@wirestock sur @freepik\"},{\"@type\":\"BreadcrumbList\",\"@id\":\"https:\\\/\\\/www.airandme.fr\\\/blog\\\/deshumidification\\\/deshumidificateur-pourquoi-lutiliser-fin-dete-et-en-hiver\\\/#breadcrumb\",\"itemListElement\":[{\"@type\":\"ListItem\",\"position\":1,\"name\":\"Accueil\",\"item\":\"https:\\\/\\\/www.airandme.fr\\\/blog\\\/\"},{\"@type\":\"ListItem\",\"position\":2,\"name\":\"D\u00e9shumidification de l'air\",\"item\":\"https:\\\/\\\/www.airandme.fr\\\/blog\\\/category\\\/deshumidification\\\/\"},{\"@type\":\"ListItem\",\"position\":3,\"name\":\"D\u00e9shumidificateur : pourquoi l\u2019utiliser fin d\u2019\u00e9t\u00e9 et en hiver\"}]},{\"@type\":\"WebSite\",\"@id\":\"https:\\\/\\\/www.airandme.fr\\\/blog\\\/#website\",\"url\":\"https:\\\/\\\/www.airandme.fr\\\/blog\\\/\",\"name\":\"air&me - Le blog du traitement de l'air\",\"description\":\"Solutions pour le traitement de l&#039;air int\u00e9rieur - Le blog du bien air chez soi\",\"publisher\":{\"@id\":\"https:\\\/\\\/www.airandme.fr\\\/blog\\\/#organization\"},\"potentialAction\":[{\"@type\":\"SearchAction\",\"target\":{\"@type\":\"EntryPoint\",\"urlTemplate\":\"https:\\\/\\\/www.airandme.fr\\\/blog\\\/?s={search_term_string}\"},\"query-input\":{\"@type\":\"PropertyValueSpecification\",\"valueRequired\":true,\"valueName\":\"search_term_string\"}}],\"inLanguage\":\"fr-FR\"},{\"@type\":\"Organization\",\"@id\":\"https:\\\/\\\/www.airandme.fr\\\/blog\\\/#organization\",\"name\":\"air&me - Le blog du traitement de l'air\",\"url\":\"https:\\\/\\\/www.airandme.fr\\\/blog\\\/\",\"logo\":{\"@type\":\"ImageObject\",\"inLanguage\":\"fr-FR\",\"@id\":\"https:\\\/\\\/www.airandme.fr\\\/blog\\\/#\\\/schema\\\/logo\\\/image\\\/\",\"url\":\"https:\\\/\\\/i0.wp.com\\\/www.airandme.fr\\\/blog\\\/wp-content\\\/uploads\\\/airandme-logo-blog-300px.png?fit=300%2C120&ssl=1\",\"contentUrl\":\"https:\\\/\\\/i0.wp.com\\\/www.airandme.fr\\\/blog\\\/wp-content\\\/uploads\\\/airandme-logo-blog-300px.png?fit=300%2C120&ssl=1\",\"width\":300,\"height\":120,\"caption\":\"air&me - Le blog du traitement de l'air\"},\"image\":{\"@id\":\"https:\\\/\\\/www.airandme.fr\\\/blog\\\/#\\\/schema\\\/logo\\\/image\\\/\"},\"sameAs\":[\"https:\\\/\\\/www.facebook.com\\\/airandme\",\"https:\\\/\\\/www.instagram.com\\\/air_and_me\\\/\",\"https:\\\/\\\/www.linkedin.com\\\/air-and-me\",\"https:\\\/\\\/www.pinterest.fr\\\/air_and_me\",\"https:\\\/\\\/www.youtube.com\\\/channel\\\/UCmco9cc0iTBmPINR5vaW90A\"]},{\"@type\":\"Person\",\"@id\":\"https:\\\/\\\/www.airandme.fr\\\/blog\\\/#\\\/schema\\\/person\\\/f35188b2bfd70fb3802796577bd7dfa3\",\"name\":\"Malak Benachour\",\"image\":{\"@type\":\"ImageObject\",\"inLanguage\":\"fr-FR\",\"@id\":\"https:\\\/\\\/secure.gravatar.com\\\/avatar\\\/ddca3dc5075e33580fd0e059d4463076bcc25bceb1d6dc91307c9550e800324a?s=96&d=mm&r=g\",\"url\":\"https:\\\/\\\/secure.gravatar.com\\\/avatar\\\/ddca3dc5075e33580fd0e059d4463076bcc25bceb1d6dc91307c9550e800324a?s=96&d=mm&r=g\",\"contentUrl\":\"https:\\\/\\\/secure.gravatar.com\\\/avatar\\\/ddca3dc5075e33580fd0e059d4463076bcc25bceb1d6dc91307c9550e800324a?s=96&d=mm&r=g\",\"caption\":\"Malak Benachour\"},\"url\":\"https:\\\/\\\/www.airandme.fr\\\/blog\\\/author\\\/malak\\\/\"}]}<\/script>\n<!-- \/ Yoast SEO plugin. -->","yoast_head_json":{"title":"D\u00e9shumidificateur : pourquoi l\u2019utiliser fin d\u2019\u00e9t\u00e9 et en hiver - air&amp;me - Le blog du traitement de l&#039;air","description":"Prot\u00e9gez votre maison et votre sant\u00e9 avec un d\u00e9shumidificateur maison en fin d\u2019\u00e9t\u00e9 et en hiver.","robots":{"index":"index","follow":"follow","max-snippet":"max-snippet:-1","max-image-preview":"max-image-preview:large","max-video-preview":"max-video-preview:-1"},"canonical":"https:\/\/www.airandme.fr\/blog\/deshumidification\/deshumidificateur-pourquoi-lutiliser-fin-dete-et-en-hiver\/","og_locale":"fr_FR","og_type":"article","og_title":"D\u00e9shumidificateur : pourquoi l\u2019utiliser fin d\u2019\u00e9t\u00e9 et en hiver - air&amp;me - Le blog du traitement de l&#039;air","og_description":"Prot\u00e9gez votre maison et votre sant\u00e9 avec un d\u00e9shumidificateur maison en fin d\u2019\u00e9t\u00e9 et en hiver.","og_url":"https:\/\/www.airandme.fr\/blog\/deshumidification\/deshumidificateur-pourquoi-lutiliser-fin-dete-et-en-hiver\/","og_site_name":"air&amp;me - Le blog du traitement de l&#039;air","article_publisher":"https:\/\/www.facebook.com\/airandme","article_published_time":"2025-08-20T09:38:15+00:00","article_modified_time":"2026-02-09T14:08:44+00:00","og_image":[{"width":1200,"height":801,"url":"https:\/\/www.airandme.fr\/blog\/wp-content\/uploads\/deshumidificateur-maison-ete-hiver.webp","type":"image\/webp"}],"author":"Malak Benachour","twitter_card":"summary_large_image","twitter_misc":{"\u00c9crit par":"Malak Benachour","Dur\u00e9e de lecture estim\u00e9e":"5 minutes"},"schema":{"@context":"https:\/\/schema.org","@graph":[{"@type":"Article","@id":"https:\/\/www.airandme.fr\/blog\/deshumidification\/deshumidificateur-pourquoi-lutiliser-fin-dete-et-en-hiver\/#article","isPartOf":{"@id":"https:\/\/www.airandme.fr\/blog\/deshumidification\/deshumidificateur-pourquoi-lutiliser-fin-dete-et-en-hiver\/"},"author":{"name":"Malak Benachour","@id":"https:\/\/www.airandme.fr\/blog\/#\/schema\/person\/f35188b2bfd70fb3802796577bd7dfa3"},"headline":"D\u00e9shumidificateur : pourquoi l\u2019utiliser fin d\u2019\u00e9t\u00e9 et en hiver","datePublished":"2025-08-20T09:38:15+00:00","dateModified":"2026-02-09T14:08:44+00:00","mainEntityOfPage":{"@id":"https:\/\/www.airandme.fr\/blog\/deshumidification\/deshumidificateur-pourquoi-lutiliser-fin-dete-et-en-hiver\/"},"wordCount":824,"commentCount":0,"publisher":{"@id":"https:\/\/www.airandme.fr\/blog\/#organization"},"image":{"@id":"https:\/\/www.airandme.fr\/blog\/deshumidification\/deshumidificateur-pourquoi-lutiliser-fin-dete-et-en-hiver\/#primaryimage"},"thumbnailUrl":"https:\/\/i0.wp.com\/www.airandme.fr\/blog\/wp-content\/uploads\/deshumidificateur-maison-ete-hiver.webp?fit=1200%2C801&ssl=1","articleSection":["D\u00e9shumidification de l'air"],"inLanguage":"fr-FR","potentialAction":[{"@type":"CommentAction","name":"Comment","target":["https:\/\/www.airandme.fr\/blog\/deshumidification\/deshumidificateur-pourquoi-lutiliser-fin-dete-et-en-hiver\/#respond"]}]},{"@type":"WebPage","@id":"https:\/\/www.airandme.fr\/blog\/deshumidification\/deshumidificateur-pourquoi-lutiliser-fin-dete-et-en-hiver\/","url":"https:\/\/www.airandme.fr\/blog\/deshumidification\/deshumidificateur-pourquoi-lutiliser-fin-dete-et-en-hiver\/","name":"D\u00e9shumidificateur : pourquoi l\u2019utiliser fin d\u2019\u00e9t\u00e9 et en hiver - air&amp;me - Le blog du traitement de l&#039;air","isPartOf":{"@id":"https:\/\/www.airandme.fr\/blog\/#website"},"primaryImageOfPage":{"@id":"https:\/\/www.airandme.fr\/blog\/deshumidification\/deshumidificateur-pourquoi-lutiliser-fin-dete-et-en-hiver\/#primaryimage"},"image":{"@id":"https:\/\/www.airandme.fr\/blog\/deshumidification\/deshumidificateur-pourquoi-lutiliser-fin-dete-et-en-hiver\/#primaryimage"},"thumbnailUrl":"https:\/\/i0.wp.com\/www.airandme.fr\/blog\/wp-content\/uploads\/deshumidificateur-maison-ete-hiver.webp?fit=1200%2C801&ssl=1","datePublished":"2025-08-20T09:38:15+00:00","dateModified":"2026-02-09T14:08:44+00:00","description":"Prot\u00e9gez votre maison et votre sant\u00e9 avec un d\u00e9shumidificateur maison en fin d\u2019\u00e9t\u00e9 et en hiver.","breadcrumb":{"@id":"https:\/\/www.airandme.fr\/blog\/deshumidification\/deshumidificateur-pourquoi-lutiliser-fin-dete-et-en-hiver\/#breadcrumb"},"inLanguage":"fr-FR","potentialAction":[{"@type":"ReadAction","target":["https:\/\/www.airandme.fr\/blog\/deshumidification\/deshumidificateur-pourquoi-lutiliser-fin-dete-et-en-hiver\/"]}]},{"@type":"ImageObject","inLanguage":"fr-FR","@id":"https:\/\/www.airandme.fr\/blog\/deshumidification\/deshumidificateur-pourquoi-lutiliser-fin-dete-et-en-hiver\/#primaryimage","url":"https:\/\/i0.wp.com\/www.airandme.fr\/blog\/wp-content\/uploads\/deshumidificateur-maison-ete-hiver.webp?fit=1200%2C801&ssl=1","contentUrl":"https:\/\/i0.wp.com\/www.airandme.fr\/blog\/wp-content\/uploads\/deshumidificateur-maison-ete-hiver.webp?fit=1200%2C801&ssl=1","width":1200,"height":801,"caption":"@wirestock sur @freepik"},{"@type":"BreadcrumbList","@id":"https:\/\/www.airandme.fr\/blog\/deshumidification\/deshumidificateur-pourquoi-lutiliser-fin-dete-et-en-hiver\/#breadcrumb","itemListElement":[{"@type":"ListItem","position":1,"name":"Accueil","item":"https:\/\/www.airandme.fr\/blog\/"},{"@type":"ListItem","position":2,"name":"D\u00e9shumidification de l'air","item":"https:\/\/www.airandme.fr\/blog\/category\/deshumidification\/"},{"@type":"ListItem","position":3,"name":"D\u00e9shumidificateur : pourquoi l\u2019utiliser fin d\u2019\u00e9t\u00e9 et en hiver"}]},{"@type":"WebSite","@id":"https:\/\/www.airandme.fr\/blog\/#website","url":"https:\/\/www.airandme.fr\/blog\/","name":"air&me - Le blog du traitement de l'air","description":"Solutions pour le traitement de l&#039;air int\u00e9rieur - Le blog du bien air chez soi","publisher":{"@id":"https:\/\/www.airandme.fr\/blog\/#organization"},"potentialAction":[{"@type":"SearchAction","target":{"@type":"EntryPoint","urlTemplate":"https:\/\/www.airandme.fr\/blog\/?s={search_term_string}"},"query-input":{"@type":"PropertyValueSpecification","valueRequired":true,"valueName":"search_term_string"}}],"inLanguage":"fr-FR"},{"@type":"Organization","@id":"https:\/\/www.airandme.fr\/blog\/#organization","name":"air&me - Le blog du traitement de l'air","url":"https:\/\/www.airandme.fr\/blog\/","logo":{"@type":"ImageObject","inLanguage":"fr-FR","@id":"https:\/\/www.airandme.fr\/blog\/#\/schema\/logo\/image\/","url":"https:\/\/i0.wp.com\/www.airandme.fr\/blog\/wp-content\/uploads\/airandme-logo-blog-300px.png?fit=300%2C120&ssl=1","contentUrl":"https:\/\/i0.wp.com\/www.airandme.fr\/blog\/wp-content\/uploads\/airandme-logo-blog-300px.png?fit=300%2C120&ssl=1","width":300,"height":120,"caption":"air&me - Le blog du traitement de l'air"},"image":{"@id":"https:\/\/www.airandme.fr\/blog\/#\/schema\/logo\/image\/"},"sameAs":["https:\/\/www.facebook.com\/airandme","https:\/\/www.instagram.com\/air_and_me\/","https:\/\/www.linkedin.com\/air-and-me","https:\/\/www.pinterest.fr\/air_and_me","https:\/\/www.youtube.com\/channel\/UCmco9cc0iTBmPINR5vaW90A"]},{"@type":"Person","@id":"https:\/\/www.airandme.fr\/blog\/#\/schema\/person\/f35188b2bfd70fb3802796577bd7dfa3","name":"Malak Benachour","image":{"@type":"ImageObject","inLanguage":"fr-FR","@id":"https:\/\/secure.gravatar.com\/avatar\/ddca3dc5075e33580fd0e059d4463076bcc25bceb1d6dc91307c9550e800324a?s=96&d=mm&r=g","url":"https:\/\/secure.gravatar.com\/avatar\/ddca3dc5075e33580fd0e059d4463076bcc25bceb1d6dc91307c9550e800324a?s=96&d=mm&r=g","contentUrl":"https:\/\/secure.gravatar.com\/avatar\/ddca3dc5075e33580fd0e059d4463076bcc25bceb1d6dc91307c9550e800324a?s=96&d=mm&r=g","caption":"Malak Benachour"},"url":"https:\/\/www.airandme.fr\/blog\/author\/malak\/"}]}},"jetpack_featured_media_url":"https:\/\/i0.wp.com\/www.airandme.fr\/blog\/wp-content\/uploads\/deshumidificateur-maison-ete-hiver.webp?fit=1200%2C801&ssl=1","jetpack_sharing_enabled":true,"jetpack_shortlink":"https:\/\/wp.me\/paHeLN-5X2","_links":{"self":[{"href":"https:\/\/www.airandme.fr\/blog\/wp-json\/wp\/v2\/posts\/22880","targetHints":{"allow":["GET"]}}],"collection":[{"href":"https:\/\/www.airandme.fr\/blog\/wp-json\/wp\/v2\/posts"}],"about":[{"href":"https:\/\/www.airandme.fr\/blog\/wp-json\/wp\/v2\/types\/post"}],"author":[{"embeddable":true,"href":"https:\/\/www.airandme.fr\/blog\/wp-json\/wp\/v2\/users\/1015"}],"replies":[{"embeddable":true,"href":"https:\/\/www.airandme.fr\/blog\/wp-json\/wp\/v2\/comments?post=22880"}],"version-history":[{"count":22,"href":"https:\/\/www.airandme.fr\/blog\/wp-json\/wp\/v2\/posts\/22880\/revisions"}],"predecessor-version":[{"id":23480,"href":"https:\/\/www.airandme.fr\/blog\/wp-json\/wp\/v2\/posts\/22880\/revisions\/23480"}],"wp:featuredmedia":[{"embeddable":true,"href":"https:\/\/www.airandme.fr\/blog\/wp-json\/wp\/v2\/media\/22896"}],"wp:attachment":[{"href":"https:\/\/www.airandme.fr\/blog\/wp-json\/wp\/v2\/media?parent=22880"}],"wp:term":[{"taxonomy":"category","embeddable":true,"href":"https:\/\/www.airandme.fr\/blog\/wp-json\/wp\/v2\/categories?post=22880"},{"taxonomy":"post_tag","embeddable":true,"href":"https:\/\/www.airandme.fr\/blog\/wp-json\/wp\/v2\/tags?post=22880"}],"curies":[{"name":"wp","href":"https:\/\/api.w.org\/{rel}","templated":true}]}}