{"id":22905,"date":"2025-08-25T10:33:27","date_gmt":"2025-08-25T08:33:27","guid":{"rendered":"https:\/\/www.airandme.fr\/blog\/?p=22905"},"modified":"2026-02-09T15:59:51","modified_gmt":"2026-02-09T13:59:51","slug":"preparer-sa-maison-pour-lhiver-5-gestes-simples-pour-reduire-sa-facture-delectricite","status":"publish","type":"post","link":"https:\/\/www.airandme.fr\/blog\/climatisation-chauffage-dappoint\/preparer-sa-maison-pour-lhiver-5-gestes-simples-pour-reduire-sa-facture-delectricite\/","title":{"rendered":"Pr\u00e9parer sa maison pour l\u2019hiver : 5 gestes simples pour r\u00e9duire sa facture d\u2019\u00e9lectricit\u00e9"},"content":{"rendered":"\t\t<div data-elementor-type=\"wp-post\" data-elementor-id=\"22905\" class=\"elementor elementor-22905\">\n\t\t\t\t\t\t<section class=\"elementor-section elementor-top-section elementor-element elementor-element-1b1d0d0e elementor-section-boxed elementor-section-height-default elementor-section-height-default\" data-id=\"1b1d0d0e\" data-element_type=\"section\" data-e-type=\"section\">\n\t\t\t\t\t\t<div class=\"elementor-container elementor-column-gap-default\">\n\t\t\t\t\t<div class=\"elementor-column elementor-col-100 elementor-top-column elementor-element elementor-element-48500ad3\" data-id=\"48500ad3\" data-element_type=\"column\" data-e-type=\"column\">\n\t\t\t<div class=\"elementor-widget-wrap elementor-element-populated\">\n\t\t\t\t\t\t<div class=\"elementor-element elementor-element-70565c1f elementor-widget elementor-widget-text-editor\" data-id=\"70565c1f\" data-element_type=\"widget\" data-e-type=\"widget\" data-widget_type=\"text-editor.default\">\n\t\t\t\t<div class=\"elementor-widget-container\">\n\t\t\t\t\t\t\t\t\t<p data-prosemirror-content-type=\"node\" data-prosemirror-node-name=\"paragraph\" data-prosemirror-node-block=\"true\" data-pm-slice=\"1 1 []\">L\u2019hiver est souvent synonyme de factures d\u2019\u00e9lectricit\u00e9 \u00e9lev\u00e9es. Entre le chauffage, l\u2019\u00e9clairage et les appareils \u00e9lectrom\u00e9nagers, la consommation d\u2019\u00e9nergie peut vite grimper. Heureusement, il existe des <strong data-prosemirror-content-type=\"mark\" data-prosemirror-mark-name=\"strong\">gestes simples et efficaces pour r\u00e9duire sa facture d\u2019\u00e9lectricit\u00e9 en hiver<\/strong> tout en restant confortable. Voici les 5 principaux gestes \u00e0 adopter d\u00e8s maintenant.<\/p>\t\t\t\t\t\t\t\t<\/div>\n\t\t\t\t<\/div>\n\t\t\t\t\t<\/div>\n\t\t<\/div>\n\t\t\t\t\t<\/div>\n\t\t<\/section>\n\t\t\t\t<section class=\"elementor-section elementor-top-section elementor-element elementor-element-8ec2c43 elementor-section-boxed elementor-section-height-default elementor-section-height-default\" data-id=\"8ec2c43\" data-element_type=\"section\" data-e-type=\"section\">\n\t\t\t\t\t\t<div class=\"elementor-container elementor-column-gap-default\">\n\t\t\t\t\t<div class=\"elementor-column elementor-col-100 elementor-top-column elementor-element elementor-element-971c8d9\" data-id=\"971c8d9\" data-element_type=\"column\" data-e-type=\"column\">\n\t\t\t<div class=\"elementor-widget-wrap elementor-element-populated\">\n\t\t\t\t\t\t<div class=\"elementor-element elementor-element-3ccaacdc elementor-widget elementor-widget-heading\" data-id=\"3ccaacdc\" data-element_type=\"widget\" data-e-type=\"widget\" data-widget_type=\"heading.default\">\n\t\t\t\t<div class=\"elementor-widget-container\">\n\t\t\t\t\t<h2 class=\"elementor-heading-title elementor-size-default\">1. Bien isoler les fen\u00eatres et les portes pour \u00e9conomiser l\u2019\u00e9nergie<\/h2>\t\t\t\t<\/div>\n\t\t\t\t<\/div>\n\t\t\t\t\t<\/div>\n\t\t<\/div>\n\t\t\t\t\t<\/div>\n\t\t<\/section>\n\t\t\t\t<section class=\"elementor-section elementor-top-section elementor-element elementor-element-5d15303e elementor-reverse-mobile elementor-section-boxed elementor-section-height-default elementor-section-height-default\" data-id=\"5d15303e\" data-element_type=\"section\" data-e-type=\"section\">\n\t\t\t\t\t\t<div class=\"elementor-container elementor-column-gap-default\">\n\t\t\t\t\t<div class=\"elementor-column elementor-col-50 elementor-top-column elementor-element elementor-element-535337f0\" data-id=\"535337f0\" data-element_type=\"column\" data-e-type=\"column\">\n\t\t\t<div class=\"elementor-widget-wrap elementor-element-populated\">\n\t\t\t\t\t\t<div class=\"elementor-element elementor-element-1b9cfb66 elementor-widget elementor-widget-text-editor\" data-id=\"1b9cfb66\" data-element_type=\"widget\" data-e-type=\"widget\" data-widget_type=\"text-editor.default\">\n\t\t\t\t<div class=\"elementor-widget-container\">\n\t\t\t\t\t\t\t\t\t<p data-prosemirror-content-type=\"node\" data-prosemirror-node-name=\"paragraph\" data-prosemirror-node-block=\"true\" data-pm-slice=\"1 1 []\">Les <strong data-prosemirror-content-type=\"mark\" data-prosemirror-mark-name=\"strong\">pertes de chaleur par les fen\u00eatres et les portes<\/strong> repr\u00e9sentent souvent jusqu\u2019\u00e0 30\u202f% de la consommation de chauffage. Pour limiter ces pertes :<\/p><ul class=\"ak-ul\" data-prosemirror-content-type=\"node\" data-prosemirror-node-name=\"bulletList\" data-prosemirror-node-block=\"true\"><li data-prosemirror-content-type=\"node\" data-prosemirror-node-name=\"listItem\" data-prosemirror-node-block=\"true\"><p data-prosemirror-content-type=\"node\" data-prosemirror-node-name=\"paragraph\" data-prosemirror-node-block=\"true\">Installez des <strong data-prosemirror-content-type=\"mark\" data-prosemirror-mark-name=\"strong\">rideaux thermiques<\/strong> ou \u00e9pais.<\/p><\/li><li data-prosemirror-content-type=\"node\" data-prosemirror-node-name=\"listItem\" data-prosemirror-node-block=\"true\"><p data-prosemirror-content-type=\"node\" data-prosemirror-node-name=\"paragraph\" data-prosemirror-node-block=\"true\">Posez des <strong data-prosemirror-content-type=\"mark\" data-prosemirror-mark-name=\"strong\">boudins de porte<\/strong> pour bloquer les courants d\u2019air.<\/p><\/li><li data-prosemirror-content-type=\"node\" data-prosemirror-node-name=\"listItem\" data-prosemirror-node-block=\"true\"><p data-prosemirror-content-type=\"node\" data-prosemirror-node-name=\"paragraph\" data-prosemirror-node-block=\"true\">Appliquez un <strong data-prosemirror-content-type=\"mark\" data-prosemirror-mark-name=\"strong\">film isolant pour fen\u00eatres<\/strong>, particuli\u00e8rement efficace pour les maisons anciennes.<\/p><\/li><\/ul><p data-prosemirror-content-type=\"node\" data-prosemirror-node-name=\"paragraph\" data-prosemirror-node-block=\"true\">Une bonne isolation des ouvertures permet de garder la chaleur \u00e0 l\u2019int\u00e9rieur, r\u00e9duisant la consommation de chauffage et donc votre <strong data-prosemirror-content-type=\"mark\" data-prosemirror-mark-name=\"strong\">facture d\u2019\u00e9lectricit\u00e9 en hiver<\/strong>.<\/p>\t\t\t\t\t\t\t\t<\/div>\n\t\t\t\t<\/div>\n\t\t\t\t\t<\/div>\n\t\t<\/div>\n\t\t\t\t<div class=\"elementor-column elementor-col-50 elementor-top-column elementor-element elementor-element-79456abd\" data-id=\"79456abd\" data-element_type=\"column\" data-e-type=\"column\">\n\t\t\t<div class=\"elementor-widget-wrap elementor-element-populated\">\n\t\t\t\t\t\t<div class=\"elementor-element elementor-element-51a8c0a3 elementor-widget__width-initial elementor-widget elementor-widget-image\" data-id=\"51a8c0a3\" data-element_type=\"widget\" data-e-type=\"widget\" data-widget_type=\"image.default\">\n\t\t\t\t<div class=\"elementor-widget-container\">\n\t\t\t\t\t\t\t\t\t\t\t\t<figure class=\"wp-caption\">\n\t\t\t\t\t\t\t\t\t\t<img fetchpriority=\"high\" decoding=\"async\" width=\"450\" height=\"250\" src=\"https:\/\/i0.wp.com\/www.airandme.fr\/blog\/wp-content\/uploads\/isolation-fenetre-chauffage.webp?fit=450%2C250&amp;ssl=1\" class=\"attachment-large size-large wp-image-22910\" alt=\"\" srcset=\"https:\/\/i0.wp.com\/www.airandme.fr\/blog\/wp-content\/uploads\/isolation-fenetre-chauffage.webp?w=450&amp;ssl=1 450w, https:\/\/i0.wp.com\/www.airandme.fr\/blog\/wp-content\/uploads\/isolation-fenetre-chauffage.webp?resize=300%2C167&amp;ssl=1 300w\" sizes=\"(max-width: 450px) 100vw, 450px\" \/>\t\t\t\t\t\t\t\t\t\t\t<figcaption class=\"widget-image-caption wp-caption-text\">@tonodiaz sur @freepik<\/figcaption>\n\t\t\t\t\t\t\t\t\t\t<\/figure>\n\t\t\t\t\t\t\t\t\t<\/div>\n\t\t\t\t<\/div>\n\t\t\t\t\t<\/div>\n\t\t<\/div>\n\t\t\t\t\t<\/div>\n\t\t<\/section>\n\t\t\t\t<section class=\"elementor-section elementor-top-section elementor-element elementor-element-59e5a3d elementor-section-boxed elementor-section-height-default elementor-section-height-default\" data-id=\"59e5a3d\" data-element_type=\"section\" data-e-type=\"section\">\n\t\t\t\t\t\t<div class=\"elementor-container elementor-column-gap-default\">\n\t\t\t\t\t<div class=\"elementor-column elementor-col-100 elementor-top-column elementor-element elementor-element-6c29560\" data-id=\"6c29560\" data-element_type=\"column\" data-e-type=\"column\">\n\t\t\t<div class=\"elementor-widget-wrap elementor-element-populated\">\n\t\t\t\t\t\t<div class=\"elementor-element elementor-element-52ea569 elementor-widget elementor-widget-heading\" data-id=\"52ea569\" data-element_type=\"widget\" data-e-type=\"widget\" data-widget_type=\"heading.default\">\n\t\t\t\t<div class=\"elementor-widget-container\">\n\t\t\t\t\t<h2 class=\"elementor-heading-title elementor-size-default\">2. V\u00e9rifier et am\u00e9liorer l\u2019isolation des murs, combles et sols\n\n\n\n<\/h2>\t\t\t\t<\/div>\n\t\t\t\t<\/div>\n\t\t\t\t\t<\/div>\n\t\t<\/div>\n\t\t\t\t\t<\/div>\n\t\t<\/section>\n\t\t\t\t<section class=\"elementor-section elementor-top-section elementor-element elementor-element-74163a84 elementor-section-boxed elementor-section-height-default elementor-section-height-default\" data-id=\"74163a84\" data-element_type=\"section\" data-e-type=\"section\">\n\t\t\t\t\t\t<div class=\"elementor-container elementor-column-gap-default\">\n\t\t\t\t\t<div class=\"elementor-column elementor-col-50 elementor-top-column elementor-element elementor-element-1595d41b\" data-id=\"1595d41b\" data-element_type=\"column\" data-e-type=\"column\">\n\t\t\t<div class=\"elementor-widget-wrap elementor-element-populated\">\n\t\t\t\t\t\t<div class=\"elementor-element elementor-element-86c179f elementor-widget__width-initial elementor-widget elementor-widget-image\" data-id=\"86c179f\" data-element_type=\"widget\" data-e-type=\"widget\" data-widget_type=\"image.default\">\n\t\t\t\t<div class=\"elementor-widget-container\">\n\t\t\t\t\t\t\t\t\t\t\t\t<figure class=\"wp-caption\">\n\t\t\t\t\t\t\t\t\t\t<img decoding=\"async\" width=\"450\" height=\"250\" src=\"https:\/\/i0.wp.com\/www.airandme.fr\/blog\/wp-content\/uploads\/isolation-mur-chauffage.webp?fit=450%2C250&amp;ssl=1\" class=\"attachment-large size-large wp-image-22911\" alt=\"\" srcset=\"https:\/\/i0.wp.com\/www.airandme.fr\/blog\/wp-content\/uploads\/isolation-mur-chauffage.webp?w=450&amp;ssl=1 450w, https:\/\/i0.wp.com\/www.airandme.fr\/blog\/wp-content\/uploads\/isolation-mur-chauffage.webp?resize=300%2C167&amp;ssl=1 300w\" sizes=\"(max-width: 450px) 100vw, 450px\" \/>\t\t\t\t\t\t\t\t\t\t\t<figcaption class=\"widget-image-caption wp-caption-text\">@freepik<\/figcaption>\n\t\t\t\t\t\t\t\t\t\t<\/figure>\n\t\t\t\t\t\t\t\t\t<\/div>\n\t\t\t\t<\/div>\n\t\t\t\t\t<\/div>\n\t\t<\/div>\n\t\t\t\t<div class=\"elementor-column elementor-col-50 elementor-top-column elementor-element elementor-element-7550bffa\" data-id=\"7550bffa\" data-element_type=\"column\" data-e-type=\"column\">\n\t\t\t<div class=\"elementor-widget-wrap elementor-element-populated\">\n\t\t\t\t\t\t<div class=\"elementor-element elementor-element-4176cda0 elementor-widget elementor-widget-text-editor\" data-id=\"4176cda0\" data-element_type=\"widget\" data-e-type=\"widget\" data-widget_type=\"text-editor.default\">\n\t\t\t\t<div class=\"elementor-widget-container\">\n\t\t\t\t\t\t\t\t\t<p data-prosemirror-content-type=\"node\" data-prosemirror-node-name=\"paragraph\" data-prosemirror-node-block=\"true\" data-pm-slice=\"1 1 []\">L\u2019isolation ne se limite pas aux portes et fen\u00eatres. Les <strong data-prosemirror-content-type=\"mark\" data-prosemirror-mark-name=\"strong\">combles, murs et sols mal isol\u00e9s<\/strong> sont de v\u00e9ritables sources de d\u00e9perdition de chaleur. Les solutions efficaces incluent :<\/p><ul class=\"ak-ul\" data-prosemirror-content-type=\"node\" data-prosemirror-node-name=\"bulletList\" data-prosemirror-node-block=\"true\"><li data-prosemirror-content-type=\"node\" data-prosemirror-node-name=\"listItem\" data-prosemirror-node-block=\"true\"><p data-prosemirror-content-type=\"node\" data-prosemirror-node-name=\"paragraph\" data-prosemirror-node-block=\"true\">La pose de <strong data-prosemirror-content-type=\"mark\" data-prosemirror-mark-name=\"strong\">laine de verre ou laine de roche<\/strong> dans les combles.<\/p><\/li><li data-prosemirror-content-type=\"node\" data-prosemirror-node-name=\"listItem\" data-prosemirror-node-block=\"true\"><p data-prosemirror-content-type=\"node\" data-prosemirror-node-name=\"paragraph\" data-prosemirror-node-block=\"true\">L\u2019isolation thermique des murs par l\u2019int\u00e9rieur ou l\u2019ext\u00e9rieur.<\/p><\/li><li data-prosemirror-content-type=\"node\" data-prosemirror-node-name=\"listItem\" data-prosemirror-node-block=\"true\"><p data-prosemirror-content-type=\"node\" data-prosemirror-node-name=\"paragraph\" data-prosemirror-node-block=\"true\">L\u2019ajout de tapis ou rev\u00eatements isolants pour le sol.<\/p><\/li><\/ul><p data-prosemirror-content-type=\"node\" data-prosemirror-node-name=\"paragraph\" data-prosemirror-node-block=\"true\">Investir dans une isolation performante est <strong data-prosemirror-content-type=\"mark\" data-prosemirror-mark-name=\"strong\">rentable sur le long terme<\/strong>, car elle peut r\u00e9duire de 20 \u00e0 30\u202f% votre consommation de chauffage et donc vos co\u00fbts en \u00e9lectricit\u00e9.<\/p>\t\t\t\t\t\t\t\t<\/div>\n\t\t\t\t<\/div>\n\t\t\t\t\t<\/div>\n\t\t<\/div>\n\t\t\t\t\t<\/div>\n\t\t<\/section>\n\t\t\t\t<section class=\"elementor-section elementor-top-section elementor-element elementor-element-a48f730 elementor-section-boxed elementor-section-height-default elementor-section-height-default\" data-id=\"a48f730\" data-element_type=\"section\" data-e-type=\"section\">\n\t\t\t\t\t\t<div class=\"elementor-container elementor-column-gap-default\">\n\t\t\t\t\t<div class=\"elementor-column elementor-col-100 elementor-top-column elementor-element elementor-element-ec0d4dc\" data-id=\"ec0d4dc\" data-element_type=\"column\" data-e-type=\"column\">\n\t\t\t<div class=\"elementor-widget-wrap elementor-element-populated\">\n\t\t\t\t\t\t<div class=\"elementor-element elementor-element-58b1c361 elementor-widget elementor-widget-heading\" data-id=\"58b1c361\" data-element_type=\"widget\" data-e-type=\"widget\" data-widget_type=\"heading.default\">\n\t\t\t\t<div class=\"elementor-widget-container\">\n\t\t\t\t\t<h2 class=\"elementor-heading-title elementor-size-default\">3. Optimiser le chauffage et la ventilation pour \u00e9conomiser<\/h2>\t\t\t\t<\/div>\n\t\t\t\t<\/div>\n\t\t\t\t\t<\/div>\n\t\t<\/div>\n\t\t\t\t\t<\/div>\n\t\t<\/section>\n\t\t\t\t<section class=\"elementor-section elementor-top-section elementor-element elementor-element-cc81ed8 elementor-reverse-mobile elementor-section-boxed elementor-section-height-default elementor-section-height-default\" data-id=\"cc81ed8\" data-element_type=\"section\" data-e-type=\"section\">\n\t\t\t\t\t\t<div class=\"elementor-container elementor-column-gap-default\">\n\t\t\t\t\t<div class=\"elementor-column elementor-col-50 elementor-top-column elementor-element elementor-element-33ae8c6f\" data-id=\"33ae8c6f\" data-element_type=\"column\" data-e-type=\"column\">\n\t\t\t<div class=\"elementor-widget-wrap elementor-element-populated\">\n\t\t\t\t\t\t<div class=\"elementor-element elementor-element-56f05d5d elementor-widget elementor-widget-text-editor\" data-id=\"56f05d5d\" data-element_type=\"widget\" data-e-type=\"widget\" data-widget_type=\"text-editor.default\">\n\t\t\t\t<div class=\"elementor-widget-container\">\n\t\t\t\t\t\t\t\t\t<p data-prosemirror-content-type=\"node\" data-prosemirror-node-name=\"paragraph\" data-prosemirror-node-block=\"true\" data-pm-slice=\"1 1 []\">Le chauffage repr\u00e9sente une grande partie de la consommation \u00e9lectrique en hiver. Pour optimiser :<\/p><ul class=\"ak-ul\" data-prosemirror-content-type=\"node\" data-prosemirror-node-name=\"bulletList\" data-prosemirror-node-block=\"true\"><li data-prosemirror-content-type=\"node\" data-prosemirror-node-name=\"listItem\" data-prosemirror-node-block=\"true\"><p data-prosemirror-content-type=\"node\" data-prosemirror-node-name=\"paragraph\" data-prosemirror-node-block=\"true\">R\u00e9duisez la temp\u00e9rature de 1 \u00e0 2\u202f\u00b0C dans chaque pi\u00e8ce.<\/p><\/li><li data-prosemirror-content-type=\"node\" data-prosemirror-node-name=\"listItem\" data-prosemirror-node-block=\"true\"><p data-prosemirror-content-type=\"node\" data-prosemirror-node-name=\"paragraph\" data-prosemirror-node-block=\"true\">Installez un <strong data-prosemirror-content-type=\"mark\" data-prosemirror-mark-name=\"strong\">thermostat programmable<\/strong> pour ajuster automatiquement la temp\u00e9rature selon vos besoins.<\/p><\/li><li data-prosemirror-content-type=\"node\" data-prosemirror-node-name=\"listItem\" data-prosemirror-node-block=\"true\"><p data-prosemirror-content-type=\"node\" data-prosemirror-node-name=\"paragraph\" data-prosemirror-node-block=\"true\"><strong data-prosemirror-content-type=\"mark\" data-prosemirror-mark-name=\"strong\">Ventilez correctement<\/strong> votre logement, quelques minutes par jour suffisent pour renouveler l\u2019air sans perdre trop de chaleur.<\/p><\/li><\/ul><p data-prosemirror-content-type=\"node\" data-prosemirror-node-name=\"paragraph\" data-prosemirror-node-block=\"true\">En combinant ces gestes, vous pouvez r\u00e9aliser jusqu\u2019\u00e0 10\u202f% d\u2019<strong data-prosemirror-content-type=\"mark\" data-prosemirror-mark-name=\"strong\">\u00e9conomies d\u2019\u00e9lectricit\u00e9<\/strong> chaque mois.<\/p>\t\t\t\t\t\t\t\t<\/div>\n\t\t\t\t<\/div>\n\t\t\t\t\t<\/div>\n\t\t<\/div>\n\t\t\t\t<div class=\"elementor-column elementor-col-50 elementor-top-column elementor-element elementor-element-3cc680c8\" data-id=\"3cc680c8\" data-element_type=\"column\" data-e-type=\"column\">\n\t\t\t<div class=\"elementor-widget-wrap elementor-element-populated\">\n\t\t\t\t\t\t<div class=\"elementor-element elementor-element-2b324c9f elementor-widget__width-initial elementor-widget elementor-widget-image\" data-id=\"2b324c9f\" data-element_type=\"widget\" data-e-type=\"widget\" data-widget_type=\"image.default\">\n\t\t\t\t<div class=\"elementor-widget-container\">\n\t\t\t\t\t\t\t\t\t\t\t\t\t\t\t\t<a href=\"https:\/\/airandme.fr\/fr\/chauffage\/1512-chauffage-d-appoint-connecte-lison.html\">\n\t\t\t\t\t\t\t<img decoding=\"async\" width=\"1024\" height=\"632\" src=\"https:\/\/i0.wp.com\/www.airandme.fr\/blog\/wp-content\/uploads\/airandme-chauffage-lison-noir-lf03-squared-min-scaled-e1760714087852.webp?fit=1024%2C632&amp;ssl=1\" class=\"attachment-large size-large wp-image-22913\" alt=\"\" srcset=\"https:\/\/i0.wp.com\/www.airandme.fr\/blog\/wp-content\/uploads\/airandme-chauffage-lison-noir-lf03-squared-min-scaled-e1760714087852.webp?w=2560&amp;ssl=1 2560w, https:\/\/i0.wp.com\/www.airandme.fr\/blog\/wp-content\/uploads\/airandme-chauffage-lison-noir-lf03-squared-min-scaled-e1760714087852.webp?resize=300%2C185&amp;ssl=1 300w, https:\/\/i0.wp.com\/www.airandme.fr\/blog\/wp-content\/uploads\/airandme-chauffage-lison-noir-lf03-squared-min-scaled-e1760714087852.webp?resize=1024%2C632&amp;ssl=1 1024w, https:\/\/i0.wp.com\/www.airandme.fr\/blog\/wp-content\/uploads\/airandme-chauffage-lison-noir-lf03-squared-min-scaled-e1760714087852.webp?resize=768%2C474&amp;ssl=1 768w, https:\/\/i0.wp.com\/www.airandme.fr\/blog\/wp-content\/uploads\/airandme-chauffage-lison-noir-lf03-squared-min-scaled-e1760714087852.webp?resize=1536%2C948&amp;ssl=1 1536w, https:\/\/i0.wp.com\/www.airandme.fr\/blog\/wp-content\/uploads\/airandme-chauffage-lison-noir-lf03-squared-min-scaled-e1760714087852.webp?resize=2048%2C1264&amp;ssl=1 2048w, https:\/\/i0.wp.com\/www.airandme.fr\/blog\/wp-content\/uploads\/airandme-chauffage-lison-noir-lf03-squared-min-scaled-e1760714087852.webp?resize=750%2C463&amp;ssl=1 750w, https:\/\/i0.wp.com\/www.airandme.fr\/blog\/wp-content\/uploads\/airandme-chauffage-lison-noir-lf03-squared-min-scaled-e1760714087852.webp?resize=1140%2C704&amp;ssl=1 1140w\" sizes=\"(max-width: 1000px) 100vw, 1000px\" \/>\t\t\t\t\t\t\t\t<\/a>\n\t\t\t\t\t\t\t\t\t\t\t\t\t\t\t<\/div>\n\t\t\t\t<\/div>\n\t\t\t\t\t<\/div>\n\t\t<\/div>\n\t\t\t\t\t<\/div>\n\t\t<\/section>\n\t\t\t\t<section class=\"elementor-section elementor-top-section elementor-element elementor-element-a7ab0af elementor-section-boxed elementor-section-height-default elementor-section-height-default\" data-id=\"a7ab0af\" data-element_type=\"section\" data-e-type=\"section\">\n\t\t\t\t\t\t<div class=\"elementor-container elementor-column-gap-default\">\n\t\t\t\t\t<div class=\"elementor-column elementor-col-100 elementor-top-column elementor-element elementor-element-0002f91\" data-id=\"0002f91\" data-element_type=\"column\" data-e-type=\"column\">\n\t\t\t<div class=\"elementor-widget-wrap elementor-element-populated\">\n\t\t\t\t\t\t<div class=\"elementor-element elementor-element-21653e23 elementor-widget elementor-widget-heading\" data-id=\"21653e23\" data-element_type=\"widget\" data-e-type=\"widget\" data-widget_type=\"heading.default\">\n\t\t\t\t<div class=\"elementor-widget-container\">\n\t\t\t\t\t<h2 class=\"elementor-heading-title elementor-size-default\">4. Utiliser des \u00e9quipements et appareils \u00e9conomes en \u00e9nergie<\/h2>\t\t\t\t<\/div>\n\t\t\t\t<\/div>\n\t\t\t\t\t<\/div>\n\t\t<\/div>\n\t\t\t\t\t<\/div>\n\t\t<\/section>\n\t\t\t\t<section class=\"elementor-section elementor-top-section elementor-element elementor-element-317c3604 elementor-section-boxed elementor-section-height-default elementor-section-height-default\" data-id=\"317c3604\" data-element_type=\"section\" data-e-type=\"section\">\n\t\t\t\t\t\t<div class=\"elementor-container elementor-column-gap-default\">\n\t\t\t\t\t<div class=\"elementor-column elementor-col-50 elementor-top-column elementor-element elementor-element-543d8c00\" data-id=\"543d8c00\" data-element_type=\"column\" data-e-type=\"column\">\n\t\t\t<div class=\"elementor-widget-wrap elementor-element-populated\">\n\t\t\t\t\t\t<div class=\"elementor-element elementor-element-642c5236 elementor-widget__width-initial elementor-widget elementor-widget-image\" data-id=\"642c5236\" data-element_type=\"widget\" data-e-type=\"widget\" data-widget_type=\"image.default\">\n\t\t\t\t<div class=\"elementor-widget-container\">\n\t\t\t\t\t\t\t\t\t\t\t\t\t\t\t\t<a href=\"https:\/\/airandme.fr\/fr\/chauffage\/1512-chauffage-d-appoint-connecte-lison.html\">\n\t\t\t\t\t\t\t<img loading=\"lazy\" decoding=\"async\" width=\"800\" height=\"800\" src=\"https:\/\/i0.wp.com\/www.airandme.fr\/blog\/wp-content\/uploads\/airandme-chauffage-lison-noir-lf01-800x800-1.webp?fit=800%2C800&amp;ssl=1\" class=\"attachment-large size-large wp-image-22912\" alt=\"\" srcset=\"https:\/\/i0.wp.com\/www.airandme.fr\/blog\/wp-content\/uploads\/airandme-chauffage-lison-noir-lf01-800x800-1.webp?w=800&amp;ssl=1 800w, https:\/\/i0.wp.com\/www.airandme.fr\/blog\/wp-content\/uploads\/airandme-chauffage-lison-noir-lf01-800x800-1.webp?resize=300%2C300&amp;ssl=1 300w, https:\/\/i0.wp.com\/www.airandme.fr\/blog\/wp-content\/uploads\/airandme-chauffage-lison-noir-lf01-800x800-1.webp?resize=150%2C150&amp;ssl=1 150w, https:\/\/i0.wp.com\/www.airandme.fr\/blog\/wp-content\/uploads\/airandme-chauffage-lison-noir-lf01-800x800-1.webp?resize=768%2C768&amp;ssl=1 768w, https:\/\/i0.wp.com\/www.airandme.fr\/blog\/wp-content\/uploads\/airandme-chauffage-lison-noir-lf01-800x800-1.webp?resize=75%2C75&amp;ssl=1 75w, https:\/\/i0.wp.com\/www.airandme.fr\/blog\/wp-content\/uploads\/airandme-chauffage-lison-noir-lf01-800x800-1.webp?resize=350%2C350&amp;ssl=1 350w, https:\/\/i0.wp.com\/www.airandme.fr\/blog\/wp-content\/uploads\/airandme-chauffage-lison-noir-lf01-800x800-1.webp?resize=750%2C750&amp;ssl=1 750w\" sizes=\"(max-width: 800px) 100vw, 800px\" \/>\t\t\t\t\t\t\t\t<\/a>\n\t\t\t\t\t\t\t\t\t\t\t\t\t\t\t<\/div>\n\t\t\t\t<\/div>\n\t\t\t\t\t<\/div>\n\t\t<\/div>\n\t\t\t\t<div class=\"elementor-column elementor-col-50 elementor-top-column elementor-element elementor-element-44199b64\" data-id=\"44199b64\" data-element_type=\"column\" data-e-type=\"column\">\n\t\t\t<div class=\"elementor-widget-wrap elementor-element-populated\">\n\t\t\t\t\t\t<div class=\"elementor-element elementor-element-4bc6e3e6 elementor-widget elementor-widget-text-editor\" data-id=\"4bc6e3e6\" data-element_type=\"widget\" data-e-type=\"widget\" data-widget_type=\"text-editor.default\">\n\t\t\t\t<div class=\"elementor-widget-container\">\n\t\t\t\t\t\t\t\t\t<p data-prosemirror-content-type=\"node\" data-prosemirror-node-name=\"paragraph\" data-prosemirror-node-block=\"true\" data-pm-slice=\"1 1 []\">Changer vos \u00e9quipements peut aussi r\u00e9duire significativement votre consommation :<\/p><ul class=\"ak-ul\" data-prosemirror-content-type=\"node\" data-prosemirror-node-name=\"bulletList\" data-prosemirror-node-block=\"true\"><li data-prosemirror-content-type=\"node\" data-prosemirror-node-name=\"listItem\" data-prosemirror-node-block=\"true\"><p data-prosemirror-content-type=\"node\" data-prosemirror-node-name=\"paragraph\" data-prosemirror-node-block=\"true\"><strong data-prosemirror-content-type=\"mark\" data-prosemirror-mark-name=\"strong\">Radiateurs \u00e0 inertie<\/strong> ou <strong data-prosemirror-content-type=\"mark\" data-prosemirror-mark-name=\"strong\"><a href=\"https:\/\/airandme.fr\/fr\/233-chauffages-d-appoint\">chauffages d\u2019appoint<\/a> basse consommation<\/strong> pour un confort optimal avec moins d\u2019\u00e9nergie.<\/p><\/li><li data-prosemirror-content-type=\"node\" data-prosemirror-node-name=\"listItem\" data-prosemirror-node-block=\"true\"><p data-prosemirror-content-type=\"node\" data-prosemirror-node-name=\"paragraph\" data-prosemirror-node-block=\"true\"><strong data-prosemirror-content-type=\"mark\" data-prosemirror-mark-name=\"strong\">Purificateurs d\u2019air efficaces<\/strong>, qui consomment peu tout en am\u00e9liorant la qualit\u00e9 de l\u2019air int\u00e9rieur.<\/p><\/li><li data-prosemirror-content-type=\"node\" data-prosemirror-node-name=\"listItem\" data-prosemirror-node-block=\"true\"><p data-prosemirror-content-type=\"node\" data-prosemirror-node-name=\"paragraph\" data-prosemirror-node-block=\"true\">Ampoules LED pour tout l\u2019\u00e9clairage, moins gourmandes en \u00e9nergie que les ampoules classiques.<\/p><\/li><\/ul><p data-prosemirror-content-type=\"node\" data-prosemirror-node-name=\"paragraph\" data-prosemirror-node-block=\"true\">Ces choix permettent d\u2019allier <strong data-prosemirror-content-type=\"mark\" data-prosemirror-mark-name=\"strong\">confort et \u00e9conomies d\u2019\u00e9nergie<\/strong> pour passer un hiver agr\u00e9able sans augmenter la facture d\u2019\u00e9lectricit\u00e9.<\/p>\t\t\t\t\t\t\t\t<\/div>\n\t\t\t\t<\/div>\n\t\t\t\t\t<\/div>\n\t\t<\/div>\n\t\t\t\t\t<\/div>\n\t\t<\/section>\n\t\t\t\t<section class=\"elementor-section elementor-top-section elementor-element elementor-element-38be2a28 elementor-reverse-mobile elementor-section-boxed elementor-section-height-default elementor-section-height-default\" data-id=\"38be2a28\" data-element_type=\"section\" data-e-type=\"section\">\n\t\t\t\t\t\t<div class=\"elementor-container elementor-column-gap-default\">\n\t\t\t\t\t<div class=\"elementor-column elementor-col-100 elementor-top-column elementor-element elementor-element-591e0278\" data-id=\"591e0278\" data-element_type=\"column\" data-e-type=\"column\">\n\t\t\t<div class=\"elementor-widget-wrap elementor-element-populated\">\n\t\t\t\t\t\t<div class=\"elementor-element elementor-element-2498f31b elementor-widget elementor-widget-heading\" data-id=\"2498f31b\" data-element_type=\"widget\" data-e-type=\"widget\" data-widget_type=\"heading.default\">\n\t\t\t\t<div class=\"elementor-widget-container\">\n\t\t\t\t\t<h2 class=\"elementor-heading-title elementor-size-default\">5. Adopter des gestes simples au quotidien\n\n<\/h2>\t\t\t\t<\/div>\n\t\t\t\t<\/div>\n\t\t\t\t<div class=\"elementor-element elementor-element-10d4957a elementor-widget elementor-widget-text-editor\" data-id=\"10d4957a\" data-element_type=\"widget\" data-e-type=\"widget\" data-widget_type=\"text-editor.default\">\n\t\t\t\t<div class=\"elementor-widget-container\">\n\t\t\t\t\t\t\t\t\t<p data-prosemirror-content-type=\"node\" data-prosemirror-node-name=\"paragraph\" data-prosemirror-node-block=\"true\" data-pm-slice=\"1 1 []\">Enfin, certaines habitudes peuvent r\u00e9duire la consommation \u00e9lectrique :<\/p><ul class=\"ak-ul\" data-prosemirror-content-type=\"node\" data-prosemirror-node-name=\"bulletList\" data-prosemirror-node-block=\"true\"><li data-prosemirror-content-type=\"node\" data-prosemirror-node-name=\"listItem\" data-prosemirror-node-block=\"true\"><p data-prosemirror-content-type=\"node\" data-prosemirror-node-name=\"paragraph\" data-prosemirror-node-block=\"true\">\u00c9teindre les lumi\u00e8res inutiles.<\/p><\/li><li data-prosemirror-content-type=\"node\" data-prosemirror-node-name=\"listItem\" data-prosemirror-node-block=\"true\"><p data-prosemirror-content-type=\"node\" data-prosemirror-node-name=\"paragraph\" data-prosemirror-node-block=\"true\">D\u00e9brancher les appareils en veille.<\/p><\/li><li data-prosemirror-content-type=\"node\" data-prosemirror-node-name=\"listItem\" data-prosemirror-node-block=\"true\"><p data-prosemirror-content-type=\"node\" data-prosemirror-node-name=\"paragraph\" data-prosemirror-node-block=\"true\">Privil\u00e9gier les programmes \u00e9conomiques sur les \u00e9lectrom\u00e9nagers.<\/p><\/li><li data-prosemirror-content-type=\"node\" data-prosemirror-node-name=\"listItem\" data-prosemirror-node-block=\"true\"><p data-prosemirror-content-type=\"node\" data-prosemirror-node-name=\"paragraph\" data-prosemirror-node-block=\"true\">Limiter l\u2019usage du four ou du s\u00e8che-linge aux moments o\u00f9 l\u2019\u00e9lectricit\u00e9 est moins ch\u00e8re.<\/p><\/li><\/ul><p data-prosemirror-content-type=\"node\" data-prosemirror-node-name=\"paragraph\" data-prosemirror-node-block=\"true\">Ces gestes, cumul\u00e9s, ont un impact r\u00e9el sur la <strong data-prosemirror-content-type=\"mark\" data-prosemirror-mark-name=\"strong\">consommation \u00e9lectrique hivernale<\/strong>.<\/p>\t\t\t\t\t\t\t\t<\/div>\n\t\t\t\t<\/div>\n\t\t\t\t\t<\/div>\n\t\t<\/div>\n\t\t\t\t\t<\/div>\n\t\t<\/section>\n\t\t\t\t<section class=\"elementor-section elementor-top-section elementor-element elementor-element-478db7cb elementor-section-boxed elementor-section-height-default elementor-section-height-default\" data-id=\"478db7cb\" data-element_type=\"section\" data-e-type=\"section\">\n\t\t\t\t\t\t<div class=\"elementor-container elementor-column-gap-default\">\n\t\t\t\t\t<div class=\"elementor-column elementor-col-100 elementor-top-column elementor-element elementor-element-52619f25\" data-id=\"52619f25\" data-element_type=\"column\" data-e-type=\"column\">\n\t\t\t<div class=\"elementor-widget-wrap elementor-element-populated\">\n\t\t\t\t\t\t<div class=\"elementor-element elementor-element-1ac49948 elementor-widget elementor-widget-text-editor\" data-id=\"1ac49948\" data-element_type=\"widget\" data-e-type=\"widget\" data-widget_type=\"text-editor.default\">\n\t\t\t\t<div class=\"elementor-widget-container\">\n\t\t\t\t\t\t\t\t\t<p data-prosemirror-content-type=\"node\" data-prosemirror-node-name=\"paragraph\" data-prosemirror-node-block=\"true\" data-pm-slice=\"1 1 []\">Pr\u00e9parer sa maison pour l\u2019hiver va bien au-del\u00e0 d\u2019augmenter le chauffage. <strong data-prosemirror-content-type=\"mark\" data-prosemirror-mark-name=\"strong\">Isoler efficacement votre logement, optimiser le chauffage et la ventilation, choisir des \u00e9quipements \u00e9conomes et adopter des gestes simples au quotidien<\/strong> sont les cl\u00e9s pour r\u00e9duire sa facture d\u2019\u00e9lectricit\u00e9.<\/p><p data-prosemirror-content-type=\"node\" data-prosemirror-node-name=\"paragraph\" data-prosemirror-node-block=\"true\">En appliquant ces 5 gestes, vous pourrez profiter d\u2019un hiver confortable tout en r\u00e9alisant des <strong data-prosemirror-content-type=\"mark\" data-prosemirror-mark-name=\"strong\">\u00e9conomies d\u2019\u00e9nergie substantielles<\/strong>.<\/p>\t\t\t\t\t\t\t\t<\/div>\n\t\t\t\t<\/div>\n\t\t\t\t<div class=\"elementor-element elementor-element-a0cd9ec elementor-widget elementor-widget-heading\" data-id=\"a0cd9ec\" data-element_type=\"widget\" data-e-type=\"widget\" data-widget_type=\"heading.default\">\n\t\t\t\t<div class=\"elementor-widget-container\">\n\t\t\t\t\t<h3 class=\"elementor-heading-title elementor-size-default\">NOTRE SELECTION DE CHAUFFAGE<\/h3>\t\t\t\t<\/div>\n\t\t\t\t<\/div>\n\t\t\t\t\t<\/div>\n\t\t<\/div>\n\t\t\t\t\t<\/div>\n\t\t<\/section>\n\t\t\t\t<section class=\"elementor-section elementor-top-section elementor-element elementor-element-7f0640f9 elementor-section-boxed elementor-section-height-default elementor-section-height-default\" data-id=\"7f0640f9\" data-element_type=\"section\" data-e-type=\"section\">\n\t\t\t\t\t\t<div class=\"elementor-container elementor-column-gap-default\">\n\t\t\t\t\t<div class=\"elementor-column elementor-col-100 elementor-top-column elementor-element elementor-element-515807f7\" data-id=\"515807f7\" data-element_type=\"column\" data-e-type=\"column\">\n\t\t\t<div class=\"elementor-widget-wrap elementor-element-populated\">\n\t\t\t\t\t\t<div class=\"elementor-element elementor-element-74130ccf elementor-widget elementor-widget-text-editor\" data-id=\"74130ccf\" data-element_type=\"widget\" data-e-type=\"widget\" data-widget_type=\"text-editor.default\">\n\t\t\t\t<div class=\"elementor-widget-container\">\n\t\t\t\t\t\t\t\t\t<div class=\"row ppgbo_row ppgbo_product_1\">\n    \n    <div class=\"product col-4\">\n        <a class=\"product_link\" target=\"_blank\" href=\"https:\/\/airandme.fr\/fr\/chauffage\/1512-chauffage-d-appoint-connecte-lison.html\">Chauffage d&#039;appoint connect\u00e9 LISON<\/a><img data-recalc-dims=\"1\" loading=\"lazy\" decoding=\"async\" class=\"product_image\" src=\"https:\/\/i0.wp.com\/airandme.fr\/9931-medium_default\/1.jpg?resize=250%2C250&#038;ssl=1\"  alt=\"Chauffage d&#039;appoint connect\u00e9 LISON\" width=\"250\" height=\"250\" \/><h4 class=\"product_name\">Chauffage d&#039;appoint connect\u00e9 LISON<\/h4><div class=\"product_description_short\">N&#039;ayez plus jamais froid avec LISON. Ce chauffage d&#039;appoint connect\u00e9 au c\u0153ur [&#8230;]<\/div><span class=\"product_price\">44.90\u20ac<\/span><div class=\"btn btn-default\">Voir le produit<\/div>    <\/div>\n    \n    \n    <div class=\"product col-4\">\n        <a class=\"product_link\" target=\"_blank\" href=\"https:\/\/airandme.fr\/fr\/12-chauffage\">Chauffage d\u2019appoint PAUL Noir<\/a><img data-recalc-dims=\"1\" loading=\"lazy\" decoding=\"async\" class=\"product_image\" src=\"https:\/\/i0.wp.com\/airandme.fr\/8740-medium_default\/1.jpg?resize=250%2C250&#038;ssl=1\"  alt=\"Chauffage d\u2019appoint PAUL Noir\" width=\"250\" height=\"250\" \/><h4 class=\"product_name\">Chauffage d\u2019appoint PAUL Noir<\/h4><div class=\"product_description_short\">PAUL Noir est LE chauffage d&#039;appoint con\u00e7u pour r\u00e9chauffer votre int\u00e9rieur et m\u00eame [&#8230;]<\/div><span class=\"product_price\">279.00\u20ac<\/span><div class=\"btn btn-default\">Voir le produit<\/div>    <\/div>\n    \n    \n    <div class=\"product col-4\">\n        <a class=\"product_link\" target=\"_blank\" href=\"https:\/\/airandme.fr\/fr\/chauffage\/582-chauffage-d-appoint-anna-blanc.html\">Chauffage d&#039;appoint ANNA Blanc<\/a><img data-recalc-dims=\"1\" loading=\"lazy\" decoding=\"async\" class=\"product_image\" src=\"https:\/\/i0.wp.com\/airandme.fr\/8721-medium_default\/1.jpg?resize=250%2C250&#038;ssl=1\"  alt=\"Chauffage d&#039;appoint ANNA Blanc\" width=\"250\" height=\"250\" \/><h4 class=\"product_name\">Chauffage d&#039;appoint ANNA Blanc<\/h4><div class=\"product_description_short\">R\u00e9chauffez votre int\u00e9rieur avec ANNA Blanc, le chauffage \u00e9lectrique \u00e0 avoir [&#8230;]<\/div><span class=\"product_price\">89.00\u20ac<\/span><div class=\"btn btn-default\">Voir le produit<\/div>    <\/div>\n    \n    <div class=\"clear\"><\/div><\/div>\n<div class=\"clear\"><\/div>\t\t\t\t\t\t\t\t<\/div>\n\t\t\t\t<\/div>\n\t\t\t\t\t<\/div>\n\t\t<\/div>\n\t\t\t\t\t<\/div>\n\t\t<\/section>\n\t\t\t\t<\/div>\n\t\t","protected":false},"excerpt":{"rendered":"<p>L\u2019hiver est souvent synonyme de factures d\u2019\u00e9lectricit\u00e9 \u00e9lev\u00e9es. Entre le chauffage, l\u2019\u00e9clairage et les appareils \u00e9lectrom\u00e9nagers, la consommation d\u2019\u00e9nergie peut vite grimper. Heureusement, il existe des gestes simples et efficaces pour r\u00e9duire sa facture d\u2019\u00e9lectricit\u00e9 en hiver tout en restant confortable. Voici les 5 principaux gestes \u00e0 adopter d\u00e8s maintenant. 1. Bien isoler les fen\u00eatres [&hellip;]<\/p>\n","protected":false},"author":1015,"featured_media":22912,"comment_status":"open","ping_status":"closed","sticky":false,"template":"","format":"standard","meta":{"jetpack_post_was_ever_published":false,"_jetpack_newsletter_access":"","_jetpack_dont_email_post_to_subs":false,"_jetpack_newsletter_tier_id":0,"_jetpack_memberships_contains_paywalled_content":false,"_jetpack_memberships_contains_paid_content":false,"jnews-multi-image_gallery":[],"jnews_single_post":{"format":"standard"},"jnews_primary_category":[],"jnews_social_meta":[],"footnotes":""},"categories":[707],"tags":[],"class_list":["post-22905","post","type-post","status-publish","format-standard","has-post-thumbnail","hentry","category-climatisation-chauffage-dappoint"],"yoast_head":"<!-- This site is optimized with the Yoast SEO plugin v27.4 - https:\/\/yoast.com\/product\/yoast-seo-wordpress\/ -->\n<title>R\u00e9duire sa facture d\u2019\u00e9lectricit\u00e9 en hiver : 5 gestes simples<\/title>\n<meta name=\"description\" content=\"5 gestes simples pour pr\u00e9parer sa maison \u00e0 l\u2019hiver et r\u00e9duire sa facture d\u2019\u00e9lectricit\u00e9 tout en restant confortable.\" \/>\n<meta name=\"robots\" content=\"index, follow, max-snippet:-1, max-image-preview:large, max-video-preview:-1\" \/>\n<link rel=\"canonical\" href=\"https:\/\/www.airandme.fr\/blog\/climatisation-chauffage-dappoint\/preparer-sa-maison-pour-lhiver-5-gestes-simples-pour-reduire-sa-facture-delectricite\/\" \/>\n<meta property=\"og:locale\" content=\"fr_FR\" \/>\n<meta property=\"og:type\" content=\"article\" \/>\n<meta property=\"og:title\" content=\"R\u00e9duire sa facture d\u2019\u00e9lectricit\u00e9 en hiver : 5 gestes simples\" \/>\n<meta property=\"og:description\" content=\"5 gestes simples pour pr\u00e9parer sa maison \u00e0 l\u2019hiver et r\u00e9duire sa facture d\u2019\u00e9lectricit\u00e9 tout en restant confortable.\" \/>\n<meta property=\"og:url\" content=\"https:\/\/www.airandme.fr\/blog\/climatisation-chauffage-dappoint\/preparer-sa-maison-pour-lhiver-5-gestes-simples-pour-reduire-sa-facture-delectricite\/\" \/>\n<meta property=\"og:site_name\" content=\"air&amp;me - Le blog du traitement de l&#039;air\" \/>\n<meta property=\"article:publisher\" content=\"https:\/\/www.facebook.com\/airandme\" \/>\n<meta property=\"article:published_time\" content=\"2025-08-25T08:33:27+00:00\" \/>\n<meta property=\"article:modified_time\" content=\"2026-02-09T13:59:51+00:00\" \/>\n<meta property=\"og:image\" content=\"https:\/\/www.airandme.fr\/blog\/wp-content\/uploads\/airandme-chauffage-lison-noir-lf01-800x800-1.webp\" \/>\n\t<meta property=\"og:image:width\" content=\"800\" \/>\n\t<meta property=\"og:image:height\" content=\"800\" \/>\n\t<meta property=\"og:image:type\" content=\"image\/webp\" \/>\n<meta name=\"author\" content=\"Malak Benachour\" \/>\n<meta name=\"twitter:card\" content=\"summary_large_image\" \/>\n<meta name=\"twitter:label1\" content=\"\u00c9crit par\" \/>\n\t<meta name=\"twitter:data1\" content=\"Malak Benachour\" \/>\n\t<meta name=\"twitter:label2\" content=\"Dur\u00e9e de lecture estim\u00e9e\" \/>\n\t<meta name=\"twitter:data2\" content=\"5 minutes\" \/>\n<script type=\"application\/ld+json\" class=\"yoast-schema-graph\">{\"@context\":\"https:\\\/\\\/schema.org\",\"@graph\":[{\"@type\":\"Article\",\"@id\":\"https:\\\/\\\/www.airandme.fr\\\/blog\\\/climatisation-chauffage-dappoint\\\/preparer-sa-maison-pour-lhiver-5-gestes-simples-pour-reduire-sa-facture-delectricite\\\/#article\",\"isPartOf\":{\"@id\":\"https:\\\/\\\/www.airandme.fr\\\/blog\\\/climatisation-chauffage-dappoint\\\/preparer-sa-maison-pour-lhiver-5-gestes-simples-pour-reduire-sa-facture-delectricite\\\/\"},\"author\":{\"name\":\"Malak Benachour\",\"@id\":\"https:\\\/\\\/www.airandme.fr\\\/blog\\\/#\\\/schema\\\/person\\\/f35188b2bfd70fb3802796577bd7dfa3\"},\"headline\":\"Pr\u00e9parer sa maison pour l\u2019hiver : 5 gestes simples pour r\u00e9duire sa facture d\u2019\u00e9lectricit\u00e9\",\"datePublished\":\"2025-08-25T08:33:27+00:00\",\"dateModified\":\"2026-02-09T13:59:51+00:00\",\"mainEntityOfPage\":{\"@id\":\"https:\\\/\\\/www.airandme.fr\\\/blog\\\/climatisation-chauffage-dappoint\\\/preparer-sa-maison-pour-lhiver-5-gestes-simples-pour-reduire-sa-facture-delectricite\\\/\"},\"wordCount\":588,\"commentCount\":0,\"publisher\":{\"@id\":\"https:\\\/\\\/www.airandme.fr\\\/blog\\\/#organization\"},\"image\":{\"@id\":\"https:\\\/\\\/www.airandme.fr\\\/blog\\\/climatisation-chauffage-dappoint\\\/preparer-sa-maison-pour-lhiver-5-gestes-simples-pour-reduire-sa-facture-delectricite\\\/#primaryimage\"},\"thumbnailUrl\":\"https:\\\/\\\/i0.wp.com\\\/www.airandme.fr\\\/blog\\\/wp-content\\\/uploads\\\/airandme-chauffage-lison-noir-lf01-800x800-1.webp?fit=800%2C800&ssl=1\",\"articleSection\":[\"Climatisation et chauffage d'appoint\"],\"inLanguage\":\"fr-FR\",\"potentialAction\":[{\"@type\":\"CommentAction\",\"name\":\"Comment\",\"target\":[\"https:\\\/\\\/www.airandme.fr\\\/blog\\\/climatisation-chauffage-dappoint\\\/preparer-sa-maison-pour-lhiver-5-gestes-simples-pour-reduire-sa-facture-delectricite\\\/#respond\"]}]},{\"@type\":\"WebPage\",\"@id\":\"https:\\\/\\\/www.airandme.fr\\\/blog\\\/climatisation-chauffage-dappoint\\\/preparer-sa-maison-pour-lhiver-5-gestes-simples-pour-reduire-sa-facture-delectricite\\\/\",\"url\":\"https:\\\/\\\/www.airandme.fr\\\/blog\\\/climatisation-chauffage-dappoint\\\/preparer-sa-maison-pour-lhiver-5-gestes-simples-pour-reduire-sa-facture-delectricite\\\/\",\"name\":\"R\u00e9duire sa facture d\u2019\u00e9lectricit\u00e9 en hiver : 5 gestes simples\",\"isPartOf\":{\"@id\":\"https:\\\/\\\/www.airandme.fr\\\/blog\\\/#website\"},\"primaryImageOfPage\":{\"@id\":\"https:\\\/\\\/www.airandme.fr\\\/blog\\\/climatisation-chauffage-dappoint\\\/preparer-sa-maison-pour-lhiver-5-gestes-simples-pour-reduire-sa-facture-delectricite\\\/#primaryimage\"},\"image\":{\"@id\":\"https:\\\/\\\/www.airandme.fr\\\/blog\\\/climatisation-chauffage-dappoint\\\/preparer-sa-maison-pour-lhiver-5-gestes-simples-pour-reduire-sa-facture-delectricite\\\/#primaryimage\"},\"thumbnailUrl\":\"https:\\\/\\\/i0.wp.com\\\/www.airandme.fr\\\/blog\\\/wp-content\\\/uploads\\\/airandme-chauffage-lison-noir-lf01-800x800-1.webp?fit=800%2C800&ssl=1\",\"datePublished\":\"2025-08-25T08:33:27+00:00\",\"dateModified\":\"2026-02-09T13:59:51+00:00\",\"description\":\"5 gestes simples pour pr\u00e9parer sa maison \u00e0 l\u2019hiver et r\u00e9duire sa facture d\u2019\u00e9lectricit\u00e9 tout en restant confortable.\",\"breadcrumb\":{\"@id\":\"https:\\\/\\\/www.airandme.fr\\\/blog\\\/climatisation-chauffage-dappoint\\\/preparer-sa-maison-pour-lhiver-5-gestes-simples-pour-reduire-sa-facture-delectricite\\\/#breadcrumb\"},\"inLanguage\":\"fr-FR\",\"potentialAction\":[{\"@type\":\"ReadAction\",\"target\":[\"https:\\\/\\\/www.airandme.fr\\\/blog\\\/climatisation-chauffage-dappoint\\\/preparer-sa-maison-pour-lhiver-5-gestes-simples-pour-reduire-sa-facture-delectricite\\\/\"]}]},{\"@type\":\"ImageObject\",\"inLanguage\":\"fr-FR\",\"@id\":\"https:\\\/\\\/www.airandme.fr\\\/blog\\\/climatisation-chauffage-dappoint\\\/preparer-sa-maison-pour-lhiver-5-gestes-simples-pour-reduire-sa-facture-delectricite\\\/#primaryimage\",\"url\":\"https:\\\/\\\/i0.wp.com\\\/www.airandme.fr\\\/blog\\\/wp-content\\\/uploads\\\/airandme-chauffage-lison-noir-lf01-800x800-1.webp?fit=800%2C800&ssl=1\",\"contentUrl\":\"https:\\\/\\\/i0.wp.com\\\/www.airandme.fr\\\/blog\\\/wp-content\\\/uploads\\\/airandme-chauffage-lison-noir-lf01-800x800-1.webp?fit=800%2C800&ssl=1\",\"width\":800,\"height\":800},{\"@type\":\"BreadcrumbList\",\"@id\":\"https:\\\/\\\/www.airandme.fr\\\/blog\\\/climatisation-chauffage-dappoint\\\/preparer-sa-maison-pour-lhiver-5-gestes-simples-pour-reduire-sa-facture-delectricite\\\/#breadcrumb\",\"itemListElement\":[{\"@type\":\"ListItem\",\"position\":1,\"name\":\"Accueil\",\"item\":\"https:\\\/\\\/www.airandme.fr\\\/blog\\\/\"},{\"@type\":\"ListItem\",\"position\":2,\"name\":\"Climatisation et chauffage d'appoint\",\"item\":\"https:\\\/\\\/www.airandme.fr\\\/blog\\\/category\\\/climatisation-chauffage-dappoint\\\/\"},{\"@type\":\"ListItem\",\"position\":3,\"name\":\"Pr\u00e9parer sa maison pour l\u2019hiver : 5 gestes simples pour r\u00e9duire sa facture d\u2019\u00e9lectricit\u00e9\"}]},{\"@type\":\"WebSite\",\"@id\":\"https:\\\/\\\/www.airandme.fr\\\/blog\\\/#website\",\"url\":\"https:\\\/\\\/www.airandme.fr\\\/blog\\\/\",\"name\":\"air&me - Le blog du traitement de l'air\",\"description\":\"Solutions pour le traitement de l&#039;air int\u00e9rieur - Le blog du bien air chez soi\",\"publisher\":{\"@id\":\"https:\\\/\\\/www.airandme.fr\\\/blog\\\/#organization\"},\"potentialAction\":[{\"@type\":\"SearchAction\",\"target\":{\"@type\":\"EntryPoint\",\"urlTemplate\":\"https:\\\/\\\/www.airandme.fr\\\/blog\\\/?s={search_term_string}\"},\"query-input\":{\"@type\":\"PropertyValueSpecification\",\"valueRequired\":true,\"valueName\":\"search_term_string\"}}],\"inLanguage\":\"fr-FR\"},{\"@type\":\"Organization\",\"@id\":\"https:\\\/\\\/www.airandme.fr\\\/blog\\\/#organization\",\"name\":\"air&me - Le blog du traitement de l'air\",\"url\":\"https:\\\/\\\/www.airandme.fr\\\/blog\\\/\",\"logo\":{\"@type\":\"ImageObject\",\"inLanguage\":\"fr-FR\",\"@id\":\"https:\\\/\\\/www.airandme.fr\\\/blog\\\/#\\\/schema\\\/logo\\\/image\\\/\",\"url\":\"https:\\\/\\\/i0.wp.com\\\/www.airandme.fr\\\/blog\\\/wp-content\\\/uploads\\\/airandme-logo-blog-300px.png?fit=300%2C120&ssl=1\",\"contentUrl\":\"https:\\\/\\\/i0.wp.com\\\/www.airandme.fr\\\/blog\\\/wp-content\\\/uploads\\\/airandme-logo-blog-300px.png?fit=300%2C120&ssl=1\",\"width\":300,\"height\":120,\"caption\":\"air&me - Le blog du traitement de l'air\"},\"image\":{\"@id\":\"https:\\\/\\\/www.airandme.fr\\\/blog\\\/#\\\/schema\\\/logo\\\/image\\\/\"},\"sameAs\":[\"https:\\\/\\\/www.facebook.com\\\/airandme\",\"https:\\\/\\\/www.instagram.com\\\/air_and_me\\\/\",\"https:\\\/\\\/www.linkedin.com\\\/air-and-me\",\"https:\\\/\\\/www.pinterest.fr\\\/air_and_me\",\"https:\\\/\\\/www.youtube.com\\\/channel\\\/UCmco9cc0iTBmPINR5vaW90A\"]},{\"@type\":\"Person\",\"@id\":\"https:\\\/\\\/www.airandme.fr\\\/blog\\\/#\\\/schema\\\/person\\\/f35188b2bfd70fb3802796577bd7dfa3\",\"name\":\"Malak Benachour\",\"image\":{\"@type\":\"ImageObject\",\"inLanguage\":\"fr-FR\",\"@id\":\"https:\\\/\\\/secure.gravatar.com\\\/avatar\\\/ddca3dc5075e33580fd0e059d4463076bcc25bceb1d6dc91307c9550e800324a?s=96&d=mm&r=g\",\"url\":\"https:\\\/\\\/secure.gravatar.com\\\/avatar\\\/ddca3dc5075e33580fd0e059d4463076bcc25bceb1d6dc91307c9550e800324a?s=96&d=mm&r=g\",\"contentUrl\":\"https:\\\/\\\/secure.gravatar.com\\\/avatar\\\/ddca3dc5075e33580fd0e059d4463076bcc25bceb1d6dc91307c9550e800324a?s=96&d=mm&r=g\",\"caption\":\"Malak Benachour\"},\"url\":\"https:\\\/\\\/www.airandme.fr\\\/blog\\\/author\\\/malak\\\/\"}]}<\/script>\n<!-- \/ Yoast SEO plugin. -->","yoast_head_json":{"title":"R\u00e9duire sa facture d\u2019\u00e9lectricit\u00e9 en hiver : 5 gestes simples","description":"5 gestes simples pour pr\u00e9parer sa maison \u00e0 l\u2019hiver et r\u00e9duire sa facture d\u2019\u00e9lectricit\u00e9 tout en restant confortable.","robots":{"index":"index","follow":"follow","max-snippet":"max-snippet:-1","max-image-preview":"max-image-preview:large","max-video-preview":"max-video-preview:-1"},"canonical":"https:\/\/www.airandme.fr\/blog\/climatisation-chauffage-dappoint\/preparer-sa-maison-pour-lhiver-5-gestes-simples-pour-reduire-sa-facture-delectricite\/","og_locale":"fr_FR","og_type":"article","og_title":"R\u00e9duire sa facture d\u2019\u00e9lectricit\u00e9 en hiver : 5 gestes simples","og_description":"5 gestes simples pour pr\u00e9parer sa maison \u00e0 l\u2019hiver et r\u00e9duire sa facture d\u2019\u00e9lectricit\u00e9 tout en restant confortable.","og_url":"https:\/\/www.airandme.fr\/blog\/climatisation-chauffage-dappoint\/preparer-sa-maison-pour-lhiver-5-gestes-simples-pour-reduire-sa-facture-delectricite\/","og_site_name":"air&amp;me - Le blog du traitement de l&#039;air","article_publisher":"https:\/\/www.facebook.com\/airandme","article_published_time":"2025-08-25T08:33:27+00:00","article_modified_time":"2026-02-09T13:59:51+00:00","og_image":[{"width":800,"height":800,"url":"https:\/\/www.airandme.fr\/blog\/wp-content\/uploads\/airandme-chauffage-lison-noir-lf01-800x800-1.webp","type":"image\/webp"}],"author":"Malak Benachour","twitter_card":"summary_large_image","twitter_misc":{"\u00c9crit par":"Malak Benachour","Dur\u00e9e de lecture estim\u00e9e":"5 minutes"},"schema":{"@context":"https:\/\/schema.org","@graph":[{"@type":"Article","@id":"https:\/\/www.airandme.fr\/blog\/climatisation-chauffage-dappoint\/preparer-sa-maison-pour-lhiver-5-gestes-simples-pour-reduire-sa-facture-delectricite\/#article","isPartOf":{"@id":"https:\/\/www.airandme.fr\/blog\/climatisation-chauffage-dappoint\/preparer-sa-maison-pour-lhiver-5-gestes-simples-pour-reduire-sa-facture-delectricite\/"},"author":{"name":"Malak Benachour","@id":"https:\/\/www.airandme.fr\/blog\/#\/schema\/person\/f35188b2bfd70fb3802796577bd7dfa3"},"headline":"Pr\u00e9parer sa maison pour l\u2019hiver : 5 gestes simples pour r\u00e9duire sa facture d\u2019\u00e9lectricit\u00e9","datePublished":"2025-08-25T08:33:27+00:00","dateModified":"2026-02-09T13:59:51+00:00","mainEntityOfPage":{"@id":"https:\/\/www.airandme.fr\/blog\/climatisation-chauffage-dappoint\/preparer-sa-maison-pour-lhiver-5-gestes-simples-pour-reduire-sa-facture-delectricite\/"},"wordCount":588,"commentCount":0,"publisher":{"@id":"https:\/\/www.airandme.fr\/blog\/#organization"},"image":{"@id":"https:\/\/www.airandme.fr\/blog\/climatisation-chauffage-dappoint\/preparer-sa-maison-pour-lhiver-5-gestes-simples-pour-reduire-sa-facture-delectricite\/#primaryimage"},"thumbnailUrl":"https:\/\/i0.wp.com\/www.airandme.fr\/blog\/wp-content\/uploads\/airandme-chauffage-lison-noir-lf01-800x800-1.webp?fit=800%2C800&ssl=1","articleSection":["Climatisation et chauffage d'appoint"],"inLanguage":"fr-FR","potentialAction":[{"@type":"CommentAction","name":"Comment","target":["https:\/\/www.airandme.fr\/blog\/climatisation-chauffage-dappoint\/preparer-sa-maison-pour-lhiver-5-gestes-simples-pour-reduire-sa-facture-delectricite\/#respond"]}]},{"@type":"WebPage","@id":"https:\/\/www.airandme.fr\/blog\/climatisation-chauffage-dappoint\/preparer-sa-maison-pour-lhiver-5-gestes-simples-pour-reduire-sa-facture-delectricite\/","url":"https:\/\/www.airandme.fr\/blog\/climatisation-chauffage-dappoint\/preparer-sa-maison-pour-lhiver-5-gestes-simples-pour-reduire-sa-facture-delectricite\/","name":"R\u00e9duire sa facture d\u2019\u00e9lectricit\u00e9 en hiver : 5 gestes simples","isPartOf":{"@id":"https:\/\/www.airandme.fr\/blog\/#website"},"primaryImageOfPage":{"@id":"https:\/\/www.airandme.fr\/blog\/climatisation-chauffage-dappoint\/preparer-sa-maison-pour-lhiver-5-gestes-simples-pour-reduire-sa-facture-delectricite\/#primaryimage"},"image":{"@id":"https:\/\/www.airandme.fr\/blog\/climatisation-chauffage-dappoint\/preparer-sa-maison-pour-lhiver-5-gestes-simples-pour-reduire-sa-facture-delectricite\/#primaryimage"},"thumbnailUrl":"https:\/\/i0.wp.com\/www.airandme.fr\/blog\/wp-content\/uploads\/airandme-chauffage-lison-noir-lf01-800x800-1.webp?fit=800%2C800&ssl=1","datePublished":"2025-08-25T08:33:27+00:00","dateModified":"2026-02-09T13:59:51+00:00","description":"5 gestes simples pour pr\u00e9parer sa maison \u00e0 l\u2019hiver et r\u00e9duire sa facture d\u2019\u00e9lectricit\u00e9 tout en restant confortable.","breadcrumb":{"@id":"https:\/\/www.airandme.fr\/blog\/climatisation-chauffage-dappoint\/preparer-sa-maison-pour-lhiver-5-gestes-simples-pour-reduire-sa-facture-delectricite\/#breadcrumb"},"inLanguage":"fr-FR","potentialAction":[{"@type":"ReadAction","target":["https:\/\/www.airandme.fr\/blog\/climatisation-chauffage-dappoint\/preparer-sa-maison-pour-lhiver-5-gestes-simples-pour-reduire-sa-facture-delectricite\/"]}]},{"@type":"ImageObject","inLanguage":"fr-FR","@id":"https:\/\/www.airandme.fr\/blog\/climatisation-chauffage-dappoint\/preparer-sa-maison-pour-lhiver-5-gestes-simples-pour-reduire-sa-facture-delectricite\/#primaryimage","url":"https:\/\/i0.wp.com\/www.airandme.fr\/blog\/wp-content\/uploads\/airandme-chauffage-lison-noir-lf01-800x800-1.webp?fit=800%2C800&ssl=1","contentUrl":"https:\/\/i0.wp.com\/www.airandme.fr\/blog\/wp-content\/uploads\/airandme-chauffage-lison-noir-lf01-800x800-1.webp?fit=800%2C800&ssl=1","width":800,"height":800},{"@type":"BreadcrumbList","@id":"https:\/\/www.airandme.fr\/blog\/climatisation-chauffage-dappoint\/preparer-sa-maison-pour-lhiver-5-gestes-simples-pour-reduire-sa-facture-delectricite\/#breadcrumb","itemListElement":[{"@type":"ListItem","position":1,"name":"Accueil","item":"https:\/\/www.airandme.fr\/blog\/"},{"@type":"ListItem","position":2,"name":"Climatisation et chauffage d'appoint","item":"https:\/\/www.airandme.fr\/blog\/category\/climatisation-chauffage-dappoint\/"},{"@type":"ListItem","position":3,"name":"Pr\u00e9parer sa maison pour l\u2019hiver : 5 gestes simples pour r\u00e9duire sa facture d\u2019\u00e9lectricit\u00e9"}]},{"@type":"WebSite","@id":"https:\/\/www.airandme.fr\/blog\/#website","url":"https:\/\/www.airandme.fr\/blog\/","name":"air&me - Le blog du traitement de l'air","description":"Solutions pour le traitement de l&#039;air int\u00e9rieur - Le blog du bien air chez soi","publisher":{"@id":"https:\/\/www.airandme.fr\/blog\/#organization"},"potentialAction":[{"@type":"SearchAction","target":{"@type":"EntryPoint","urlTemplate":"https:\/\/www.airandme.fr\/blog\/?s={search_term_string}"},"query-input":{"@type":"PropertyValueSpecification","valueRequired":true,"valueName":"search_term_string"}}],"inLanguage":"fr-FR"},{"@type":"Organization","@id":"https:\/\/www.airandme.fr\/blog\/#organization","name":"air&me - Le blog du traitement de l'air","url":"https:\/\/www.airandme.fr\/blog\/","logo":{"@type":"ImageObject","inLanguage":"fr-FR","@id":"https:\/\/www.airandme.fr\/blog\/#\/schema\/logo\/image\/","url":"https:\/\/i0.wp.com\/www.airandme.fr\/blog\/wp-content\/uploads\/airandme-logo-blog-300px.png?fit=300%2C120&ssl=1","contentUrl":"https:\/\/i0.wp.com\/www.airandme.fr\/blog\/wp-content\/uploads\/airandme-logo-blog-300px.png?fit=300%2C120&ssl=1","width":300,"height":120,"caption":"air&me - Le blog du traitement de l'air"},"image":{"@id":"https:\/\/www.airandme.fr\/blog\/#\/schema\/logo\/image\/"},"sameAs":["https:\/\/www.facebook.com\/airandme","https:\/\/www.instagram.com\/air_and_me\/","https:\/\/www.linkedin.com\/air-and-me","https:\/\/www.pinterest.fr\/air_and_me","https:\/\/www.youtube.com\/channel\/UCmco9cc0iTBmPINR5vaW90A"]},{"@type":"Person","@id":"https:\/\/www.airandme.fr\/blog\/#\/schema\/person\/f35188b2bfd70fb3802796577bd7dfa3","name":"Malak Benachour","image":{"@type":"ImageObject","inLanguage":"fr-FR","@id":"https:\/\/secure.gravatar.com\/avatar\/ddca3dc5075e33580fd0e059d4463076bcc25bceb1d6dc91307c9550e800324a?s=96&d=mm&r=g","url":"https:\/\/secure.gravatar.com\/avatar\/ddca3dc5075e33580fd0e059d4463076bcc25bceb1d6dc91307c9550e800324a?s=96&d=mm&r=g","contentUrl":"https:\/\/secure.gravatar.com\/avatar\/ddca3dc5075e33580fd0e059d4463076bcc25bceb1d6dc91307c9550e800324a?s=96&d=mm&r=g","caption":"Malak Benachour"},"url":"https:\/\/www.airandme.fr\/blog\/author\/malak\/"}]}},"jetpack_featured_media_url":"https:\/\/i0.wp.com\/www.airandme.fr\/blog\/wp-content\/uploads\/airandme-chauffage-lison-noir-lf01-800x800-1.webp?fit=800%2C800&ssl=1","jetpack_sharing_enabled":true,"jetpack_shortlink":"https:\/\/wp.me\/paHeLN-5Xr","_links":{"self":[{"href":"https:\/\/www.airandme.fr\/blog\/wp-json\/wp\/v2\/posts\/22905","targetHints":{"allow":["GET"]}}],"collection":[{"href":"https:\/\/www.airandme.fr\/blog\/wp-json\/wp\/v2\/posts"}],"about":[{"href":"https:\/\/www.airandme.fr\/blog\/wp-json\/wp\/v2\/types\/post"}],"author":[{"embeddable":true,"href":"https:\/\/www.airandme.fr\/blog\/wp-json\/wp\/v2\/users\/1015"}],"replies":[{"embeddable":true,"href":"https:\/\/www.airandme.fr\/blog\/wp-json\/wp\/v2\/comments?post=22905"}],"version-history":[{"count":22,"href":"https:\/\/www.airandme.fr\/blog\/wp-json\/wp\/v2\/posts\/22905\/revisions"}],"predecessor-version":[{"id":23456,"href":"https:\/\/www.airandme.fr\/blog\/wp-json\/wp\/v2\/posts\/22905\/revisions\/23456"}],"wp:featuredmedia":[{"embeddable":true,"href":"https:\/\/www.airandme.fr\/blog\/wp-json\/wp\/v2\/media\/22912"}],"wp:attachment":[{"href":"https:\/\/www.airandme.fr\/blog\/wp-json\/wp\/v2\/media?parent=22905"}],"wp:term":[{"taxonomy":"category","embeddable":true,"href":"https:\/\/www.airandme.fr\/blog\/wp-json\/wp\/v2\/categories?post=22905"},{"taxonomy":"post_tag","embeddable":true,"href":"https:\/\/www.airandme.fr\/blog\/wp-json\/wp\/v2\/tags?post=22905"}],"curies":[{"name":"wp","href":"https:\/\/api.w.org\/{rel}","templated":true}]}}