{"id":23054,"date":"2025-10-14T09:30:48","date_gmt":"2025-10-14T07:30:48","guid":{"rendered":"https:\/\/www.airandme.fr\/blog\/?p=23054"},"modified":"2026-02-09T13:36:00","modified_gmt":"2026-02-09T11:36:00","slug":"journee-nationale-de-la-qualite-de-lair-respirez-mieux-avec-nos-solutions-bien-etre","status":"publish","type":"post","link":"https:\/\/www.airandme.fr\/blog\/analyse-et-purification-de-lair\/journee-nationale-de-la-qualite-de-lair-respirez-mieux-avec-nos-solutions-bien-etre\/","title":{"rendered":"Journ\u00e9e nationale de la qualit\u00e9 de l\u2019air : respirez mieux avec nos solutions bien-\u00eatre !"},"content":{"rendered":"\t\t<div data-elementor-type=\"wp-post\" data-elementor-id=\"23054\" class=\"elementor elementor-23054\">\n\t\t\t\t\t\t<section class=\"elementor-section elementor-top-section elementor-element elementor-element-1e3316b4 elementor-section-boxed elementor-section-height-default elementor-section-height-default\" data-id=\"1e3316b4\" data-element_type=\"section\" data-e-type=\"section\">\n\t\t\t\t\t\t<div class=\"elementor-container elementor-column-gap-default\">\n\t\t\t\t\t<div class=\"elementor-column elementor-col-100 elementor-top-column elementor-element elementor-element-21c178e4\" data-id=\"21c178e4\" data-element_type=\"column\" data-e-type=\"column\">\n\t\t\t<div class=\"elementor-widget-wrap elementor-element-populated\">\n\t\t\t\t\t\t<div class=\"elementor-element elementor-element-8d22ece elementor-widget elementor-widget-heading\" data-id=\"8d22ece\" data-element_type=\"widget\" data-e-type=\"widget\" data-widget_type=\"heading.default\">\n\t\t\t\t<div class=\"elementor-widget-container\">\n\t\t\t\t\t<h2 class=\"elementor-heading-title elementor-size-default\">Respirez un air plus sain, aujourd\u2019hui et tous les jours<\/h2>\t\t\t\t<\/div>\n\t\t\t\t<\/div>\n\t\t\t\t\t<\/div>\n\t\t<\/div>\n\t\t\t\t\t<\/div>\n\t\t<\/section>\n\t\t\t\t<section class=\"elementor-section elementor-top-section elementor-element elementor-element-3846308a elementor-section-boxed elementor-section-height-default elementor-section-height-default\" data-id=\"3846308a\" data-element_type=\"section\" data-e-type=\"section\">\n\t\t\t\t\t\t<div class=\"elementor-container elementor-column-gap-default\">\n\t\t\t\t\t<div class=\"elementor-column elementor-col-100 elementor-top-column elementor-element elementor-element-112c4664\" data-id=\"112c4664\" data-element_type=\"column\" data-e-type=\"column\">\n\t\t\t<div class=\"elementor-widget-wrap elementor-element-populated\">\n\t\t\t\t\t\t<div class=\"elementor-element elementor-element-7bdc6a02 elementor-widget elementor-widget-text-editor\" data-id=\"7bdc6a02\" data-element_type=\"widget\" data-e-type=\"widget\" data-widget_type=\"text-editor.default\">\n\t\t\t\t<div class=\"elementor-widget-container\">\n\t\t\t\t\t\t\t\t\t<p data-start=\"508\" data-end=\"898\">Ce 14 octobre, nous c\u00e9l\u00e9brons la <strong data-start=\"540\" data-end=\"584\">Journ\u00e9e nationale de la qualit\u00e9 de l\u2019air<\/strong>, un moment cl\u00e9 pour sensibiliser chacun \u00e0 l\u2019importance d\u2019un air int\u00e9rieur sain. Chez <strong data-start=\"670\" data-end=\"684\">Air and Me<\/strong>, cette journ\u00e9e a une r\u00e9sonance toute particuli\u00e8re : notre mission depuis toujours est de vous aider \u00e0 <strong data-start=\"787\" data-end=\"805\">mieux respirer<\/strong> au quotidien gr\u00e2ce \u00e0 des appareils \u00e0 la fois performants, design et simples d\u2019utilisation.<\/p>\n<p data-start=\"900\" data-end=\"1070\">Que vous cherchiez \u00e0 purifier votre air, \u00e0 r\u00e9guler l\u2019humidit\u00e9 ou \u00e0 cr\u00e9er une atmosph\u00e8re relaxante, <strong data-start=\"999\" data-end=\"1067\">nos solutions s\u2019adaptent \u00e0 chaque besoin et chaque espace de vie<\/strong>.<\/p>\t\t\t\t\t\t\t\t<\/div>\n\t\t\t\t<\/div>\n\t\t\t\t\t<\/div>\n\t\t<\/div>\n\t\t\t\t\t<\/div>\n\t\t<\/section>\n\t\t\t\t<section class=\"elementor-section elementor-top-section elementor-element elementor-element-7c192e13 elementor-section-boxed elementor-section-height-default elementor-section-height-default\" data-id=\"7c192e13\" data-element_type=\"section\" data-e-type=\"section\">\n\t\t\t\t\t\t<div class=\"elementor-container elementor-column-gap-default\">\n\t\t\t\t\t<div class=\"elementor-column elementor-col-100 elementor-top-column elementor-element elementor-element-2e8a5502\" data-id=\"2e8a5502\" data-element_type=\"column\" data-e-type=\"column\">\n\t\t\t<div class=\"elementor-widget-wrap elementor-element-populated\">\n\t\t\t\t\t\t<div class=\"elementor-element elementor-element-7f59e584 elementor-widget elementor-widget-heading\" data-id=\"7f59e584\" data-element_type=\"widget\" data-e-type=\"widget\" data-widget_type=\"heading.default\">\n\t\t\t\t<div class=\"elementor-widget-container\">\n\t\t\t\t\t<h2 class=\"elementor-heading-title elementor-size-default\">Pourquoi la qualit\u00e9 de l\u2019air int\u00e9rieur est essentielle\n<\/h2>\t\t\t\t<\/div>\n\t\t\t\t<\/div>\n\t\t\t\t<div class=\"elementor-element elementor-element-441f66f9 elementor-widget elementor-widget-text-editor\" data-id=\"441f66f9\" data-element_type=\"widget\" data-e-type=\"widget\" data-widget_type=\"text-editor.default\">\n\t\t\t\t<div class=\"elementor-widget-container\">\n\t\t\t\t\t\t\t\t\t<p data-start=\"1142\" data-end=\"1406\">On l\u2019oublie souvent, mais <strong data-start=\"1168\" data-end=\"1226\">nous passons plus de 80 % de notre temps \u00e0 l\u2019int\u00e9rieur<\/strong>. Et pourtant, l\u2019air que nous y respirons est souvent plus pollu\u00e9 qu\u2019\u00e0 l\u2019ext\u00e9rieur : poussi\u00e8res, allerg\u00e8nes, <a href=\"https:\/\/www.airandme.fr\/blog\/deshumidification\/moisissures-sur-les-murs-causes-risques-et-solutions-efficaces\/\">moisissures<\/a>, odeurs ou compos\u00e9s volatils (COV) peuvent s\u2019y accumuler.<\/p>\n<p data-start=\"1408\" data-end=\"1629\">Un air de mauvaise qualit\u00e9 peut avoir un impact direct sur le confort, la sant\u00e9 et m\u00eame le sommeil. C\u2019est pourquoi il est essentiel de <strong data-start=\"1543\" data-end=\"1588\">pr\u00e9server un environnement int\u00e9rieur sain<\/strong> \u2014 pour soi, sa famille et ses proches.<\/p>\t\t\t\t\t\t\t\t<\/div>\n\t\t\t\t<\/div>\n\t\t\t\t<div class=\"elementor-element elementor-element-15b676c elementor-widget elementor-widget-heading\" data-id=\"15b676c\" data-element_type=\"widget\" data-e-type=\"widget\" data-widget_type=\"heading.default\">\n\t\t\t\t<div class=\"elementor-widget-container\">\n\t\t\t\t\t<h2 class=\"elementor-heading-title elementor-size-default\">Nos solutions pour un air int\u00e9rieur plus pur<\/h2>\t\t\t\t<\/div>\n\t\t\t\t<\/div>\n\t\t\t\t<div class=\"elementor-element elementor-element-11ce811 elementor-widget elementor-widget-text-editor\" data-id=\"11ce811\" data-element_type=\"widget\" data-e-type=\"widget\" data-widget_type=\"text-editor.default\">\n\t\t\t\t<div class=\"elementor-widget-container\">\n\t\t\t\t\t\t\t\t\t<p>Chez <strong data-start=\"1696\" data-end=\"1710\">Air and Me<\/strong>, nous avons s\u00e9lectionn\u00e9 et d\u00e9velopp\u00e9 une gamme compl\u00e8te de produits pour r\u00e9pondre \u00e0 chaque probl\u00e9matique :<\/p>\t\t\t\t\t\t\t\t<\/div>\n\t\t\t\t<\/div>\n\t\t\t\t\t<\/div>\n\t\t<\/div>\n\t\t\t\t\t<\/div>\n\t\t<\/section>\n\t\t\t\t<section class=\"elementor-section elementor-top-section elementor-element elementor-element-661519db elementor-section-boxed elementor-section-height-default elementor-section-height-default\" data-id=\"661519db\" data-element_type=\"section\" data-e-type=\"section\">\n\t\t\t\t\t\t<div class=\"elementor-container elementor-column-gap-default\">\n\t\t\t\t\t<div class=\"elementor-column elementor-col-50 elementor-top-column elementor-element elementor-element-6e0e238\" data-id=\"6e0e238\" data-element_type=\"column\" data-e-type=\"column\">\n\t\t\t<div class=\"elementor-widget-wrap elementor-element-populated\">\n\t\t\t\t\t\t<div class=\"elementor-element elementor-element-292b45f8 elementor-widget elementor-widget-heading\" data-id=\"292b45f8\" data-element_type=\"widget\" data-e-type=\"widget\" data-widget_type=\"heading.default\">\n\t\t\t\t<div class=\"elementor-widget-container\">\n\t\t\t\t\t<h3 class=\"elementor-heading-title elementor-size-default\">Purificateurs d\u2019air<\/h3>\t\t\t\t<\/div>\n\t\t\t\t<\/div>\n\t\t\t\t<div class=\"elementor-element elementor-element-4d6da020 elementor-widget elementor-widget-text-editor\" data-id=\"4d6da020\" data-element_type=\"widget\" data-e-type=\"widget\" data-widget_type=\"text-editor.default\">\n\t\t\t\t<div class=\"elementor-widget-container\">\n\t\t\t\t\t\t\t\t\t<p>Les <a href=\"https:\/\/airandme.fr\/fr\/27-purification-de-lair\">purificateurs<\/a> \u00e9liminent les particules fines, allerg\u00e8nes, pollens et polluants, pour un air plus propre et plus l\u00e9ger \u00e0 respirer.<\/p>\t\t\t\t\t\t\t\t<\/div>\n\t\t\t\t<\/div>\n\t\t\t\t<div class=\"elementor-element elementor-element-976bf82 elementor-widget elementor-widget-image\" data-id=\"976bf82\" data-element_type=\"widget\" data-e-type=\"widget\" data-widget_type=\"image.default\">\n\t\t\t\t<div class=\"elementor-widget-container\">\n\t\t\t\t\t\t\t\t\t\t\t\t\t\t\t\t<a href=\"https:\/\/airandme.fr\/fr\/purification-de-lair\/1208-purificateur-connecte-lendou.html\">\n\t\t\t\t\t\t\t<img fetchpriority=\"high\" decoding=\"async\" width=\"1024\" height=\"683\" src=\"https:\/\/i0.wp.com\/www.airandme.fr\/blog\/wp-content\/uploads\/airandme-purificateur-lendou-LF41-min-scaled.webp?fit=1024%2C683&amp;ssl=1\" class=\"attachment-large size-large wp-image-22340\" alt=\"\" srcset=\"https:\/\/i0.wp.com\/www.airandme.fr\/blog\/wp-content\/uploads\/airandme-purificateur-lendou-LF41-min-scaled.webp?w=2560&amp;ssl=1 2560w, https:\/\/i0.wp.com\/www.airandme.fr\/blog\/wp-content\/uploads\/airandme-purificateur-lendou-LF41-min-scaled.webp?resize=300%2C200&amp;ssl=1 300w, https:\/\/i0.wp.com\/www.airandme.fr\/blog\/wp-content\/uploads\/airandme-purificateur-lendou-LF41-min-scaled.webp?resize=1024%2C683&amp;ssl=1 1024w, https:\/\/i0.wp.com\/www.airandme.fr\/blog\/wp-content\/uploads\/airandme-purificateur-lendou-LF41-min-scaled.webp?resize=768%2C512&amp;ssl=1 768w, https:\/\/i0.wp.com\/www.airandme.fr\/blog\/wp-content\/uploads\/airandme-purificateur-lendou-LF41-min-scaled.webp?resize=1536%2C1024&amp;ssl=1 1536w, https:\/\/i0.wp.com\/www.airandme.fr\/blog\/wp-content\/uploads\/airandme-purificateur-lendou-LF41-min-scaled.webp?resize=2048%2C1365&amp;ssl=1 2048w, https:\/\/i0.wp.com\/www.airandme.fr\/blog\/wp-content\/uploads\/airandme-purificateur-lendou-LF41-min-scaled.webp?resize=750%2C500&amp;ssl=1 750w, https:\/\/i0.wp.com\/www.airandme.fr\/blog\/wp-content\/uploads\/airandme-purificateur-lendou-LF41-min-scaled.webp?resize=1140%2C760&amp;ssl=1 1140w\" sizes=\"(max-width: 1000px) 100vw, 1000px\" \/>\t\t\t\t\t\t\t\t<\/a>\n\t\t\t\t\t\t\t\t\t\t\t\t\t\t\t<\/div>\n\t\t\t\t<\/div>\n\t\t\t\t\t<\/div>\n\t\t<\/div>\n\t\t\t\t<div class=\"elementor-column elementor-col-50 elementor-top-column elementor-element elementor-element-1deb6ec1\" data-id=\"1deb6ec1\" data-element_type=\"column\" data-e-type=\"column\">\n\t\t\t<div class=\"elementor-widget-wrap elementor-element-populated\">\n\t\t\t\t\t\t<div class=\"elementor-element elementor-element-d1c1971 elementor-widget elementor-widget-heading\" data-id=\"d1c1971\" data-element_type=\"widget\" data-e-type=\"widget\" data-widget_type=\"heading.default\">\n\t\t\t\t<div class=\"elementor-widget-container\">\n\t\t\t\t\t<h3 class=\"elementor-heading-title elementor-size-default\">Humidificateurs<\/h3>\t\t\t\t<\/div>\n\t\t\t\t<\/div>\n\t\t\t\t<div class=\"elementor-element elementor-element-53c6c9d2 elementor-widget elementor-widget-text-editor\" data-id=\"53c6c9d2\" data-element_type=\"widget\" data-e-type=\"widget\" data-widget_type=\"text-editor.default\">\n\t\t\t\t<div class=\"elementor-widget-container\">\n\t\t\t\t\t\t\t\t\t<p>Les <a href=\"https:\/\/airandme.fr\/fr\/5-humidification-de-lair\">humidificateurs<\/a> maintiennent un taux d\u2019humidit\u00e9 optimal, particuli\u00e8rement utile en hiver ou dans les pi\u00e8ces chauff\u00e9es.<\/p>\t\t\t\t\t\t\t\t<\/div>\n\t\t\t\t<\/div>\n\t\t\t\t<div class=\"elementor-element elementor-element-b61a57e elementor-widget elementor-widget-image\" data-id=\"b61a57e\" data-element_type=\"widget\" data-e-type=\"widget\" data-widget_type=\"image.default\">\n\t\t\t\t<div class=\"elementor-widget-container\">\n\t\t\t\t\t\t\t\t\t\t\t\t\t\t\t\t<a href=\"https:\/\/airandme.fr\/fr\/humidification-de-lair\/1511-humidificateur-d-air-clarence.html\">\n\t\t\t\t\t\t\t<img decoding=\"async\" width=\"450\" height=\"297\" src=\"https:\/\/i0.wp.com\/www.airandme.fr\/blog\/wp-content\/uploads\/humidificateur-clarence.webp?fit=450%2C297&amp;ssl=1\" class=\"attachment-large size-large wp-image-23057\" alt=\"\" srcset=\"https:\/\/i0.wp.com\/www.airandme.fr\/blog\/wp-content\/uploads\/humidificateur-clarence.webp?w=450&amp;ssl=1 450w, https:\/\/i0.wp.com\/www.airandme.fr\/blog\/wp-content\/uploads\/humidificateur-clarence.webp?resize=300%2C198&amp;ssl=1 300w\" sizes=\"(max-width: 450px) 100vw, 450px\" \/>\t\t\t\t\t\t\t\t<\/a>\n\t\t\t\t\t\t\t\t\t\t\t\t\t\t\t<\/div>\n\t\t\t\t<\/div>\n\t\t\t\t\t<\/div>\n\t\t<\/div>\n\t\t\t\t\t<\/div>\n\t\t<\/section>\n\t\t\t\t<section class=\"elementor-section elementor-top-section elementor-element elementor-element-18e919c5 elementor-section-boxed elementor-section-height-default elementor-section-height-default\" data-id=\"18e919c5\" data-element_type=\"section\" data-e-type=\"section\">\n\t\t\t\t\t\t<div class=\"elementor-container elementor-column-gap-default\">\n\t\t\t\t\t<div class=\"elementor-column elementor-col-50 elementor-top-column elementor-element elementor-element-6d28c291\" data-id=\"6d28c291\" data-element_type=\"column\" data-e-type=\"column\">\n\t\t\t<div class=\"elementor-widget-wrap elementor-element-populated\">\n\t\t\t\t\t\t<div class=\"elementor-element elementor-element-4940ed5a elementor-widget elementor-widget-heading\" data-id=\"4940ed5a\" data-element_type=\"widget\" data-e-type=\"widget\" data-widget_type=\"heading.default\">\n\t\t\t\t<div class=\"elementor-widget-container\">\n\t\t\t\t\t<h3 class=\"elementor-heading-title elementor-size-default\">Diffuseurs d\u2019huiles essentielles<\/h3>\t\t\t\t<\/div>\n\t\t\t\t<\/div>\n\t\t\t\t<div class=\"elementor-element elementor-element-422ab7bc elementor-widget elementor-widget-text-editor\" data-id=\"422ab7bc\" data-element_type=\"widget\" data-e-type=\"widget\" data-widget_type=\"text-editor.default\">\n\t\t\t\t<div class=\"elementor-widget-container\">\n\t\t\t\t\t\t\t\t\t<p>Les <a href=\"https:\/\/airandme.fr\/fr\/11-diffuseurs-dhuiles-essentielles\">diffuseurs<\/a> parfument et purifient l\u2019air tout en cr\u00e9ant une atmosph\u00e8re apaisante et harmonieuse.<\/p>\t\t\t\t\t\t\t\t<\/div>\n\t\t\t\t<\/div>\n\t\t\t\t<div class=\"elementor-element elementor-element-7379c2a elementor-widget elementor-widget-image\" data-id=\"7379c2a\" data-element_type=\"widget\" data-e-type=\"widget\" data-widget_type=\"image.default\">\n\t\t\t\t<div class=\"elementor-widget-container\">\n\t\t\t\t\t\t\t\t\t\t\t\t\t\t\t\t<a href=\"https:\/\/airandme.fr\/fr\/aromatherapie\/1603-diffuseur-d-huiles-essentielles-sophie-.html\">\n\t\t\t\t\t\t\t<img decoding=\"async\" width=\"450\" height=\"297\" src=\"https:\/\/i0.wp.com\/www.airandme.fr\/blog\/wp-content\/uploads\/SF_Sophie_Sophie_little_lifestyle2_terrace_landscape.webp?fit=450%2C297&amp;ssl=1\" class=\"attachment-large size-large wp-image-22805\" alt=\"\" srcset=\"https:\/\/i0.wp.com\/www.airandme.fr\/blog\/wp-content\/uploads\/SF_Sophie_Sophie_little_lifestyle2_terrace_landscape.webp?w=450&amp;ssl=1 450w, https:\/\/i0.wp.com\/www.airandme.fr\/blog\/wp-content\/uploads\/SF_Sophie_Sophie_little_lifestyle2_terrace_landscape.webp?resize=300%2C198&amp;ssl=1 300w\" sizes=\"(max-width: 450px) 100vw, 450px\" \/>\t\t\t\t\t\t\t\t<\/a>\n\t\t\t\t\t\t\t\t\t\t\t\t\t\t\t<\/div>\n\t\t\t\t<\/div>\n\t\t\t\t\t<\/div>\n\t\t<\/div>\n\t\t\t\t<div class=\"elementor-column elementor-col-50 elementor-top-column elementor-element elementor-element-5ef09361\" data-id=\"5ef09361\" data-element_type=\"column\" data-e-type=\"column\">\n\t\t\t<div class=\"elementor-widget-wrap elementor-element-populated\">\n\t\t\t\t\t\t<div class=\"elementor-element elementor-element-1375d474 elementor-widget elementor-widget-heading\" data-id=\"1375d474\" data-element_type=\"widget\" data-e-type=\"widget\" data-widget_type=\"heading.default\">\n\t\t\t\t<div class=\"elementor-widget-container\">\n\t\t\t\t\t<h3 class=\"elementor-heading-title elementor-size-default\">D\u00e9shumidificateurs<\/h3>\t\t\t\t<\/div>\n\t\t\t\t<\/div>\n\t\t\t\t<div class=\"elementor-element elementor-element-507994f6 elementor-widget elementor-widget-text-editor\" data-id=\"507994f6\" data-element_type=\"widget\" data-e-type=\"widget\" data-widget_type=\"text-editor.default\">\n\t\t\t\t<div class=\"elementor-widget-container\">\n\t\t\t\t\t\t\t\t\t<p>Les <a href=\"https:\/\/airandme.fr\/fr\/22-deshumidification\">d\u00e9shumidificateurs<\/a> r\u00e9duisent l\u2019humidit\u00e9 excessive, pr\u00e9viennent les moisissures et cr\u00e9ent un environnement plus sain.<\/p>\t\t\t\t\t\t\t\t<\/div>\n\t\t\t\t<\/div>\n\t\t\t\t<div class=\"elementor-element elementor-element-8f2fb62 elementor-widget elementor-widget-image\" data-id=\"8f2fb62\" data-element_type=\"widget\" data-e-type=\"widget\" data-widget_type=\"image.default\">\n\t\t\t\t<div class=\"elementor-widget-container\">\n\t\t\t\t\t\t\t\t\t\t\t\t\t\t\t\t<a href=\"https:\/\/airandme.fr\/fr\/deshumidification\/1200-deshumidificateur-connecte-rohan.html\">\n\t\t\t\t\t\t\t<img loading=\"lazy\" decoding=\"async\" width=\"450\" height=\"297\" src=\"https:\/\/i0.wp.com\/www.airandme.fr\/blog\/wp-content\/uploads\/deshumidificateur-arandme.webp?fit=450%2C297&amp;ssl=1\" class=\"attachment-large size-large wp-image-23056\" alt=\"\" srcset=\"https:\/\/i0.wp.com\/www.airandme.fr\/blog\/wp-content\/uploads\/deshumidificateur-arandme.webp?w=450&amp;ssl=1 450w, https:\/\/i0.wp.com\/www.airandme.fr\/blog\/wp-content\/uploads\/deshumidificateur-arandme.webp?resize=300%2C198&amp;ssl=1 300w\" sizes=\"(max-width: 450px) 100vw, 450px\" \/>\t\t\t\t\t\t\t\t<\/a>\n\t\t\t\t\t\t\t\t\t\t\t\t\t\t\t<\/div>\n\t\t\t\t<\/div>\n\t\t\t\t\t<\/div>\n\t\t<\/div>\n\t\t\t\t\t<\/div>\n\t\t<\/section>\n\t\t\t\t<section class=\"elementor-section elementor-top-section elementor-element elementor-element-187d779e elementor-section-boxed elementor-section-height-default elementor-section-height-default\" data-id=\"187d779e\" data-element_type=\"section\" data-e-type=\"section\">\n\t\t\t\t\t\t<div class=\"elementor-container elementor-column-gap-default\">\n\t\t\t\t\t<div class=\"elementor-column elementor-col-100 elementor-top-column elementor-element elementor-element-2b517932\" data-id=\"2b517932\" data-element_type=\"column\" data-e-type=\"column\">\n\t\t\t<div class=\"elementor-widget-wrap elementor-element-populated\">\n\t\t\t\t\t\t<div class=\"elementor-element elementor-element-7a4e6f4 elementor-widget elementor-widget-text-editor\" data-id=\"7a4e6f4\" data-element_type=\"widget\" data-e-type=\"widget\" data-widget_type=\"text-editor.default\">\n\t\t\t\t<div class=\"elementor-widget-container\">\n\t\t\t\t\t\t\t\t\t<p>Chaque appareil combine <strong data-start=\"2270\" data-end=\"2314\">efficacit\u00e9, design et simplicit\u00e9 d\u2019usage<\/strong>, pour que respirer un air sain soit aussi agr\u00e9able que naturel.<\/p>\t\t\t\t\t\t\t\t<\/div>\n\t\t\t\t<\/div>\n\t\t\t\t<div class=\"elementor-element elementor-element-3ac35ac8 elementor-widget elementor-widget-heading\" data-id=\"3ac35ac8\" data-element_type=\"widget\" data-e-type=\"widget\" data-widget_type=\"heading.default\">\n\t\t\t\t<div class=\"elementor-widget-container\">\n\t\t\t\t\t<h2 class=\"elementor-heading-title elementor-size-default\">Une offre sp\u00e9ciale pour f\u00eater la qualit\u00e9 de l\u2019air<\/h2>\t\t\t\t<\/div>\n\t\t\t\t<\/div>\n\t\t\t\t<div class=\"elementor-element elementor-element-430656d elementor-widget elementor-widget-text-editor\" data-id=\"430656d\" data-element_type=\"widget\" data-e-type=\"widget\" data-widget_type=\"text-editor.default\">\n\t\t\t\t<div class=\"elementor-widget-container\">\n\t\t\t\t\t\t\t\t\t<p data-start=\"2447\" data-end=\"2630\">\u00c0 l\u2019occasion de la <strong data-start=\"2466\" data-end=\"2510\">Journ\u00e9e nationale de la qualit\u00e9 de l\u2019air<\/strong>, <strong data-start=\"2512\" data-end=\"2526\">Air and Me<\/strong> vous offre une belle opportunit\u00e9 de (vous) faire plaisir tout en prenant soin de votre air int\u00e9rieur.<\/p>\n<p data-start=\"2632\" data-end=\"2773\">\u00a0<\/p>\t\t\t\t\t\t\t\t<\/div>\n\t\t\t\t<\/div>\n\t\t\t\t\t<\/div>\n\t\t<\/div>\n\t\t\t\t\t<\/div>\n\t\t<\/section>\n\t\t\t\t<section class=\"elementor-section elementor-top-section elementor-element elementor-element-6cb75995 elementor-section-boxed elementor-section-height-default elementor-section-height-default\" data-id=\"6cb75995\" data-element_type=\"section\" data-e-type=\"section\">\n\t\t\t\t\t\t<div class=\"elementor-container elementor-column-gap-default\">\n\t\t\t\t\t<div class=\"elementor-column elementor-col-50 elementor-top-column elementor-element elementor-element-cc0b40f\" data-id=\"cc0b40f\" data-element_type=\"column\" data-e-type=\"column\">\n\t\t\t<div class=\"elementor-widget-wrap elementor-element-populated\">\n\t\t\t\t\t\t<div class=\"elementor-element elementor-element-496a453c elementor-widget elementor-widget-heading\" data-id=\"496a453c\" data-element_type=\"widget\" data-e-type=\"widget\" data-widget_type=\"heading.default\">\n\t\t\t\t<div class=\"elementor-widget-container\">\n\t\t\t\t\t<h3 class=\"elementor-heading-title elementor-size-default\">Un diffuseur de parfum Lina offert <\/h3>\t\t\t\t<\/div>\n\t\t\t\t<\/div>\n\t\t\t\t<div class=\"elementor-element elementor-element-15083379 elementor-widget elementor-widget-text-editor\" data-id=\"15083379\" data-element_type=\"widget\" data-e-type=\"widget\" data-widget_type=\"text-editor.default\">\n\t\t\t\t<div class=\"elementor-widget-container\">\n\t\t\t\t\t\t\t\t\t<p><strong>* D\u00e8s 300 \u20ac d\u2019achat (hors d\u00e9shumidificateurs)<\/strong><\/p>\t\t\t\t\t\t\t\t<\/div>\n\t\t\t\t<\/div>\n\t\t\t\t\t<\/div>\n\t\t<\/div>\n\t\t\t\t<div class=\"elementor-column elementor-col-50 elementor-top-column elementor-element elementor-element-5daaaa82\" data-id=\"5daaaa82\" data-element_type=\"column\" data-e-type=\"column\">\n\t\t\t<div class=\"elementor-widget-wrap elementor-element-populated\">\n\t\t\t\t\t\t<div class=\"elementor-element elementor-element-3109287f elementor-widget__width-initial elementor-widget elementor-widget-image\" data-id=\"3109287f\" data-element_type=\"widget\" data-e-type=\"widget\" data-widget_type=\"image.default\">\n\t\t\t\t<div class=\"elementor-widget-container\">\n\t\t\t\t\t\t\t\t\t\t\t\t\t\t\t\t<a href=\"https:\/\/airandme.fr\/fr\/aromatherapie\/1453-diffuseur-de-parfum-lina.html\">\n\t\t\t\t\t\t\t<img loading=\"lazy\" decoding=\"async\" width=\"450\" height=\"297\" src=\"https:\/\/i0.wp.com\/www.airandme.fr\/blog\/wp-content\/uploads\/diffuseur-parfum-lina.webp?fit=450%2C297&amp;ssl=1\" class=\"attachment-large size-large wp-image-23061\" alt=\"\" srcset=\"https:\/\/i0.wp.com\/www.airandme.fr\/blog\/wp-content\/uploads\/diffuseur-parfum-lina.webp?w=450&amp;ssl=1 450w, https:\/\/i0.wp.com\/www.airandme.fr\/blog\/wp-content\/uploads\/diffuseur-parfum-lina.webp?resize=300%2C198&amp;ssl=1 300w\" sizes=\"(max-width: 450px) 100vw, 450px\" \/>\t\t\t\t\t\t\t\t<\/a>\n\t\t\t\t\t\t\t\t\t\t\t\t\t\t\t<\/div>\n\t\t\t\t<\/div>\n\t\t\t\t\t<\/div>\n\t\t<\/div>\n\t\t\t\t\t<\/div>\n\t\t<\/section>\n\t\t\t\t<section class=\"elementor-section elementor-top-section elementor-element elementor-element-34a6026b elementor-reverse-mobile elementor-section-boxed elementor-section-height-default elementor-section-height-default\" data-id=\"34a6026b\" data-element_type=\"section\" data-e-type=\"section\">\n\t\t\t\t\t\t<div class=\"elementor-container elementor-column-gap-default\">\n\t\t\t\t\t<div class=\"elementor-column elementor-col-50 elementor-top-column elementor-element elementor-element-77431149\" data-id=\"77431149\" data-element_type=\"column\" data-e-type=\"column\">\n\t\t\t<div class=\"elementor-widget-wrap elementor-element-populated\">\n\t\t\t\t\t\t<div class=\"elementor-element elementor-element-1f14219b elementor-widget__width-initial elementor-widget elementor-widget-image\" data-id=\"1f14219b\" data-element_type=\"widget\" data-e-type=\"widget\" data-widget_type=\"image.default\">\n\t\t\t\t<div class=\"elementor-widget-container\">\n\t\t\t\t\t\t\t\t\t\t\t\t\t\t\t\t<a href=\"https:\/\/airandme.fr\/fr\/aromatherapie\/1452-diffuseur-de-parfum-tina.html\">\n\t\t\t\t\t\t\t<img loading=\"lazy\" decoding=\"async\" width=\"450\" height=\"297\" src=\"https:\/\/i0.wp.com\/www.airandme.fr\/blog\/wp-content\/uploads\/diffuseur-parfum-tina.webp?fit=450%2C297&amp;ssl=1\" class=\"attachment-large size-large wp-image-23062\" alt=\"\" srcset=\"https:\/\/i0.wp.com\/www.airandme.fr\/blog\/wp-content\/uploads\/diffuseur-parfum-tina.webp?w=450&amp;ssl=1 450w, https:\/\/i0.wp.com\/www.airandme.fr\/blog\/wp-content\/uploads\/diffuseur-parfum-tina.webp?resize=300%2C198&amp;ssl=1 300w\" sizes=\"(max-width: 450px) 100vw, 450px\" \/>\t\t\t\t\t\t\t\t<\/a>\n\t\t\t\t\t\t\t\t\t\t\t\t\t\t\t<\/div>\n\t\t\t\t<\/div>\n\t\t\t\t\t<\/div>\n\t\t<\/div>\n\t\t\t\t<div class=\"elementor-column elementor-col-50 elementor-top-column elementor-element elementor-element-758f3afc\" data-id=\"758f3afc\" data-element_type=\"column\" data-e-type=\"column\">\n\t\t\t<div class=\"elementor-widget-wrap elementor-element-populated\">\n\t\t\t\t\t\t<div class=\"elementor-element elementor-element-c45af11 elementor-widget elementor-widget-heading\" data-id=\"c45af11\" data-element_type=\"widget\" data-e-type=\"widget\" data-widget_type=\"heading.default\">\n\t\t\t\t<div class=\"elementor-widget-container\">\n\t\t\t\t\t<h3 class=\"elementor-heading-title elementor-size-default\">Un diffuseur  de parfum TINA offert <\/h3>\t\t\t\t<\/div>\n\t\t\t\t<\/div>\n\t\t\t\t<div class=\"elementor-element elementor-element-38d2832 elementor-widget elementor-widget-text-editor\" data-id=\"38d2832\" data-element_type=\"widget\" data-e-type=\"widget\" data-widget_type=\"text-editor.default\">\n\t\t\t\t<div class=\"elementor-widget-container\">\n\t\t\t\t\t\t\t\t\t<p><strong>* D\u00e8s 700 \u20ac d\u2019achat\u00a0<\/strong><\/p>\t\t\t\t\t\t\t\t<\/div>\n\t\t\t\t<\/div>\n\t\t\t\t\t<\/div>\n\t\t<\/div>\n\t\t\t\t\t<\/div>\n\t\t<\/section>\n\t\t\t\t<section class=\"elementor-section elementor-top-section elementor-element elementor-element-6f36698d elementor-section-boxed elementor-section-height-default elementor-section-height-default\" data-id=\"6f36698d\" data-element_type=\"section\" data-e-type=\"section\">\n\t\t\t\t\t\t<div class=\"elementor-container elementor-column-gap-default\">\n\t\t\t\t\t<div class=\"elementor-column elementor-col-100 elementor-top-column elementor-element elementor-element-473cc0eb\" data-id=\"473cc0eb\" data-element_type=\"column\" data-e-type=\"column\">\n\t\t\t<div class=\"elementor-widget-wrap elementor-element-populated\">\n\t\t\t\t\t\t<div class=\"elementor-element elementor-element-7ff6e2a elementor-widget elementor-widget-text-editor\" data-id=\"7ff6e2a\" data-element_type=\"widget\" data-e-type=\"widget\" data-widget_type=\"text-editor.default\">\n\t\t\t\t<div class=\"elementor-widget-container\">\n\t\t\t\t\t\t\t\t\t<p>Deux diffuseurs \u00e9l\u00e9gants et performants pour cr\u00e9er une ambiance douce et parfum\u00e9e \u00e0 la maison, tout en profitant des bienfaits de la diffusion d\u2019huiles essentielles.<\/p>\n<p><strong>Offre valable dans la limite des stocks disponibles, non cumulable avec d\u2019autres codes ou promotions en cours sur le site. <\/strong><\/p>\t\t\t\t\t\t\t\t<\/div>\n\t\t\t\t<\/div>\n\t\t\t\t<div class=\"elementor-element elementor-element-112b769 elementor-widget elementor-widget-heading\" data-id=\"112b769\" data-element_type=\"widget\" data-e-type=\"widget\" data-widget_type=\"heading.default\">\n\t\t\t\t<div class=\"elementor-widget-container\">\n\t\t\t\t\t<h2 class=\"elementor-heading-title elementor-size-default\">Prenez soin de votre air, prenez soin de vous<\/h2>\t\t\t\t<\/div>\n\t\t\t\t<\/div>\n\t\t\t\t<div class=\"elementor-element elementor-element-55084c6d elementor-widget elementor-widget-text-editor\" data-id=\"55084c6d\" data-element_type=\"widget\" data-e-type=\"widget\" data-widget_type=\"text-editor.default\">\n\t\t\t\t<div class=\"elementor-widget-container\">\n\t\t\t\t\t\t\t\t\t<p data-start=\"3100\" data-end=\"3282\">Am\u00e9liorer la qualit\u00e9 de l\u2019air, c\u2019est aussi am\u00e9liorer sa qualit\u00e9 de vie.<br data-start=\"3171\" data-end=\"3174\" \/>Chez <strong data-start=\"3179\" data-end=\"3193\">Air and Me<\/strong>, nous croyons qu\u2019un air pur n\u2019est pas un luxe, mais un v\u00e9ritable <strong data-start=\"3259\" data-end=\"3279\">besoin essentiel<\/strong>.<\/p>\n<p data-start=\"3284\" data-end=\"3416\">Profitez de cette journ\u00e9e d\u00e9di\u00e9e \u00e0 la qualit\u00e9 de l\u2019air pour repenser votre confort int\u00e9rieur et d\u00e9couvrir nos solutions bien-\u00eatre.<\/p>\t\t\t\t\t\t\t\t<\/div>\n\t\t\t\t<\/div>\n\t\t\t\t<div class=\"elementor-element elementor-element-003926b elementor-widget elementor-widget-heading\" data-id=\"003926b\" data-element_type=\"widget\" data-e-type=\"widget\" data-widget_type=\"heading.default\">\n\t\t\t\t<div class=\"elementor-widget-container\">\n\t\t\t\t\t<h3 class=\"elementor-heading-title elementor-size-default\">Nos produits<\/h3>\t\t\t\t<\/div>\n\t\t\t\t<\/div>\n\t\t\t\t\t<\/div>\n\t\t<\/div>\n\t\t\t\t\t<\/div>\n\t\t<\/section>\n\t\t\t\t<section class=\"elementor-section elementor-top-section elementor-element elementor-element-71b2d3d4 elementor-section-boxed elementor-section-height-default elementor-section-height-default\" data-id=\"71b2d3d4\" data-element_type=\"section\" data-e-type=\"section\">\n\t\t\t\t\t\t<div class=\"elementor-container elementor-column-gap-default\">\n\t\t\t\t\t<div class=\"elementor-column elementor-col-100 elementor-top-column elementor-element elementor-element-2c02a8a3\" data-id=\"2c02a8a3\" data-element_type=\"column\" data-e-type=\"column\">\n\t\t\t<div class=\"elementor-widget-wrap elementor-element-populated\">\n\t\t\t\t\t\t<div class=\"elementor-element elementor-element-7e596aa8 elementor-widget elementor-widget-text-editor\" data-id=\"7e596aa8\" data-element_type=\"widget\" data-e-type=\"widget\" data-widget_type=\"text-editor.default\">\n\t\t\t\t<div class=\"elementor-widget-container\">\n\t\t\t\t\t\t\t\t\t<div class=\"row ppgbo_row ppgbo_product_1\">\n    \n    <div class=\"product col-4\">\n        <a class=\"product_link\" target=\"_blank\" href=\"https:\/\/airandme.fr\/fr\/humidification-de-lair\/1292-humidificateur-solnan-blanc.html\">Humidificateur SOLNAN Blanc<\/a><img data-recalc-dims=\"1\" loading=\"lazy\" decoding=\"async\" class=\"product_image\" src=\"https:\/\/i0.wp.com\/airandme.fr\/9984-medium_default\/1.jpg?resize=250%2C250&#038;ssl=1\"  alt=\"Humidificateur SOLNAN Blanc\" width=\"250\" height=\"250\" \/><h4 class=\"product_name\">Humidificateur SOLNAN Blanc<\/h4><div class=\"product_description_short\">Gr\u00e2ce \u00e0 SOLNAN Blanc, dites adieu \u00e0 l\u2019air trop sec dans votre logement ! Avec son [&#8230;]<\/div><span class=\"product_price\">99.90\u20ac<\/span><div class=\"btn btn-default\">Voir le produit<\/div>    <\/div>\n    \n    \n    <div class=\"product col-4\">\n        <a class=\"product_link\" target=\"_blank\" href=\"https:\/\/airandme.fr\/fr\/purification-de-lair\/1208-purificateur-connecte-lendou.html\">Purificateur d&#039;air connect\u00e9 LENDOU<\/a><img data-recalc-dims=\"1\" loading=\"lazy\" decoding=\"async\" class=\"product_image\" src=\"https:\/\/i0.wp.com\/airandme.fr\/9930-medium_default\/1.jpg?resize=250%2C250&#038;ssl=1\"  alt=\"Purificateur d&#039;air connect\u00e9 LENDOU\" width=\"250\" height=\"250\" \/><h4 class=\"product_name\">Purificateur d&#039;air connect\u00e9 LENDOU<\/h4><div class=\"product_description_short\">Le purificateur avec filtre HEPA 13 haut en couleurs ! Design, connect\u00e9, [&#8230;]<\/div><span class=\"product_price\">149.90\u20ac<\/span><div class=\"btn btn-default\">Voir le produit<\/div>    <\/div>\n    \n    \n    <div class=\"product col-4\">\n        <a class=\"product_link\" target=\"_blank\" href=\"https:\/\/airandme.fr\/fr\/deshumidification\/1554-deshumidificateur-connecte-evel.html\">D\u00e9shumidificateur connect\u00e9 EVEL 7L\/J<\/a><img data-recalc-dims=\"1\" loading=\"lazy\" decoding=\"async\" class=\"product_image\" src=\"https:\/\/i0.wp.com\/airandme.fr\/9929-medium_default\/1.jpg?resize=250%2C250&#038;ssl=1\"  alt=\"D\u00e9shumidificateur connect\u00e9 EVEL 7L\/J\" width=\"250\" height=\"250\" \/><h4 class=\"product_name\">D\u00e9shumidificateur connect\u00e9 EVEL 7L\/J<\/h4><div class=\"product_description_short\">marre d&#039;un air trop humide ? EVEL est la solution pour combattre moisissure et germe. [&#8230;]<\/div><span class=\"product_price\">299.00\u20ac<\/span><div class=\"btn btn-default\">Voir le produit<\/div>    <\/div>\n    \n    <div class=\"clear\"><\/div><\/div>\n<div class=\"clear\"><\/div>\t\t\t\t\t\t\t\t<\/div>\n\t\t\t\t<\/div>\n\t\t\t\t\t<\/div>\n\t\t<\/div>\n\t\t\t\t\t<\/div>\n\t\t<\/section>\n\t\t\t\t<\/div>\n\t\t","protected":false},"excerpt":{"rendered":"<p>Respirez un air plus sain, aujourd\u2019hui et tous les jours Ce 14 octobre, nous c\u00e9l\u00e9brons la Journ\u00e9e nationale de la qualit\u00e9 de l\u2019air, un moment cl\u00e9 pour sensibiliser chacun \u00e0 l\u2019importance d\u2019un air int\u00e9rieur sain. Chez Air and Me, cette journ\u00e9e a une r\u00e9sonance toute particuli\u00e8re : notre mission depuis toujours est de vous aider [&hellip;]<\/p>\n","protected":false},"author":1015,"featured_media":23066,"comment_status":"open","ping_status":"closed","sticky":false,"template":"","format":"standard","meta":{"jetpack_post_was_ever_published":false,"_jetpack_newsletter_access":"","_jetpack_dont_email_post_to_subs":false,"_jetpack_newsletter_tier_id":0,"_jetpack_memberships_contains_paywalled_content":false,"_jetpack_memberships_contains_paid_content":false,"jnews-multi-image_gallery":[],"jnews_single_post":{"format":"standard"},"jnews_primary_category":[],"jnews_social_meta":[],"footnotes":""},"categories":[711,712],"tags":[],"class_list":["post-23054","post","type-post","status-publish","format-standard","has-post-thumbnail","hentry","category-analyse-et-purification-de-lair","category-pollution-et-qualite-de-l-air-interieur"],"yoast_head":"<!-- This site is optimized with the Yoast SEO plugin v27.4 - https:\/\/yoast.com\/product\/yoast-seo-wordpress\/ -->\n<title>Journ\u00e9e qualit\u00e9 de l\u2019air : offre diffuseur | Air and Me<\/title>\n<meta name=\"description\" content=\"C\u00e9l\u00e9brez la Journ\u00e9e de la qualit\u00e9 de l\u2019air avec Air and Me : purificateurs, humidificateurs et diffuseur offert d\u00e8s 300 \u20ac d\u2019achat.\" \/>\n<meta name=\"robots\" content=\"index, follow, max-snippet:-1, max-image-preview:large, max-video-preview:-1\" \/>\n<link rel=\"canonical\" href=\"https:\/\/www.airandme.fr\/blog\/analyse-et-purification-de-lair\/journee-nationale-de-la-qualite-de-lair-respirez-mieux-avec-nos-solutions-bien-etre\/\" \/>\n<meta property=\"og:locale\" content=\"fr_FR\" \/>\n<meta property=\"og:type\" content=\"article\" \/>\n<meta property=\"og:title\" content=\"Journ\u00e9e qualit\u00e9 de l\u2019air : offre diffuseur | Air and Me\" \/>\n<meta property=\"og:description\" content=\"C\u00e9l\u00e9brez la Journ\u00e9e de la qualit\u00e9 de l\u2019air avec Air and Me : purificateurs, humidificateurs et diffuseur offert d\u00e8s 300 \u20ac d\u2019achat.\" \/>\n<meta property=\"og:url\" content=\"https:\/\/www.airandme.fr\/blog\/analyse-et-purification-de-lair\/journee-nationale-de-la-qualite-de-lair-respirez-mieux-avec-nos-solutions-bien-etre\/\" \/>\n<meta property=\"og:site_name\" content=\"air&amp;me - Le blog du traitement de l&#039;air\" \/>\n<meta property=\"article:publisher\" content=\"https:\/\/www.facebook.com\/airandme\" \/>\n<meta property=\"article:published_time\" content=\"2025-10-14T07:30:48+00:00\" \/>\n<meta property=\"article:modified_time\" content=\"2026-02-09T11:36:00+00:00\" \/>\n<meta property=\"og:image\" content=\"https:\/\/www.airandme.fr\/blog\/wp-content\/uploads\/journee-qualite-air.webp\" \/>\n\t<meta property=\"og:image:width\" content=\"1200\" \/>\n\t<meta property=\"og:image:height\" content=\"801\" \/>\n\t<meta property=\"og:image:type\" content=\"image\/webp\" \/>\n<meta name=\"author\" content=\"Malak Benachour\" \/>\n<meta name=\"twitter:card\" content=\"summary_large_image\" \/>\n<meta name=\"twitter:label1\" content=\"\u00c9crit par\" \/>\n\t<meta name=\"twitter:data1\" content=\"Malak Benachour\" \/>\n\t<meta name=\"twitter:label2\" content=\"Dur\u00e9e de lecture estim\u00e9e\" \/>\n\t<meta name=\"twitter:data2\" content=\"5 minutes\" \/>\n<script type=\"application\/ld+json\" class=\"yoast-schema-graph\">{\"@context\":\"https:\\\/\\\/schema.org\",\"@graph\":[{\"@type\":\"Article\",\"@id\":\"https:\\\/\\\/www.airandme.fr\\\/blog\\\/analyse-et-purification-de-lair\\\/journee-nationale-de-la-qualite-de-lair-respirez-mieux-avec-nos-solutions-bien-etre\\\/#article\",\"isPartOf\":{\"@id\":\"https:\\\/\\\/www.airandme.fr\\\/blog\\\/analyse-et-purification-de-lair\\\/journee-nationale-de-la-qualite-de-lair-respirez-mieux-avec-nos-solutions-bien-etre\\\/\"},\"author\":{\"name\":\"Malak Benachour\",\"@id\":\"https:\\\/\\\/www.airandme.fr\\\/blog\\\/#\\\/schema\\\/person\\\/f35188b2bfd70fb3802796577bd7dfa3\"},\"headline\":\"Journ\u00e9e nationale de la qualit\u00e9 de l\u2019air : respirez mieux avec nos solutions bien-\u00eatre !\",\"datePublished\":\"2025-10-14T07:30:48+00:00\",\"dateModified\":\"2026-02-09T11:36:00+00:00\",\"mainEntityOfPage\":{\"@id\":\"https:\\\/\\\/www.airandme.fr\\\/blog\\\/analyse-et-purification-de-lair\\\/journee-nationale-de-la-qualite-de-lair-respirez-mieux-avec-nos-solutions-bien-etre\\\/\"},\"wordCount\":554,\"commentCount\":0,\"publisher\":{\"@id\":\"https:\\\/\\\/www.airandme.fr\\\/blog\\\/#organization\"},\"image\":{\"@id\":\"https:\\\/\\\/www.airandme.fr\\\/blog\\\/analyse-et-purification-de-lair\\\/journee-nationale-de-la-qualite-de-lair-respirez-mieux-avec-nos-solutions-bien-etre\\\/#primaryimage\"},\"thumbnailUrl\":\"https:\\\/\\\/i0.wp.com\\\/www.airandme.fr\\\/blog\\\/wp-content\\\/uploads\\\/journee-qualite-air.webp?fit=1200%2C801&ssl=1\",\"articleSection\":[\"Analyse et purification de l'air\",\"Pollution et qualit\u00e9 de l'air int\u00e9rieur\"],\"inLanguage\":\"fr-FR\",\"potentialAction\":[{\"@type\":\"CommentAction\",\"name\":\"Comment\",\"target\":[\"https:\\\/\\\/www.airandme.fr\\\/blog\\\/analyse-et-purification-de-lair\\\/journee-nationale-de-la-qualite-de-lair-respirez-mieux-avec-nos-solutions-bien-etre\\\/#respond\"]}]},{\"@type\":\"WebPage\",\"@id\":\"https:\\\/\\\/www.airandme.fr\\\/blog\\\/analyse-et-purification-de-lair\\\/journee-nationale-de-la-qualite-de-lair-respirez-mieux-avec-nos-solutions-bien-etre\\\/\",\"url\":\"https:\\\/\\\/www.airandme.fr\\\/blog\\\/analyse-et-purification-de-lair\\\/journee-nationale-de-la-qualite-de-lair-respirez-mieux-avec-nos-solutions-bien-etre\\\/\",\"name\":\"Journ\u00e9e qualit\u00e9 de l\u2019air : offre diffuseur | Air and Me\",\"isPartOf\":{\"@id\":\"https:\\\/\\\/www.airandme.fr\\\/blog\\\/#website\"},\"primaryImageOfPage\":{\"@id\":\"https:\\\/\\\/www.airandme.fr\\\/blog\\\/analyse-et-purification-de-lair\\\/journee-nationale-de-la-qualite-de-lair-respirez-mieux-avec-nos-solutions-bien-etre\\\/#primaryimage\"},\"image\":{\"@id\":\"https:\\\/\\\/www.airandme.fr\\\/blog\\\/analyse-et-purification-de-lair\\\/journee-nationale-de-la-qualite-de-lair-respirez-mieux-avec-nos-solutions-bien-etre\\\/#primaryimage\"},\"thumbnailUrl\":\"https:\\\/\\\/i0.wp.com\\\/www.airandme.fr\\\/blog\\\/wp-content\\\/uploads\\\/journee-qualite-air.webp?fit=1200%2C801&ssl=1\",\"datePublished\":\"2025-10-14T07:30:48+00:00\",\"dateModified\":\"2026-02-09T11:36:00+00:00\",\"description\":\"C\u00e9l\u00e9brez la Journ\u00e9e de la qualit\u00e9 de l\u2019air avec Air and Me : purificateurs, humidificateurs et diffuseur offert d\u00e8s 300 \u20ac d\u2019achat.\",\"breadcrumb\":{\"@id\":\"https:\\\/\\\/www.airandme.fr\\\/blog\\\/analyse-et-purification-de-lair\\\/journee-nationale-de-la-qualite-de-lair-respirez-mieux-avec-nos-solutions-bien-etre\\\/#breadcrumb\"},\"inLanguage\":\"fr-FR\",\"potentialAction\":[{\"@type\":\"ReadAction\",\"target\":[\"https:\\\/\\\/www.airandme.fr\\\/blog\\\/analyse-et-purification-de-lair\\\/journee-nationale-de-la-qualite-de-lair-respirez-mieux-avec-nos-solutions-bien-etre\\\/\"]}]},{\"@type\":\"ImageObject\",\"inLanguage\":\"fr-FR\",\"@id\":\"https:\\\/\\\/www.airandme.fr\\\/blog\\\/analyse-et-purification-de-lair\\\/journee-nationale-de-la-qualite-de-lair-respirez-mieux-avec-nos-solutions-bien-etre\\\/#primaryimage\",\"url\":\"https:\\\/\\\/i0.wp.com\\\/www.airandme.fr\\\/blog\\\/wp-content\\\/uploads\\\/journee-qualite-air.webp?fit=1200%2C801&ssl=1\",\"contentUrl\":\"https:\\\/\\\/i0.wp.com\\\/www.airandme.fr\\\/blog\\\/wp-content\\\/uploads\\\/journee-qualite-air.webp?fit=1200%2C801&ssl=1\",\"width\":1200,\"height\":801,\"caption\":\"@gpointstudio sur @freepik\"},{\"@type\":\"BreadcrumbList\",\"@id\":\"https:\\\/\\\/www.airandme.fr\\\/blog\\\/analyse-et-purification-de-lair\\\/journee-nationale-de-la-qualite-de-lair-respirez-mieux-avec-nos-solutions-bien-etre\\\/#breadcrumb\",\"itemListElement\":[{\"@type\":\"ListItem\",\"position\":1,\"name\":\"Accueil\",\"item\":\"https:\\\/\\\/www.airandme.fr\\\/blog\\\/\"},{\"@type\":\"ListItem\",\"position\":2,\"name\":\"Analyse et purification de l'air\",\"item\":\"https:\\\/\\\/www.airandme.fr\\\/blog\\\/category\\\/analyse-et-purification-de-lair\\\/\"},{\"@type\":\"ListItem\",\"position\":3,\"name\":\"Journ\u00e9e nationale de la qualit\u00e9 de l\u2019air : respirez mieux avec nos solutions bien-\u00eatre !\"}]},{\"@type\":\"WebSite\",\"@id\":\"https:\\\/\\\/www.airandme.fr\\\/blog\\\/#website\",\"url\":\"https:\\\/\\\/www.airandme.fr\\\/blog\\\/\",\"name\":\"air&me - Le blog du traitement de l'air\",\"description\":\"Solutions pour le traitement de l&#039;air int\u00e9rieur - Le blog du bien air chez soi\",\"publisher\":{\"@id\":\"https:\\\/\\\/www.airandme.fr\\\/blog\\\/#organization\"},\"potentialAction\":[{\"@type\":\"SearchAction\",\"target\":{\"@type\":\"EntryPoint\",\"urlTemplate\":\"https:\\\/\\\/www.airandme.fr\\\/blog\\\/?s={search_term_string}\"},\"query-input\":{\"@type\":\"PropertyValueSpecification\",\"valueRequired\":true,\"valueName\":\"search_term_string\"}}],\"inLanguage\":\"fr-FR\"},{\"@type\":\"Organization\",\"@id\":\"https:\\\/\\\/www.airandme.fr\\\/blog\\\/#organization\",\"name\":\"air&me - Le blog du traitement de l'air\",\"url\":\"https:\\\/\\\/www.airandme.fr\\\/blog\\\/\",\"logo\":{\"@type\":\"ImageObject\",\"inLanguage\":\"fr-FR\",\"@id\":\"https:\\\/\\\/www.airandme.fr\\\/blog\\\/#\\\/schema\\\/logo\\\/image\\\/\",\"url\":\"https:\\\/\\\/i0.wp.com\\\/www.airandme.fr\\\/blog\\\/wp-content\\\/uploads\\\/airandme-logo-blog-300px.png?fit=300%2C120&ssl=1\",\"contentUrl\":\"https:\\\/\\\/i0.wp.com\\\/www.airandme.fr\\\/blog\\\/wp-content\\\/uploads\\\/airandme-logo-blog-300px.png?fit=300%2C120&ssl=1\",\"width\":300,\"height\":120,\"caption\":\"air&me - Le blog du traitement de l'air\"},\"image\":{\"@id\":\"https:\\\/\\\/www.airandme.fr\\\/blog\\\/#\\\/schema\\\/logo\\\/image\\\/\"},\"sameAs\":[\"https:\\\/\\\/www.facebook.com\\\/airandme\",\"https:\\\/\\\/www.instagram.com\\\/air_and_me\\\/\",\"https:\\\/\\\/www.linkedin.com\\\/air-and-me\",\"https:\\\/\\\/www.pinterest.fr\\\/air_and_me\",\"https:\\\/\\\/www.youtube.com\\\/channel\\\/UCmco9cc0iTBmPINR5vaW90A\"]},{\"@type\":\"Person\",\"@id\":\"https:\\\/\\\/www.airandme.fr\\\/blog\\\/#\\\/schema\\\/person\\\/f35188b2bfd70fb3802796577bd7dfa3\",\"name\":\"Malak Benachour\",\"image\":{\"@type\":\"ImageObject\",\"inLanguage\":\"fr-FR\",\"@id\":\"https:\\\/\\\/secure.gravatar.com\\\/avatar\\\/ddca3dc5075e33580fd0e059d4463076bcc25bceb1d6dc91307c9550e800324a?s=96&d=mm&r=g\",\"url\":\"https:\\\/\\\/secure.gravatar.com\\\/avatar\\\/ddca3dc5075e33580fd0e059d4463076bcc25bceb1d6dc91307c9550e800324a?s=96&d=mm&r=g\",\"contentUrl\":\"https:\\\/\\\/secure.gravatar.com\\\/avatar\\\/ddca3dc5075e33580fd0e059d4463076bcc25bceb1d6dc91307c9550e800324a?s=96&d=mm&r=g\",\"caption\":\"Malak Benachour\"},\"url\":\"https:\\\/\\\/www.airandme.fr\\\/blog\\\/author\\\/malak\\\/\"}]}<\/script>\n<!-- \/ Yoast SEO plugin. -->","yoast_head_json":{"title":"Journ\u00e9e qualit\u00e9 de l\u2019air : offre diffuseur | Air and Me","description":"C\u00e9l\u00e9brez la Journ\u00e9e de la qualit\u00e9 de l\u2019air avec Air and Me : purificateurs, humidificateurs et diffuseur offert d\u00e8s 300 \u20ac d\u2019achat.","robots":{"index":"index","follow":"follow","max-snippet":"max-snippet:-1","max-image-preview":"max-image-preview:large","max-video-preview":"max-video-preview:-1"},"canonical":"https:\/\/www.airandme.fr\/blog\/analyse-et-purification-de-lair\/journee-nationale-de-la-qualite-de-lair-respirez-mieux-avec-nos-solutions-bien-etre\/","og_locale":"fr_FR","og_type":"article","og_title":"Journ\u00e9e qualit\u00e9 de l\u2019air : offre diffuseur | Air and Me","og_description":"C\u00e9l\u00e9brez la Journ\u00e9e de la qualit\u00e9 de l\u2019air avec Air and Me : purificateurs, humidificateurs et diffuseur offert d\u00e8s 300 \u20ac d\u2019achat.","og_url":"https:\/\/www.airandme.fr\/blog\/analyse-et-purification-de-lair\/journee-nationale-de-la-qualite-de-lair-respirez-mieux-avec-nos-solutions-bien-etre\/","og_site_name":"air&amp;me - Le blog du traitement de l&#039;air","article_publisher":"https:\/\/www.facebook.com\/airandme","article_published_time":"2025-10-14T07:30:48+00:00","article_modified_time":"2026-02-09T11:36:00+00:00","og_image":[{"width":1200,"height":801,"url":"https:\/\/www.airandme.fr\/blog\/wp-content\/uploads\/journee-qualite-air.webp","type":"image\/webp"}],"author":"Malak Benachour","twitter_card":"summary_large_image","twitter_misc":{"\u00c9crit par":"Malak Benachour","Dur\u00e9e de lecture estim\u00e9e":"5 minutes"},"schema":{"@context":"https:\/\/schema.org","@graph":[{"@type":"Article","@id":"https:\/\/www.airandme.fr\/blog\/analyse-et-purification-de-lair\/journee-nationale-de-la-qualite-de-lair-respirez-mieux-avec-nos-solutions-bien-etre\/#article","isPartOf":{"@id":"https:\/\/www.airandme.fr\/blog\/analyse-et-purification-de-lair\/journee-nationale-de-la-qualite-de-lair-respirez-mieux-avec-nos-solutions-bien-etre\/"},"author":{"name":"Malak Benachour","@id":"https:\/\/www.airandme.fr\/blog\/#\/schema\/person\/f35188b2bfd70fb3802796577bd7dfa3"},"headline":"Journ\u00e9e nationale de la qualit\u00e9 de l\u2019air : respirez mieux avec nos solutions bien-\u00eatre !","datePublished":"2025-10-14T07:30:48+00:00","dateModified":"2026-02-09T11:36:00+00:00","mainEntityOfPage":{"@id":"https:\/\/www.airandme.fr\/blog\/analyse-et-purification-de-lair\/journee-nationale-de-la-qualite-de-lair-respirez-mieux-avec-nos-solutions-bien-etre\/"},"wordCount":554,"commentCount":0,"publisher":{"@id":"https:\/\/www.airandme.fr\/blog\/#organization"},"image":{"@id":"https:\/\/www.airandme.fr\/blog\/analyse-et-purification-de-lair\/journee-nationale-de-la-qualite-de-lair-respirez-mieux-avec-nos-solutions-bien-etre\/#primaryimage"},"thumbnailUrl":"https:\/\/i0.wp.com\/www.airandme.fr\/blog\/wp-content\/uploads\/journee-qualite-air.webp?fit=1200%2C801&ssl=1","articleSection":["Analyse et purification de l'air","Pollution et qualit\u00e9 de l'air int\u00e9rieur"],"inLanguage":"fr-FR","potentialAction":[{"@type":"CommentAction","name":"Comment","target":["https:\/\/www.airandme.fr\/blog\/analyse-et-purification-de-lair\/journee-nationale-de-la-qualite-de-lair-respirez-mieux-avec-nos-solutions-bien-etre\/#respond"]}]},{"@type":"WebPage","@id":"https:\/\/www.airandme.fr\/blog\/analyse-et-purification-de-lair\/journee-nationale-de-la-qualite-de-lair-respirez-mieux-avec-nos-solutions-bien-etre\/","url":"https:\/\/www.airandme.fr\/blog\/analyse-et-purification-de-lair\/journee-nationale-de-la-qualite-de-lair-respirez-mieux-avec-nos-solutions-bien-etre\/","name":"Journ\u00e9e qualit\u00e9 de l\u2019air : offre diffuseur | Air and Me","isPartOf":{"@id":"https:\/\/www.airandme.fr\/blog\/#website"},"primaryImageOfPage":{"@id":"https:\/\/www.airandme.fr\/blog\/analyse-et-purification-de-lair\/journee-nationale-de-la-qualite-de-lair-respirez-mieux-avec-nos-solutions-bien-etre\/#primaryimage"},"image":{"@id":"https:\/\/www.airandme.fr\/blog\/analyse-et-purification-de-lair\/journee-nationale-de-la-qualite-de-lair-respirez-mieux-avec-nos-solutions-bien-etre\/#primaryimage"},"thumbnailUrl":"https:\/\/i0.wp.com\/www.airandme.fr\/blog\/wp-content\/uploads\/journee-qualite-air.webp?fit=1200%2C801&ssl=1","datePublished":"2025-10-14T07:30:48+00:00","dateModified":"2026-02-09T11:36:00+00:00","description":"C\u00e9l\u00e9brez la Journ\u00e9e de la qualit\u00e9 de l\u2019air avec Air and Me : purificateurs, humidificateurs et diffuseur offert d\u00e8s 300 \u20ac d\u2019achat.","breadcrumb":{"@id":"https:\/\/www.airandme.fr\/blog\/analyse-et-purification-de-lair\/journee-nationale-de-la-qualite-de-lair-respirez-mieux-avec-nos-solutions-bien-etre\/#breadcrumb"},"inLanguage":"fr-FR","potentialAction":[{"@type":"ReadAction","target":["https:\/\/www.airandme.fr\/blog\/analyse-et-purification-de-lair\/journee-nationale-de-la-qualite-de-lair-respirez-mieux-avec-nos-solutions-bien-etre\/"]}]},{"@type":"ImageObject","inLanguage":"fr-FR","@id":"https:\/\/www.airandme.fr\/blog\/analyse-et-purification-de-lair\/journee-nationale-de-la-qualite-de-lair-respirez-mieux-avec-nos-solutions-bien-etre\/#primaryimage","url":"https:\/\/i0.wp.com\/www.airandme.fr\/blog\/wp-content\/uploads\/journee-qualite-air.webp?fit=1200%2C801&ssl=1","contentUrl":"https:\/\/i0.wp.com\/www.airandme.fr\/blog\/wp-content\/uploads\/journee-qualite-air.webp?fit=1200%2C801&ssl=1","width":1200,"height":801,"caption":"@gpointstudio sur @freepik"},{"@type":"BreadcrumbList","@id":"https:\/\/www.airandme.fr\/blog\/analyse-et-purification-de-lair\/journee-nationale-de-la-qualite-de-lair-respirez-mieux-avec-nos-solutions-bien-etre\/#breadcrumb","itemListElement":[{"@type":"ListItem","position":1,"name":"Accueil","item":"https:\/\/www.airandme.fr\/blog\/"},{"@type":"ListItem","position":2,"name":"Analyse et purification de l'air","item":"https:\/\/www.airandme.fr\/blog\/category\/analyse-et-purification-de-lair\/"},{"@type":"ListItem","position":3,"name":"Journ\u00e9e nationale de la qualit\u00e9 de l\u2019air : respirez mieux avec nos solutions bien-\u00eatre !"}]},{"@type":"WebSite","@id":"https:\/\/www.airandme.fr\/blog\/#website","url":"https:\/\/www.airandme.fr\/blog\/","name":"air&me - Le blog du traitement de l'air","description":"Solutions pour le traitement de l&#039;air int\u00e9rieur - Le blog du bien air chez soi","publisher":{"@id":"https:\/\/www.airandme.fr\/blog\/#organization"},"potentialAction":[{"@type":"SearchAction","target":{"@type":"EntryPoint","urlTemplate":"https:\/\/www.airandme.fr\/blog\/?s={search_term_string}"},"query-input":{"@type":"PropertyValueSpecification","valueRequired":true,"valueName":"search_term_string"}}],"inLanguage":"fr-FR"},{"@type":"Organization","@id":"https:\/\/www.airandme.fr\/blog\/#organization","name":"air&me - Le blog du traitement de l'air","url":"https:\/\/www.airandme.fr\/blog\/","logo":{"@type":"ImageObject","inLanguage":"fr-FR","@id":"https:\/\/www.airandme.fr\/blog\/#\/schema\/logo\/image\/","url":"https:\/\/i0.wp.com\/www.airandme.fr\/blog\/wp-content\/uploads\/airandme-logo-blog-300px.png?fit=300%2C120&ssl=1","contentUrl":"https:\/\/i0.wp.com\/www.airandme.fr\/blog\/wp-content\/uploads\/airandme-logo-blog-300px.png?fit=300%2C120&ssl=1","width":300,"height":120,"caption":"air&me - Le blog du traitement de l'air"},"image":{"@id":"https:\/\/www.airandme.fr\/blog\/#\/schema\/logo\/image\/"},"sameAs":["https:\/\/www.facebook.com\/airandme","https:\/\/www.instagram.com\/air_and_me\/","https:\/\/www.linkedin.com\/air-and-me","https:\/\/www.pinterest.fr\/air_and_me","https:\/\/www.youtube.com\/channel\/UCmco9cc0iTBmPINR5vaW90A"]},{"@type":"Person","@id":"https:\/\/www.airandme.fr\/blog\/#\/schema\/person\/f35188b2bfd70fb3802796577bd7dfa3","name":"Malak Benachour","image":{"@type":"ImageObject","inLanguage":"fr-FR","@id":"https:\/\/secure.gravatar.com\/avatar\/ddca3dc5075e33580fd0e059d4463076bcc25bceb1d6dc91307c9550e800324a?s=96&d=mm&r=g","url":"https:\/\/secure.gravatar.com\/avatar\/ddca3dc5075e33580fd0e059d4463076bcc25bceb1d6dc91307c9550e800324a?s=96&d=mm&r=g","contentUrl":"https:\/\/secure.gravatar.com\/avatar\/ddca3dc5075e33580fd0e059d4463076bcc25bceb1d6dc91307c9550e800324a?s=96&d=mm&r=g","caption":"Malak Benachour"},"url":"https:\/\/www.airandme.fr\/blog\/author\/malak\/"}]}},"jetpack_featured_media_url":"https:\/\/i0.wp.com\/www.airandme.fr\/blog\/wp-content\/uploads\/journee-qualite-air.webp?fit=1200%2C801&ssl=1","jetpack_sharing_enabled":true,"jetpack_shortlink":"https:\/\/wp.me\/paHeLN-5ZQ","_links":{"self":[{"href":"https:\/\/www.airandme.fr\/blog\/wp-json\/wp\/v2\/posts\/23054","targetHints":{"allow":["GET"]}}],"collection":[{"href":"https:\/\/www.airandme.fr\/blog\/wp-json\/wp\/v2\/posts"}],"about":[{"href":"https:\/\/www.airandme.fr\/blog\/wp-json\/wp\/v2\/types\/post"}],"author":[{"embeddable":true,"href":"https:\/\/www.airandme.fr\/blog\/wp-json\/wp\/v2\/users\/1015"}],"replies":[{"embeddable":true,"href":"https:\/\/www.airandme.fr\/blog\/wp-json\/wp\/v2\/comments?post=23054"}],"version-history":[{"count":22,"href":"https:\/\/www.airandme.fr\/blog\/wp-json\/wp\/v2\/posts\/23054\/revisions"}],"predecessor-version":[{"id":23392,"href":"https:\/\/www.airandme.fr\/blog\/wp-json\/wp\/v2\/posts\/23054\/revisions\/23392"}],"wp:featuredmedia":[{"embeddable":true,"href":"https:\/\/www.airandme.fr\/blog\/wp-json\/wp\/v2\/media\/23066"}],"wp:attachment":[{"href":"https:\/\/www.airandme.fr\/blog\/wp-json\/wp\/v2\/media?parent=23054"}],"wp:term":[{"taxonomy":"category","embeddable":true,"href":"https:\/\/www.airandme.fr\/blog\/wp-json\/wp\/v2\/categories?post=23054"},{"taxonomy":"post_tag","embeddable":true,"href":"https:\/\/www.airandme.fr\/blog\/wp-json\/wp\/v2\/tags?post=23054"}],"curies":[{"name":"wp","href":"https:\/\/api.w.org\/{rel}","templated":true}]}}