{"id":23217,"date":"2025-12-01T13:41:36","date_gmt":"2025-12-01T11:41:36","guid":{"rendered":"https:\/\/www.airandme.fr\/blog\/?p=23217"},"modified":"2026-02-09T15:25:58","modified_gmt":"2026-02-09T13:25:58","slug":"5-signes-que-lair-est-trop-sec-chez-vous-et-comment-y-remedier","status":"publish","type":"post","link":"https:\/\/www.airandme.fr\/blog\/humidification\/5-signes-que-lair-est-trop-sec-chez-vous-et-comment-y-remedier\/","title":{"rendered":"5 signes que l\u2019air est trop sec chez vous et comment y rem\u00e9dier"},"content":{"rendered":"\t\t<div data-elementor-type=\"wp-post\" data-elementor-id=\"23217\" class=\"elementor elementor-23217\">\n\t\t\t\t\t\t<section class=\"elementor-section elementor-top-section elementor-element elementor-element-65eb1b9c elementor-section-boxed elementor-section-height-default elementor-section-height-default\" data-id=\"65eb1b9c\" data-element_type=\"section\" data-e-type=\"section\">\n\t\t\t\t\t\t<div class=\"elementor-container elementor-column-gap-default\">\n\t\t\t\t\t<div class=\"elementor-column elementor-col-100 elementor-top-column elementor-element elementor-element-320cb73c\" data-id=\"320cb73c\" data-element_type=\"column\" data-e-type=\"column\">\n\t\t\t<div class=\"elementor-widget-wrap elementor-element-populated\">\n\t\t\t\t\t\t<div class=\"elementor-element elementor-element-2f2147a7 elementor-widget elementor-widget-text-editor\" data-id=\"2f2147a7\" data-element_type=\"widget\" data-e-type=\"widget\" data-widget_type=\"text-editor.default\">\n\t\t\t\t<div class=\"elementor-widget-container\">\n\t\t\t\t\t\t\t\t\t<p data-start=\"233\" data-end=\"611\">Un <strong data-start=\"236\" data-end=\"252\">air trop sec<\/strong> dans votre maison peut passer inaper\u00e7u, mais il a des cons\u00e9quences importantes sur votre sant\u00e9, votre confort et m\u00eame vos meubles. Gr\u00e2ce \u00e0 un <a href=\"https:\/\/airandme.fr\/fr\/5-humidification-de-lair\"><strong data-start=\"395\" data-end=\"419\">humidificateur d\u2019air<\/strong><\/a>, vous pouvez r\u00e9tablir l\u2019\u00e9quilibre et profiter d\u2019une atmosph\u00e8re agr\u00e9able. D\u00e9couvrez les principaux signes d\u2019un air sec et comment les <strong data-start=\"553\" data-end=\"589\">humidificateurs d\u2019air Air and Me<\/strong> peuvent vous aider.<\/p>\t\t\t\t\t\t\t\t<\/div>\n\t\t\t\t<\/div>\n\t\t\t\t\t<\/div>\n\t\t<\/div>\n\t\t\t\t\t<\/div>\n\t\t<\/section>\n\t\t\t\t<section class=\"elementor-section elementor-top-section elementor-element elementor-element-5b56810d elementor-section-boxed elementor-section-height-default elementor-section-height-default\" data-id=\"5b56810d\" data-element_type=\"section\" data-e-type=\"section\">\n\t\t\t\t\t\t<div class=\"elementor-container elementor-column-gap-default\">\n\t\t\t\t\t<div class=\"elementor-column elementor-col-100 elementor-top-column elementor-element elementor-element-5dda4a3e\" data-id=\"5dda4a3e\" data-element_type=\"column\" data-e-type=\"column\">\n\t\t\t<div class=\"elementor-widget-wrap elementor-element-populated\">\n\t\t\t\t\t\t<div class=\"elementor-element elementor-element-46eab566 elementor-widget elementor-widget-heading\" data-id=\"46eab566\" data-element_type=\"widget\" data-e-type=\"widget\" data-widget_type=\"heading.default\">\n\t\t\t\t<div class=\"elementor-widget-container\">\n\t\t\t\t\t<h2 class=\"elementor-heading-title elementor-size-default\">1. Peau et l\u00e8vres dess\u00e9ch\u00e9es<\/h2>\t\t\t\t<\/div>\n\t\t\t\t<\/div>\n\t\t\t\t<div class=\"elementor-element elementor-element-6d8d08d3 elementor-widget elementor-widget-text-editor\" data-id=\"6d8d08d3\" data-element_type=\"widget\" data-e-type=\"widget\" data-widget_type=\"text-editor.default\">\n\t\t\t\t<div class=\"elementor-widget-container\">\n\t\t\t\t\t\t\t\t\t<p data-start=\"653\" data-end=\"864\">Lorsque l\u2019air manque d\u2019humidit\u00e9, votre peau devient s\u00e8che, vos l\u00e8vres se gercent et vos mains peuvent s\u2019irriter. Ce ph\u00e9nom\u00e8ne touche particuli\u00e8rement les personnes \u00e0 peau sensible ou celles souffrant d\u2019ecz\u00e9ma.<\/p><p data-start=\"866\" data-end=\"1094\">Pour y rem\u00e9dier, un <strong data-start=\"886\" data-end=\"923\">humidificateur d\u2019air pour chambre<\/strong> comme <strong data-start=\"930\" data-end=\"942\">Clarence<\/strong> est id\u00e9al. Il diffuse une humidit\u00e9 constante et prot\u00e8ge la peau et les l\u00e8vres des effets de l\u2019air sec, surtout en hiver ou dans les pi\u00e8ces chauff\u00e9es.<\/p>\t\t\t\t\t\t\t\t<\/div>\n\t\t\t\t<\/div>\n\t\t\t\t\t<\/div>\n\t\t<\/div>\n\t\t\t\t\t<\/div>\n\t\t<\/section>\n\t\t\t\t<section class=\"elementor-section elementor-top-section elementor-element elementor-element-4611773a elementor-section-boxed elementor-section-height-default elementor-section-height-default\" data-id=\"4611773a\" data-element_type=\"section\" data-e-type=\"section\">\n\t\t\t\t\t\t<div class=\"elementor-container elementor-column-gap-default\">\n\t\t\t\t\t<div class=\"elementor-column elementor-col-100 elementor-top-column elementor-element elementor-element-eb85cd4\" data-id=\"eb85cd4\" data-element_type=\"column\" data-e-type=\"column\">\n\t\t\t<div class=\"elementor-widget-wrap elementor-element-populated\">\n\t\t\t\t\t\t<div class=\"elementor-element elementor-element-785c6808 elementor-widget elementor-widget-heading\" data-id=\"785c6808\" data-element_type=\"widget\" data-e-type=\"widget\" data-widget_type=\"heading.default\">\n\t\t\t\t<div class=\"elementor-widget-container\">\n\t\t\t\t\t<h2 class=\"elementor-heading-title elementor-size-default\">2. Gorge irrit\u00e9e et toux s\u00e8che<\/h2>\t\t\t\t<\/div>\n\t\t\t\t<\/div>\n\t\t\t\t\t<\/div>\n\t\t<\/div>\n\t\t\t\t\t<\/div>\n\t\t<\/section>\n\t\t\t\t<section class=\"elementor-section elementor-top-section elementor-element elementor-element-7b6d5209 elementor-section-boxed elementor-section-height-default elementor-section-height-default\" data-id=\"7b6d5209\" data-element_type=\"section\" data-e-type=\"section\">\n\t\t\t\t\t\t<div class=\"elementor-container elementor-column-gap-default\">\n\t\t\t\t\t<div class=\"elementor-column elementor-col-50 elementor-top-column elementor-element elementor-element-407d05f8\" data-id=\"407d05f8\" data-element_type=\"column\" data-e-type=\"column\">\n\t\t\t<div class=\"elementor-widget-wrap elementor-element-populated\">\n\t\t\t\t\t\t<div class=\"elementor-element elementor-element-1fba2f95 elementor-widget elementor-widget-text-editor\" data-id=\"1fba2f95\" data-element_type=\"widget\" data-e-type=\"widget\" data-widget_type=\"text-editor.default\">\n\t\t\t\t<div class=\"elementor-widget-container\">\n\t\t\t\t\t\t\t\t\t<p data-start=\"1138\" data-end=\"1313\">Un <strong data-start=\"1141\" data-end=\"1170\">air sec chambre sympt\u00f4mes<\/strong> se traduit souvent par une gorge irrit\u00e9e et une toux persistante. Cela peut \u00e9galement aggraver les allergies et les probl\u00e8mes respiratoires.<\/p><p data-start=\"1315\" data-end=\"1485\">L\u2019<strong data-start=\"1317\" data-end=\"1342\">humidificateur Solnan<\/strong> d\u2019Air and Me diffuse une humidit\u00e9 naturelle et homog\u00e8ne, soulageant la gorge et facilitant la respiration, m\u00eame dans les chambres d\u2019enfants.<\/p>\t\t\t\t\t\t\t\t<\/div>\n\t\t\t\t<\/div>\n\t\t\t\t\t<\/div>\n\t\t<\/div>\n\t\t\t\t<div class=\"elementor-column elementor-col-50 elementor-top-column elementor-element elementor-element-55bd23d0\" data-id=\"55bd23d0\" data-element_type=\"column\" data-e-type=\"column\">\n\t\t\t<div class=\"elementor-widget-wrap elementor-element-populated\">\n\t\t\t\t\t\t<div class=\"elementor-element elementor-element-46cedbca elementor-widget__width-initial elementor-widget elementor-widget-image\" data-id=\"46cedbca\" data-element_type=\"widget\" data-e-type=\"widget\" data-widget_type=\"image.default\">\n\t\t\t\t<div class=\"elementor-widget-container\">\n\t\t\t\t\t\t\t\t\t\t\t\t<figure class=\"wp-caption\">\n\t\t\t\t\t\t\t\t\t\t\t<a href=\"https:\/\/airandme.fr\/fr\/chauffage\/1512-chauffage-d-appoint-connecte-lison.html\">\n\t\t\t\t\t\t\t<img fetchpriority=\"high\" decoding=\"async\" width=\"450\" height=\"300\" src=\"https:\/\/i0.wp.com\/www.airandme.fr\/blog\/wp-content\/uploads\/allergie-pollen-purificateur-antiallergie.webp?fit=450%2C300&amp;ssl=1\" class=\"attachment-large size-large wp-image-22523\" alt=\"\" srcset=\"https:\/\/i0.wp.com\/www.airandme.fr\/blog\/wp-content\/uploads\/allergie-pollen-purificateur-antiallergie.webp?w=450&amp;ssl=1 450w, https:\/\/i0.wp.com\/www.airandme.fr\/blog\/wp-content\/uploads\/allergie-pollen-purificateur-antiallergie.webp?resize=300%2C200&amp;ssl=1 300w\" sizes=\"(max-width: 450px) 100vw, 450px\" \/>\t\t\t\t\t\t\t\t<\/a>\n\t\t\t\t\t\t\t\t\t\t\t<figcaption class=\"widget-image-caption wp-caption-text\">@katemangostar sur @freepik<\/figcaption>\n\t\t\t\t\t\t\t\t\t\t<\/figure>\n\t\t\t\t\t\t\t\t\t<\/div>\n\t\t\t\t<\/div>\n\t\t\t\t\t<\/div>\n\t\t<\/div>\n\t\t\t\t\t<\/div>\n\t\t<\/section>\n\t\t\t\t<section class=\"elementor-section elementor-top-section elementor-element elementor-element-2d2faed5 elementor-reverse-mobile elementor-section-boxed elementor-section-height-default elementor-section-height-default\" data-id=\"2d2faed5\" data-element_type=\"section\" data-e-type=\"section\">\n\t\t\t\t\t\t<div class=\"elementor-container elementor-column-gap-default\">\n\t\t\t\t\t<div class=\"elementor-column elementor-col-50 elementor-top-column elementor-element elementor-element-6b005b02\" data-id=\"6b005b02\" data-element_type=\"column\" data-e-type=\"column\">\n\t\t\t<div class=\"elementor-widget-wrap elementor-element-populated\">\n\t\t\t\t\t\t<div class=\"elementor-element elementor-element-1477f00f elementor-widget__width-initial elementor-widget elementor-widget-image\" data-id=\"1477f00f\" data-element_type=\"widget\" data-e-type=\"widget\" data-widget_type=\"image.default\">\n\t\t\t\t<div class=\"elementor-widget-container\">\n\t\t\t\t\t\t\t\t\t\t\t\t<figure class=\"wp-caption\">\n\t\t\t\t\t\t\t\t\t\t\t<a href=\"https:\/\/airandme.fr\/fr\/chauffage\/1147-chauffage-dappoint-anna-big-noir.html\">\n\t\t\t\t\t\t\t<img decoding=\"async\" width=\"1024\" height=\"683\" src=\"https:\/\/i0.wp.com\/www.airandme.fr\/blog\/wp-content\/uploads\/fatigue-qualite-air.jpg?fit=1024%2C683&amp;ssl=1\" class=\"attachment-large size-large wp-image-22781\" alt=\"\" srcset=\"https:\/\/i0.wp.com\/www.airandme.fr\/blog\/wp-content\/uploads\/fatigue-qualite-air.jpg?w=1200&amp;ssl=1 1200w, https:\/\/i0.wp.com\/www.airandme.fr\/blog\/wp-content\/uploads\/fatigue-qualite-air.jpg?resize=300%2C200&amp;ssl=1 300w, https:\/\/i0.wp.com\/www.airandme.fr\/blog\/wp-content\/uploads\/fatigue-qualite-air.jpg?resize=1024%2C683&amp;ssl=1 1024w, https:\/\/i0.wp.com\/www.airandme.fr\/blog\/wp-content\/uploads\/fatigue-qualite-air.jpg?resize=768%2C512&amp;ssl=1 768w, https:\/\/i0.wp.com\/www.airandme.fr\/blog\/wp-content\/uploads\/fatigue-qualite-air.jpg?resize=750%2C500&amp;ssl=1 750w, https:\/\/i0.wp.com\/www.airandme.fr\/blog\/wp-content\/uploads\/fatigue-qualite-air.jpg?resize=1140%2C760&amp;ssl=1 1140w\" sizes=\"(max-width: 1000px) 100vw, 1000px\" \/>\t\t\t\t\t\t\t\t<\/a>\n\t\t\t\t\t\t\t\t\t\t\t<figcaption class=\"widget-image-caption wp-caption-text\">@freepik<\/figcaption>\n\t\t\t\t\t\t\t\t\t\t<\/figure>\n\t\t\t\t\t\t\t\t\t<\/div>\n\t\t\t\t<\/div>\n\t\t\t\t\t<\/div>\n\t\t<\/div>\n\t\t\t\t<div class=\"elementor-column elementor-col-50 elementor-top-column elementor-element elementor-element-6d800b58\" data-id=\"6d800b58\" data-element_type=\"column\" data-e-type=\"column\">\n\t\t\t<div class=\"elementor-widget-wrap elementor-element-populated\">\n\t\t\t\t\t\t<div class=\"elementor-element elementor-element-2d8a3b57 elementor-widget elementor-widget-heading\" data-id=\"2d8a3b57\" data-element_type=\"widget\" data-e-type=\"widget\" data-widget_type=\"heading.default\">\n\t\t\t\t<div class=\"elementor-widget-container\">\n\t\t\t\t\t<h2 class=\"elementor-heading-title elementor-size-default\">3. Fatigue, maux de t\u00eate et baisse de concentration<\/h2>\t\t\t\t<\/div>\n\t\t\t\t<\/div>\n\t\t\t\t<div class=\"elementor-element elementor-element-7cb4cbb1 elementor-widget elementor-widget-text-editor\" data-id=\"7cb4cbb1\" data-element_type=\"widget\" data-e-type=\"widget\" data-widget_type=\"text-editor.default\">\n\t\t\t\t<div class=\"elementor-widget-container\">\n\t\t\t\t\t\t\t\t\t<p data-start=\"1550\" data-end=\"1745\">Le manque d\u2019humidit\u00e9 peut provoquer une fatigue inhabituelle, des maux de t\u00eate ou une baisse de concentration. En effet, l\u2019air sec d\u00e9shydrate l\u00e9g\u00e8rement vos muqueuses et perturbe votre confort.<\/p><p data-start=\"1747\" data-end=\"1912\">Avec l\u2019<strong data-start=\"1754\" data-end=\"1779\">humidificateur Claise<\/strong>, vous pouvez maintenir un taux d\u2019humidit\u00e9 optimal dans vos pi\u00e8ces, am\u00e9liorant ainsi votre bien-\u00eatre et votre \u00e9nergie au quotidien.<\/p>\t\t\t\t\t\t\t\t<\/div>\n\t\t\t\t<\/div>\n\t\t\t\t\t<\/div>\n\t\t<\/div>\n\t\t\t\t\t<\/div>\n\t\t<\/section>\n\t\t\t\t<section class=\"elementor-section elementor-top-section elementor-element elementor-element-76a8da5e elementor-section-boxed elementor-section-height-default elementor-section-height-default\" data-id=\"76a8da5e\" data-element_type=\"section\" data-e-type=\"section\">\n\t\t\t\t\t\t<div class=\"elementor-container elementor-column-gap-default\">\n\t\t\t\t\t<div class=\"elementor-column elementor-col-50 elementor-top-column elementor-element elementor-element-246adaf9\" data-id=\"246adaf9\" data-element_type=\"column\" data-e-type=\"column\">\n\t\t\t<div class=\"elementor-widget-wrap elementor-element-populated\">\n\t\t\t\t\t\t<div class=\"elementor-element elementor-element-3c35e3f9 elementor-widget elementor-widget-heading\" data-id=\"3c35e3f9\" data-element_type=\"widget\" data-e-type=\"widget\" data-widget_type=\"heading.default\">\n\t\t\t\t<div class=\"elementor-widget-container\">\n\t\t\t\t\t<h2 class=\"elementor-heading-title elementor-size-default\">4. Bois, meubles et instruments qui se fissurent<\/h2>\t\t\t\t<\/div>\n\t\t\t\t<\/div>\n\t\t\t\t<div class=\"elementor-element elementor-element-4d7d731e elementor-widget elementor-widget-text-editor\" data-id=\"4d7d731e\" data-element_type=\"widget\" data-e-type=\"widget\" data-widget_type=\"text-editor.default\">\n\t\t\t\t<div class=\"elementor-widget-container\">\n\t\t\t\t\t\t\t\t\t<p data-start=\"1974\" data-end=\"2139\">Le bois est particuli\u00e8rement sensible \u00e0 la s\u00e9cheresse. Parquets, meubles ou instruments comme les pianos peuvent se fissurer si l\u2019air de votre maison est trop sec.<\/p><p data-start=\"2141\" data-end=\"2345\">Pour prot\u00e9ger votre mobilier, l\u2019<strong data-start=\"2173\" data-end=\"2204\">humidificateur d\u2019air maison<\/strong> Clarence ou Solnan diffuse l\u2019humidit\u00e9 de mani\u00e8re douce et r\u00e9guli\u00e8re, pr\u00e9servant vos biens et \u00e9vitant les craquements li\u00e9s \u00e0 la s\u00e9cheresse.<\/p>\t\t\t\t\t\t\t\t<\/div>\n\t\t\t\t<\/div>\n\t\t\t\t\t<\/div>\n\t\t<\/div>\n\t\t\t\t<div class=\"elementor-column elementor-col-50 elementor-top-column elementor-element elementor-element-5c6b8c06\" data-id=\"5c6b8c06\" data-element_type=\"column\" data-e-type=\"column\">\n\t\t\t<div class=\"elementor-widget-wrap elementor-element-populated\">\n\t\t\t\t\t\t<div class=\"elementor-element elementor-element-461f5822 elementor-widget__width-initial elementor-widget elementor-widget-image\" data-id=\"461f5822\" data-element_type=\"widget\" data-e-type=\"widget\" data-widget_type=\"image.default\">\n\t\t\t\t<div class=\"elementor-widget-container\">\n\t\t\t\t\t\t\t\t\t\t\t\t<figure class=\"wp-caption\">\n\t\t\t\t\t\t\t\t\t\t\t<a href=\"https:\/\/airandme.fr\/fr\/chauffage\/965-chauffage-dappoint-paul-noir.html\">\n\t\t\t\t\t\t\t<img decoding=\"async\" width=\"600\" height=\"400\" src=\"https:\/\/i0.wp.com\/www.airandme.fr\/blog\/wp-content\/uploads\/humidificateur-air-pour-instrument-bois.webp?fit=600%2C400&amp;ssl=1\" class=\"attachment-large size-large wp-image-23039\" alt=\"\" srcset=\"https:\/\/i0.wp.com\/www.airandme.fr\/blog\/wp-content\/uploads\/humidificateur-air-pour-instrument-bois.webp?w=600&amp;ssl=1 600w, https:\/\/i0.wp.com\/www.airandme.fr\/blog\/wp-content\/uploads\/humidificateur-air-pour-instrument-bois.webp?resize=300%2C200&amp;ssl=1 300w\" sizes=\"(max-width: 600px) 100vw, 600px\" \/>\t\t\t\t\t\t\t\t<\/a>\n\t\t\t\t\t\t\t\t\t\t\t<figcaption class=\"widget-image-caption wp-caption-text\">@wavebreakmedia_micro sur @freepik<\/figcaption>\n\t\t\t\t\t\t\t\t\t\t<\/figure>\n\t\t\t\t\t\t\t\t\t<\/div>\n\t\t\t\t<\/div>\n\t\t\t\t\t<\/div>\n\t\t<\/div>\n\t\t\t\t\t<\/div>\n\t\t<\/section>\n\t\t\t\t<section class=\"elementor-section elementor-top-section elementor-element elementor-element-36aedb64 elementor-section-boxed elementor-section-height-default elementor-section-height-default\" data-id=\"36aedb64\" data-element_type=\"section\" data-e-type=\"section\">\n\t\t\t\t\t\t<div class=\"elementor-container elementor-column-gap-default\">\n\t\t\t\t\t<div class=\"elementor-column elementor-col-100 elementor-top-column elementor-element elementor-element-5774d8c8\" data-id=\"5774d8c8\" data-element_type=\"column\" data-e-type=\"column\">\n\t\t\t<div class=\"elementor-widget-wrap elementor-element-populated\">\n\t\t\t\t\t\t<div class=\"elementor-element elementor-element-16f95bbc elementor-widget elementor-widget-heading\" data-id=\"16f95bbc\" data-element_type=\"widget\" data-e-type=\"widget\" data-widget_type=\"heading.default\">\n\t\t\t\t<div class=\"elementor-widget-container\">\n\t\t\t\t\t<h2 class=\"elementor-heading-title elementor-size-default\">5. \u00c9lectricit\u00e9 statique et cheveux qui se dressent<\/h2>\t\t\t\t<\/div>\n\t\t\t\t<\/div>\n\t\t\t\t<div class=\"elementor-element elementor-element-543a0c7c elementor-widget elementor-widget-text-editor\" data-id=\"543a0c7c\" data-element_type=\"widget\" data-e-type=\"widget\" data-widget_type=\"text-editor.default\">\n\t\t\t\t<div class=\"elementor-widget-container\">\n\t\t\t\t\t\t\t\t\t<ul><li data-start=\"3243\" data-end=\"3305\"><p data-start=\"2409\" data-end=\"2549\">Si vos cheveux se dressent ou que vous ressentez de petites d\u00e9charges \u00e9lectriques en touchant vos objets, l\u2019air est probablement trop sec.<\/p><p data-start=\"2551\" data-end=\"2718\">Les <strong data-start=\"2555\" data-end=\"2591\">humidificateurs d\u2019air Air and Me<\/strong>, comme <strong data-start=\"2599\" data-end=\"2609\">Claise<\/strong>, permettent de r\u00e9duire efficacement l\u2019\u00e9lectricit\u00e9 statique et d\u2019am\u00e9liorer le confort dans toute la maison.<\/p><\/li><\/ul>\t\t\t\t\t\t\t\t<\/div>\n\t\t\t\t<\/div>\n\t\t\t\t<div class=\"elementor-element elementor-element-9f66ddb elementor-widget elementor-widget-heading\" data-id=\"9f66ddb\" data-element_type=\"widget\" data-e-type=\"widget\" data-widget_type=\"heading.default\">\n\t\t\t\t<div class=\"elementor-widget-container\">\n\t\t\t\t\t<h2 class=\"elementor-heading-title elementor-size-default\">Pourquoi choisir un humidificateur d\u2019air Air and Me ?<\/h2>\t\t\t\t<\/div>\n\t\t\t\t<\/div>\n\t\t\t\t<div class=\"elementor-element elementor-element-be8b5e9 elementor-widget elementor-widget-text-editor\" data-id=\"be8b5e9\" data-element_type=\"widget\" data-e-type=\"widget\" data-widget_type=\"text-editor.default\">\n\t\t\t\t<div class=\"elementor-widget-container\">\n\t\t\t\t\t\t\t\t\t<p data-start=\"2785\" data-end=\"2893\">Les <strong data-start=\"2789\" data-end=\"2819\">humidificateurs Air and Me<\/strong> sont con\u00e7us pour un <strong data-start=\"2840\" data-end=\"2865\">humidification maison<\/strong> optimale et silencieuse :<\/p><p data-start=\"3193\" data-end=\"3352\">\u00a0<\/p>\t\t\t\t\t\t\t\t<\/div>\n\t\t\t\t<\/div>\n\t\t\t\t\t<\/div>\n\t\t<\/div>\n\t\t\t\t\t<\/div>\n\t\t<\/section>\n\t\t\t\t<section class=\"elementor-section elementor-top-section elementor-element elementor-element-8ad2787 elementor-section-boxed elementor-section-height-default elementor-section-height-default\" data-id=\"8ad2787\" data-element_type=\"section\" data-e-type=\"section\">\n\t\t\t\t\t\t<div class=\"elementor-container elementor-column-gap-default\">\n\t\t\t\t\t<div class=\"elementor-column elementor-col-33 elementor-top-column elementor-element elementor-element-93b45e2\" data-id=\"93b45e2\" data-element_type=\"column\" data-e-type=\"column\">\n\t\t\t<div class=\"elementor-widget-wrap elementor-element-populated\">\n\t\t\t\t\t\t<div class=\"elementor-element elementor-element-8382502 elementor-widget elementor-widget-image\" data-id=\"8382502\" data-element_type=\"widget\" data-e-type=\"widget\" data-widget_type=\"image.default\">\n\t\t\t\t<div class=\"elementor-widget-container\">\n\t\t\t\t\t\t\t\t\t\t\t\t\t\t\t\t<a href=\"https:\/\/airandme.fr\/fr\/humidification-de-lair\/1511-humidificateur-d-air-clarence.html\">\n\t\t\t\t\t\t\t<img loading=\"lazy\" decoding=\"async\" width=\"450\" height=\"250\" src=\"https:\/\/i0.wp.com\/www.airandme.fr\/blog\/wp-content\/uploads\/humidificateur-air-sec-clarence.webp?fit=450%2C250&amp;ssl=1\" class=\"attachment-large size-large wp-image-23219\" alt=\"\" srcset=\"https:\/\/i0.wp.com\/www.airandme.fr\/blog\/wp-content\/uploads\/humidificateur-air-sec-clarence.webp?w=450&amp;ssl=1 450w, https:\/\/i0.wp.com\/www.airandme.fr\/blog\/wp-content\/uploads\/humidificateur-air-sec-clarence.webp?resize=300%2C167&amp;ssl=1 300w\" sizes=\"(max-width: 450px) 100vw, 450px\" \/>\t\t\t\t\t\t\t\t<\/a>\n\t\t\t\t\t\t\t\t\t\t\t\t\t\t\t<\/div>\n\t\t\t\t<\/div>\n\t\t\t\t<div class=\"elementor-element elementor-element-a45eeb0 elementor-widget elementor-widget-heading\" data-id=\"a45eeb0\" data-element_type=\"widget\" data-e-type=\"widget\" data-widget_type=\"heading.default\">\n\t\t\t\t<div class=\"elementor-widget-container\">\n\t\t\t\t\t<h3 class=\"elementor-heading-title elementor-size-default\">CLARENCE<\/h3>\t\t\t\t<\/div>\n\t\t\t\t<\/div>\n\t\t\t\t<div class=\"elementor-element elementor-element-9da6ece elementor-widget elementor-widget-text-editor\" data-id=\"9da6ece\" data-element_type=\"widget\" data-e-type=\"widget\" data-widget_type=\"text-editor.default\">\n\t\t\t\t<div class=\"elementor-widget-container\">\n\t\t\t\t\t\t\t\t\t<p>Connect\u00e9, intelligent, pour des pi\u00e8ces jusqu\u2019\u00e0 40 m\u00b2, avec ioniseur, vapeur froide\/ti\u00e8de et contr\u00f4le \u00e0 distance via TUYA.<\/p>\t\t\t\t\t\t\t\t<\/div>\n\t\t\t\t<\/div>\n\t\t\t\t<div class=\"elementor-element elementor-element-227deaf elementor-widget elementor-widget-button\" data-id=\"227deaf\" data-element_type=\"widget\" data-e-type=\"widget\" data-widget_type=\"button.default\">\n\t\t\t\t<div class=\"elementor-widget-container\">\n\t\t\t\t\t\t\t\t\t<div class=\"elementor-button-wrapper\">\n\t\t\t\t\t<a class=\"elementor-button elementor-button-link elementor-size-sm\" href=\"https:\/\/airandme.fr\/fr\/humidification-de-lair\/1511-humidificateur-d-air-clarence.html\">\n\t\t\t\t\t\t<span class=\"elementor-button-content-wrapper\">\n\t\t\t\t\t\t\t\t\t<span class=\"elementor-button-text\">ACHETER<\/span>\n\t\t\t\t\t<\/span>\n\t\t\t\t\t<\/a>\n\t\t\t\t<\/div>\n\t\t\t\t\t\t\t\t<\/div>\n\t\t\t\t<\/div>\n\t\t\t\t\t<\/div>\n\t\t<\/div>\n\t\t\t\t<div class=\"elementor-column elementor-col-33 elementor-top-column elementor-element elementor-element-fb67ad6\" data-id=\"fb67ad6\" data-element_type=\"column\" data-e-type=\"column\">\n\t\t\t<div class=\"elementor-widget-wrap elementor-element-populated\">\n\t\t\t\t\t\t<div class=\"elementor-element elementor-element-88eeabe elementor-widget elementor-widget-image\" data-id=\"88eeabe\" data-element_type=\"widget\" data-e-type=\"widget\" data-widget_type=\"image.default\">\n\t\t\t\t<div class=\"elementor-widget-container\">\n\t\t\t\t\t\t\t\t\t\t\t\t\t\t\t\t<a href=\"https:\/\/airandme.fr\/fr\/humidification-de-lair\/1450-humidificateur-solnan-noir.html\">\n\t\t\t\t\t\t\t<img loading=\"lazy\" decoding=\"async\" width=\"450\" height=\"250\" src=\"https:\/\/i0.wp.com\/www.airandme.fr\/blog\/wp-content\/uploads\/humidificateur-air-sec-solnan.webp?fit=450%2C250&amp;ssl=1\" class=\"attachment-large size-large wp-image-23220\" alt=\"\" srcset=\"https:\/\/i0.wp.com\/www.airandme.fr\/blog\/wp-content\/uploads\/humidificateur-air-sec-solnan.webp?w=450&amp;ssl=1 450w, https:\/\/i0.wp.com\/www.airandme.fr\/blog\/wp-content\/uploads\/humidificateur-air-sec-solnan.webp?resize=300%2C167&amp;ssl=1 300w\" sizes=\"(max-width: 450px) 100vw, 450px\" \/>\t\t\t\t\t\t\t\t<\/a>\n\t\t\t\t\t\t\t\t\t\t\t\t\t\t\t<\/div>\n\t\t\t\t<\/div>\n\t\t\t\t<div class=\"elementor-element elementor-element-93bedd7 elementor-widget elementor-widget-heading\" data-id=\"93bedd7\" data-element_type=\"widget\" data-e-type=\"widget\" data-widget_type=\"heading.default\">\n\t\t\t\t<div class=\"elementor-widget-container\">\n\t\t\t\t\t<h3 class=\"elementor-heading-title elementor-size-default\">SOLNAN<\/h3>\t\t\t\t<\/div>\n\t\t\t\t<\/div>\n\t\t\t\t<div class=\"elementor-element elementor-element-6254081 elementor-widget elementor-widget-text-editor\" data-id=\"6254081\" data-element_type=\"widget\" data-e-type=\"widget\" data-widget_type=\"text-editor.default\">\n\t\t\t\t<div class=\"elementor-widget-container\">\n\t\t\t\t\t\t\t\t\t<p>Ultrasonique, design, avec 3 vitesses, hygrostat et minuterie int\u00e9gr\u00e9e. Id\u00e9al pour le salon ou le bureau.<\/p>\t\t\t\t\t\t\t\t<\/div>\n\t\t\t\t<\/div>\n\t\t\t\t<div class=\"elementor-element elementor-element-9ad97ee elementor-widget elementor-widget-button\" data-id=\"9ad97ee\" data-element_type=\"widget\" data-e-type=\"widget\" data-widget_type=\"button.default\">\n\t\t\t\t<div class=\"elementor-widget-container\">\n\t\t\t\t\t\t\t\t\t<div class=\"elementor-button-wrapper\">\n\t\t\t\t\t<a class=\"elementor-button elementor-button-link elementor-size-sm\" href=\"https:\/\/airandme.fr\/fr\/humidification-de-lair\/1450-humidificateur-solnan-noir.html\">\n\t\t\t\t\t\t<span class=\"elementor-button-content-wrapper\">\n\t\t\t\t\t\t\t\t\t<span class=\"elementor-button-text\">ACHETER<\/span>\n\t\t\t\t\t<\/span>\n\t\t\t\t\t<\/a>\n\t\t\t\t<\/div>\n\t\t\t\t\t\t\t\t<\/div>\n\t\t\t\t<\/div>\n\t\t\t\t\t<\/div>\n\t\t<\/div>\n\t\t\t\t<div class=\"elementor-column elementor-col-33 elementor-top-column elementor-element elementor-element-aed1922\" data-id=\"aed1922\" data-element_type=\"column\" data-e-type=\"column\">\n\t\t\t<div class=\"elementor-widget-wrap elementor-element-populated\">\n\t\t\t\t\t\t<div class=\"elementor-element elementor-element-ca4031b elementor-widget elementor-widget-image\" data-id=\"ca4031b\" data-element_type=\"widget\" data-e-type=\"widget\" data-widget_type=\"image.default\">\n\t\t\t\t<div class=\"elementor-widget-container\">\n\t\t\t\t\t\t\t\t\t\t\t\t\t\t\t\t<a href=\"https:\/\/airandme.fr\/fr\/humidification-de-lair\/1600-humidificateur-ultrasonique-claise.html\">\n\t\t\t\t\t\t\t<img loading=\"lazy\" decoding=\"async\" width=\"450\" height=\"250\" src=\"https:\/\/i0.wp.com\/www.airandme.fr\/blog\/wp-content\/uploads\/humidificateur-air-sec-claise.webp?fit=450%2C250&amp;ssl=1\" class=\"attachment-large size-large wp-image-23221\" alt=\"\" srcset=\"https:\/\/i0.wp.com\/www.airandme.fr\/blog\/wp-content\/uploads\/humidificateur-air-sec-claise.webp?w=450&amp;ssl=1 450w, https:\/\/i0.wp.com\/www.airandme.fr\/blog\/wp-content\/uploads\/humidificateur-air-sec-claise.webp?resize=300%2C167&amp;ssl=1 300w\" sizes=\"(max-width: 450px) 100vw, 450px\" \/>\t\t\t\t\t\t\t\t<\/a>\n\t\t\t\t\t\t\t\t\t\t\t\t\t\t\t<\/div>\n\t\t\t\t<\/div>\n\t\t\t\t<div class=\"elementor-element elementor-element-d162dd4 elementor-widget elementor-widget-heading\" data-id=\"d162dd4\" data-element_type=\"widget\" data-e-type=\"widget\" data-widget_type=\"heading.default\">\n\t\t\t\t<div class=\"elementor-widget-container\">\n\t\t\t\t\t<h3 class=\"elementor-heading-title elementor-size-default\">CLAISE<\/h3>\t\t\t\t<\/div>\n\t\t\t\t<\/div>\n\t\t\t\t<div class=\"elementor-element elementor-element-c704077 elementor-widget elementor-widget-text-editor\" data-id=\"c704077\" data-element_type=\"widget\" data-e-type=\"widget\" data-widget_type=\"text-editor.default\">\n\t\t\t\t<div class=\"elementor-widget-container\">\n\t\t\t\t\t\t\t\t\t<p>Compact, silencieux, pour petites pi\u00e8ces jusqu\u2019\u00e0 15 m\u00b2. Simple \u00e0 utiliser et \u00e9conomique.<\/p>\t\t\t\t\t\t\t\t<\/div>\n\t\t\t\t<\/div>\n\t\t\t\t<div class=\"elementor-element elementor-element-9dc520f elementor-widget elementor-widget-button\" data-id=\"9dc520f\" data-element_type=\"widget\" data-e-type=\"widget\" data-widget_type=\"button.default\">\n\t\t\t\t<div class=\"elementor-widget-container\">\n\t\t\t\t\t\t\t\t\t<div class=\"elementor-button-wrapper\">\n\t\t\t\t\t<a class=\"elementor-button elementor-button-link elementor-size-sm\" href=\"https:\/\/airandme.fr\/fr\/humidification-de-lair\/1600-humidificateur-ultrasonique-claise.html\">\n\t\t\t\t\t\t<span class=\"elementor-button-content-wrapper\">\n\t\t\t\t\t\t\t\t\t<span class=\"elementor-button-text\">ACHETER<\/span>\n\t\t\t\t\t<\/span>\n\t\t\t\t\t<\/a>\n\t\t\t\t<\/div>\n\t\t\t\t\t\t\t\t<\/div>\n\t\t\t\t<\/div>\n\t\t\t\t\t<\/div>\n\t\t<\/div>\n\t\t\t\t\t<\/div>\n\t\t<\/section>\n\t\t\t\t<section class=\"elementor-section elementor-top-section elementor-element elementor-element-592dc4d8 elementor-section-boxed elementor-section-height-default elementor-section-height-default\" data-id=\"592dc4d8\" data-element_type=\"section\" data-e-type=\"section\">\n\t\t\t\t\t\t<div class=\"elementor-container elementor-column-gap-default\">\n\t\t\t\t\t<div class=\"elementor-column elementor-col-100 elementor-top-column elementor-element elementor-element-3aed2e2c\" data-id=\"3aed2e2c\" data-element_type=\"column\" data-e-type=\"column\">\n\t\t\t<div class=\"elementor-widget-wrap elementor-element-populated\">\n\t\t\t\t\t\t<div class=\"elementor-element elementor-element-1f1218d elementor-widget elementor-widget-text-editor\" data-id=\"1f1218d\" data-element_type=\"widget\" data-e-type=\"widget\" data-widget_type=\"text-editor.default\">\n\t\t\t\t<div class=\"elementor-widget-container\">\n\t\t\t\t\t\t\t\t\t<p>Ces mod\u00e8les facilitent <strong data-start=\"3216\" data-end=\"3244\">comment humidifier l\u2019air<\/strong> facilement, prot\u00e8gent votre mobilier et am\u00e9liorent votre confort respiratoire sans g\u00eaner votre quotidien.<\/p>\t\t\t\t\t\t\t\t<\/div>\n\t\t\t\t<\/div>\n\t\t\t\t<div class=\"elementor-element elementor-element-6a62c6d6 elementor-widget elementor-widget-heading\" data-id=\"6a62c6d6\" data-element_type=\"widget\" data-e-type=\"widget\" data-widget_type=\"heading.default\">\n\t\t\t\t<div class=\"elementor-widget-container\">\n\t\t\t\t\t<h3 class=\"elementor-heading-title elementor-size-default\">Nos humidificateurs d'air<\/h3>\t\t\t\t<\/div>\n\t\t\t\t<\/div>\n\t\t\t\t<div class=\"elementor-element elementor-element-7376caac elementor-widget elementor-widget-text-editor\" data-id=\"7376caac\" data-element_type=\"widget\" data-e-type=\"widget\" data-widget_type=\"text-editor.default\">\n\t\t\t\t<div class=\"elementor-widget-container\">\n\t\t\t\t\t\t\t\t\t<div class=\"row ppgbo_row ppgbo_product_1\">\n    \n    <div class=\"product col-4\">\n        <a class=\"product_link\" target=\"_blank\" href=\"https:\/\/airandme.fr\/fr\/humidification-de-lair\/1660-humidificateur-a-ultrasons-avec-uv-oliver-noir.html\">Humidificateur avec lampe UV OLIVER Noir<\/a><img data-recalc-dims=\"1\" loading=\"lazy\" decoding=\"async\" class=\"product_image\" src=\"https:\/\/i0.wp.com\/airandme.fr\/10510-medium_default\/1.jpg?resize=250%2C250&#038;ssl=1\"  alt=\"Humidificateur avec lampe UV OLIVER Noir\" width=\"250\" height=\"250\" \/><h4 class=\"product_name\">Humidificateur avec lampe UV OLIVER Noir<\/h4><div class=\"product_description_short\">Oliver noir est un humidificateur ultrasonique \u00e0 vapeur froide avec lampe UV int\u00e9gr\u00e9e [&#8230;]<\/div><span class=\"product_price\">119.00\u20ac<\/span><div class=\"btn btn-default\">Voir le produit<\/div>    <\/div>\n    \n    \n    <div class=\"product col-4\">\n        <a class=\"product_link\" target=\"_blank\" href=\"https:\/\/airandme.fr\/fr\/humidification-de-lair\/1292-humidificateur-solnan-blanc.html\">Humidificateur SOLNAN Blanc<\/a><img data-recalc-dims=\"1\" loading=\"lazy\" decoding=\"async\" class=\"product_image\" src=\"https:\/\/i0.wp.com\/airandme.fr\/9984-medium_default\/1.jpg?resize=250%2C250&#038;ssl=1\"  alt=\"Humidificateur SOLNAN Blanc\" width=\"250\" height=\"250\" \/><h4 class=\"product_name\">Humidificateur SOLNAN Blanc<\/h4><div class=\"product_description_short\">Gr\u00e2ce \u00e0 SOLNAN Blanc, dites adieu \u00e0 l\u2019air trop sec dans votre logement ! Avec son [&#8230;]<\/div><span class=\"product_price\">99.90\u20ac<\/span><div class=\"btn btn-default\">Voir le produit<\/div>    <\/div>\n    \n    \n    <div class=\"product col-4\">\n        <a class=\"product_link\" target=\"_blank\" href=\"https:\/\/airandme.fr\/fr\/humidification-de-lair\/942-humidificateur-gotakid.html\">Humidificateur GOTAKID<\/a><img data-recalc-dims=\"1\" loading=\"lazy\" decoding=\"async\" class=\"product_image\" src=\"https:\/\/i0.wp.com\/airandme.fr\/8185-medium_default\/1.jpg?resize=250%2C250&#038;ssl=1\"  alt=\"Humidificateur GOTAKID\" width=\"250\" height=\"250\" \/><h4 class=\"product_name\">Humidificateur GOTAKID<\/h4><div class=\"product_description_short\">Avec son look unique, sa veilleuse int\u00e9gr\u00e9e et sa technologie HygroSmart\u00ae, GOTAKID est [&#8230;]<\/div><span class=\"product_price\">69.00\u20ac<\/span><div class=\"btn btn-default\">Voir le produit<\/div>    <\/div>\n    \n    <div class=\"clear\"><\/div><\/div>\n<div class=\"clear\"><\/div>\t\t\t\t\t\t\t\t<\/div>\n\t\t\t\t<\/div>\n\t\t\t\t\t<\/div>\n\t\t<\/div>\n\t\t\t\t\t<\/div>\n\t\t<\/section>\n\t\t\t\t<\/div>\n\t\t","protected":false},"excerpt":{"rendered":"<p>Un air trop sec dans votre maison peut passer inaper\u00e7u, mais il a des cons\u00e9quences importantes sur votre sant\u00e9, votre confort et m\u00eame vos meubles. Gr\u00e2ce \u00e0 un humidificateur d\u2019air, vous pouvez r\u00e9tablir l\u2019\u00e9quilibre et profiter d\u2019une atmosph\u00e8re agr\u00e9able. D\u00e9couvrez les principaux signes d\u2019un air sec et comment les humidificateurs d\u2019air Air and Me peuvent [&hellip;]<\/p>\n","protected":false},"author":1015,"featured_media":23220,"comment_status":"open","ping_status":"closed","sticky":false,"template":"","format":"standard","meta":{"jetpack_post_was_ever_published":false,"_jetpack_newsletter_access":"","_jetpack_dont_email_post_to_subs":false,"_jetpack_newsletter_tier_id":0,"_jetpack_memberships_contains_paywalled_content":false,"_jetpack_memberships_contains_paid_content":false,"jnews-multi-image_gallery":[],"jnews_single_post":{"format":"standard"},"jnews_primary_category":[],"jnews_social_meta":[],"footnotes":""},"categories":[710],"tags":[],"class_list":["post-23217","post","type-post","status-publish","format-standard","has-post-thumbnail","hentry","category-humidification"],"yoast_head":"<!-- This site is optimized with the Yoast SEO plugin v27.4 - https:\/\/yoast.com\/product\/yoast-seo-wordpress\/ -->\n<title>Air trop sec maison \u2013 Humidificateur Air and Me<\/title>\n<meta name=\"description\" content=\"Peau s\u00e8che, gorge irrit\u00e9e ? Les humidificateurs Air and Me restaurent l\u2019humidit\u00e9 et le confort.\" \/>\n<meta name=\"robots\" content=\"index, follow, max-snippet:-1, max-image-preview:large, max-video-preview:-1\" \/>\n<link rel=\"canonical\" href=\"https:\/\/www.airandme.fr\/blog\/humidification\/5-signes-que-lair-est-trop-sec-chez-vous-et-comment-y-remedier\/\" \/>\n<meta property=\"og:locale\" content=\"fr_FR\" \/>\n<meta property=\"og:type\" content=\"article\" \/>\n<meta property=\"og:title\" content=\"Air trop sec maison \u2013 Humidificateur Air and Me\" \/>\n<meta property=\"og:description\" content=\"Peau s\u00e8che, gorge irrit\u00e9e ? Les humidificateurs Air and Me restaurent l\u2019humidit\u00e9 et le confort.\" \/>\n<meta property=\"og:url\" content=\"https:\/\/www.airandme.fr\/blog\/humidification\/5-signes-que-lair-est-trop-sec-chez-vous-et-comment-y-remedier\/\" \/>\n<meta property=\"og:site_name\" content=\"air&amp;me - Le blog du traitement de l&#039;air\" \/>\n<meta property=\"article:publisher\" content=\"https:\/\/www.facebook.com\/airandme\" \/>\n<meta property=\"article:published_time\" content=\"2025-12-01T11:41:36+00:00\" \/>\n<meta property=\"article:modified_time\" content=\"2026-02-09T13:25:58+00:00\" \/>\n<meta property=\"og:image\" content=\"https:\/\/www.airandme.fr\/blog\/wp-content\/uploads\/humidificateur-air-sec-solnan.webp\" \/>\n\t<meta property=\"og:image:width\" content=\"450\" \/>\n\t<meta property=\"og:image:height\" content=\"250\" \/>\n\t<meta property=\"og:image:type\" content=\"image\/webp\" \/>\n<meta name=\"author\" content=\"Malak Benachour\" \/>\n<meta name=\"twitter:card\" content=\"summary_large_image\" \/>\n<meta name=\"twitter:label1\" content=\"\u00c9crit par\" \/>\n\t<meta name=\"twitter:data1\" content=\"Malak Benachour\" \/>\n\t<meta name=\"twitter:label2\" content=\"Dur\u00e9e de lecture estim\u00e9e\" \/>\n\t<meta name=\"twitter:data2\" content=\"5 minutes\" \/>\n<script type=\"application\/ld+json\" class=\"yoast-schema-graph\">{\"@context\":\"https:\\\/\\\/schema.org\",\"@graph\":[{\"@type\":\"Article\",\"@id\":\"https:\\\/\\\/www.airandme.fr\\\/blog\\\/humidification\\\/5-signes-que-lair-est-trop-sec-chez-vous-et-comment-y-remedier\\\/#article\",\"isPartOf\":{\"@id\":\"https:\\\/\\\/www.airandme.fr\\\/blog\\\/humidification\\\/5-signes-que-lair-est-trop-sec-chez-vous-et-comment-y-remedier\\\/\"},\"author\":{\"name\":\"Malak Benachour\",\"@id\":\"https:\\\/\\\/www.airandme.fr\\\/blog\\\/#\\\/schema\\\/person\\\/f35188b2bfd70fb3802796577bd7dfa3\"},\"headline\":\"5 signes que l\u2019air est trop sec chez vous et comment y rem\u00e9dier\",\"datePublished\":\"2025-12-01T11:41:36+00:00\",\"dateModified\":\"2026-02-09T13:25:58+00:00\",\"mainEntityOfPage\":{\"@id\":\"https:\\\/\\\/www.airandme.fr\\\/blog\\\/humidification\\\/5-signes-que-lair-est-trop-sec-chez-vous-et-comment-y-remedier\\\/\"},\"wordCount\":557,\"commentCount\":0,\"publisher\":{\"@id\":\"https:\\\/\\\/www.airandme.fr\\\/blog\\\/#organization\"},\"image\":{\"@id\":\"https:\\\/\\\/www.airandme.fr\\\/blog\\\/humidification\\\/5-signes-que-lair-est-trop-sec-chez-vous-et-comment-y-remedier\\\/#primaryimage\"},\"thumbnailUrl\":\"https:\\\/\\\/i0.wp.com\\\/www.airandme.fr\\\/blog\\\/wp-content\\\/uploads\\\/humidificateur-air-sec-solnan.webp?fit=450%2C250&ssl=1\",\"articleSection\":[\"Humidification de l'air\"],\"inLanguage\":\"fr-FR\",\"potentialAction\":[{\"@type\":\"CommentAction\",\"name\":\"Comment\",\"target\":[\"https:\\\/\\\/www.airandme.fr\\\/blog\\\/humidification\\\/5-signes-que-lair-est-trop-sec-chez-vous-et-comment-y-remedier\\\/#respond\"]}]},{\"@type\":\"WebPage\",\"@id\":\"https:\\\/\\\/www.airandme.fr\\\/blog\\\/humidification\\\/5-signes-que-lair-est-trop-sec-chez-vous-et-comment-y-remedier\\\/\",\"url\":\"https:\\\/\\\/www.airandme.fr\\\/blog\\\/humidification\\\/5-signes-que-lair-est-trop-sec-chez-vous-et-comment-y-remedier\\\/\",\"name\":\"Air trop sec maison \u2013 Humidificateur Air and Me\",\"isPartOf\":{\"@id\":\"https:\\\/\\\/www.airandme.fr\\\/blog\\\/#website\"},\"primaryImageOfPage\":{\"@id\":\"https:\\\/\\\/www.airandme.fr\\\/blog\\\/humidification\\\/5-signes-que-lair-est-trop-sec-chez-vous-et-comment-y-remedier\\\/#primaryimage\"},\"image\":{\"@id\":\"https:\\\/\\\/www.airandme.fr\\\/blog\\\/humidification\\\/5-signes-que-lair-est-trop-sec-chez-vous-et-comment-y-remedier\\\/#primaryimage\"},\"thumbnailUrl\":\"https:\\\/\\\/i0.wp.com\\\/www.airandme.fr\\\/blog\\\/wp-content\\\/uploads\\\/humidificateur-air-sec-solnan.webp?fit=450%2C250&ssl=1\",\"datePublished\":\"2025-12-01T11:41:36+00:00\",\"dateModified\":\"2026-02-09T13:25:58+00:00\",\"description\":\"Peau s\u00e8che, gorge irrit\u00e9e ? Les humidificateurs Air and Me restaurent l\u2019humidit\u00e9 et le confort.\",\"breadcrumb\":{\"@id\":\"https:\\\/\\\/www.airandme.fr\\\/blog\\\/humidification\\\/5-signes-que-lair-est-trop-sec-chez-vous-et-comment-y-remedier\\\/#breadcrumb\"},\"inLanguage\":\"fr-FR\",\"potentialAction\":[{\"@type\":\"ReadAction\",\"target\":[\"https:\\\/\\\/www.airandme.fr\\\/blog\\\/humidification\\\/5-signes-que-lair-est-trop-sec-chez-vous-et-comment-y-remedier\\\/\"]}]},{\"@type\":\"ImageObject\",\"inLanguage\":\"fr-FR\",\"@id\":\"https:\\\/\\\/www.airandme.fr\\\/blog\\\/humidification\\\/5-signes-que-lair-est-trop-sec-chez-vous-et-comment-y-remedier\\\/#primaryimage\",\"url\":\"https:\\\/\\\/i0.wp.com\\\/www.airandme.fr\\\/blog\\\/wp-content\\\/uploads\\\/humidificateur-air-sec-solnan.webp?fit=450%2C250&ssl=1\",\"contentUrl\":\"https:\\\/\\\/i0.wp.com\\\/www.airandme.fr\\\/blog\\\/wp-content\\\/uploads\\\/humidificateur-air-sec-solnan.webp?fit=450%2C250&ssl=1\",\"width\":450,\"height\":250},{\"@type\":\"BreadcrumbList\",\"@id\":\"https:\\\/\\\/www.airandme.fr\\\/blog\\\/humidification\\\/5-signes-que-lair-est-trop-sec-chez-vous-et-comment-y-remedier\\\/#breadcrumb\",\"itemListElement\":[{\"@type\":\"ListItem\",\"position\":1,\"name\":\"Accueil\",\"item\":\"https:\\\/\\\/www.airandme.fr\\\/blog\\\/\"},{\"@type\":\"ListItem\",\"position\":2,\"name\":\"Humidification de l'air\",\"item\":\"https:\\\/\\\/www.airandme.fr\\\/blog\\\/category\\\/humidification\\\/\"},{\"@type\":\"ListItem\",\"position\":3,\"name\":\"5 signes que l\u2019air est trop sec chez vous et comment y rem\u00e9dier\"}]},{\"@type\":\"WebSite\",\"@id\":\"https:\\\/\\\/www.airandme.fr\\\/blog\\\/#website\",\"url\":\"https:\\\/\\\/www.airandme.fr\\\/blog\\\/\",\"name\":\"air&me - Le blog du traitement de l'air\",\"description\":\"Solutions pour le traitement de l&#039;air int\u00e9rieur - Le blog du bien air chez soi\",\"publisher\":{\"@id\":\"https:\\\/\\\/www.airandme.fr\\\/blog\\\/#organization\"},\"potentialAction\":[{\"@type\":\"SearchAction\",\"target\":{\"@type\":\"EntryPoint\",\"urlTemplate\":\"https:\\\/\\\/www.airandme.fr\\\/blog\\\/?s={search_term_string}\"},\"query-input\":{\"@type\":\"PropertyValueSpecification\",\"valueRequired\":true,\"valueName\":\"search_term_string\"}}],\"inLanguage\":\"fr-FR\"},{\"@type\":\"Organization\",\"@id\":\"https:\\\/\\\/www.airandme.fr\\\/blog\\\/#organization\",\"name\":\"air&me - Le blog du traitement de l'air\",\"url\":\"https:\\\/\\\/www.airandme.fr\\\/blog\\\/\",\"logo\":{\"@type\":\"ImageObject\",\"inLanguage\":\"fr-FR\",\"@id\":\"https:\\\/\\\/www.airandme.fr\\\/blog\\\/#\\\/schema\\\/logo\\\/image\\\/\",\"url\":\"https:\\\/\\\/i0.wp.com\\\/www.airandme.fr\\\/blog\\\/wp-content\\\/uploads\\\/airandme-logo-blog-300px.png?fit=300%2C120&ssl=1\",\"contentUrl\":\"https:\\\/\\\/i0.wp.com\\\/www.airandme.fr\\\/blog\\\/wp-content\\\/uploads\\\/airandme-logo-blog-300px.png?fit=300%2C120&ssl=1\",\"width\":300,\"height\":120,\"caption\":\"air&me - Le blog du traitement de l'air\"},\"image\":{\"@id\":\"https:\\\/\\\/www.airandme.fr\\\/blog\\\/#\\\/schema\\\/logo\\\/image\\\/\"},\"sameAs\":[\"https:\\\/\\\/www.facebook.com\\\/airandme\",\"https:\\\/\\\/www.instagram.com\\\/air_and_me\\\/\",\"https:\\\/\\\/www.linkedin.com\\\/air-and-me\",\"https:\\\/\\\/www.pinterest.fr\\\/air_and_me\",\"https:\\\/\\\/www.youtube.com\\\/channel\\\/UCmco9cc0iTBmPINR5vaW90A\"]},{\"@type\":\"Person\",\"@id\":\"https:\\\/\\\/www.airandme.fr\\\/blog\\\/#\\\/schema\\\/person\\\/f35188b2bfd70fb3802796577bd7dfa3\",\"name\":\"Malak Benachour\",\"image\":{\"@type\":\"ImageObject\",\"inLanguage\":\"fr-FR\",\"@id\":\"https:\\\/\\\/secure.gravatar.com\\\/avatar\\\/ddca3dc5075e33580fd0e059d4463076bcc25bceb1d6dc91307c9550e800324a?s=96&d=mm&r=g\",\"url\":\"https:\\\/\\\/secure.gravatar.com\\\/avatar\\\/ddca3dc5075e33580fd0e059d4463076bcc25bceb1d6dc91307c9550e800324a?s=96&d=mm&r=g\",\"contentUrl\":\"https:\\\/\\\/secure.gravatar.com\\\/avatar\\\/ddca3dc5075e33580fd0e059d4463076bcc25bceb1d6dc91307c9550e800324a?s=96&d=mm&r=g\",\"caption\":\"Malak Benachour\"},\"url\":\"https:\\\/\\\/www.airandme.fr\\\/blog\\\/author\\\/malak\\\/\"}]}<\/script>\n<!-- \/ Yoast SEO plugin. -->","yoast_head_json":{"title":"Air trop sec maison \u2013 Humidificateur Air and Me","description":"Peau s\u00e8che, gorge irrit\u00e9e ? Les humidificateurs Air and Me restaurent l\u2019humidit\u00e9 et le confort.","robots":{"index":"index","follow":"follow","max-snippet":"max-snippet:-1","max-image-preview":"max-image-preview:large","max-video-preview":"max-video-preview:-1"},"canonical":"https:\/\/www.airandme.fr\/blog\/humidification\/5-signes-que-lair-est-trop-sec-chez-vous-et-comment-y-remedier\/","og_locale":"fr_FR","og_type":"article","og_title":"Air trop sec maison \u2013 Humidificateur Air and Me","og_description":"Peau s\u00e8che, gorge irrit\u00e9e ? Les humidificateurs Air and Me restaurent l\u2019humidit\u00e9 et le confort.","og_url":"https:\/\/www.airandme.fr\/blog\/humidification\/5-signes-que-lair-est-trop-sec-chez-vous-et-comment-y-remedier\/","og_site_name":"air&amp;me - Le blog du traitement de l&#039;air","article_publisher":"https:\/\/www.facebook.com\/airandme","article_published_time":"2025-12-01T11:41:36+00:00","article_modified_time":"2026-02-09T13:25:58+00:00","og_image":[{"width":450,"height":250,"url":"https:\/\/www.airandme.fr\/blog\/wp-content\/uploads\/humidificateur-air-sec-solnan.webp","type":"image\/webp"}],"author":"Malak Benachour","twitter_card":"summary_large_image","twitter_misc":{"\u00c9crit par":"Malak Benachour","Dur\u00e9e de lecture estim\u00e9e":"5 minutes"},"schema":{"@context":"https:\/\/schema.org","@graph":[{"@type":"Article","@id":"https:\/\/www.airandme.fr\/blog\/humidification\/5-signes-que-lair-est-trop-sec-chez-vous-et-comment-y-remedier\/#article","isPartOf":{"@id":"https:\/\/www.airandme.fr\/blog\/humidification\/5-signes-que-lair-est-trop-sec-chez-vous-et-comment-y-remedier\/"},"author":{"name":"Malak Benachour","@id":"https:\/\/www.airandme.fr\/blog\/#\/schema\/person\/f35188b2bfd70fb3802796577bd7dfa3"},"headline":"5 signes que l\u2019air est trop sec chez vous et comment y rem\u00e9dier","datePublished":"2025-12-01T11:41:36+00:00","dateModified":"2026-02-09T13:25:58+00:00","mainEntityOfPage":{"@id":"https:\/\/www.airandme.fr\/blog\/humidification\/5-signes-que-lair-est-trop-sec-chez-vous-et-comment-y-remedier\/"},"wordCount":557,"commentCount":0,"publisher":{"@id":"https:\/\/www.airandme.fr\/blog\/#organization"},"image":{"@id":"https:\/\/www.airandme.fr\/blog\/humidification\/5-signes-que-lair-est-trop-sec-chez-vous-et-comment-y-remedier\/#primaryimage"},"thumbnailUrl":"https:\/\/i0.wp.com\/www.airandme.fr\/blog\/wp-content\/uploads\/humidificateur-air-sec-solnan.webp?fit=450%2C250&ssl=1","articleSection":["Humidification de l'air"],"inLanguage":"fr-FR","potentialAction":[{"@type":"CommentAction","name":"Comment","target":["https:\/\/www.airandme.fr\/blog\/humidification\/5-signes-que-lair-est-trop-sec-chez-vous-et-comment-y-remedier\/#respond"]}]},{"@type":"WebPage","@id":"https:\/\/www.airandme.fr\/blog\/humidification\/5-signes-que-lair-est-trop-sec-chez-vous-et-comment-y-remedier\/","url":"https:\/\/www.airandme.fr\/blog\/humidification\/5-signes-que-lair-est-trop-sec-chez-vous-et-comment-y-remedier\/","name":"Air trop sec maison \u2013 Humidificateur Air and Me","isPartOf":{"@id":"https:\/\/www.airandme.fr\/blog\/#website"},"primaryImageOfPage":{"@id":"https:\/\/www.airandme.fr\/blog\/humidification\/5-signes-que-lair-est-trop-sec-chez-vous-et-comment-y-remedier\/#primaryimage"},"image":{"@id":"https:\/\/www.airandme.fr\/blog\/humidification\/5-signes-que-lair-est-trop-sec-chez-vous-et-comment-y-remedier\/#primaryimage"},"thumbnailUrl":"https:\/\/i0.wp.com\/www.airandme.fr\/blog\/wp-content\/uploads\/humidificateur-air-sec-solnan.webp?fit=450%2C250&ssl=1","datePublished":"2025-12-01T11:41:36+00:00","dateModified":"2026-02-09T13:25:58+00:00","description":"Peau s\u00e8che, gorge irrit\u00e9e ? Les humidificateurs Air and Me restaurent l\u2019humidit\u00e9 et le confort.","breadcrumb":{"@id":"https:\/\/www.airandme.fr\/blog\/humidification\/5-signes-que-lair-est-trop-sec-chez-vous-et-comment-y-remedier\/#breadcrumb"},"inLanguage":"fr-FR","potentialAction":[{"@type":"ReadAction","target":["https:\/\/www.airandme.fr\/blog\/humidification\/5-signes-que-lair-est-trop-sec-chez-vous-et-comment-y-remedier\/"]}]},{"@type":"ImageObject","inLanguage":"fr-FR","@id":"https:\/\/www.airandme.fr\/blog\/humidification\/5-signes-que-lair-est-trop-sec-chez-vous-et-comment-y-remedier\/#primaryimage","url":"https:\/\/i0.wp.com\/www.airandme.fr\/blog\/wp-content\/uploads\/humidificateur-air-sec-solnan.webp?fit=450%2C250&ssl=1","contentUrl":"https:\/\/i0.wp.com\/www.airandme.fr\/blog\/wp-content\/uploads\/humidificateur-air-sec-solnan.webp?fit=450%2C250&ssl=1","width":450,"height":250},{"@type":"BreadcrumbList","@id":"https:\/\/www.airandme.fr\/blog\/humidification\/5-signes-que-lair-est-trop-sec-chez-vous-et-comment-y-remedier\/#breadcrumb","itemListElement":[{"@type":"ListItem","position":1,"name":"Accueil","item":"https:\/\/www.airandme.fr\/blog\/"},{"@type":"ListItem","position":2,"name":"Humidification de l'air","item":"https:\/\/www.airandme.fr\/blog\/category\/humidification\/"},{"@type":"ListItem","position":3,"name":"5 signes que l\u2019air est trop sec chez vous et comment y rem\u00e9dier"}]},{"@type":"WebSite","@id":"https:\/\/www.airandme.fr\/blog\/#website","url":"https:\/\/www.airandme.fr\/blog\/","name":"air&me - Le blog du traitement de l'air","description":"Solutions pour le traitement de l&#039;air int\u00e9rieur - Le blog du bien air chez soi","publisher":{"@id":"https:\/\/www.airandme.fr\/blog\/#organization"},"potentialAction":[{"@type":"SearchAction","target":{"@type":"EntryPoint","urlTemplate":"https:\/\/www.airandme.fr\/blog\/?s={search_term_string}"},"query-input":{"@type":"PropertyValueSpecification","valueRequired":true,"valueName":"search_term_string"}}],"inLanguage":"fr-FR"},{"@type":"Organization","@id":"https:\/\/www.airandme.fr\/blog\/#organization","name":"air&me - Le blog du traitement de l'air","url":"https:\/\/www.airandme.fr\/blog\/","logo":{"@type":"ImageObject","inLanguage":"fr-FR","@id":"https:\/\/www.airandme.fr\/blog\/#\/schema\/logo\/image\/","url":"https:\/\/i0.wp.com\/www.airandme.fr\/blog\/wp-content\/uploads\/airandme-logo-blog-300px.png?fit=300%2C120&ssl=1","contentUrl":"https:\/\/i0.wp.com\/www.airandme.fr\/blog\/wp-content\/uploads\/airandme-logo-blog-300px.png?fit=300%2C120&ssl=1","width":300,"height":120,"caption":"air&me - Le blog du traitement de l'air"},"image":{"@id":"https:\/\/www.airandme.fr\/blog\/#\/schema\/logo\/image\/"},"sameAs":["https:\/\/www.facebook.com\/airandme","https:\/\/www.instagram.com\/air_and_me\/","https:\/\/www.linkedin.com\/air-and-me","https:\/\/www.pinterest.fr\/air_and_me","https:\/\/www.youtube.com\/channel\/UCmco9cc0iTBmPINR5vaW90A"]},{"@type":"Person","@id":"https:\/\/www.airandme.fr\/blog\/#\/schema\/person\/f35188b2bfd70fb3802796577bd7dfa3","name":"Malak Benachour","image":{"@type":"ImageObject","inLanguage":"fr-FR","@id":"https:\/\/secure.gravatar.com\/avatar\/ddca3dc5075e33580fd0e059d4463076bcc25bceb1d6dc91307c9550e800324a?s=96&d=mm&r=g","url":"https:\/\/secure.gravatar.com\/avatar\/ddca3dc5075e33580fd0e059d4463076bcc25bceb1d6dc91307c9550e800324a?s=96&d=mm&r=g","contentUrl":"https:\/\/secure.gravatar.com\/avatar\/ddca3dc5075e33580fd0e059d4463076bcc25bceb1d6dc91307c9550e800324a?s=96&d=mm&r=g","caption":"Malak Benachour"},"url":"https:\/\/www.airandme.fr\/blog\/author\/malak\/"}]}},"jetpack_featured_media_url":"https:\/\/i0.wp.com\/www.airandme.fr\/blog\/wp-content\/uploads\/humidificateur-air-sec-solnan.webp?fit=450%2C250&ssl=1","jetpack_sharing_enabled":true,"jetpack_shortlink":"https:\/\/wp.me\/paHeLN-62t","_links":{"self":[{"href":"https:\/\/www.airandme.fr\/blog\/wp-json\/wp\/v2\/posts\/23217","targetHints":{"allow":["GET"]}}],"collection":[{"href":"https:\/\/www.airandme.fr\/blog\/wp-json\/wp\/v2\/posts"}],"about":[{"href":"https:\/\/www.airandme.fr\/blog\/wp-json\/wp\/v2\/types\/post"}],"author":[{"embeddable":true,"href":"https:\/\/www.airandme.fr\/blog\/wp-json\/wp\/v2\/users\/1015"}],"replies":[{"embeddable":true,"href":"https:\/\/www.airandme.fr\/blog\/wp-json\/wp\/v2\/comments?post=23217"}],"version-history":[{"count":19,"href":"https:\/\/www.airandme.fr\/blog\/wp-json\/wp\/v2\/posts\/23217\/revisions"}],"predecessor-version":[{"id":23426,"href":"https:\/\/www.airandme.fr\/blog\/wp-json\/wp\/v2\/posts\/23217\/revisions\/23426"}],"wp:featuredmedia":[{"embeddable":true,"href":"https:\/\/www.airandme.fr\/blog\/wp-json\/wp\/v2\/media\/23220"}],"wp:attachment":[{"href":"https:\/\/www.airandme.fr\/blog\/wp-json\/wp\/v2\/media?parent=23217"}],"wp:term":[{"taxonomy":"category","embeddable":true,"href":"https:\/\/www.airandme.fr\/blog\/wp-json\/wp\/v2\/categories?post=23217"},{"taxonomy":"post_tag","embeddable":true,"href":"https:\/\/www.airandme.fr\/blog\/wp-json\/wp\/v2\/tags?post=23217"}],"curies":[{"name":"wp","href":"https:\/\/api.w.org\/{rel}","templated":true}]}}