{"id":23251,"date":"2026-01-09T13:38:48","date_gmt":"2026-01-09T11:38:48","guid":{"rendered":"https:\/\/www.airandme.fr\/blog\/?p=23251"},"modified":"2026-02-20T11:32:58","modified_gmt":"2026-02-20T09:32:58","slug":"huiles-essentielles-en-hiver-lesquelles-diffuser-pour-mieux-respirer-et-se-detendre","status":"publish","type":"post","link":"https:\/\/www.airandme.fr\/blog\/aromatherapie-huiles-essentielles\/huiles-essentielles-en-hiver-lesquelles-diffuser-pour-mieux-respirer-et-se-detendre\/","title":{"rendered":"Huiles essentielles en hiver : lesquelles diffuser pour mieux respirer et se d\u00e9tendre ?"},"content":{"rendered":"\t\t<div data-elementor-type=\"wp-post\" data-elementor-id=\"23251\" class=\"elementor elementor-23251\">\n\t\t\t\t\t\t<section class=\"elementor-section elementor-top-section elementor-element elementor-element-503a5628 elementor-section-boxed elementor-section-height-default elementor-section-height-default\" data-id=\"503a5628\" data-element_type=\"section\" data-e-type=\"section\">\n\t\t\t\t\t\t<div class=\"elementor-container elementor-column-gap-default\">\n\t\t\t\t\t<div class=\"elementor-column elementor-col-100 elementor-top-column elementor-element elementor-element-6b3254f4\" data-id=\"6b3254f4\" data-element_type=\"column\" data-e-type=\"column\">\n\t\t\t<div class=\"elementor-widget-wrap elementor-element-populated\">\n\t\t\t\t\t\t<div class=\"elementor-element elementor-element-41d9ed09 elementor-widget elementor-widget-text-editor\" data-id=\"41d9ed09\" data-element_type=\"widget\" data-e-type=\"widget\" data-widget_type=\"text-editor.default\">\n\t\t\t\t<div class=\"elementor-widget-container\">\n\t\t\t\t\t\t\t\t\t<p data-start=\"465\" data-end=\"734\">En hiver, l\u2019air int\u00e9rieur est souvent plus confin\u00e9, plus sec et propice aux petits d\u00e9sagr\u00e9ments saisonniers. Diffuser une <a href=\"https:\/\/airandme.fr\/fr\/13-huiles-essentielles\"><strong data-start=\"587\" data-end=\"608\">huile essentielle<\/strong><\/a> adapt\u00e9e permet non seulement d\u2019assainir l\u2019air, mais aussi de favoriser la respiration, la d\u00e9tente et le confort au quotidien.<\/p><p data-start=\"736\" data-end=\"968\">Chez <strong data-start=\"741\" data-end=\"755\">Air and Me<\/strong>, certaines huiles essentielles et synergies sont particuli\u00e8rement recommand\u00e9es pour la saison froide. D\u00e9couvrez <strong data-start=\"868\" data-end=\"897\">notre s\u00e9lection hivernale<\/strong>, pens\u00e9e pour \u00eatre utilis\u00e9e avec un <a href=\"https:\/\/airandme.fr\/fr\/11-diffuseurs-dhuiles-essentielles\"><strong data-start=\"933\" data-end=\"946\">diffuseur<\/strong><\/a>, en toute simplicit\u00e9.<\/p>\t\t\t\t\t\t\t\t<\/div>\n\t\t\t\t<\/div>\n\t\t\t\t\t<\/div>\n\t\t<\/div>\n\t\t\t\t\t<\/div>\n\t\t<\/section>\n\t\t\t\t<section class=\"elementor-section elementor-top-section elementor-element elementor-element-4f2ae8c7 elementor-section-boxed elementor-section-height-default elementor-section-height-default\" data-id=\"4f2ae8c7\" data-element_type=\"section\" data-e-type=\"section\">\n\t\t\t\t\t\t<div class=\"elementor-container elementor-column-gap-default\">\n\t\t\t\t\t<div class=\"elementor-column elementor-col-50 elementor-top-column elementor-element elementor-element-6bbc4b20\" data-id=\"6bbc4b20\" data-element_type=\"column\" data-e-type=\"column\">\n\t\t\t<div class=\"elementor-widget-wrap elementor-element-populated\">\n\t\t\t\t\t\t<div class=\"elementor-element elementor-element-d542410 elementor-widget elementor-widget-heading\" data-id=\"d542410\" data-element_type=\"widget\" data-e-type=\"widget\" data-widget_type=\"heading.default\">\n\t\t\t\t<div class=\"elementor-widget-container\">\n\t\t\t\t\t<h2 class=\"elementor-heading-title elementor-size-default\">1. RESPIRER : la synergie id\u00e9ale comme huile essentielle pour le rhume<\/h2>\t\t\t\t<\/div>\n\t\t\t\t<\/div>\n\t\t\t\t<div class=\"elementor-element elementor-element-64c82f0a elementor-widget elementor-widget-text-editor\" data-id=\"64c82f0a\" data-element_type=\"widget\" data-e-type=\"widget\" data-widget_type=\"text-editor.default\">\n\t\t\t\t<div class=\"elementor-widget-container\">\n\t\t\t\t\t\t\t\t\t<p data-start=\"1050\" data-end=\"1331\">Lorsque le nez est encombr\u00e9 et que la respiration devient moins fluide, la synergie <a href=\"https:\/\/airandme.fr\/fr\/aromatherapie\/1063-synergie-d-huiles-essentielles-respirer.html\"><strong data-start=\"1134\" data-end=\"1146\">RESPIRER<\/strong><\/a> est une alli\u00e9e pr\u00e9cieuse. Elle associe plusieurs huiles reconnues pour leur action sur les voies respiratoires, dont des composants riches en <strong data-start=\"1289\" data-end=\"1303\">eucalyptol<\/strong>, souvent utilis\u00e9s en hiver.<\/p><p data-start=\"1333\" data-end=\"1370\"><strong data-start=\"1336\" data-end=\"1370\">Pourquoi l\u2019utiliser en hiver :<\/strong><\/p><ul data-start=\"1371\" data-end=\"1527\"><li data-start=\"1371\" data-end=\"1419\"><p data-start=\"1373\" data-end=\"1419\">Excellente <strong data-start=\"1384\" data-end=\"1419\">huile essentielle pour le rhume<\/strong><\/p><\/li><li data-start=\"1420\" data-end=\"1457\"><p data-start=\"1422\" data-end=\"1457\">Favorise une respiration plus libre<\/p><\/li><li data-start=\"1458\" data-end=\"1527\"><p data-start=\"1460\" data-end=\"1527\">Parfaite en <strong data-start=\"1472\" data-end=\"1506\">huile essentielle et diffuseur<\/strong>, notamment en soir\u00e9e<\/p><\/li><\/ul>\t\t\t\t\t\t\t\t<\/div>\n\t\t\t\t<\/div>\n\t\t\t\t\t<\/div>\n\t\t<\/div>\n\t\t\t\t<div class=\"elementor-column elementor-col-50 elementor-top-column elementor-element elementor-element-2df47847\" data-id=\"2df47847\" data-element_type=\"column\" data-e-type=\"column\">\n\t\t\t<div class=\"elementor-widget-wrap elementor-element-populated\">\n\t\t\t\t\t\t<div class=\"elementor-element elementor-element-253e3e7b elementor-widget__width-initial elementor-widget elementor-widget-image\" data-id=\"253e3e7b\" data-element_type=\"widget\" data-e-type=\"widget\" data-widget_type=\"image.default\">\n\t\t\t\t<div class=\"elementor-widget-container\">\n\t\t\t\t\t\t\t\t\t\t\t\t\t\t\t\t<a href=\"https:\/\/airandme.fr\/fr\/aromatherapie\/1063-synergie-d-huiles-essentielles-respirer.html\">\n\t\t\t\t\t\t\t<img fetchpriority=\"high\" decoding=\"async\" width=\"500\" height=\"500\" src=\"https:\/\/i0.wp.com\/www.airandme.fr\/blog\/wp-content\/uploads\/huile-essentielle-respirer.webp?fit=500%2C500&amp;ssl=1\" class=\"attachment-large size-large wp-image-23518\" alt=\"\" srcset=\"https:\/\/i0.wp.com\/www.airandme.fr\/blog\/wp-content\/uploads\/huile-essentielle-respirer.webp?w=500&amp;ssl=1 500w, https:\/\/i0.wp.com\/www.airandme.fr\/blog\/wp-content\/uploads\/huile-essentielle-respirer.webp?resize=300%2C300&amp;ssl=1 300w, https:\/\/i0.wp.com\/www.airandme.fr\/blog\/wp-content\/uploads\/huile-essentielle-respirer.webp?resize=150%2C150&amp;ssl=1 150w, https:\/\/i0.wp.com\/www.airandme.fr\/blog\/wp-content\/uploads\/huile-essentielle-respirer.webp?resize=75%2C75&amp;ssl=1 75w, https:\/\/i0.wp.com\/www.airandme.fr\/blog\/wp-content\/uploads\/huile-essentielle-respirer.webp?resize=350%2C350&amp;ssl=1 350w\" sizes=\"(max-width: 500px) 100vw, 500px\" \/>\t\t\t\t\t\t\t\t<\/a>\n\t\t\t\t\t\t\t\t\t\t\t\t\t\t\t<\/div>\n\t\t\t\t<\/div>\n\t\t\t\t<div class=\"elementor-element elementor-element-516b1348 elementor-align-center elementor-widget elementor-widget-button\" data-id=\"516b1348\" data-element_type=\"widget\" data-e-type=\"widget\" data-widget_type=\"button.default\">\n\t\t\t\t<div class=\"elementor-widget-container\">\n\t\t\t\t\t\t\t\t\t<div class=\"elementor-button-wrapper\">\n\t\t\t\t\t<a class=\"elementor-button elementor-button-link elementor-size-sm\" href=\"https:\/\/airandme.fr\/fr\/aromatherapie\/1063-synergie-d-huiles-essentielles-respirer.html\">\n\t\t\t\t\t\t<span class=\"elementor-button-content-wrapper\">\n\t\t\t\t\t\t\t\t\t<span class=\"elementor-button-text\">ACHETER<\/span>\n\t\t\t\t\t<\/span>\n\t\t\t\t\t<\/a>\n\t\t\t\t<\/div>\n\t\t\t\t\t\t\t\t<\/div>\n\t\t\t\t<\/div>\n\t\t\t\t\t<\/div>\n\t\t<\/div>\n\t\t\t\t\t<\/div>\n\t\t<\/section>\n\t\t\t\t<section class=\"elementor-section elementor-top-section elementor-element elementor-element-55be0fff elementor-reverse-mobile elementor-section-boxed elementor-section-height-default elementor-section-height-default\" data-id=\"55be0fff\" data-element_type=\"section\" data-e-type=\"section\">\n\t\t\t\t\t\t<div class=\"elementor-container elementor-column-gap-default\">\n\t\t\t\t\t<div class=\"elementor-column elementor-col-50 elementor-top-column elementor-element elementor-element-55b22b1d\" data-id=\"55b22b1d\" data-element_type=\"column\" data-e-type=\"column\">\n\t\t\t<div class=\"elementor-widget-wrap elementor-element-populated\">\n\t\t\t\t\t\t<div class=\"elementor-element elementor-element-44057f4f elementor-widget__width-initial elementor-widget elementor-widget-image\" data-id=\"44057f4f\" data-element_type=\"widget\" data-e-type=\"widget\" data-widget_type=\"image.default\">\n\t\t\t\t<div class=\"elementor-widget-container\">\n\t\t\t\t\t\t\t\t\t\t\t\t\t\t\t\t<a href=\"https:\/\/airandme.fr\/fr\/aromatherapie\/1016-huile-essentielle-de-menthe-poivree.html\">\n\t\t\t\t\t\t\t<img decoding=\"async\" width=\"250\" height=\"250\" src=\"https:\/\/i0.wp.com\/www.airandme.fr\/blog\/wp-content\/uploads\/airme-huile-essentielle-menthe-poivree.webp?fit=250%2C250&amp;ssl=1\" class=\"attachment-large size-large wp-image-23254\" alt=\"\" srcset=\"https:\/\/i0.wp.com\/www.airandme.fr\/blog\/wp-content\/uploads\/airme-huile-essentielle-menthe-poivree.webp?w=250&amp;ssl=1 250w, https:\/\/i0.wp.com\/www.airandme.fr\/blog\/wp-content\/uploads\/airme-huile-essentielle-menthe-poivree.webp?resize=150%2C150&amp;ssl=1 150w, https:\/\/i0.wp.com\/www.airandme.fr\/blog\/wp-content\/uploads\/airme-huile-essentielle-menthe-poivree.webp?resize=75%2C75&amp;ssl=1 75w\" sizes=\"(max-width: 250px) 100vw, 250px\" \/>\t\t\t\t\t\t\t\t<\/a>\n\t\t\t\t\t\t\t\t\t\t\t\t\t\t\t<\/div>\n\t\t\t\t<\/div>\n\t\t\t\t<div class=\"elementor-element elementor-element-7a975e60 elementor-align-center elementor-widget elementor-widget-button\" data-id=\"7a975e60\" data-element_type=\"widget\" data-e-type=\"widget\" data-widget_type=\"button.default\">\n\t\t\t\t<div class=\"elementor-widget-container\">\n\t\t\t\t\t\t\t\t\t<div class=\"elementor-button-wrapper\">\n\t\t\t\t\t<a class=\"elementor-button elementor-button-link elementor-size-sm\" href=\"https:\/\/airandme.fr\/fr\/aromatherapie\/1016-huile-essentielle-de-menthe-poivree.html\">\n\t\t\t\t\t\t<span class=\"elementor-button-content-wrapper\">\n\t\t\t\t\t\t\t\t\t<span class=\"elementor-button-text\">ACHETER<\/span>\n\t\t\t\t\t<\/span>\n\t\t\t\t\t<\/a>\n\t\t\t\t<\/div>\n\t\t\t\t\t\t\t\t<\/div>\n\t\t\t\t<\/div>\n\t\t\t\t\t<\/div>\n\t\t<\/div>\n\t\t\t\t<div class=\"elementor-column elementor-col-50 elementor-top-column elementor-element elementor-element-4362fff6\" data-id=\"4362fff6\" data-element_type=\"column\" data-e-type=\"column\">\n\t\t\t<div class=\"elementor-widget-wrap elementor-element-populated\">\n\t\t\t\t\t\t<div class=\"elementor-element elementor-element-2d1845d elementor-widget elementor-widget-heading\" data-id=\"2d1845d\" data-element_type=\"widget\" data-e-type=\"widget\" data-widget_type=\"heading.default\">\n\t\t\t\t<div class=\"elementor-widget-container\">\n\t\t\t\t\t<h2 class=\"elementor-heading-title elementor-size-default\">2. Huile essentielle de menthe poivr\u00e9e : fra\u00eecheur et respiration<\/h2>\t\t\t\t<\/div>\n\t\t\t\t<\/div>\n\t\t\t\t<div class=\"elementor-element elementor-element-5a1913e8 elementor-widget elementor-widget-text-editor\" data-id=\"5a1913e8\" data-element_type=\"widget\" data-e-type=\"widget\" data-widget_type=\"text-editor.default\">\n\t\t\t\t<div class=\"elementor-widget-container\">\n\t\t\t\t\t\t\t\t\t<p data-start=\"1604\" data-end=\"1817\">Tonifiante et rafra\u00eechissante, <a href=\"https:\/\/airandme.fr\/fr\/aromatherapie\/1016-huile-essentielle-de-menthe-poivree.html\">l\u2019<strong data-start=\"1637\" data-end=\"1673\">huile essentielle menthe poivr\u00e9e<\/strong><\/a> est particuli\u00e8rement appr\u00e9ci\u00e9e en hiver. En diffusion, elle aide \u00e0 purifier l\u2019air et procure une sensation imm\u00e9diate de fra\u00eecheur respiratoire.<\/p><p data-start=\"1819\" data-end=\"1854\"><strong data-start=\"1822\" data-end=\"1854\">Ses bienfaits en diffusion :<\/strong><\/p><ul data-start=\"1855\" data-end=\"1983\"><li data-start=\"1855\" data-end=\"1880\"><p data-start=\"1857\" data-end=\"1880\">Sensation de nez d\u00e9gag\u00e9<\/p><\/li><li data-start=\"1881\" data-end=\"1918\"><p data-start=\"1883\" data-end=\"1918\">Aide \u00e0 lutter contre l\u2019air stagnant<\/p><\/li><li data-start=\"1919\" data-end=\"1983\"><p data-start=\"1921\" data-end=\"1983\">\u00c0 utiliser par courtes diffusions avec un diffuseur Air and Me<\/p><\/li><\/ul>\t\t\t\t\t\t\t\t<\/div>\n\t\t\t\t<\/div>\n\t\t\t\t\t<\/div>\n\t\t<\/div>\n\t\t\t\t\t<\/div>\n\t\t<\/section>\n\t\t\t\t<section class=\"elementor-section elementor-top-section elementor-element elementor-element-796208d4 elementor-section-boxed elementor-section-height-default elementor-section-height-default\" data-id=\"796208d4\" data-element_type=\"section\" data-e-type=\"section\">\n\t\t\t\t\t\t<div class=\"elementor-container elementor-column-gap-default\">\n\t\t\t\t\t<div class=\"elementor-column elementor-col-50 elementor-top-column elementor-element elementor-element-38322cb3\" data-id=\"38322cb3\" data-element_type=\"column\" data-e-type=\"column\">\n\t\t\t<div class=\"elementor-widget-wrap elementor-element-populated\">\n\t\t\t\t\t\t<div class=\"elementor-element elementor-element-381b5e2e elementor-widget elementor-widget-heading\" data-id=\"381b5e2e\" data-element_type=\"widget\" data-e-type=\"widget\" data-widget_type=\"heading.default\">\n\t\t\t\t<div class=\"elementor-widget-container\">\n\t\t\t\t\t<h2 class=\"elementor-heading-title elementor-size-default\">3. Synergie RELAX : lavande et d\u00e9tente hivernale<\/h2>\t\t\t\t<\/div>\n\t\t\t\t<\/div>\n\t\t\t\t<div class=\"elementor-element elementor-element-6d383eaa elementor-widget elementor-widget-text-editor\" data-id=\"6d383eaa\" data-element_type=\"widget\" data-e-type=\"widget\" data-widget_type=\"text-editor.default\">\n\t\t\t\t<div class=\"elementor-widget-container\">\n\t\t\t\t\t\t\t\t\t<p data-start=\"2043\" data-end=\"2232\">Quand les journ\u00e9es raccourcissent, le besoin de d\u00e9tente se fait sentir. La synergie <a href=\"https:\/\/airandme.fr\/fr\/aromatherapie\/1064-synergie-d-huiles-essentielles-relax.html\"><strong data-start=\"2127\" data-end=\"2136\">RELAX<\/strong><\/a> contient notamment de l\u2019<strong data-start=\"2161\" data-end=\"2190\">huile essentielle lavande<\/strong>, reconnue pour ses propri\u00e9t\u00e9s apaisantes.<\/p><p data-start=\"2234\" data-end=\"2276\"><strong data-start=\"2237\" data-end=\"2276\">Pourquoi elle est id\u00e9ale en hiver :<\/strong><\/p><ul data-start=\"2277\" data-end=\"2414\"><li data-start=\"2277\" data-end=\"2320\"><p data-start=\"2279\" data-end=\"2320\">Favorise la relaxation et le l\u00e2cher-prise<\/p><\/li><li data-start=\"2321\" data-end=\"2360\"><p data-start=\"2323\" data-end=\"2360\">Cr\u00e9e une ambiance douce et rassurante<\/p><\/li><li data-start=\"2361\" data-end=\"2414\"><p data-start=\"2363\" data-end=\"2414\">Id\u00e9ale pour les fins de journ\u00e9e ou avant le coucher<\/p><\/li><\/ul>\t\t\t\t\t\t\t\t<\/div>\n\t\t\t\t<\/div>\n\t\t\t\t\t<\/div>\n\t\t<\/div>\n\t\t\t\t<div class=\"elementor-column elementor-col-50 elementor-top-column elementor-element elementor-element-2823fd99\" data-id=\"2823fd99\" data-element_type=\"column\" data-e-type=\"column\">\n\t\t\t<div class=\"elementor-widget-wrap elementor-element-populated\">\n\t\t\t\t\t\t<div class=\"elementor-element elementor-element-1f100b83 elementor-widget__width-initial elementor-widget elementor-widget-image\" data-id=\"1f100b83\" data-element_type=\"widget\" data-e-type=\"widget\" data-widget_type=\"image.default\">\n\t\t\t\t<div class=\"elementor-widget-container\">\n\t\t\t\t\t\t\t\t\t\t\t\t\t\t\t\t<a href=\"https:\/\/airandme.fr\/fr\/aromatherapie\/1064-synergie-d-huiles-essentielles-relax.html\">\n\t\t\t\t\t\t\t<img decoding=\"async\" width=\"250\" height=\"250\" src=\"https:\/\/i0.wp.com\/www.airandme.fr\/blog\/wp-content\/uploads\/airme-huile-essentielle-relax.webp?fit=250%2C250&amp;ssl=1\" class=\"attachment-large size-large wp-image-23256\" alt=\"\" srcset=\"https:\/\/i0.wp.com\/www.airandme.fr\/blog\/wp-content\/uploads\/airme-huile-essentielle-relax.webp?w=250&amp;ssl=1 250w, https:\/\/i0.wp.com\/www.airandme.fr\/blog\/wp-content\/uploads\/airme-huile-essentielle-relax.webp?resize=150%2C150&amp;ssl=1 150w, https:\/\/i0.wp.com\/www.airandme.fr\/blog\/wp-content\/uploads\/airme-huile-essentielle-relax.webp?resize=75%2C75&amp;ssl=1 75w\" sizes=\"(max-width: 250px) 100vw, 250px\" \/>\t\t\t\t\t\t\t\t<\/a>\n\t\t\t\t\t\t\t\t\t\t\t\t\t\t\t<\/div>\n\t\t\t\t<\/div>\n\t\t\t\t<div class=\"elementor-element elementor-element-4fd18060 elementor-align-center elementor-widget elementor-widget-button\" data-id=\"4fd18060\" data-element_type=\"widget\" data-e-type=\"widget\" data-widget_type=\"button.default\">\n\t\t\t\t<div class=\"elementor-widget-container\">\n\t\t\t\t\t\t\t\t\t<div class=\"elementor-button-wrapper\">\n\t\t\t\t\t<a class=\"elementor-button elementor-button-link elementor-size-sm\" href=\"https:\/\/airandme.fr\/fr\/aromatherapie\/1064-synergie-d-huiles-essentielles-relax.html\">\n\t\t\t\t\t\t<span class=\"elementor-button-content-wrapper\">\n\t\t\t\t\t\t\t\t\t<span class=\"elementor-button-text\">ACHETER<\/span>\n\t\t\t\t\t<\/span>\n\t\t\t\t\t<\/a>\n\t\t\t\t<\/div>\n\t\t\t\t\t\t\t\t<\/div>\n\t\t\t\t<\/div>\n\t\t\t\t\t<\/div>\n\t\t<\/div>\n\t\t\t\t\t<\/div>\n\t\t<\/section>\n\t\t\t\t<section class=\"elementor-section elementor-top-section elementor-element elementor-element-cbb4dd7 elementor-reverse-mobile elementor-section-boxed elementor-section-height-default elementor-section-height-default\" data-id=\"cbb4dd7\" data-element_type=\"section\" data-e-type=\"section\">\n\t\t\t\t\t\t<div class=\"elementor-container elementor-column-gap-default\">\n\t\t\t\t\t<div class=\"elementor-column elementor-col-50 elementor-top-column elementor-element elementor-element-e40ba46\" data-id=\"e40ba46\" data-element_type=\"column\" data-e-type=\"column\">\n\t\t\t<div class=\"elementor-widget-wrap elementor-element-populated\">\n\t\t\t\t\t\t<div class=\"elementor-element elementor-element-8a917b8 elementor-widget__width-initial elementor-widget elementor-widget-image\" data-id=\"8a917b8\" data-element_type=\"widget\" data-e-type=\"widget\" data-widget_type=\"image.default\">\n\t\t\t\t<div class=\"elementor-widget-container\">\n\t\t\t\t\t\t\t\t\t\t\t\t\t\t\t\t<a href=\"https:\/\/airandme.fr\/fr\/aromatherapie\/1062-synergie-d-huiles-essentielles-sommeil-serein.html\">\n\t\t\t\t\t\t\t<img loading=\"lazy\" decoding=\"async\" width=\"250\" height=\"250\" src=\"https:\/\/i0.wp.com\/www.airandme.fr\/blog\/wp-content\/uploads\/airme-huile-essentielle-sommeil-serein.webp?fit=250%2C250&amp;ssl=1\" class=\"attachment-large size-large wp-image-23258\" alt=\"\" srcset=\"https:\/\/i0.wp.com\/www.airandme.fr\/blog\/wp-content\/uploads\/airme-huile-essentielle-sommeil-serein.webp?w=250&amp;ssl=1 250w, https:\/\/i0.wp.com\/www.airandme.fr\/blog\/wp-content\/uploads\/airme-huile-essentielle-sommeil-serein.webp?resize=150%2C150&amp;ssl=1 150w, https:\/\/i0.wp.com\/www.airandme.fr\/blog\/wp-content\/uploads\/airme-huile-essentielle-sommeil-serein.webp?resize=75%2C75&amp;ssl=1 75w\" sizes=\"(max-width: 250px) 100vw, 250px\" \/>\t\t\t\t\t\t\t\t<\/a>\n\t\t\t\t\t\t\t\t\t\t\t\t\t\t\t<\/div>\n\t\t\t\t<\/div>\n\t\t\t\t<div class=\"elementor-element elementor-element-c76bcd5 elementor-align-center elementor-widget elementor-widget-button\" data-id=\"c76bcd5\" data-element_type=\"widget\" data-e-type=\"widget\" data-widget_type=\"button.default\">\n\t\t\t\t<div class=\"elementor-widget-container\">\n\t\t\t\t\t\t\t\t\t<div class=\"elementor-button-wrapper\">\n\t\t\t\t\t<a class=\"elementor-button elementor-button-link elementor-size-sm\" href=\"https:\/\/airandme.fr\/fr\/aromatherapie\/1062-synergie-d-huiles-essentielles-sommeil-serein.html\">\n\t\t\t\t\t\t<span class=\"elementor-button-content-wrapper\">\n\t\t\t\t\t\t\t\t\t<span class=\"elementor-button-text\">ACHETER<\/span>\n\t\t\t\t\t<\/span>\n\t\t\t\t\t<\/a>\n\t\t\t\t<\/div>\n\t\t\t\t\t\t\t\t<\/div>\n\t\t\t\t<\/div>\n\t\t\t\t\t<\/div>\n\t\t<\/div>\n\t\t\t\t<div class=\"elementor-column elementor-col-50 elementor-top-column elementor-element elementor-element-742c1ce\" data-id=\"742c1ce\" data-element_type=\"column\" data-e-type=\"column\">\n\t\t\t<div class=\"elementor-widget-wrap elementor-element-populated\">\n\t\t\t\t\t\t<div class=\"elementor-element elementor-element-7b8c5d8 elementor-widget elementor-widget-heading\" data-id=\"7b8c5d8\" data-element_type=\"widget\" data-e-type=\"widget\" data-widget_type=\"heading.default\">\n\t\t\t\t<div class=\"elementor-widget-container\">\n\t\t\t\t\t<h2 class=\"elementor-heading-title elementor-size-default\">4. SOMMEIL SEREIN : mieux dormir pendant la saison froide<\/h2>\t\t\t\t<\/div>\n\t\t\t\t<\/div>\n\t\t\t\t<div class=\"elementor-element elementor-element-a86c914 elementor-widget elementor-widget-text-editor\" data-id=\"a86c914\" data-element_type=\"widget\" data-e-type=\"widget\" data-widget_type=\"text-editor.default\">\n\t\t\t\t<div class=\"elementor-widget-container\">\n\t\t\t\t\t\t\t\t\t<p data-start=\"2483\" data-end=\"2709\">Le froid et le manque de lumi\u00e8re peuvent perturber le sommeil. La synergie <a href=\"https:\/\/airandme.fr\/fr\/aromatherapie\/1062-synergie-d-huiles-essentielles-sommeil-serein.html\"><strong data-start=\"2558\" data-end=\"2576\">SOMMEIL SEREIN<\/strong><\/a> a \u00e9t\u00e9 con\u00e7ue pour instaurer une atmosph\u00e8re propice \u00e0 l\u2019endormissement, gr\u00e2ce \u00e0 une composition olfactive \u00e9quilibr\u00e9e et enveloppante.<\/p><p data-start=\"2711\" data-end=\"2730\"><strong data-start=\"2714\" data-end=\"2730\">Ses atouts :<\/strong><\/p><ul data-start=\"2731\" data-end=\"2856\"><li data-start=\"2731\" data-end=\"2773\"><p data-start=\"2733\" data-end=\"2773\">Favorise un endormissement plus paisible<\/p><\/li><li data-start=\"2774\" data-end=\"2813\"><p data-start=\"2776\" data-end=\"2813\">Parfaite en diffusion dans la chambre<\/p><\/li><li data-start=\"2814\" data-end=\"2856\"><p data-start=\"2816\" data-end=\"2856\">\u00c0 associer \u00e0 un rituel bien-\u00eatre du soir<\/p><\/li><\/ul>\t\t\t\t\t\t\t\t<\/div>\n\t\t\t\t<\/div>\n\t\t\t\t\t<\/div>\n\t\t<\/div>\n\t\t\t\t\t<\/div>\n\t\t<\/section>\n\t\t\t\t<section class=\"elementor-section elementor-top-section elementor-element elementor-element-a08e43b elementor-section-boxed elementor-section-height-default elementor-section-height-default\" data-id=\"a08e43b\" data-element_type=\"section\" data-e-type=\"section\">\n\t\t\t\t\t\t<div class=\"elementor-container elementor-column-gap-default\">\n\t\t\t\t\t<div class=\"elementor-column elementor-col-50 elementor-top-column elementor-element elementor-element-d52c18e\" data-id=\"d52c18e\" data-element_type=\"column\" data-e-type=\"column\">\n\t\t\t<div class=\"elementor-widget-wrap elementor-element-populated\">\n\t\t\t\t\t\t<div class=\"elementor-element elementor-element-93f9d9c elementor-widget elementor-widget-heading\" data-id=\"93f9d9c\" data-element_type=\"widget\" data-e-type=\"widget\" data-widget_type=\"heading.default\">\n\t\t\t\t<div class=\"elementor-widget-container\">\n\t\t\t\t\t<h2 class=\"elementor-heading-title elementor-size-default\">5. Orange douce : une huile essentielle r\u00e9confortante et lumineuse<\/h2>\t\t\t\t<\/div>\n\t\t\t\t<\/div>\n\t\t\t\t<div class=\"elementor-element elementor-element-cb6abd1 elementor-widget elementor-widget-text-editor\" data-id=\"cb6abd1\" data-element_type=\"widget\" data-e-type=\"widget\" data-widget_type=\"text-editor.default\">\n\t\t\t\t<div class=\"elementor-widget-container\">\n\t\t\t\t\t\t\t\t\t<p data-start=\"2934\" data-end=\"3136\">En hiver, l\u2019<strong data-start=\"2946\" data-end=\"2982\">huile essentielle <a href=\"https:\/\/airandme.fr\/fr\/aromatherapie\/1017-huile-essentielle-d-orange-douce.html\">d\u2019orange douce<\/a><\/strong> est id\u00e9ale pour apporter une touche de chaleur et de bonne humeur. Son parfum doux et l\u00e9g\u00e8rement sucr\u00e9 aide \u00e0 cr\u00e9er une ambiance conviviale et apaisante.<\/p><p data-start=\"3138\" data-end=\"3174\"><strong data-start=\"3141\" data-end=\"3174\">Pourquoi on l\u2019aime en hiver :<\/strong><\/p><ul data-start=\"3175\" data-end=\"3298\"><li data-start=\"3175\" data-end=\"3217\"><p data-start=\"3177\" data-end=\"3217\">Diffusion agr\u00e9able pour toute la famille<\/p><\/li><li data-start=\"3218\" data-end=\"3247\"><p data-start=\"3220\" data-end=\"3247\">Aide \u00e0 r\u00e9duire les tensions<\/p><\/li><li data-start=\"3248\" data-end=\"3298\"><p data-start=\"3250\" data-end=\"3298\">Apporte une note ensoleill\u00e9e aux journ\u00e9es grises<\/p><\/li><\/ul>\t\t\t\t\t\t\t\t<\/div>\n\t\t\t\t<\/div>\n\t\t\t\t\t<\/div>\n\t\t<\/div>\n\t\t\t\t<div class=\"elementor-column elementor-col-50 elementor-top-column elementor-element elementor-element-cb5e532\" data-id=\"cb5e532\" data-element_type=\"column\" data-e-type=\"column\">\n\t\t\t<div class=\"elementor-widget-wrap elementor-element-populated\">\n\t\t\t\t\t\t<div class=\"elementor-element elementor-element-c860659 elementor-widget__width-initial elementor-widget elementor-widget-image\" data-id=\"c860659\" data-element_type=\"widget\" data-e-type=\"widget\" data-widget_type=\"image.default\">\n\t\t\t\t<div class=\"elementor-widget-container\">\n\t\t\t\t\t\t\t\t\t\t\t\t\t\t\t\t<a href=\"https:\/\/airandme.fr\/fr\/aromatherapie\/1017-huile-essentielle-d-orange-douce.html\">\n\t\t\t\t\t\t\t<img loading=\"lazy\" decoding=\"async\" width=\"250\" height=\"250\" src=\"https:\/\/i0.wp.com\/www.airandme.fr\/blog\/wp-content\/uploads\/airme-huile-essentielle-orange-douce.webp?fit=250%2C250&amp;ssl=1\" class=\"attachment-large size-large wp-image-23255\" alt=\"\" srcset=\"https:\/\/i0.wp.com\/www.airandme.fr\/blog\/wp-content\/uploads\/airme-huile-essentielle-orange-douce.webp?w=250&amp;ssl=1 250w, https:\/\/i0.wp.com\/www.airandme.fr\/blog\/wp-content\/uploads\/airme-huile-essentielle-orange-douce.webp?resize=150%2C150&amp;ssl=1 150w, https:\/\/i0.wp.com\/www.airandme.fr\/blog\/wp-content\/uploads\/airme-huile-essentielle-orange-douce.webp?resize=75%2C75&amp;ssl=1 75w\" sizes=\"(max-width: 250px) 100vw, 250px\" \/>\t\t\t\t\t\t\t\t<\/a>\n\t\t\t\t\t\t\t\t\t\t\t\t\t\t\t<\/div>\n\t\t\t\t<\/div>\n\t\t\t\t<div class=\"elementor-element elementor-element-96da6d2 elementor-align-center elementor-widget elementor-widget-button\" data-id=\"96da6d2\" data-element_type=\"widget\" data-e-type=\"widget\" data-widget_type=\"button.default\">\n\t\t\t\t<div class=\"elementor-widget-container\">\n\t\t\t\t\t\t\t\t\t<div class=\"elementor-button-wrapper\">\n\t\t\t\t\t<a class=\"elementor-button elementor-button-link elementor-size-sm\" href=\"https:\/\/airandme.fr\/fr\/aromatherapie\/1017-huile-essentielle-d-orange-douce.html\">\n\t\t\t\t\t\t<span class=\"elementor-button-content-wrapper\">\n\t\t\t\t\t\t\t\t\t<span class=\"elementor-button-text\">ACHETER<\/span>\n\t\t\t\t\t<\/span>\n\t\t\t\t\t<\/a>\n\t\t\t\t<\/div>\n\t\t\t\t\t\t\t\t<\/div>\n\t\t\t\t<\/div>\n\t\t\t\t\t<\/div>\n\t\t<\/div>\n\t\t\t\t\t<\/div>\n\t\t<\/section>\n\t\t\t\t<section class=\"elementor-section elementor-top-section elementor-element elementor-element-447e12b3 elementor-section-boxed elementor-section-height-default elementor-section-height-default\" data-id=\"447e12b3\" data-element_type=\"section\" data-e-type=\"section\">\n\t\t\t\t\t\t<div class=\"elementor-container elementor-column-gap-default\">\n\t\t\t\t\t<div class=\"elementor-column elementor-col-100 elementor-top-column elementor-element elementor-element-7254e35e\" data-id=\"7254e35e\" data-element_type=\"column\" data-e-type=\"column\">\n\t\t\t<div class=\"elementor-widget-wrap elementor-element-populated\">\n\t\t\t\t\t\t<div class=\"elementor-element elementor-element-cbe4574 elementor-widget elementor-widget-heading\" data-id=\"cbe4574\" data-element_type=\"widget\" data-e-type=\"widget\" data-widget_type=\"heading.default\">\n\t\t\t\t<div class=\"elementor-widget-container\">\n\t\t\t\t\t<h2 class=\"elementor-heading-title elementor-size-default\">Comment bien utiliser une huile essentielle et un diffuseur en hiver ?<\/h2>\t\t\t\t<\/div>\n\t\t\t\t<\/div>\n\t\t\t\t<div class=\"elementor-element elementor-element-5c7248cf elementor-widget elementor-widget-text-editor\" data-id=\"5c7248cf\" data-element_type=\"widget\" data-e-type=\"widget\" data-widget_type=\"text-editor.default\">\n\t\t\t\t<div class=\"elementor-widget-container\">\n\t\t\t\t\t\t\t\t\t<p data-start=\"3380\" data-end=\"3533\">Pour profiter pleinement des bienfaits d\u2019une <strong data-start=\"3425\" data-end=\"3446\">huile essentielle<\/strong>, la diffusion est l\u2019un des modes d\u2019utilisation les plus simples et les plus efficaces.<\/p><p data-start=\"3535\" data-end=\"3557\"><strong data-start=\"3535\" data-end=\"3557\">Bonnes pratiques :<\/strong><\/p><ul data-start=\"3558\" data-end=\"3710\"><li data-start=\"3558\" data-end=\"3595\"><p data-start=\"3560\" data-end=\"3595\">Diffusez 10 \u00e0 20 minutes par s\u00e9ance<\/p><\/li><li data-start=\"3596\" data-end=\"3628\"><p data-start=\"3598\" data-end=\"3628\">A\u00e9rez la pi\u00e8ce apr\u00e8s diffusion<\/p><\/li><li data-start=\"3629\" data-end=\"3710\"><p data-start=\"3631\" data-end=\"3710\">Adaptez l\u2019huile essentielle selon vos besoins : respiration, d\u00e9tente ou \u00e9nergie<\/p><\/li><\/ul><p data-start=\"3712\" data-end=\"3823\">Un <strong data-start=\"3715\" data-end=\"3739\">diffuseur Air and Me<\/strong> permet une diffusion homog\u00e8ne, respectueuse des propri\u00e9t\u00e9s des huiles essentielles.<\/p>\t\t\t\t\t\t\t\t<\/div>\n\t\t\t\t<\/div>\n\t\t\t\t<div class=\"elementor-element elementor-element-49c11cad elementor-widget elementor-widget-heading\" data-id=\"49c11cad\" data-element_type=\"widget\" data-e-type=\"widget\" data-widget_type=\"heading.default\">\n\t\t\t\t<div class=\"elementor-widget-container\">\n\t\t\t\t\t<h3 class=\"elementor-heading-title elementor-size-default\">Nos huiles essentielles<\/h3>\t\t\t\t<\/div>\n\t\t\t\t<\/div>\n\t\t\t\t\t<\/div>\n\t\t<\/div>\n\t\t\t\t\t<\/div>\n\t\t<\/section>\n\t\t\t\t<section class=\"elementor-section elementor-top-section elementor-element elementor-element-3b7857a1 elementor-section-boxed elementor-section-height-default elementor-section-height-default\" data-id=\"3b7857a1\" data-element_type=\"section\" data-e-type=\"section\">\n\t\t\t\t\t\t<div class=\"elementor-container elementor-column-gap-default\">\n\t\t\t\t\t<div class=\"elementor-column elementor-col-100 elementor-top-column elementor-element elementor-element-3f5f6168\" data-id=\"3f5f6168\" data-element_type=\"column\" data-e-type=\"column\">\n\t\t\t<div class=\"elementor-widget-wrap elementor-element-populated\">\n\t\t\t\t\t\t<div class=\"elementor-element elementor-element-672607b9 elementor-widget elementor-widget-text-editor\" data-id=\"672607b9\" data-element_type=\"widget\" data-e-type=\"widget\" data-widget_type=\"text-editor.default\">\n\t\t\t\t<div class=\"elementor-widget-container\">\n\t\t\t\t\t\t\t\t\t<div class=\"row ppgbo_row ppgbo_product_1\">\n    \n    <div class=\"product col-4\">\n        <a class=\"product_link\" target=\"_blank\" href=\"https:\/\/airandme.fr\/fr\/1017-\">Huile essentielle de MENTHE POIVR\u00c9E<\/a><img data-recalc-dims=\"1\" loading=\"lazy\" decoding=\"async\" class=\"product_image\" src=\"https:\/\/i0.wp.com\/airandme.fr\/8752-medium_default\/1.jpg?resize=250%2C250&#038;ssl=1\"  alt=\"Huile essentielle de MENTHE POIVR\u00c9E\" width=\"250\" height=\"250\" \/><h4 class=\"product_name\">Huile essentielle de MENTHE POIVR\u00c9E<\/h4><div class=\"product_description_short\">L&#039;huile essentielle de MENTHE POIVR\u00c9E, avec son odeur caract\u00e9ristique, permet [&#8230;]<\/div><span class=\"product_price\">6.90\u20ac<\/span><div class=\"btn btn-default\">Voir le produit<\/div>    <\/div>\n    \n    \n    <div class=\"product col-4\">\n        <a class=\"product_link\" target=\"_blank\" href=\"https:\/\/airandme.fr\/fr\/aromatherapie\/1063-synergie-d-huiles-essentielles-respirer.html\">Synergie d&#039;huiles essentielles RESPIRER<\/a><img data-recalc-dims=\"1\" loading=\"lazy\" decoding=\"async\" class=\"product_image\" src=\"https:\/\/i0.wp.com\/airandme.fr\/8793-medium_default\/1.jpg?resize=250%2C250&#038;ssl=1\"  alt=\"Synergie d&#039;huiles essentielles RESPIRER\" width=\"250\" height=\"250\" \/><h4 class=\"product_name\">Synergie d&#039;huiles essentielles RESPIRER<\/h4><div class=\"product_description_short\">Vous r\u00eavez de respirer un air aussi pur &amp; frais qu&#039;en montagne ? La composition [&#8230;]<\/div><span class=\"product_price\">9.90\u20ac<\/span><div class=\"btn btn-default\">Voir le produit<\/div>    <\/div>\n    \n    \n    <div class=\"product col-4\">\n        <a class=\"product_link\" target=\"_blank\" href=\"https:\/\/airandme.fr\/fr\/aromatherapie\/1064-synergie-d-huiles-essentielles-relax.html\">Synergie d&#039;huiles essentielles RELAX<\/a><img data-recalc-dims=\"1\" loading=\"lazy\" decoding=\"async\" class=\"product_image\" src=\"https:\/\/i0.wp.com\/airandme.fr\/8788-medium_default\/1.jpg?resize=250%2C250&#038;ssl=1\"  alt=\"Synergie d&#039;huiles essentielles RELAX\" width=\"250\" height=\"250\" \/><h4 class=\"product_name\">Synergie d&#039;huiles essentielles RELAX<\/h4><div class=\"product_description_short\">Avec son odeur prononc\u00e9e de lavande &amp; d&#039;orange, le m\u00e9lange d&#039;huiles essentielles [&#8230;]<\/div><span class=\"product_price\">9.90\u20ac<\/span><div class=\"btn btn-default\">Voir le produit<\/div>    <\/div>\n    \n    <div class=\"clear\"><\/div><\/div>\n<div class=\"clear\"><\/div>\t\t\t\t\t\t\t\t<\/div>\n\t\t\t\t<\/div>\n\t\t\t\t\t<\/div>\n\t\t<\/div>\n\t\t\t\t\t<\/div>\n\t\t<\/section>\n\t\t\t\t<\/div>\n\t\t","protected":false},"excerpt":{"rendered":"<p>En hiver, l\u2019air int\u00e9rieur est souvent plus confin\u00e9, plus sec et propice aux petits d\u00e9sagr\u00e9ments saisonniers. Diffuser une huile essentielle adapt\u00e9e permet non seulement d\u2019assainir l\u2019air, mais aussi de favoriser la respiration, la d\u00e9tente et le confort au quotidien. Chez Air and Me, certaines huiles essentielles et synergies sont particuli\u00e8rement recommand\u00e9es pour la saison froide. [&hellip;]<\/p>\n","protected":false},"author":1015,"featured_media":23253,"comment_status":"open","ping_status":"closed","sticky":false,"template":"","format":"standard","meta":{"jetpack_post_was_ever_published":false,"_jetpack_newsletter_access":"","_jetpack_dont_email_post_to_subs":false,"_jetpack_newsletter_tier_id":0,"_jetpack_memberships_contains_paywalled_content":false,"_jetpack_memberships_contains_paid_content":false,"jnews-multi-image_gallery":[],"jnews_single_post":{"format":"standard"},"jnews_primary_category":[],"jnews_social_meta":[],"footnotes":""},"categories":[706],"tags":[],"class_list":["post-23251","post","type-post","status-publish","format-standard","has-post-thumbnail","hentry","category-aromatherapie-huiles-essentielles"],"yoast_head":"<!-- This site is optimized with the Yoast SEO plugin v27.4 - https:\/\/yoast.com\/product\/yoast-seo-wordpress\/ -->\n<title>Huiles essentielles pour l\u2019hiver : bien respirer et se d\u00e9tendre<\/title>\n<meta name=\"description\" content=\"D\u00e9couvrez les meilleures huiles essentielles pour l\u2019hiver : RESPIRER, RELAX, menthe poivr\u00e9e et orange douce pour purifier l\u2019air et favoriser d\u00e9tente et sommeil.\" \/>\n<meta name=\"robots\" content=\"index, follow, max-snippet:-1, max-image-preview:large, max-video-preview:-1\" \/>\n<link rel=\"canonical\" href=\"https:\/\/www.airandme.fr\/blog\/aromatherapie-huiles-essentielles\/huiles-essentielles-en-hiver-lesquelles-diffuser-pour-mieux-respirer-et-se-detendre\/\" \/>\n<meta property=\"og:locale\" content=\"fr_FR\" \/>\n<meta property=\"og:type\" content=\"article\" \/>\n<meta property=\"og:title\" content=\"Huiles essentielles pour l\u2019hiver : bien respirer et se d\u00e9tendre\" \/>\n<meta property=\"og:description\" content=\"D\u00e9couvrez les meilleures huiles essentielles pour l\u2019hiver : RESPIRER, RELAX, menthe poivr\u00e9e et orange douce pour purifier l\u2019air et favoriser d\u00e9tente et sommeil.\" \/>\n<meta property=\"og:url\" content=\"https:\/\/www.airandme.fr\/blog\/aromatherapie-huiles-essentielles\/huiles-essentielles-en-hiver-lesquelles-diffuser-pour-mieux-respirer-et-se-detendre\/\" \/>\n<meta property=\"og:site_name\" content=\"air&amp;me - Le blog du traitement de l&#039;air\" \/>\n<meta property=\"article:publisher\" content=\"https:\/\/www.facebook.com\/airandme\" \/>\n<meta property=\"article:published_time\" content=\"2026-01-09T11:38:48+00:00\" \/>\n<meta property=\"article:modified_time\" content=\"2026-02-20T09:32:58+00:00\" \/>\n<meta property=\"og:image\" content=\"https:\/\/www.airandme.fr\/blog\/wp-content\/uploads\/airandme-Essential-oil-all-bottles-carre-1.webp\" \/>\n\t<meta property=\"og:image:width\" content=\"1080\" \/>\n\t<meta property=\"og:image:height\" content=\"1080\" \/>\n\t<meta property=\"og:image:type\" content=\"image\/webp\" \/>\n<meta name=\"author\" content=\"Malak Benachour\" \/>\n<meta name=\"twitter:card\" content=\"summary_large_image\" \/>\n<meta name=\"twitter:label1\" content=\"\u00c9crit par\" \/>\n\t<meta name=\"twitter:data1\" content=\"Malak Benachour\" \/>\n\t<meta name=\"twitter:label2\" content=\"Dur\u00e9e de lecture estim\u00e9e\" \/>\n\t<meta name=\"twitter:data2\" content=\"5 minutes\" \/>\n<script type=\"application\/ld+json\" class=\"yoast-schema-graph\">{\"@context\":\"https:\\\/\\\/schema.org\",\"@graph\":[{\"@type\":\"Article\",\"@id\":\"https:\\\/\\\/www.airandme.fr\\\/blog\\\/aromatherapie-huiles-essentielles\\\/huiles-essentielles-en-hiver-lesquelles-diffuser-pour-mieux-respirer-et-se-detendre\\\/#article\",\"isPartOf\":{\"@id\":\"https:\\\/\\\/www.airandme.fr\\\/blog\\\/aromatherapie-huiles-essentielles\\\/huiles-essentielles-en-hiver-lesquelles-diffuser-pour-mieux-respirer-et-se-detendre\\\/\"},\"author\":{\"name\":\"Malak Benachour\",\"@id\":\"https:\\\/\\\/www.airandme.fr\\\/blog\\\/#\\\/schema\\\/person\\\/f35188b2bfd70fb3802796577bd7dfa3\"},\"headline\":\"Huiles essentielles en hiver : lesquelles diffuser pour mieux respirer et se d\u00e9tendre ?\",\"datePublished\":\"2026-01-09T11:38:48+00:00\",\"dateModified\":\"2026-02-20T09:32:58+00:00\",\"mainEntityOfPage\":{\"@id\":\"https:\\\/\\\/www.airandme.fr\\\/blog\\\/aromatherapie-huiles-essentielles\\\/huiles-essentielles-en-hiver-lesquelles-diffuser-pour-mieux-respirer-et-se-detendre\\\/\"},\"wordCount\":546,\"commentCount\":0,\"publisher\":{\"@id\":\"https:\\\/\\\/www.airandme.fr\\\/blog\\\/#organization\"},\"image\":{\"@id\":\"https:\\\/\\\/www.airandme.fr\\\/blog\\\/aromatherapie-huiles-essentielles\\\/huiles-essentielles-en-hiver-lesquelles-diffuser-pour-mieux-respirer-et-se-detendre\\\/#primaryimage\"},\"thumbnailUrl\":\"https:\\\/\\\/i0.wp.com\\\/www.airandme.fr\\\/blog\\\/wp-content\\\/uploads\\\/airandme-Essential-oil-all-bottles-carre-1.webp?fit=1080%2C1080&ssl=1\",\"articleSection\":[\"Aromath\u00e9rapie et huiles essentielles\"],\"inLanguage\":\"fr-FR\",\"potentialAction\":[{\"@type\":\"CommentAction\",\"name\":\"Comment\",\"target\":[\"https:\\\/\\\/www.airandme.fr\\\/blog\\\/aromatherapie-huiles-essentielles\\\/huiles-essentielles-en-hiver-lesquelles-diffuser-pour-mieux-respirer-et-se-detendre\\\/#respond\"]}]},{\"@type\":\"WebPage\",\"@id\":\"https:\\\/\\\/www.airandme.fr\\\/blog\\\/aromatherapie-huiles-essentielles\\\/huiles-essentielles-en-hiver-lesquelles-diffuser-pour-mieux-respirer-et-se-detendre\\\/\",\"url\":\"https:\\\/\\\/www.airandme.fr\\\/blog\\\/aromatherapie-huiles-essentielles\\\/huiles-essentielles-en-hiver-lesquelles-diffuser-pour-mieux-respirer-et-se-detendre\\\/\",\"name\":\"Huiles essentielles pour l\u2019hiver : bien respirer et se d\u00e9tendre\",\"isPartOf\":{\"@id\":\"https:\\\/\\\/www.airandme.fr\\\/blog\\\/#website\"},\"primaryImageOfPage\":{\"@id\":\"https:\\\/\\\/www.airandme.fr\\\/blog\\\/aromatherapie-huiles-essentielles\\\/huiles-essentielles-en-hiver-lesquelles-diffuser-pour-mieux-respirer-et-se-detendre\\\/#primaryimage\"},\"image\":{\"@id\":\"https:\\\/\\\/www.airandme.fr\\\/blog\\\/aromatherapie-huiles-essentielles\\\/huiles-essentielles-en-hiver-lesquelles-diffuser-pour-mieux-respirer-et-se-detendre\\\/#primaryimage\"},\"thumbnailUrl\":\"https:\\\/\\\/i0.wp.com\\\/www.airandme.fr\\\/blog\\\/wp-content\\\/uploads\\\/airandme-Essential-oil-all-bottles-carre-1.webp?fit=1080%2C1080&ssl=1\",\"datePublished\":\"2026-01-09T11:38:48+00:00\",\"dateModified\":\"2026-02-20T09:32:58+00:00\",\"description\":\"D\u00e9couvrez les meilleures huiles essentielles pour l\u2019hiver : RESPIRER, RELAX, menthe poivr\u00e9e et orange douce pour purifier l\u2019air et favoriser d\u00e9tente et sommeil.\",\"breadcrumb\":{\"@id\":\"https:\\\/\\\/www.airandme.fr\\\/blog\\\/aromatherapie-huiles-essentielles\\\/huiles-essentielles-en-hiver-lesquelles-diffuser-pour-mieux-respirer-et-se-detendre\\\/#breadcrumb\"},\"inLanguage\":\"fr-FR\",\"potentialAction\":[{\"@type\":\"ReadAction\",\"target\":[\"https:\\\/\\\/www.airandme.fr\\\/blog\\\/aromatherapie-huiles-essentielles\\\/huiles-essentielles-en-hiver-lesquelles-diffuser-pour-mieux-respirer-et-se-detendre\\\/\"]}]},{\"@type\":\"ImageObject\",\"inLanguage\":\"fr-FR\",\"@id\":\"https:\\\/\\\/www.airandme.fr\\\/blog\\\/aromatherapie-huiles-essentielles\\\/huiles-essentielles-en-hiver-lesquelles-diffuser-pour-mieux-respirer-et-se-detendre\\\/#primaryimage\",\"url\":\"https:\\\/\\\/i0.wp.com\\\/www.airandme.fr\\\/blog\\\/wp-content\\\/uploads\\\/airandme-Essential-oil-all-bottles-carre-1.webp?fit=1080%2C1080&ssl=1\",\"contentUrl\":\"https:\\\/\\\/i0.wp.com\\\/www.airandme.fr\\\/blog\\\/wp-content\\\/uploads\\\/airandme-Essential-oil-all-bottles-carre-1.webp?fit=1080%2C1080&ssl=1\",\"width\":1080,\"height\":1080},{\"@type\":\"BreadcrumbList\",\"@id\":\"https:\\\/\\\/www.airandme.fr\\\/blog\\\/aromatherapie-huiles-essentielles\\\/huiles-essentielles-en-hiver-lesquelles-diffuser-pour-mieux-respirer-et-se-detendre\\\/#breadcrumb\",\"itemListElement\":[{\"@type\":\"ListItem\",\"position\":1,\"name\":\"Accueil\",\"item\":\"https:\\\/\\\/www.airandme.fr\\\/blog\\\/\"},{\"@type\":\"ListItem\",\"position\":2,\"name\":\"Aromath\u00e9rapie et huiles essentielles\",\"item\":\"https:\\\/\\\/www.airandme.fr\\\/blog\\\/category\\\/aromatherapie-huiles-essentielles\\\/\"},{\"@type\":\"ListItem\",\"position\":3,\"name\":\"Huiles essentielles en hiver : lesquelles diffuser pour mieux respirer et se d\u00e9tendre ?\"}]},{\"@type\":\"WebSite\",\"@id\":\"https:\\\/\\\/www.airandme.fr\\\/blog\\\/#website\",\"url\":\"https:\\\/\\\/www.airandme.fr\\\/blog\\\/\",\"name\":\"air&me - Le blog du traitement de l'air\",\"description\":\"Solutions pour le traitement de l&#039;air int\u00e9rieur - Le blog du bien air chez soi\",\"publisher\":{\"@id\":\"https:\\\/\\\/www.airandme.fr\\\/blog\\\/#organization\"},\"potentialAction\":[{\"@type\":\"SearchAction\",\"target\":{\"@type\":\"EntryPoint\",\"urlTemplate\":\"https:\\\/\\\/www.airandme.fr\\\/blog\\\/?s={search_term_string}\"},\"query-input\":{\"@type\":\"PropertyValueSpecification\",\"valueRequired\":true,\"valueName\":\"search_term_string\"}}],\"inLanguage\":\"fr-FR\"},{\"@type\":\"Organization\",\"@id\":\"https:\\\/\\\/www.airandme.fr\\\/blog\\\/#organization\",\"name\":\"air&me - Le blog du traitement de l'air\",\"url\":\"https:\\\/\\\/www.airandme.fr\\\/blog\\\/\",\"logo\":{\"@type\":\"ImageObject\",\"inLanguage\":\"fr-FR\",\"@id\":\"https:\\\/\\\/www.airandme.fr\\\/blog\\\/#\\\/schema\\\/logo\\\/image\\\/\",\"url\":\"https:\\\/\\\/i0.wp.com\\\/www.airandme.fr\\\/blog\\\/wp-content\\\/uploads\\\/airandme-logo-blog-300px.png?fit=300%2C120&ssl=1\",\"contentUrl\":\"https:\\\/\\\/i0.wp.com\\\/www.airandme.fr\\\/blog\\\/wp-content\\\/uploads\\\/airandme-logo-blog-300px.png?fit=300%2C120&ssl=1\",\"width\":300,\"height\":120,\"caption\":\"air&me - Le blog du traitement de l'air\"},\"image\":{\"@id\":\"https:\\\/\\\/www.airandme.fr\\\/blog\\\/#\\\/schema\\\/logo\\\/image\\\/\"},\"sameAs\":[\"https:\\\/\\\/www.facebook.com\\\/airandme\",\"https:\\\/\\\/www.instagram.com\\\/air_and_me\\\/\",\"https:\\\/\\\/www.linkedin.com\\\/air-and-me\",\"https:\\\/\\\/www.pinterest.fr\\\/air_and_me\",\"https:\\\/\\\/www.youtube.com\\\/channel\\\/UCmco9cc0iTBmPINR5vaW90A\"]},{\"@type\":\"Person\",\"@id\":\"https:\\\/\\\/www.airandme.fr\\\/blog\\\/#\\\/schema\\\/person\\\/f35188b2bfd70fb3802796577bd7dfa3\",\"name\":\"Malak Benachour\",\"image\":{\"@type\":\"ImageObject\",\"inLanguage\":\"fr-FR\",\"@id\":\"https:\\\/\\\/secure.gravatar.com\\\/avatar\\\/ddca3dc5075e33580fd0e059d4463076bcc25bceb1d6dc91307c9550e800324a?s=96&d=mm&r=g\",\"url\":\"https:\\\/\\\/secure.gravatar.com\\\/avatar\\\/ddca3dc5075e33580fd0e059d4463076bcc25bceb1d6dc91307c9550e800324a?s=96&d=mm&r=g\",\"contentUrl\":\"https:\\\/\\\/secure.gravatar.com\\\/avatar\\\/ddca3dc5075e33580fd0e059d4463076bcc25bceb1d6dc91307c9550e800324a?s=96&d=mm&r=g\",\"caption\":\"Malak Benachour\"},\"url\":\"https:\\\/\\\/www.airandme.fr\\\/blog\\\/author\\\/malak\\\/\"}]}<\/script>\n<!-- \/ Yoast SEO plugin. -->","yoast_head_json":{"title":"Huiles essentielles pour l\u2019hiver : bien respirer et se d\u00e9tendre","description":"D\u00e9couvrez les meilleures huiles essentielles pour l\u2019hiver : RESPIRER, RELAX, menthe poivr\u00e9e et orange douce pour purifier l\u2019air et favoriser d\u00e9tente et sommeil.","robots":{"index":"index","follow":"follow","max-snippet":"max-snippet:-1","max-image-preview":"max-image-preview:large","max-video-preview":"max-video-preview:-1"},"canonical":"https:\/\/www.airandme.fr\/blog\/aromatherapie-huiles-essentielles\/huiles-essentielles-en-hiver-lesquelles-diffuser-pour-mieux-respirer-et-se-detendre\/","og_locale":"fr_FR","og_type":"article","og_title":"Huiles essentielles pour l\u2019hiver : bien respirer et se d\u00e9tendre","og_description":"D\u00e9couvrez les meilleures huiles essentielles pour l\u2019hiver : RESPIRER, RELAX, menthe poivr\u00e9e et orange douce pour purifier l\u2019air et favoriser d\u00e9tente et sommeil.","og_url":"https:\/\/www.airandme.fr\/blog\/aromatherapie-huiles-essentielles\/huiles-essentielles-en-hiver-lesquelles-diffuser-pour-mieux-respirer-et-se-detendre\/","og_site_name":"air&amp;me - Le blog du traitement de l&#039;air","article_publisher":"https:\/\/www.facebook.com\/airandme","article_published_time":"2026-01-09T11:38:48+00:00","article_modified_time":"2026-02-20T09:32:58+00:00","og_image":[{"width":1080,"height":1080,"url":"https:\/\/www.airandme.fr\/blog\/wp-content\/uploads\/airandme-Essential-oil-all-bottles-carre-1.webp","type":"image\/webp"}],"author":"Malak Benachour","twitter_card":"summary_large_image","twitter_misc":{"\u00c9crit par":"Malak Benachour","Dur\u00e9e de lecture estim\u00e9e":"5 minutes"},"schema":{"@context":"https:\/\/schema.org","@graph":[{"@type":"Article","@id":"https:\/\/www.airandme.fr\/blog\/aromatherapie-huiles-essentielles\/huiles-essentielles-en-hiver-lesquelles-diffuser-pour-mieux-respirer-et-se-detendre\/#article","isPartOf":{"@id":"https:\/\/www.airandme.fr\/blog\/aromatherapie-huiles-essentielles\/huiles-essentielles-en-hiver-lesquelles-diffuser-pour-mieux-respirer-et-se-detendre\/"},"author":{"name":"Malak Benachour","@id":"https:\/\/www.airandme.fr\/blog\/#\/schema\/person\/f35188b2bfd70fb3802796577bd7dfa3"},"headline":"Huiles essentielles en hiver : lesquelles diffuser pour mieux respirer et se d\u00e9tendre ?","datePublished":"2026-01-09T11:38:48+00:00","dateModified":"2026-02-20T09:32:58+00:00","mainEntityOfPage":{"@id":"https:\/\/www.airandme.fr\/blog\/aromatherapie-huiles-essentielles\/huiles-essentielles-en-hiver-lesquelles-diffuser-pour-mieux-respirer-et-se-detendre\/"},"wordCount":546,"commentCount":0,"publisher":{"@id":"https:\/\/www.airandme.fr\/blog\/#organization"},"image":{"@id":"https:\/\/www.airandme.fr\/blog\/aromatherapie-huiles-essentielles\/huiles-essentielles-en-hiver-lesquelles-diffuser-pour-mieux-respirer-et-se-detendre\/#primaryimage"},"thumbnailUrl":"https:\/\/i0.wp.com\/www.airandme.fr\/blog\/wp-content\/uploads\/airandme-Essential-oil-all-bottles-carre-1.webp?fit=1080%2C1080&ssl=1","articleSection":["Aromath\u00e9rapie et huiles essentielles"],"inLanguage":"fr-FR","potentialAction":[{"@type":"CommentAction","name":"Comment","target":["https:\/\/www.airandme.fr\/blog\/aromatherapie-huiles-essentielles\/huiles-essentielles-en-hiver-lesquelles-diffuser-pour-mieux-respirer-et-se-detendre\/#respond"]}]},{"@type":"WebPage","@id":"https:\/\/www.airandme.fr\/blog\/aromatherapie-huiles-essentielles\/huiles-essentielles-en-hiver-lesquelles-diffuser-pour-mieux-respirer-et-se-detendre\/","url":"https:\/\/www.airandme.fr\/blog\/aromatherapie-huiles-essentielles\/huiles-essentielles-en-hiver-lesquelles-diffuser-pour-mieux-respirer-et-se-detendre\/","name":"Huiles essentielles pour l\u2019hiver : bien respirer et se d\u00e9tendre","isPartOf":{"@id":"https:\/\/www.airandme.fr\/blog\/#website"},"primaryImageOfPage":{"@id":"https:\/\/www.airandme.fr\/blog\/aromatherapie-huiles-essentielles\/huiles-essentielles-en-hiver-lesquelles-diffuser-pour-mieux-respirer-et-se-detendre\/#primaryimage"},"image":{"@id":"https:\/\/www.airandme.fr\/blog\/aromatherapie-huiles-essentielles\/huiles-essentielles-en-hiver-lesquelles-diffuser-pour-mieux-respirer-et-se-detendre\/#primaryimage"},"thumbnailUrl":"https:\/\/i0.wp.com\/www.airandme.fr\/blog\/wp-content\/uploads\/airandme-Essential-oil-all-bottles-carre-1.webp?fit=1080%2C1080&ssl=1","datePublished":"2026-01-09T11:38:48+00:00","dateModified":"2026-02-20T09:32:58+00:00","description":"D\u00e9couvrez les meilleures huiles essentielles pour l\u2019hiver : RESPIRER, RELAX, menthe poivr\u00e9e et orange douce pour purifier l\u2019air et favoriser d\u00e9tente et sommeil.","breadcrumb":{"@id":"https:\/\/www.airandme.fr\/blog\/aromatherapie-huiles-essentielles\/huiles-essentielles-en-hiver-lesquelles-diffuser-pour-mieux-respirer-et-se-detendre\/#breadcrumb"},"inLanguage":"fr-FR","potentialAction":[{"@type":"ReadAction","target":["https:\/\/www.airandme.fr\/blog\/aromatherapie-huiles-essentielles\/huiles-essentielles-en-hiver-lesquelles-diffuser-pour-mieux-respirer-et-se-detendre\/"]}]},{"@type":"ImageObject","inLanguage":"fr-FR","@id":"https:\/\/www.airandme.fr\/blog\/aromatherapie-huiles-essentielles\/huiles-essentielles-en-hiver-lesquelles-diffuser-pour-mieux-respirer-et-se-detendre\/#primaryimage","url":"https:\/\/i0.wp.com\/www.airandme.fr\/blog\/wp-content\/uploads\/airandme-Essential-oil-all-bottles-carre-1.webp?fit=1080%2C1080&ssl=1","contentUrl":"https:\/\/i0.wp.com\/www.airandme.fr\/blog\/wp-content\/uploads\/airandme-Essential-oil-all-bottles-carre-1.webp?fit=1080%2C1080&ssl=1","width":1080,"height":1080},{"@type":"BreadcrumbList","@id":"https:\/\/www.airandme.fr\/blog\/aromatherapie-huiles-essentielles\/huiles-essentielles-en-hiver-lesquelles-diffuser-pour-mieux-respirer-et-se-detendre\/#breadcrumb","itemListElement":[{"@type":"ListItem","position":1,"name":"Accueil","item":"https:\/\/www.airandme.fr\/blog\/"},{"@type":"ListItem","position":2,"name":"Aromath\u00e9rapie et huiles essentielles","item":"https:\/\/www.airandme.fr\/blog\/category\/aromatherapie-huiles-essentielles\/"},{"@type":"ListItem","position":3,"name":"Huiles essentielles en hiver : lesquelles diffuser pour mieux respirer et se d\u00e9tendre ?"}]},{"@type":"WebSite","@id":"https:\/\/www.airandme.fr\/blog\/#website","url":"https:\/\/www.airandme.fr\/blog\/","name":"air&me - Le blog du traitement de l'air","description":"Solutions pour le traitement de l&#039;air int\u00e9rieur - Le blog du bien air chez soi","publisher":{"@id":"https:\/\/www.airandme.fr\/blog\/#organization"},"potentialAction":[{"@type":"SearchAction","target":{"@type":"EntryPoint","urlTemplate":"https:\/\/www.airandme.fr\/blog\/?s={search_term_string}"},"query-input":{"@type":"PropertyValueSpecification","valueRequired":true,"valueName":"search_term_string"}}],"inLanguage":"fr-FR"},{"@type":"Organization","@id":"https:\/\/www.airandme.fr\/blog\/#organization","name":"air&me - Le blog du traitement de l'air","url":"https:\/\/www.airandme.fr\/blog\/","logo":{"@type":"ImageObject","inLanguage":"fr-FR","@id":"https:\/\/www.airandme.fr\/blog\/#\/schema\/logo\/image\/","url":"https:\/\/i0.wp.com\/www.airandme.fr\/blog\/wp-content\/uploads\/airandme-logo-blog-300px.png?fit=300%2C120&ssl=1","contentUrl":"https:\/\/i0.wp.com\/www.airandme.fr\/blog\/wp-content\/uploads\/airandme-logo-blog-300px.png?fit=300%2C120&ssl=1","width":300,"height":120,"caption":"air&me - Le blog du traitement de l'air"},"image":{"@id":"https:\/\/www.airandme.fr\/blog\/#\/schema\/logo\/image\/"},"sameAs":["https:\/\/www.facebook.com\/airandme","https:\/\/www.instagram.com\/air_and_me\/","https:\/\/www.linkedin.com\/air-and-me","https:\/\/www.pinterest.fr\/air_and_me","https:\/\/www.youtube.com\/channel\/UCmco9cc0iTBmPINR5vaW90A"]},{"@type":"Person","@id":"https:\/\/www.airandme.fr\/blog\/#\/schema\/person\/f35188b2bfd70fb3802796577bd7dfa3","name":"Malak Benachour","image":{"@type":"ImageObject","inLanguage":"fr-FR","@id":"https:\/\/secure.gravatar.com\/avatar\/ddca3dc5075e33580fd0e059d4463076bcc25bceb1d6dc91307c9550e800324a?s=96&d=mm&r=g","url":"https:\/\/secure.gravatar.com\/avatar\/ddca3dc5075e33580fd0e059d4463076bcc25bceb1d6dc91307c9550e800324a?s=96&d=mm&r=g","contentUrl":"https:\/\/secure.gravatar.com\/avatar\/ddca3dc5075e33580fd0e059d4463076bcc25bceb1d6dc91307c9550e800324a?s=96&d=mm&r=g","caption":"Malak Benachour"},"url":"https:\/\/www.airandme.fr\/blog\/author\/malak\/"}]}},"jetpack_featured_media_url":"https:\/\/i0.wp.com\/www.airandme.fr\/blog\/wp-content\/uploads\/airandme-Essential-oil-all-bottles-carre-1.webp?fit=1080%2C1080&ssl=1","jetpack_sharing_enabled":true,"jetpack_shortlink":"https:\/\/wp.me\/paHeLN-631","_links":{"self":[{"href":"https:\/\/www.airandme.fr\/blog\/wp-json\/wp\/v2\/posts\/23251","targetHints":{"allow":["GET"]}}],"collection":[{"href":"https:\/\/www.airandme.fr\/blog\/wp-json\/wp\/v2\/posts"}],"about":[{"href":"https:\/\/www.airandme.fr\/blog\/wp-json\/wp\/v2\/types\/post"}],"author":[{"embeddable":true,"href":"https:\/\/www.airandme.fr\/blog\/wp-json\/wp\/v2\/users\/1015"}],"replies":[{"embeddable":true,"href":"https:\/\/www.airandme.fr\/blog\/wp-json\/wp\/v2\/comments?post=23251"}],"version-history":[{"count":10,"href":"https:\/\/www.airandme.fr\/blog\/wp-json\/wp\/v2\/posts\/23251\/revisions"}],"predecessor-version":[{"id":23521,"href":"https:\/\/www.airandme.fr\/blog\/wp-json\/wp\/v2\/posts\/23251\/revisions\/23521"}],"wp:featuredmedia":[{"embeddable":true,"href":"https:\/\/www.airandme.fr\/blog\/wp-json\/wp\/v2\/media\/23253"}],"wp:attachment":[{"href":"https:\/\/www.airandme.fr\/blog\/wp-json\/wp\/v2\/media?parent=23251"}],"wp:term":[{"taxonomy":"category","embeddable":true,"href":"https:\/\/www.airandme.fr\/blog\/wp-json\/wp\/v2\/categories?post=23251"},{"taxonomy":"post_tag","embeddable":true,"href":"https:\/\/www.airandme.fr\/blog\/wp-json\/wp\/v2\/tags?post=23251"}],"curies":[{"name":"wp","href":"https:\/\/api.w.org\/{rel}","templated":true}]}}