{"id":23654,"date":"2026-04-22T15:30:35","date_gmt":"2026-04-22T13:30:35","guid":{"rendered":"https:\/\/www.airandme.fr\/blog\/?p=23654"},"modified":"2026-04-22T15:51:39","modified_gmt":"2026-04-22T13:51:39","slug":"comment-rafraichir-une-piece-sans-clim-comparatif-complet-des-solutions","status":"publish","type":"post","link":"https:\/\/www.airandme.fr\/blog\/ventilation\/comment-rafraichir-une-piece-sans-clim-comparatif-complet-des-solutions\/","title":{"rendered":"Comment rafra\u00eechir une pi\u00e8ce sans clim ? Comparatif complet des solutions"},"content":{"rendered":"\t\t<div data-elementor-type=\"wp-post\" data-elementor-id=\"23654\" class=\"elementor elementor-23654\">\n\t\t\t\t\t\t<section class=\"elementor-section elementor-top-section elementor-element elementor-element-395d52a3 elementor-section-boxed elementor-section-height-default elementor-section-height-default\" data-id=\"395d52a3\" data-element_type=\"section\" data-e-type=\"section\">\n\t\t\t\t\t\t<div class=\"elementor-container elementor-column-gap-default\">\n\t\t\t\t\t<div class=\"elementor-column elementor-col-100 elementor-top-column elementor-element elementor-element-5fdebbc8\" data-id=\"5fdebbc8\" data-element_type=\"column\" data-e-type=\"column\">\n\t\t\t<div class=\"elementor-widget-wrap elementor-element-populated\">\n\t\t\t\t\t\t<div class=\"elementor-element elementor-element-2a1eb3ab elementor-widget elementor-widget-text-editor\" data-id=\"2a1eb3ab\" data-element_type=\"widget\" data-e-type=\"widget\" data-widget_type=\"text-editor.default\">\n\t\t\t\t<div class=\"elementor-widget-container\">\n\t\t\t\t\t\t\t\t\t<p data-start=\"117\" data-end=\"483\">Les \u00e9t\u00e9s deviennent de plus en plus difficiles \u00e0 supporter, avec des temp\u00e9ratures en constante augmentation. En France, l\u2019\u00e9t\u00e9 2025 a \u00e9t\u00e9 le <a href=\"https:\/\/www.santepubliquefrance.fr\/determinants-de-sante\/climat\/fortes-chaleurs-canicule\/documents\/bulletin-national\/chaleur-et-sante.-bilan-de-l-ete-2025\"><strong data-start=\"257\" data-end=\"335\">3\u1d49 \u00e9t\u00e9 le plus chaud jamais enregistr\u00e9, avec +1,9\u00b0C au-dessus des normales<\/strong>, et pr\u00e8s de <strong data-start=\"348\" data-end=\"380\">27 jours de vague de chaleur<\/strong><\/a> cumul\u00e9s. Face \u00e0 ces \u00e9pisodes de plus en plus fr\u00e9quents, rafra\u00eechir son int\u00e9rieur devient une priorit\u00e9.<\/p><p data-start=\"485\" data-end=\"791\">Pourtant, la climatisation n\u2019est pas toujours la solution id\u00e9ale. En plus de son co\u00fbt et de ses contraintes d\u2019installation, elle entra\u00eene une forte consommation d\u2019\u00e9nergie :<a href=\"https:\/\/entreprise.rexel.fr\/courant-positif\/tous-nos-articles\/articles\/canicules-de-lete-2025-quel-impact-sur-la-production-et-la-consommation-delectricite\/\"> <strong data-start=\"658\" data-end=\"743\">chaque degr\u00e9 suppl\u00e9mentaire peut augmenter la demande \u00e9lectrique de 700 \u00e0 1100 MW<\/strong><\/a>, notamment \u00e0 cause de l\u2019usage des climatiseurs.<\/p><p data-start=\"793\" data-end=\"1061\">Heureusement, il existe aujourd\u2019hui plusieurs alternatives efficaces pour rafra\u00eechir une pi\u00e8ce sans climatisation. Ventilateur, rafra\u00eechisseur d\u2019air, solutions naturelles\u2026 toutes ces options permettent d\u2019am\u00e9liorer le confort thermique, \u00e0 condition de bien les choisir.<\/p><p data-start=\"1063\" data-end=\"1171\">Dans cet article, d\u00e9couvrez un comparatif complet pour identifier la solution la plus adapt\u00e9e \u00e0 vos besoins.<\/p>\t\t\t\t\t\t\t\t<\/div>\n\t\t\t\t<\/div>\n\t\t\t\t\t<\/div>\n\t\t<\/div>\n\t\t\t\t\t<\/div>\n\t\t<\/section>\n\t\t\t\t<section class=\"elementor-section elementor-top-section elementor-element elementor-element-73655af elementor-section-boxed elementor-section-height-default elementor-section-height-default\" data-id=\"73655af\" data-element_type=\"section\" data-e-type=\"section\">\n\t\t\t\t\t\t<div class=\"elementor-container elementor-column-gap-default\">\n\t\t\t\t\t<div class=\"elementor-column elementor-col-100 elementor-top-column elementor-element elementor-element-64c3dd95\" data-id=\"64c3dd95\" data-element_type=\"column\" data-e-type=\"column\">\n\t\t\t<div class=\"elementor-widget-wrap elementor-element-populated\">\n\t\t\t\t\t\t<div class=\"elementor-element elementor-element-1f00de79 elementor-widget elementor-widget-heading\" data-id=\"1f00de79\" data-element_type=\"widget\" data-e-type=\"widget\" data-widget_type=\"heading.default\">\n\t\t\t\t<div class=\"elementor-widget-container\">\n\t\t\t\t\t<h2 class=\"elementor-heading-title elementor-size-default\">Les principales solutions pour rafra\u00eechir une pi\u00e8ce sans clim<\/h2>\t\t\t\t<\/div>\n\t\t\t\t<\/div>\n\t\t\t\t<div class=\"elementor-element elementor-element-6909c84f elementor-widget elementor-widget-text-editor\" data-id=\"6909c84f\" data-element_type=\"widget\" data-e-type=\"widget\" data-widget_type=\"text-editor.default\">\n\t\t\t\t<div class=\"elementor-widget-container\">\n\t\t\t\t\t\t\t\t\t<p data-start=\"1159\" data-end=\"1206\">On distingue aujourd\u2019hui 4 grandes cat\u00e9gories :<\/p><ul data-start=\"1208\" data-end=\"1335\"><li data-section-id=\"pggm8q\" data-start=\"1208\" data-end=\"1226\">Le ventilateur<\/li><li data-section-id=\"1udnlv1\" data-start=\"1227\" data-end=\"1267\">Le rafra\u00eechisseur d\u2019air (air cooler)<\/li><li data-section-id=\"htv48f\" data-start=\"1268\" data-end=\"1297\">La climatisation portable<\/li><li data-section-id=\"iegk3z\" data-start=\"1298\" data-end=\"1335\">Les solutions naturelles passives<\/li><\/ul><p data-start=\"1337\" data-end=\"1399\">Chaque solution agit diff\u00e9remment sur la sensation de chaleur.<\/p>\t\t\t\t\t\t\t\t<\/div>\n\t\t\t\t<\/div>\n\t\t\t\t\t<\/div>\n\t\t<\/div>\n\t\t\t\t\t<\/div>\n\t\t<\/section>\n\t\t\t\t<section class=\"elementor-section elementor-top-section elementor-element elementor-element-642f52ec elementor-section-boxed elementor-section-height-default elementor-section-height-default\" data-id=\"642f52ec\" data-element_type=\"section\" data-e-type=\"section\">\n\t\t\t\t\t\t<div class=\"elementor-container elementor-column-gap-default\">\n\t\t\t\t\t<div class=\"elementor-column elementor-col-50 elementor-top-column elementor-element elementor-element-5878d5b9\" data-id=\"5878d5b9\" data-element_type=\"column\" data-e-type=\"column\">\n\t\t\t<div class=\"elementor-widget-wrap elementor-element-populated\">\n\t\t\t\t\t\t<div class=\"elementor-element elementor-element-326a0919 elementor-widget elementor-widget-heading\" data-id=\"326a0919\" data-element_type=\"widget\" data-e-type=\"widget\" data-widget_type=\"heading.default\">\n\t\t\t\t<div class=\"elementor-widget-container\">\n\t\t\t\t\t<h3 class=\"elementor-heading-title elementor-size-default\">Le ventilateur : la solution simple et \u00e9conomique<\/h3>\t\t\t\t<\/div>\n\t\t\t\t<\/div>\n\t\t\t\t<div class=\"elementor-element elementor-element-50cc62fe elementor-widget elementor-widget-text-editor\" data-id=\"50cc62fe\" data-element_type=\"widget\" data-e-type=\"widget\" data-widget_type=\"text-editor.default\">\n\t\t\t\t<div class=\"elementor-widget-container\">\n\t\t\t\t\t\t\t\t\t<p data-start=\"1465\" data-end=\"1644\">Le <a href=\"https:\/\/airandme.fr\/fr\/34-ventilateur\">ventilateur<\/a> ne refroidit pas l\u2019air, mais il cr\u00e9e un mouvement d\u2019air qui acc\u00e9l\u00e8re l\u2019\u00e9vaporation de la transpiration sur la peau. R\u00e9sultat : une sensation imm\u00e9diate de fra\u00eecheur.<\/p>\t\t\t\t\t\t\t\t<\/div>\n\t\t\t\t<\/div>\n\t\t\t\t\t<\/div>\n\t\t<\/div>\n\t\t\t\t<div class=\"elementor-column elementor-col-50 elementor-top-column elementor-element elementor-element-7a4da4da\" data-id=\"7a4da4da\" data-element_type=\"column\" data-e-type=\"column\">\n\t\t\t<div class=\"elementor-widget-wrap elementor-element-populated\">\n\t\t\t\t\t\t<div class=\"elementor-element elementor-element-e77591 elementor-widget__width-initial elementor-widget elementor-widget-image\" data-id=\"e77591\" data-element_type=\"widget\" data-e-type=\"widget\" data-widget_type=\"image.default\">\n\t\t\t\t<div class=\"elementor-widget-container\">\n\t\t\t\t\t\t\t\t\t\t\t\t\t\t\t\t<a href=\"https:\/\/airandme.fr\/fr\/ventilateur\/1338-ventilateur-airain-anthracite.html\">\n\t\t\t\t\t\t\t<img fetchpriority=\"high\" decoding=\"async\" width=\"1024\" height=\"683\" src=\"https:\/\/i0.wp.com\/www.airandme.fr\/blog\/wp-content\/uploads\/Airain_Anthracite_3700459002392_LF03-scaled.webp?fit=1024%2C683&amp;ssl=1\" class=\"attachment-large size-large wp-image-22257\" alt=\"\" srcset=\"https:\/\/i0.wp.com\/www.airandme.fr\/blog\/wp-content\/uploads\/Airain_Anthracite_3700459002392_LF03-scaled.webp?w=2560&amp;ssl=1 2560w, https:\/\/i0.wp.com\/www.airandme.fr\/blog\/wp-content\/uploads\/Airain_Anthracite_3700459002392_LF03-scaled.webp?resize=300%2C200&amp;ssl=1 300w, https:\/\/i0.wp.com\/www.airandme.fr\/blog\/wp-content\/uploads\/Airain_Anthracite_3700459002392_LF03-scaled.webp?resize=1024%2C683&amp;ssl=1 1024w, https:\/\/i0.wp.com\/www.airandme.fr\/blog\/wp-content\/uploads\/Airain_Anthracite_3700459002392_LF03-scaled.webp?resize=768%2C512&amp;ssl=1 768w, https:\/\/i0.wp.com\/www.airandme.fr\/blog\/wp-content\/uploads\/Airain_Anthracite_3700459002392_LF03-scaled.webp?resize=1536%2C1024&amp;ssl=1 1536w, https:\/\/i0.wp.com\/www.airandme.fr\/blog\/wp-content\/uploads\/Airain_Anthracite_3700459002392_LF03-scaled.webp?resize=2048%2C1365&amp;ssl=1 2048w, https:\/\/i0.wp.com\/www.airandme.fr\/blog\/wp-content\/uploads\/Airain_Anthracite_3700459002392_LF03-scaled.webp?resize=750%2C500&amp;ssl=1 750w, https:\/\/i0.wp.com\/www.airandme.fr\/blog\/wp-content\/uploads\/Airain_Anthracite_3700459002392_LF03-scaled.webp?resize=1140%2C760&amp;ssl=1 1140w\" sizes=\"(max-width: 1000px) 100vw, 1000px\" \/>\t\t\t\t\t\t\t\t<\/a>\n\t\t\t\t\t\t\t\t\t\t\t\t\t\t\t<\/div>\n\t\t\t\t<\/div>\n\t\t\t\t\t<\/div>\n\t\t<\/div>\n\t\t\t\t\t<\/div>\n\t\t<\/section>\n\t\t\t\t<section class=\"elementor-section elementor-top-section elementor-element elementor-element-ba60655 elementor-section-boxed elementor-section-height-default elementor-section-height-default\" data-id=\"ba60655\" data-element_type=\"section\" data-e-type=\"section\">\n\t\t\t\t\t\t<div class=\"elementor-container elementor-column-gap-default\">\n\t\t\t\t\t<div class=\"elementor-column elementor-col-50 elementor-top-column elementor-element elementor-element-b9f6384\" data-id=\"b9f6384\" data-element_type=\"column\" data-e-type=\"column\">\n\t\t\t<div class=\"elementor-widget-wrap elementor-element-populated\">\n\t\t\t\t\t\t<div class=\"elementor-element elementor-element-e44a7df elementor-widget elementor-widget-heading\" data-id=\"e44a7df\" data-element_type=\"widget\" data-e-type=\"widget\" data-widget_type=\"heading.default\">\n\t\t\t\t<div class=\"elementor-widget-container\">\n\t\t\t\t\t<h4 class=\"elementor-heading-title elementor-size-default\">Avantages<\/h4>\t\t\t\t<\/div>\n\t\t\t\t<\/div>\n\t\t\t\t<div class=\"elementor-element elementor-element-e2fd12b elementor-widget elementor-widget-text-editor\" data-id=\"e2fd12b\" data-element_type=\"widget\" data-e-type=\"widget\" data-widget_type=\"text-editor.default\">\n\t\t\t\t<div class=\"elementor-widget-container\">\n\t\t\t\t\t\t\t\t\t<ul><li data-section-id=\"ppvoub\" data-start=\"1662\" data-end=\"1696\">Faible consommation \u00e9lectrique<\/li><li data-section-id=\"1uo2r4b\" data-start=\"1697\" data-end=\"1715\">Prix abordable<\/li><li data-section-id=\"gsve0q\" data-start=\"1716\" data-end=\"1739\">Installation simple<\/li><li data-section-id=\"1199u66\" data-start=\"1740\" data-end=\"1759\">Mobilit\u00e9 totale<\/li><li data-section-id=\"jkj0k6\" data-start=\"1760\" data-end=\"1785\">Utilisation imm\u00e9diate<\/li><\/ul>\t\t\t\t\t\t\t\t<\/div>\n\t\t\t\t<\/div>\n\t\t\t\t\t<\/div>\n\t\t<\/div>\n\t\t\t\t<div class=\"elementor-column elementor-col-50 elementor-top-column elementor-element elementor-element-1c6b8aa\" data-id=\"1c6b8aa\" data-element_type=\"column\" data-e-type=\"column\">\n\t\t\t<div class=\"elementor-widget-wrap elementor-element-populated\">\n\t\t\t\t\t\t<div class=\"elementor-element elementor-element-a3a6cda elementor-widget elementor-widget-heading\" data-id=\"a3a6cda\" data-element_type=\"widget\" data-e-type=\"widget\" data-widget_type=\"heading.default\">\n\t\t\t\t<div class=\"elementor-widget-container\">\n\t\t\t\t\t<h4 class=\"elementor-heading-title elementor-size-default\">Limites<\/h4>\t\t\t\t<\/div>\n\t\t\t\t<\/div>\n\t\t\t\t<div class=\"elementor-element elementor-element-68fcaab elementor-widget elementor-widget-text-editor\" data-id=\"68fcaab\" data-element_type=\"widget\" data-e-type=\"widget\" data-widget_type=\"text-editor.default\">\n\t\t\t\t<div class=\"elementor-widget-container\">\n\t\t\t\t\t\t\t\t\t<ul><li data-section-id=\"85k6mw\" data-start=\"1801\" data-end=\"1840\">Ne baisse pas la temp\u00e9rature r\u00e9elle<\/li><li data-section-id=\"v320bb\" data-start=\"1841\" data-end=\"1886\">Efficacit\u00e9 d\u00e9pend de la circulation d\u2019air<\/li><li data-section-id=\"161arxk\" data-start=\"1887\" data-end=\"1939\">Moins efficace en cas de forte chaleur prolong\u00e9e<\/li><\/ul>\t\t\t\t\t\t\t\t<\/div>\n\t\t\t\t<\/div>\n\t\t\t\t\t<\/div>\n\t\t<\/div>\n\t\t\t\t\t<\/div>\n\t\t<\/section>\n\t\t\t\t<section class=\"elementor-section elementor-top-section elementor-element elementor-element-3e05d8a5 elementor-reverse-mobile elementor-section-boxed elementor-section-height-default elementor-section-height-default\" data-id=\"3e05d8a5\" data-element_type=\"section\" data-e-type=\"section\">\n\t\t\t\t\t\t<div class=\"elementor-container elementor-column-gap-default\">\n\t\t\t\t\t<div class=\"elementor-column elementor-col-50 elementor-top-column elementor-element elementor-element-49c6d8d6\" data-id=\"49c6d8d6\" data-element_type=\"column\" data-e-type=\"column\">\n\t\t\t<div class=\"elementor-widget-wrap elementor-element-populated\">\n\t\t\t\t\t\t<div class=\"elementor-element elementor-element-2ae32297 elementor-widget__width-initial elementor-widget elementor-widget-image\" data-id=\"2ae32297\" data-element_type=\"widget\" data-e-type=\"widget\" data-widget_type=\"image.default\">\n\t\t\t\t<div class=\"elementor-widget-container\">\n\t\t\t\t\t\t\t\t\t\t\t\t\t\t\t\t<a href=\"https:\/\/airandme.fr\/fr\/ventilateur\/1404-ventilateur-airain-bois.html\">\n\t\t\t\t\t\t\t<img decoding=\"async\" width=\"1024\" height=\"1024\" src=\"https:\/\/i0.wp.com\/www.airandme.fr\/blog\/wp-content\/uploads\/airandme-ventilateur-airain-bois-PT02-1200px.webp?fit=1024%2C1024&amp;ssl=1\" class=\"attachment-large size-large wp-image-22676\" alt=\"\" srcset=\"https:\/\/i0.wp.com\/www.airandme.fr\/blog\/wp-content\/uploads\/airandme-ventilateur-airain-bois-PT02-1200px.webp?w=1200&amp;ssl=1 1200w, https:\/\/i0.wp.com\/www.airandme.fr\/blog\/wp-content\/uploads\/airandme-ventilateur-airain-bois-PT02-1200px.webp?resize=300%2C300&amp;ssl=1 300w, https:\/\/i0.wp.com\/www.airandme.fr\/blog\/wp-content\/uploads\/airandme-ventilateur-airain-bois-PT02-1200px.webp?resize=1024%2C1024&amp;ssl=1 1024w, https:\/\/i0.wp.com\/www.airandme.fr\/blog\/wp-content\/uploads\/airandme-ventilateur-airain-bois-PT02-1200px.webp?resize=150%2C150&amp;ssl=1 150w, https:\/\/i0.wp.com\/www.airandme.fr\/blog\/wp-content\/uploads\/airandme-ventilateur-airain-bois-PT02-1200px.webp?resize=768%2C768&amp;ssl=1 768w, https:\/\/i0.wp.com\/www.airandme.fr\/blog\/wp-content\/uploads\/airandme-ventilateur-airain-bois-PT02-1200px.webp?resize=75%2C75&amp;ssl=1 75w, https:\/\/i0.wp.com\/www.airandme.fr\/blog\/wp-content\/uploads\/airandme-ventilateur-airain-bois-PT02-1200px.webp?resize=350%2C350&amp;ssl=1 350w, https:\/\/i0.wp.com\/www.airandme.fr\/blog\/wp-content\/uploads\/airandme-ventilateur-airain-bois-PT02-1200px.webp?resize=750%2C750&amp;ssl=1 750w, https:\/\/i0.wp.com\/www.airandme.fr\/blog\/wp-content\/uploads\/airandme-ventilateur-airain-bois-PT02-1200px.webp?resize=1140%2C1140&amp;ssl=1 1140w\" sizes=\"(max-width: 1000px) 100vw, 1000px\" \/>\t\t\t\t\t\t\t\t<\/a>\n\t\t\t\t\t\t\t\t\t\t\t\t\t\t\t<\/div>\n\t\t\t\t<\/div>\n\t\t\t\t<div class=\"elementor-element elementor-element-7c72b7ca elementor-align-center elementor-widget elementor-widget-button\" data-id=\"7c72b7ca\" data-element_type=\"widget\" data-e-type=\"widget\" data-widget_type=\"button.default\">\n\t\t\t\t<div class=\"elementor-widget-container\">\n\t\t\t\t\t\t\t\t\t<div class=\"elementor-button-wrapper\">\n\t\t\t\t\t<a class=\"elementor-button elementor-button-link elementor-size-sm\" href=\"https:\/\/airandme.fr\/fr\/ventilateur\/1404-ventilateur-airain-bois.html\">\n\t\t\t\t\t\t<span class=\"elementor-button-content-wrapper\">\n\t\t\t\t\t\t\t\t\t<span class=\"elementor-button-text\">ACHETER<\/span>\n\t\t\t\t\t<\/span>\n\t\t\t\t\t<\/a>\n\t\t\t\t<\/div>\n\t\t\t\t\t\t\t\t<\/div>\n\t\t\t\t<\/div>\n\t\t\t\t\t<\/div>\n\t\t<\/div>\n\t\t\t\t<div class=\"elementor-column elementor-col-50 elementor-top-column elementor-element elementor-element-67d7de55\" data-id=\"67d7de55\" data-element_type=\"column\" data-e-type=\"column\">\n\t\t\t<div class=\"elementor-widget-wrap elementor-element-populated\">\n\t\t\t\t\t\t<div class=\"elementor-element elementor-element-16f335db elementor-widget elementor-widget-heading\" data-id=\"16f335db\" data-element_type=\"widget\" data-e-type=\"widget\" data-widget_type=\"heading.default\">\n\t\t\t\t<div class=\"elementor-widget-container\">\n\t\t\t\t\t<h3 class=\"elementor-heading-title elementor-size-default\">Le ventilateur AIRAIN <\/h3>\t\t\t\t<\/div>\n\t\t\t\t<\/div>\n\t\t\t\t<div class=\"elementor-element elementor-element-11f6d8f9 elementor-widget elementor-widget-text-editor\" data-id=\"11f6d8f9\" data-element_type=\"widget\" data-e-type=\"widget\" data-widget_type=\"text-editor.default\">\n\t\t\t\t<div class=\"elementor-widget-container\">\n\t\t\t\t\t\t\t\t\t<p data-start=\"2196\" data-end=\"2286\"><a href=\"https:\/\/airandme.fr\/fr\/ventilateur\/1404-ventilateur-airain-bois.html\">Le ventilateur AIRAIN<\/a> se distingue par son format compact et son design \u00e9l\u00e9gant.<\/p><p data-start=\"2288\" data-end=\"2304\">Points forts :<\/p><ul data-start=\"2305\" data-end=\"2494\"><li data-section-id=\"ayk0zu\" data-start=\"2305\" data-end=\"2346\">Format ultra compact et transportable<\/li><li data-section-id=\"1kwo0v4\" data-start=\"2347\" data-end=\"2385\">Alimentation USB-C (tr\u00e8s flexible)<\/li><li data-section-id=\"1km5qu5\" data-start=\"2386\" data-end=\"2424\">Fonctionnement silencieux (\u224840 dB)<\/li><li data-section-id=\"ddwdbr\" data-start=\"2425\" data-end=\"2456\">Variateur de vitesse simple<\/li><li data-section-id=\"r2fi4p\" data-start=\"2457\" data-end=\"2494\">Design raffin\u00e9<\/li><\/ul><p data-start=\"2496\" data-end=\"2555\">\u00a0Id\u00e9al pour : bureau, chambre, usage discret et quotidien<\/p>\t\t\t\t\t\t\t\t<\/div>\n\t\t\t\t<\/div>\n\t\t\t\t\t<\/div>\n\t\t<\/div>\n\t\t\t\t\t<\/div>\n\t\t<\/section>\n\t\t\t\t<section class=\"elementor-section elementor-top-section elementor-element elementor-element-2310874c elementor-section-boxed elementor-section-height-default elementor-section-height-default\" data-id=\"2310874c\" data-element_type=\"section\" data-e-type=\"section\">\n\t\t\t\t\t\t<div class=\"elementor-container elementor-column-gap-default\">\n\t\t\t\t\t<div class=\"elementor-column elementor-col-50 elementor-top-column elementor-element elementor-element-6906e01d\" data-id=\"6906e01d\" data-element_type=\"column\" data-e-type=\"column\">\n\t\t\t<div class=\"elementor-widget-wrap elementor-element-populated\">\n\t\t\t\t\t\t<div class=\"elementor-element elementor-element-496183a9 elementor-widget elementor-widget-heading\" data-id=\"496183a9\" data-element_type=\"widget\" data-e-type=\"widget\" data-widget_type=\"heading.default\">\n\t\t\t\t<div class=\"elementor-widget-container\">\n\t\t\t\t\t<h3 class=\"elementor-heading-title elementor-size-default\">Le ventilateur NAOS Blanc<\/h3>\t\t\t\t<\/div>\n\t\t\t\t<\/div>\n\t\t\t\t<div class=\"elementor-element elementor-element-4ca3bf05 elementor-widget elementor-widget-text-editor\" data-id=\"4ca3bf05\" data-element_type=\"widget\" data-e-type=\"widget\" data-widget_type=\"text-editor.default\">\n\t\t\t\t<div class=\"elementor-widget-container\">\n\t\t\t\t\t\t\t\t\t<p data-start=\"2580\" data-end=\"2635\"><a href=\"https:\/\/airandme.fr\/fr\/ventilateur\/1297-ventilateur-naos-blanc.html\">NAOS Blanc<\/a> mise sur la puissance dans un format r\u00e9duit.<\/p><p data-start=\"2637\" data-end=\"2653\">Points forts :<\/p><ul data-start=\"2654\" data-end=\"2831\"><li data-section-id=\"otryn1\" data-start=\"2654\" data-end=\"2697\">D\u00e9bit d\u2019air puissant (jusqu\u2019\u00e0 860 m\u00b3\/h)<\/li><li data-section-id=\"8llgn5\" data-start=\"2698\" data-end=\"2724\">Format compact (20 cm)<\/li><li data-section-id=\"2p3223\" data-start=\"2725\" data-end=\"2756\">Variateur de vitesse pr\u00e9cis<\/li><li data-section-id=\"l68i2y\" data-start=\"2757\" data-end=\"2799\">Design moderne sign\u00e9 Philippe Stephant<\/li><li data-section-id=\"1u0hv1x\" data-start=\"2800\" data-end=\"2831\">Bonne stabilit\u00e9 et mobilit\u00e9<\/li><\/ul><p data-start=\"2833\" data-end=\"2884\">Id\u00e9al pour : pi\u00e8ces de vie, chaleur plus intense<\/p>\t\t\t\t\t\t\t\t<\/div>\n\t\t\t\t<\/div>\n\t\t\t\t\t<\/div>\n\t\t<\/div>\n\t\t\t\t<div class=\"elementor-column elementor-col-50 elementor-top-column elementor-element elementor-element-7cfdbd4b\" data-id=\"7cfdbd4b\" data-element_type=\"column\" data-e-type=\"column\">\n\t\t\t<div class=\"elementor-widget-wrap elementor-element-populated\">\n\t\t\t\t\t\t<div class=\"elementor-element elementor-element-2ec4015e elementor-widget__width-initial elementor-widget elementor-widget-image\" data-id=\"2ec4015e\" data-element_type=\"widget\" data-e-type=\"widget\" data-widget_type=\"image.default\">\n\t\t\t\t<div class=\"elementor-widget-container\">\n\t\t\t\t\t\t\t\t\t\t\t\t\t\t\t\t<a href=\"https:\/\/airandme.fr\/fr\/ventilateur\/1297-ventilateur-naos-blanc.html\">\n\t\t\t\t\t\t\t<img decoding=\"async\" width=\"800\" height=\"800\" src=\"https:\/\/i0.wp.com\/www.airandme.fr\/blog\/wp-content\/uploads\/airandme-ventilateur-naos-blanc-lf01.webp?fit=800%2C800&amp;ssl=1\" class=\"attachment-large size-large wp-image-23656\" alt=\"\" srcset=\"https:\/\/i0.wp.com\/www.airandme.fr\/blog\/wp-content\/uploads\/airandme-ventilateur-naos-blanc-lf01.webp?w=800&amp;ssl=1 800w, https:\/\/i0.wp.com\/www.airandme.fr\/blog\/wp-content\/uploads\/airandme-ventilateur-naos-blanc-lf01.webp?resize=300%2C300&amp;ssl=1 300w, https:\/\/i0.wp.com\/www.airandme.fr\/blog\/wp-content\/uploads\/airandme-ventilateur-naos-blanc-lf01.webp?resize=150%2C150&amp;ssl=1 150w, https:\/\/i0.wp.com\/www.airandme.fr\/blog\/wp-content\/uploads\/airandme-ventilateur-naos-blanc-lf01.webp?resize=768%2C768&amp;ssl=1 768w, https:\/\/i0.wp.com\/www.airandme.fr\/blog\/wp-content\/uploads\/airandme-ventilateur-naos-blanc-lf01.webp?resize=75%2C75&amp;ssl=1 75w, https:\/\/i0.wp.com\/www.airandme.fr\/blog\/wp-content\/uploads\/airandme-ventilateur-naos-blanc-lf01.webp?resize=350%2C350&amp;ssl=1 350w, https:\/\/i0.wp.com\/www.airandme.fr\/blog\/wp-content\/uploads\/airandme-ventilateur-naos-blanc-lf01.webp?resize=750%2C750&amp;ssl=1 750w\" sizes=\"(max-width: 800px) 100vw, 800px\" \/>\t\t\t\t\t\t\t\t<\/a>\n\t\t\t\t\t\t\t\t\t\t\t\t\t\t\t<\/div>\n\t\t\t\t<\/div>\n\t\t\t\t<div class=\"elementor-element elementor-element-77154c20 elementor-align-center elementor-widget elementor-widget-button\" data-id=\"77154c20\" data-element_type=\"widget\" data-e-type=\"widget\" data-widget_type=\"button.default\">\n\t\t\t\t<div class=\"elementor-widget-container\">\n\t\t\t\t\t\t\t\t\t<div class=\"elementor-button-wrapper\">\n\t\t\t\t\t<a class=\"elementor-button elementor-button-link elementor-size-sm\" href=\"https:\/\/airandme.fr\/fr\/ventilateur\/1297-ventilateur-naos-blanc.html\">\n\t\t\t\t\t\t<span class=\"elementor-button-content-wrapper\">\n\t\t\t\t\t\t\t\t\t<span class=\"elementor-button-text\">ACHETER<\/span>\n\t\t\t\t\t<\/span>\n\t\t\t\t\t<\/a>\n\t\t\t\t<\/div>\n\t\t\t\t\t\t\t\t<\/div>\n\t\t\t\t<\/div>\n\t\t\t\t\t<\/div>\n\t\t<\/div>\n\t\t\t\t\t<\/div>\n\t\t<\/section>\n\t\t\t\t<section class=\"elementor-section elementor-top-section elementor-element elementor-element-3f3bca6 elementor-reverse-mobile elementor-section-boxed elementor-section-height-default elementor-section-height-default\" data-id=\"3f3bca6\" data-element_type=\"section\" data-e-type=\"section\">\n\t\t\t\t\t\t<div class=\"elementor-container elementor-column-gap-default\">\n\t\t\t\t\t<div class=\"elementor-column elementor-col-50 elementor-top-column elementor-element elementor-element-744b092\" data-id=\"744b092\" data-element_type=\"column\" data-e-type=\"column\">\n\t\t\t<div class=\"elementor-widget-wrap elementor-element-populated\">\n\t\t\t\t\t\t<div class=\"elementor-element elementor-element-8cf5a56 elementor-widget__width-initial elementor-widget elementor-widget-image\" data-id=\"8cf5a56\" data-element_type=\"widget\" data-e-type=\"widget\" data-widget_type=\"image.default\">\n\t\t\t\t<div class=\"elementor-widget-container\">\n\t\t\t\t\t\t\t\t\t\t\t\t\t\t\t\t<a href=\"https:\/\/airandme.fr\/fr\/ventilateur\/1673-ventilateur-colonne-fusain-blanc.html\">\n\t\t\t\t\t\t\t<img loading=\"lazy\" decoding=\"async\" width=\"1000\" height=\"1000\" src=\"https:\/\/i0.wp.com\/www.airandme.fr\/blog\/wp-content\/uploads\/Fusain-lf-01.webp?fit=1000%2C1000&amp;ssl=1\" class=\"attachment-large size-large wp-image-23657\" alt=\"\" srcset=\"https:\/\/i0.wp.com\/www.airandme.fr\/blog\/wp-content\/uploads\/Fusain-lf-01.webp?w=1000&amp;ssl=1 1000w, https:\/\/i0.wp.com\/www.airandme.fr\/blog\/wp-content\/uploads\/Fusain-lf-01.webp?resize=300%2C300&amp;ssl=1 300w, https:\/\/i0.wp.com\/www.airandme.fr\/blog\/wp-content\/uploads\/Fusain-lf-01.webp?resize=150%2C150&amp;ssl=1 150w, https:\/\/i0.wp.com\/www.airandme.fr\/blog\/wp-content\/uploads\/Fusain-lf-01.webp?resize=768%2C768&amp;ssl=1 768w, https:\/\/i0.wp.com\/www.airandme.fr\/blog\/wp-content\/uploads\/Fusain-lf-01.webp?resize=75%2C75&amp;ssl=1 75w, https:\/\/i0.wp.com\/www.airandme.fr\/blog\/wp-content\/uploads\/Fusain-lf-01.webp?resize=350%2C350&amp;ssl=1 350w, https:\/\/i0.wp.com\/www.airandme.fr\/blog\/wp-content\/uploads\/Fusain-lf-01.webp?resize=750%2C750&amp;ssl=1 750w\" sizes=\"(max-width: 1000px) 100vw, 1000px\" \/>\t\t\t\t\t\t\t\t<\/a>\n\t\t\t\t\t\t\t\t\t\t\t\t\t\t\t<\/div>\n\t\t\t\t<\/div>\n\t\t\t\t<div class=\"elementor-element elementor-element-675cf7a elementor-align-center elementor-widget elementor-widget-button\" data-id=\"675cf7a\" data-element_type=\"widget\" data-e-type=\"widget\" data-widget_type=\"button.default\">\n\t\t\t\t<div class=\"elementor-widget-container\">\n\t\t\t\t\t\t\t\t\t<div class=\"elementor-button-wrapper\">\n\t\t\t\t\t<a class=\"elementor-button elementor-button-link elementor-size-sm\" href=\"https:\/\/airandme.fr\/fr\/ventilateur\/1673-ventilateur-colonne-fusain-blanc.html\">\n\t\t\t\t\t\t<span class=\"elementor-button-content-wrapper\">\n\t\t\t\t\t\t\t\t\t<span class=\"elementor-button-text\">ACHETER<\/span>\n\t\t\t\t\t<\/span>\n\t\t\t\t\t<\/a>\n\t\t\t\t<\/div>\n\t\t\t\t\t\t\t\t<\/div>\n\t\t\t\t<\/div>\n\t\t\t\t\t<\/div>\n\t\t<\/div>\n\t\t\t\t<div class=\"elementor-column elementor-col-50 elementor-top-column elementor-element elementor-element-1c9274d\" data-id=\"1c9274d\" data-element_type=\"column\" data-e-type=\"column\">\n\t\t\t<div class=\"elementor-widget-wrap elementor-element-populated\">\n\t\t\t\t\t\t<div class=\"elementor-element elementor-element-ca0b045 elementor-widget elementor-widget-heading\" data-id=\"ca0b045\" data-element_type=\"widget\" data-e-type=\"widget\" data-widget_type=\"heading.default\">\n\t\t\t\t<div class=\"elementor-widget-container\">\n\t\t\t\t\t<h3 class=\"elementor-heading-title elementor-size-default\">Le ventilateur FUSAIN <\/h3>\t\t\t\t<\/div>\n\t\t\t\t<\/div>\n\t\t\t\t<div class=\"elementor-element elementor-element-143080a elementor-widget elementor-widget-text-editor\" data-id=\"143080a\" data-element_type=\"widget\" data-e-type=\"widget\" data-widget_type=\"text-editor.default\">\n\t\t\t\t<div class=\"elementor-widget-container\">\n\t\t\t\t\t\t\t\t\t<p data-start=\"2593\" data-end=\"2655\"><a href=\"https:\/\/airandme.fr\/fr\/ventilateur\/1673-ventilateur-colonne-fusain-blanc.html\">Le FUSAIN Blanc<\/a> est un ventilateur colonne moderne et discret.<\/p><p data-start=\"2657\" data-end=\"2673\">Points forts :<\/p><ul data-start=\"2674\" data-end=\"2794\"><li data-section-id=\"1a0z6kz\" data-start=\"2674\" data-end=\"2689\">12 vitesses<\/li><li data-section-id=\"14szgxe\" data-start=\"2690\" data-end=\"2714\">Mode nuit silencieux<\/li><li data-section-id=\"181u12w\" data-start=\"2715\" data-end=\"2742\">Oscillation horizontale<\/li><li data-section-id=\"18r1459\" data-start=\"2743\" data-end=\"2761\">Hauteur 111 cm<\/li><li data-section-id=\"1vl0f84\" data-start=\"2762\" data-end=\"2794\">T\u00e9l\u00e9commande + \u00e9cran digital<\/li><\/ul><p data-start=\"2796\" data-end=\"2850\">Id\u00e9al pour : salons, chambres, pi\u00e8ces jusqu\u2019\u00e0 25 m\u00b2<\/p>\t\t\t\t\t\t\t\t<\/div>\n\t\t\t\t<\/div>\n\t\t\t\t\t<\/div>\n\t\t<\/div>\n\t\t\t\t\t<\/div>\n\t\t<\/section>\n\t\t\t\t<section class=\"elementor-section elementor-top-section elementor-element elementor-element-494c282 elementor-section-boxed elementor-section-height-default elementor-section-height-default\" data-id=\"494c282\" data-element_type=\"section\" data-e-type=\"section\">\n\t\t\t\t\t\t<div class=\"elementor-container elementor-column-gap-default\">\n\t\t\t\t\t<div class=\"elementor-column elementor-col-100 elementor-top-column elementor-element elementor-element-437b7cc\" data-id=\"437b7cc\" data-element_type=\"column\" data-e-type=\"column\">\n\t\t\t<div class=\"elementor-widget-wrap elementor-element-populated\">\n\t\t\t\t\t\t<div class=\"elementor-element elementor-element-e535b33 elementor-widget elementor-widget-heading\" data-id=\"e535b33\" data-element_type=\"widget\" data-e-type=\"widget\" data-widget_type=\"heading.default\">\n\t\t\t\t<div class=\"elementor-widget-container\">\n\t\t\t\t\t<h3 class=\"elementor-heading-title elementor-size-default\">Le rafra\u00eechisseur d\u2019air : un compromis intelligent<\/h3>\t\t\t\t<\/div>\n\t\t\t\t<\/div>\n\t\t\t\t<div class=\"elementor-element elementor-element-2d6aacf elementor-widget elementor-widget-text-editor\" data-id=\"2d6aacf\" data-element_type=\"widget\" data-e-type=\"widget\" data-widget_type=\"text-editor.default\">\n\t\t\t\t<div class=\"elementor-widget-container\">\n\t\t\t\t\t\t\t\t\t<p data-start=\"3417\" data-end=\"3522\"><a href=\"https:\/\/airandme.fr\/fr\/ventilateur\/1676-rafraichisseur-d-air-serein.html\">Le rafra\u00eechisseur d\u2019air<\/a> utilise l\u2019\u00e9vaporation de l\u2019eau pour abaisser l\u00e9g\u00e8rement la temp\u00e9rature ressentie.<\/p>\t\t\t\t\t\t\t\t<\/div>\n\t\t\t\t<\/div>\n\t\t\t\t\t<\/div>\n\t\t<\/div>\n\t\t\t\t\t<\/div>\n\t\t<\/section>\n\t\t\t\t<section class=\"elementor-section elementor-top-section elementor-element elementor-element-56d4d76 elementor-section-boxed elementor-section-height-default elementor-section-height-default\" data-id=\"56d4d76\" data-element_type=\"section\" data-e-type=\"section\">\n\t\t\t\t\t\t<div class=\"elementor-container elementor-column-gap-default\">\n\t\t\t\t\t<div class=\"elementor-column elementor-col-50 elementor-top-column elementor-element elementor-element-d553b88\" data-id=\"d553b88\" data-element_type=\"column\" data-e-type=\"column\">\n\t\t\t<div class=\"elementor-widget-wrap elementor-element-populated\">\n\t\t\t\t\t\t<div class=\"elementor-element elementor-element-85b6b54 elementor-widget elementor-widget-heading\" data-id=\"85b6b54\" data-element_type=\"widget\" data-e-type=\"widget\" data-widget_type=\"heading.default\">\n\t\t\t\t<div class=\"elementor-widget-container\">\n\t\t\t\t\t<h4 class=\"elementor-heading-title elementor-size-default\">Avantages<\/h4>\t\t\t\t<\/div>\n\t\t\t\t<\/div>\n\t\t\t\t<div class=\"elementor-element elementor-element-590b674 elementor-widget elementor-widget-text-editor\" data-id=\"590b674\" data-element_type=\"widget\" data-e-type=\"widget\" data-widget_type=\"text-editor.default\">\n\t\t\t\t<div class=\"elementor-widget-container\">\n\t\t\t\t\t\t\t\t\t<ul><li data-section-id=\"1u5rtda\" data-start=\"3540\" data-end=\"3563\">Consommation faible<\/li><li data-section-id=\"lj94z5\" data-start=\"3564\" data-end=\"3600\">Sensation de fra\u00eecheur naturelle<\/li><li data-section-id=\"q54hhk\" data-start=\"3601\" data-end=\"3641\">Plus efficace qu\u2019un ventilateur seul<\/li><\/ul>\t\t\t\t\t\t\t\t<\/div>\n\t\t\t\t<\/div>\n\t\t\t\t\t<\/div>\n\t\t<\/div>\n\t\t\t\t<div class=\"elementor-column elementor-col-50 elementor-top-column elementor-element elementor-element-93c7aa7\" data-id=\"93c7aa7\" data-element_type=\"column\" data-e-type=\"column\">\n\t\t\t<div class=\"elementor-widget-wrap elementor-element-populated\">\n\t\t\t\t\t\t<div class=\"elementor-element elementor-element-e2d4de7 elementor-widget elementor-widget-heading\" data-id=\"e2d4de7\" data-element_type=\"widget\" data-e-type=\"widget\" data-widget_type=\"heading.default\">\n\t\t\t\t<div class=\"elementor-widget-container\">\n\t\t\t\t\t<h4 class=\"elementor-heading-title elementor-size-default\">Limites<\/h4>\t\t\t\t<\/div>\n\t\t\t\t<\/div>\n\t\t\t\t<div class=\"elementor-element elementor-element-33d72da elementor-widget elementor-widget-text-editor\" data-id=\"33d72da\" data-element_type=\"widget\" data-e-type=\"widget\" data-widget_type=\"text-editor.default\">\n\t\t\t\t<div class=\"elementor-widget-container\">\n\t\t\t\t\t\t\t\t\t<ul><li data-section-id=\"n8c94u\" data-start=\"3657\" data-end=\"3690\">D\u00e9pend de l\u2019humidit\u00e9 ambiante<\/li><li data-section-id=\"1m0gp79\" data-start=\"3691\" data-end=\"3731\">Effet limit\u00e9 en cas de forte chaleur<\/li><li data-section-id=\"41kbjw\" data-start=\"3732\" data-end=\"3764\">Moins performant qu\u2019une clim<\/li><\/ul>\t\t\t\t\t\t\t\t<\/div>\n\t\t\t\t<\/div>\n\t\t\t\t\t<\/div>\n\t\t<\/div>\n\t\t\t\t\t<\/div>\n\t\t<\/section>\n\t\t\t\t<section class=\"elementor-section elementor-top-section elementor-element elementor-element-de1012d elementor-reverse-mobile elementor-section-boxed elementor-section-height-default elementor-section-height-default\" data-id=\"de1012d\" data-element_type=\"section\" data-e-type=\"section\">\n\t\t\t\t\t\t<div class=\"elementor-container elementor-column-gap-default\">\n\t\t\t\t\t<div class=\"elementor-column elementor-col-50 elementor-top-column elementor-element elementor-element-88db952\" data-id=\"88db952\" data-element_type=\"column\" data-e-type=\"column\">\n\t\t\t<div class=\"elementor-widget-wrap elementor-element-populated\">\n\t\t\t\t\t\t<div class=\"elementor-element elementor-element-7bbad4a elementor-widget__width-initial elementor-widget elementor-widget-image\" data-id=\"7bbad4a\" data-element_type=\"widget\" data-e-type=\"widget\" data-widget_type=\"image.default\">\n\t\t\t\t<div class=\"elementor-widget-container\">\n\t\t\t\t\t\t\t\t\t\t\t\t\t\t\t\t<a href=\"https:\/\/airandme.fr\/fr\/ventilateur\/1676-rafraichisseur-d-air-serein.html\">\n\t\t\t\t\t\t\t<img loading=\"lazy\" decoding=\"async\" width=\"1024\" height=\"1024\" src=\"https:\/\/i0.wp.com\/www.airandme.fr\/blog\/wp-content\/uploads\/Serein-3700459003481-LF03.webp?fit=1024%2C1024&amp;ssl=1\" class=\"attachment-large size-large wp-image-23643\" alt=\"\" srcset=\"https:\/\/i0.wp.com\/www.airandme.fr\/blog\/wp-content\/uploads\/Serein-3700459003481-LF03.webp?w=1254&amp;ssl=1 1254w, https:\/\/i0.wp.com\/www.airandme.fr\/blog\/wp-content\/uploads\/Serein-3700459003481-LF03.webp?resize=300%2C300&amp;ssl=1 300w, https:\/\/i0.wp.com\/www.airandme.fr\/blog\/wp-content\/uploads\/Serein-3700459003481-LF03.webp?resize=1024%2C1024&amp;ssl=1 1024w, https:\/\/i0.wp.com\/www.airandme.fr\/blog\/wp-content\/uploads\/Serein-3700459003481-LF03.webp?resize=150%2C150&amp;ssl=1 150w, https:\/\/i0.wp.com\/www.airandme.fr\/blog\/wp-content\/uploads\/Serein-3700459003481-LF03.webp?resize=768%2C768&amp;ssl=1 768w, https:\/\/i0.wp.com\/www.airandme.fr\/blog\/wp-content\/uploads\/Serein-3700459003481-LF03.webp?resize=75%2C75&amp;ssl=1 75w, https:\/\/i0.wp.com\/www.airandme.fr\/blog\/wp-content\/uploads\/Serein-3700459003481-LF03.webp?resize=350%2C350&amp;ssl=1 350w, https:\/\/i0.wp.com\/www.airandme.fr\/blog\/wp-content\/uploads\/Serein-3700459003481-LF03.webp?resize=750%2C750&amp;ssl=1 750w, https:\/\/i0.wp.com\/www.airandme.fr\/blog\/wp-content\/uploads\/Serein-3700459003481-LF03.webp?resize=1140%2C1140&amp;ssl=1 1140w\" sizes=\"(max-width: 1000px) 100vw, 1000px\" \/>\t\t\t\t\t\t\t\t<\/a>\n\t\t\t\t\t\t\t\t\t\t\t\t\t\t\t<\/div>\n\t\t\t\t<\/div>\n\t\t\t\t<div class=\"elementor-element elementor-element-3ed2977 elementor-align-center elementor-widget elementor-widget-button\" data-id=\"3ed2977\" data-element_type=\"widget\" data-e-type=\"widget\" data-widget_type=\"button.default\">\n\t\t\t\t<div class=\"elementor-widget-container\">\n\t\t\t\t\t\t\t\t\t<div class=\"elementor-button-wrapper\">\n\t\t\t\t\t<a class=\"elementor-button elementor-button-link elementor-size-sm\" href=\"https:\/\/airandme.fr\/fr\/ventilateur\/1676-rafraichisseur-d-air-serein.html\">\n\t\t\t\t\t\t<span class=\"elementor-button-content-wrapper\">\n\t\t\t\t\t\t\t\t\t<span class=\"elementor-button-text\">ACHETER<\/span>\n\t\t\t\t\t<\/span>\n\t\t\t\t\t<\/a>\n\t\t\t\t<\/div>\n\t\t\t\t\t\t\t\t<\/div>\n\t\t\t\t<\/div>\n\t\t\t\t\t<\/div>\n\t\t<\/div>\n\t\t\t\t<div class=\"elementor-column elementor-col-50 elementor-top-column elementor-element elementor-element-762b30c\" data-id=\"762b30c\" data-element_type=\"column\" data-e-type=\"column\">\n\t\t\t<div class=\"elementor-widget-wrap elementor-element-populated\">\n\t\t\t\t\t\t<div class=\"elementor-element elementor-element-c31fc5c elementor-widget elementor-widget-heading\" data-id=\"c31fc5c\" data-element_type=\"widget\" data-e-type=\"widget\" data-widget_type=\"heading.default\">\n\t\t\t\t<div class=\"elementor-widget-container\">\n\t\t\t\t\t<h3 class=\"elementor-heading-title elementor-size-default\">Le rafra\u00eechisseur d\u2019air SEREIN<\/h3>\t\t\t\t<\/div>\n\t\t\t\t<\/div>\n\t\t\t\t<div class=\"elementor-element elementor-element-a516794 elementor-widget elementor-widget-text-editor\" data-id=\"a516794\" data-element_type=\"widget\" data-e-type=\"widget\" data-widget_type=\"text-editor.default\">\n\t\t\t\t<div class=\"elementor-widget-container\">\n\t\t\t\t\t\t\t\t\t<p data-start=\"3063\" data-end=\"3123\">Le SEREIN est un <a href=\"https:\/\/airandme.fr\/fr\/ventilateur\/1676-rafraichisseur-d-air-serein.html\">rafra\u00eechisseur d\u2019air<\/a> complet et polyvalent.<\/p><p data-start=\"3125\" data-end=\"3141\">Points forts :<\/p><ul data-start=\"3142\" data-end=\"3355\"><li data-section-id=\"1qp6to3\" data-start=\"3142\" data-end=\"3161\">R\u00e9servoir 3,5 L<\/li><li data-section-id=\"1pp4ti5\" data-start=\"3162\" data-end=\"3186\">Pain de glace inclus<\/li><li data-section-id=\"fgo96r\" data-start=\"3187\" data-end=\"3217\">12 vitesses de ventilation<\/li><li data-section-id=\"19tol0i\" data-start=\"3218\" data-end=\"3251\">4 modes (naturel, nuit, etc.)<\/li><li data-section-id=\"1jgkqr5\" data-start=\"3252\" data-end=\"3271\">Oscillation 75\u00b0<\/li><li data-section-id=\"bi9x58\" data-start=\"3272\" data-end=\"3304\">T\u00e9l\u00e9commande + \u00e9cran tactile<\/li><li data-section-id=\"1oh3pnf\" data-start=\"3305\" data-end=\"3330\">Minuteur jusqu\u2019\u00e0 12 h<\/li><li data-section-id=\"f0cu81\" data-start=\"3331\" data-end=\"3355\">Fonction silencieuse<\/li><\/ul><p data-start=\"3357\" data-end=\"3424\">Id\u00e9al pour : pi\u00e8ces jusqu\u2019\u00e0 20 m\u00b2, usage prolong\u00e9, nuits chaudes<\/p><p data-start=\"3426\" data-end=\"3577\">Positionnement :<br \/>Le SEREIN se situe entre le ventilateur et la climatisation : plus efficace qu\u2019un ventilateur, mais sans les contraintes d\u2019une clim.<\/p>\t\t\t\t\t\t\t\t<\/div>\n\t\t\t\t<\/div>\n\t\t\t\t\t<\/div>\n\t\t<\/div>\n\t\t\t\t\t<\/div>\n\t\t<\/section>\n\t\t\t\t<section class=\"elementor-section elementor-top-section elementor-element elementor-element-0cdb3dd elementor-section-boxed elementor-section-height-default elementor-section-height-default\" data-id=\"0cdb3dd\" data-element_type=\"section\" data-e-type=\"section\">\n\t\t\t\t\t\t<div class=\"elementor-container elementor-column-gap-default\">\n\t\t\t\t\t<div class=\"elementor-column elementor-col-100 elementor-top-column elementor-element elementor-element-8ae68d8\" data-id=\"8ae68d8\" data-element_type=\"column\" data-e-type=\"column\">\n\t\t\t<div class=\"elementor-widget-wrap elementor-element-populated\">\n\t\t\t\t\t\t<div class=\"elementor-element elementor-element-1724df1 elementor-widget elementor-widget-heading\" data-id=\"1724df1\" data-element_type=\"widget\" data-e-type=\"widget\" data-widget_type=\"heading.default\">\n\t\t\t\t<div class=\"elementor-widget-container\">\n\t\t\t\t\t<h3 class=\"elementor-heading-title elementor-size-default\">La climatisation portable : efficacit\u00e9 maximale mais contraintes<\/h3>\t\t\t\t<\/div>\n\t\t\t\t<\/div>\n\t\t\t\t<div class=\"elementor-element elementor-element-c38c736 elementor-widget elementor-widget-text-editor\" data-id=\"c38c736\" data-element_type=\"widget\" data-e-type=\"widget\" data-widget_type=\"text-editor.default\">\n\t\t\t\t<div class=\"elementor-widget-container\">\n\t\t\t\t\t\t\t\t\t<p data-start=\"2965\" data-end=\"3047\">La <a href=\"https:\/\/www.airandme.fr\/blog\/ventilation\/ventilateur-ou-climatisation-avantages-inconvenients\/\">clim<\/a> portable refroidit r\u00e9ellement l\u2019air ambiant, contrairement au ventilateur.<\/p>\t\t\t\t\t\t\t\t<\/div>\n\t\t\t\t<\/div>\n\t\t\t\t\t<\/div>\n\t\t<\/div>\n\t\t\t\t\t<\/div>\n\t\t<\/section>\n\t\t\t\t<section class=\"elementor-section elementor-top-section elementor-element elementor-element-757ef94 elementor-section-boxed elementor-section-height-default elementor-section-height-default\" data-id=\"757ef94\" data-element_type=\"section\" data-e-type=\"section\">\n\t\t\t\t\t\t<div class=\"elementor-container elementor-column-gap-default\">\n\t\t\t\t\t<div class=\"elementor-column elementor-col-50 elementor-top-column elementor-element elementor-element-74b4db0\" data-id=\"74b4db0\" data-element_type=\"column\" data-e-type=\"column\">\n\t\t\t<div class=\"elementor-widget-wrap elementor-element-populated\">\n\t\t\t\t\t\t<div class=\"elementor-element elementor-element-fea643f elementor-widget elementor-widget-heading\" data-id=\"fea643f\" data-element_type=\"widget\" data-e-type=\"widget\" data-widget_type=\"heading.default\">\n\t\t\t\t<div class=\"elementor-widget-container\">\n\t\t\t\t\t<h4 class=\"elementor-heading-title elementor-size-default\">Avantages<\/h4>\t\t\t\t<\/div>\n\t\t\t\t<\/div>\n\t\t\t\t<div class=\"elementor-element elementor-element-c2aa878 elementor-widget elementor-widget-text-editor\" data-id=\"c2aa878\" data-element_type=\"widget\" data-e-type=\"widget\" data-widget_type=\"text-editor.default\">\n\t\t\t\t<div class=\"elementor-widget-container\">\n\t\t\t\t\t\t\t\t\t<ul><li data-section-id=\"ra2iwg\" data-start=\"3065\" data-end=\"3100\">Baisse r\u00e9elle de la temp\u00e9rature<\/li><li data-section-id=\"89lvuh\" data-start=\"3101\" data-end=\"3124\">Efficace rapidement<\/li><li data-section-id=\"15ui9jc\" data-start=\"3125\" data-end=\"3157\">Convient aux fortes chaleurs<\/li><\/ul>\t\t\t\t\t\t\t\t<\/div>\n\t\t\t\t<\/div>\n\t\t\t\t\t<\/div>\n\t\t<\/div>\n\t\t\t\t<div class=\"elementor-column elementor-col-50 elementor-top-column elementor-element elementor-element-e1e7d8b\" data-id=\"e1e7d8b\" data-element_type=\"column\" data-e-type=\"column\">\n\t\t\t<div class=\"elementor-widget-wrap elementor-element-populated\">\n\t\t\t\t\t\t<div class=\"elementor-element elementor-element-75c552d elementor-widget elementor-widget-heading\" data-id=\"75c552d\" data-element_type=\"widget\" data-e-type=\"widget\" data-widget_type=\"heading.default\">\n\t\t\t\t<div class=\"elementor-widget-container\">\n\t\t\t\t\t<h4 class=\"elementor-heading-title elementor-size-default\">Limites<\/h4>\t\t\t\t<\/div>\n\t\t\t\t<\/div>\n\t\t\t\t<div class=\"elementor-element elementor-element-68718fb elementor-widget elementor-widget-text-editor\" data-id=\"68718fb\" data-element_type=\"widget\" data-e-type=\"widget\" data-widget_type=\"text-editor.default\">\n\t\t\t\t<div class=\"elementor-widget-container\">\n\t\t\t\t\t\t\t\t\t<ul><li data-section-id=\"1mi6qcc\" data-start=\"3179\" data-end=\"3213\">Consommation \u00e9lectrique \u00e9lev\u00e9e<\/li><li data-section-id=\"7tfpi\" data-start=\"3214\" data-end=\"3241\">Bruit parfois important<\/li><li data-section-id=\"1mavoj6\" data-start=\"3242\" data-end=\"3275\">Tuyau d\u2019\u00e9vacuation n\u00e9cessaire<\/li><li data-section-id=\"1jd34m6\" data-start=\"3276\" data-end=\"3295\">Prix plus \u00e9lev\u00e9<\/li><\/ul>\t\t\t\t\t\t\t\t<\/div>\n\t\t\t\t<\/div>\n\t\t\t\t\t<\/div>\n\t\t<\/div>\n\t\t\t\t\t<\/div>\n\t\t<\/section>\n\t\t\t\t<section class=\"elementor-section elementor-top-section elementor-element elementor-element-3b5af3ae elementor-section-boxed elementor-section-height-default elementor-section-height-default\" data-id=\"3b5af3ae\" data-element_type=\"section\" data-e-type=\"section\">\n\t\t\t\t\t\t<div class=\"elementor-container elementor-column-gap-default\">\n\t\t\t\t\t<div class=\"elementor-column elementor-col-100 elementor-top-column elementor-element elementor-element-4dabf5a7\" data-id=\"4dabf5a7\" data-element_type=\"column\" data-e-type=\"column\">\n\t\t\t<div class=\"elementor-widget-wrap elementor-element-populated\">\n\t\t\t\t\t\t<div class=\"elementor-element elementor-element-613eefc5 elementor-widget elementor-widget-heading\" data-id=\"613eefc5\" data-element_type=\"widget\" data-e-type=\"widget\" data-widget_type=\"heading.default\">\n\t\t\t\t<div class=\"elementor-widget-container\">\n\t\t\t\t\t<h3 class=\"elementor-heading-title elementor-size-default\">Les solutions naturelles (souvent sous-estim\u00e9es)<\/h3>\t\t\t\t<\/div>\n\t\t\t\t<\/div>\n\t\t\t\t<div class=\"elementor-element elementor-element-797244bd elementor-widget elementor-widget-text-editor\" data-id=\"797244bd\" data-element_type=\"widget\" data-e-type=\"widget\" data-widget_type=\"text-editor.default\">\n\t\t\t\t<div class=\"elementor-widget-container\">\n\t\t\t\t\t\t\t\t\t<p data-start=\"3878\" data-end=\"3960\">Avant m\u00eame les appareils, certaines actions peuvent r\u00e9duire fortement la chaleur :<\/p><ul data-start=\"3962\" data-end=\"4168\"><li data-section-id=\"t49hbs\" data-start=\"3962\" data-end=\"4001\">Fermer volets et rideaux en journ\u00e9e<\/li><li data-section-id=\"2nf72u\" data-start=\"4002\" data-end=\"4035\">A\u00e9rer la nuit ou t\u00f4t le matin<\/li><li data-section-id=\"1e7ydfd\" data-start=\"4036\" data-end=\"4088\">Limiter les sources de chaleur (four, appareils)<\/li><li data-section-id=\"i5pl4f\" data-start=\"4089\" data-end=\"4125\">Cr\u00e9er des courants d\u2019air crois\u00e9s<\/li><li data-section-id=\"1gopx70\" data-start=\"4126\" data-end=\"4168\">Utiliser des textiles l\u00e9gers et clairs<\/li><\/ul><p data-start=\"4170\" data-end=\"4234\">Id\u00e9al pour : am\u00e9liorer l\u2019efficacit\u00e9 globale sans consommation<\/p>\t\t\t\t\t\t\t\t<\/div>\n\t\t\t\t<\/div>\n\t\t\t\t\t<\/div>\n\t\t<\/div>\n\t\t\t\t\t<\/div>\n\t\t<\/section>\n\t\t\t\t<section class=\"elementor-section elementor-top-section elementor-element elementor-element-f6f3838 elementor-section-boxed elementor-section-height-default elementor-section-height-default\" data-id=\"f6f3838\" data-element_type=\"section\" data-e-type=\"section\">\n\t\t\t\t\t\t<div class=\"elementor-container elementor-column-gap-default\">\n\t\t\t\t\t<div class=\"elementor-column elementor-col-100 elementor-top-column elementor-element elementor-element-af5b0e9\" data-id=\"af5b0e9\" data-element_type=\"column\" data-e-type=\"column\">\n\t\t\t<div class=\"elementor-widget-wrap elementor-element-populated\">\n\t\t\t\t\t\t<div class=\"elementor-element elementor-element-09548dc elementor-widget elementor-widget-heading\" data-id=\"09548dc\" data-element_type=\"widget\" data-e-type=\"widget\" data-widget_type=\"heading.default\">\n\t\t\t\t<div class=\"elementor-widget-container\">\n\t\t\t\t\t<h2 class=\"elementor-heading-title elementor-size-default\">Tableau comparatif des solutions<\/h2>\t\t\t\t<\/div>\n\t\t\t\t<\/div>\n\t\t\t\t<div class=\"elementor-element elementor-element-565bd81 elementor-widget elementor-widget-text-editor\" data-id=\"565bd81\" data-element_type=\"widget\" data-e-type=\"widget\" data-widget_type=\"text-editor.default\">\n\t\t\t\t<div class=\"elementor-widget-container\">\n\t\t\t\t\t\t\t\t\t<div style=\"overflow-x:auto;\">\n  <table style=\"width:100%; border-collapse:collapse; font-family:Arial, sans-serif; text-align:center;\">\n\n    <thead>\n      <tr style=\"background-color:#6AC8EB; color:#ffffff;\">\n        <th style=\"padding:12px; border:1px solid #ddd;\">Solution<\/th>\n        <th style=\"padding:12px; border:1px solid #ddd;\">Efficacit\u00e9<\/th>\n        <th style=\"padding:12px; border:1px solid #ddd;\">Co\u00fbt<\/th>\n        <th style=\"padding:12px; border:1px solid #ddd;\">Consommation<\/th>\n        <th style=\"padding:12px; border:1px solid #ddd;\">Bruit<\/th>\n        <th style=\"padding:12px; border:1px solid #ddd;\">Installation<\/th>\n      <\/tr>\n    <\/thead>\n\n    <tbody>\n      <tr>\n        <td style=\"padding:10px; border:1px solid #ddd;\">Ventilateur<\/td>\n        <td style=\"padding:10px; border:1px solid #ddd;\">Moyenne<\/td>\n        <td style=\"padding:10px; border:1px solid #ddd;\">Faible<\/td>\n        <td style=\"padding:10px; border:1px solid #ddd;\">Tr\u00e8s faible<\/td>\n        <td style=\"padding:10px; border:1px solid #ddd;\">Faible \u00e0 moyen<\/td>\n        <td style=\"padding:10px; border:1px solid #ddd;\">Tr\u00e8s simple<\/td>\n      <\/tr>\n\n      <tr style=\"background-color:#f9f9f9;\">\n        <td style=\"padding:10px; border:1px solid #ddd;\">Rafra\u00eechisseur d\u2019air<\/td>\n        <td style=\"padding:10px; border:1px solid #ddd;\">Bonne<\/td>\n        <td style=\"padding:10px; border:1px solid #ddd;\">Moyen<\/td>\n        <td style=\"padding:10px; border:1px solid #ddd;\">Faible<\/td>\n        <td style=\"padding:10px; border:1px solid #ddd;\">Moyen<\/td>\n        <td style=\"padding:10px; border:1px solid #ddd;\">Simple<\/td>\n      <\/tr>\n\n      <tr>\n        <td style=\"padding:10px; border:1px solid #ddd;\">Clim portable<\/td>\n        <td style=\"padding:10px; border:1px solid #ddd;\">Tr\u00e8s \u00e9lev\u00e9e<\/td>\n        <td style=\"padding:10px; border:1px solid #ddd;\">\u00c9lev\u00e9<\/td>\n        <td style=\"padding:10px; border:1px solid #ddd;\">Tr\u00e8s \u00e9lev\u00e9<\/td>\n        <td style=\"padding:10px; border:1px solid #ddd;\">\u00c9lev\u00e9<\/td>\n        <td style=\"padding:10px; border:1px solid #ddd;\">Moyenne<\/td>\n      <\/tr>\n\n      <tr style=\"background-color:#f9f9f9;\">\n        <td style=\"padding:10px; border:1px solid #ddd;\">Solutions naturelles<\/td>\n        <td style=\"padding:10px; border:1px solid #ddd;\">Faible \u00e0 moyenne<\/td>\n        <td style=\"padding:10px; border:1px solid #ddd;\">Tr\u00e8s faible<\/td>\n        <td style=\"padding:10px; border:1px solid #ddd;\">Nulle<\/td>\n        <td style=\"padding:10px; border:1px solid #ddd;\">Nul<\/td>\n        <td style=\"padding:10px; border:1px solid #ddd;\">Tr\u00e8s simple<\/td>\n      <\/tr>\n\n    <\/tbody>\n  <\/table>\n<\/div>\t\t\t\t\t\t\t\t<\/div>\n\t\t\t\t<\/div>\n\t\t\t\t\t<\/div>\n\t\t<\/div>\n\t\t\t\t\t<\/div>\n\t\t<\/section>\n\t\t\t\t<section class=\"elementor-section elementor-top-section elementor-element elementor-element-f10411c elementor-section-boxed elementor-section-height-default elementor-section-height-default\" data-id=\"f10411c\" data-element_type=\"section\" data-e-type=\"section\">\n\t\t\t\t\t\t<div class=\"elementor-container elementor-column-gap-default\">\n\t\t\t\t\t<div class=\"elementor-column elementor-col-100 elementor-top-column elementor-element elementor-element-a156e0a\" data-id=\"a156e0a\" data-element_type=\"column\" data-e-type=\"column\">\n\t\t\t<div class=\"elementor-widget-wrap elementor-element-populated\">\n\t\t\t\t\t\t<div class=\"elementor-element elementor-element-65ba295 elementor-widget elementor-widget-heading\" data-id=\"65ba295\" data-element_type=\"widget\" data-e-type=\"widget\" data-widget_type=\"heading.default\">\n\t\t\t\t<div class=\"elementor-widget-container\">\n\t\t\t\t\t<h3 class=\"elementor-heading-title elementor-size-default\">Nos ventilateurs et rafra\u00eechisseurs d\u2019air<\/h3>\t\t\t\t<\/div>\n\t\t\t\t<\/div>\n\t\t\t\t\t<\/div>\n\t\t<\/div>\n\t\t\t\t\t<\/div>\n\t\t<\/section>\n\t\t\t\t<section class=\"elementor-section elementor-top-section elementor-element elementor-element-29b9974 elementor-section-boxed elementor-section-height-default elementor-section-height-default\" data-id=\"29b9974\" data-element_type=\"section\" data-e-type=\"section\">\n\t\t\t\t\t\t<div class=\"elementor-container elementor-column-gap-default\">\n\t\t\t\t\t<div class=\"elementor-column elementor-col-100 elementor-top-column elementor-element elementor-element-5b39ce45\" data-id=\"5b39ce45\" data-element_type=\"column\" data-e-type=\"column\">\n\t\t\t<div class=\"elementor-widget-wrap elementor-element-populated\">\n\t\t\t\t\t\t<div class=\"elementor-element elementor-element-24730657 elementor-widget elementor-widget-text-editor\" data-id=\"24730657\" data-element_type=\"widget\" data-e-type=\"widget\" data-widget_type=\"text-editor.default\">\n\t\t\t\t<div class=\"elementor-widget-container\">\n\t\t\t\t\t\t\t\t\t<div class=\"row ppgbo_row ppgbo_product_1\">\n    \n    <div class=\"product col-4\">\n        <a class=\"product_link\" target=\"_blank\" href=\"https:\/\/airandme.fr\/fr\/34-ventilateur\">Rafra\u00eechisseur d&#039;air SEREIN New<\/a><img data-recalc-dims=\"1\" loading=\"lazy\" decoding=\"async\" class=\"product_image\" src=\"https:\/\/i0.wp.com\/airandme.fr\/10942-medium_default\/1.jpg?resize=250%2C250&#038;ssl=1\"  alt=\"Rafra\u00eechisseur d&#039;air SEREIN New\" width=\"250\" height=\"250\" \/><h4 class=\"product_name\">Rafra\u00eechisseur d&#039;air SEREIN New<\/h4><div class=\"product_description_short\">Le rafra\u00eechisseur SEREIN refroidit jusqu\u2019\u00e0 20\u202fm\u00b2, avec 12 vitesses, oscillation [&#8230;]<\/div><span class=\"product_price\">129.90\u20ac<\/span><div class=\"btn btn-default\">Voir le produit<\/div>    <\/div>\n    \n    \n    <div class=\"product col-4\">\n        <a class=\"product_link\" target=\"_blank\" href=\"https:\/\/airandme.fr\/fr\/ventilateur\/1338-ventilateur-airain-anthracite.html\">Ventilateur de table AIRAIN Anthracite<\/a><img data-recalc-dims=\"1\" loading=\"lazy\" decoding=\"async\" class=\"product_image\" src=\"https:\/\/i0.wp.com\/airandme.fr\/8419-medium_default\/1.jpg?resize=250%2C250&#038;ssl=1\"  alt=\"Ventilateur de table AIRAIN Anthracite\" width=\"250\" height=\"250\" \/><h4 class=\"product_name\">Ventilateur de table AIRAIN Anthracite<\/h4><div class=\"product_description_short\">Performant, nomade et discret, le ventilateur AIRAIN Anthracite vous assurera des id\u00e9es [&#8230;]<\/div><span class=\"product_price\">39.90\u20ac<\/span><div class=\"btn btn-default\">Voir le produit<\/div>    <\/div>\n    \n    \n    <div class=\"product col-4\">\n        <a class=\"product_link\" target=\"_blank\" href=\"https:\/\/airandme.fr\/fr\/34-ventilateur\">Ventilateur colonne FUSAIN Blanc New<\/a><img data-recalc-dims=\"1\" loading=\"lazy\" decoding=\"async\" class=\"product_image\" src=\"https:\/\/i0.wp.com\/airandme.fr\/10936-medium_default\/1.jpg?resize=250%2C250&#038;ssl=1\"  alt=\"Ventilateur colonne FUSAIN Blanc New\" width=\"250\" height=\"250\" \/><h4 class=\"product_name\">Ventilateur colonne FUSAIN Blanc New<\/h4><div class=\"product_description_short\">\nLe ventilateur colonne FUSAIN rafra\u00eechit jusqu\u2019\u00e0 25\u202fm\u00b2 avec 12 vitesses et [&#8230;]<\/div><span class=\"product_price\">99.00\u20ac<\/span><div class=\"btn btn-default\">Voir le produit<\/div>    <\/div>\n    \n    <div class=\"clear\"><\/div>\n    <div class=\"product col-4\">\n        <a class=\"product_link\" target=\"_blank\" href=\"https:\/\/airandme.fr\/fr\/ventilateur\/1337-ventilateur-airain-champagne.html\">Ventilateur de table AIRAIN Champagne<\/a><img data-recalc-dims=\"1\" loading=\"lazy\" decoding=\"async\" class=\"product_image\" src=\"https:\/\/i0.wp.com\/airandme.fr\/8445-medium_default\/1.jpg?resize=250%2C250&#038;ssl=1\"  alt=\"Ventilateur de table AIRAIN Champagne\" width=\"250\" height=\"250\" \/><h4 class=\"product_name\">Ventilateur de table AIRAIN Champagne<\/h4><div class=\"product_description_short\">AIRAIN Champagne est un ventilateur nomade qui vous suivra partout : chambre, salon, [&#8230;]<\/div><span class=\"product_price\">39.90\u20ac<\/span><div class=\"btn btn-default\">Voir le produit<\/div>    <\/div>\n    \n    \n    <div class=\"product col-4\">\n        <a class=\"product_link\" target=\"_blank\" href=\"https:\/\/airandme.fr\/fr\/ventilateur\/1297-ventilateur-naos-blanc.html\">Ventilateur de table NAOS Blanc<\/a><img data-recalc-dims=\"1\" loading=\"lazy\" decoding=\"async\" class=\"product_image\" src=\"https:\/\/i0.wp.com\/airandme.fr\/8478-medium_default\/1.jpg?resize=250%2C250&#038;ssl=1\"  alt=\"Ventilateur de table NAOS Blanc\" width=\"250\" height=\"250\" \/><h4 class=\"product_name\">Ventilateur de table NAOS Blanc<\/h4><div class=\"product_description_short\">Dot\u00e9 d&#039;un mini gabarit, NAOS Blanc rafra\u00eechira votre int\u00e9rieur tout l\u2019\u00e9t\u00e9 gr\u00e2ce [&#8230;]<\/div><span class=\"product_price\">59.00\u20ac<\/span><div class=\"btn btn-default\">Voir le produit<\/div>    <\/div>\n    \n    \n    <div class=\"product col-4\">\n        <a class=\"product_link\" target=\"_blank\" href=\"https:\/\/airandme.fr\/fr\/ventilateur\/1319-ventilateur-airain-blanc.html\">Ventilateur de table AIRAIN Blanc<\/a><img data-recalc-dims=\"1\" loading=\"lazy\" decoding=\"async\" class=\"product_image\" src=\"https:\/\/i0.wp.com\/airandme.fr\/8427-medium_default\/1.jpg?resize=250%2C250&#038;ssl=1\"  alt=\"Ventilateur de table AIRAIN Blanc\" width=\"250\" height=\"250\" \/><h4 class=\"product_name\">Ventilateur de table AIRAIN Blanc<\/h4><div class=\"product_description_short\">Le ventilateur AIRAIN Blanc vous apportera de la fra\u00eecheur tout l&#039;\u00e9t\u00e9 ! Avec son petit [&#8230;]<\/div><span class=\"product_price\">39.90\u20ac<\/span><div class=\"btn btn-default\">Voir le produit<\/div>    <\/div>\n    \n    <div class=\"clear\"><\/div><\/div>\n<div class=\"clear\"><\/div>\t\t\t\t\t\t\t\t<\/div>\n\t\t\t\t<\/div>\n\t\t\t\t\t<\/div>\n\t\t<\/div>\n\t\t\t\t\t<\/div>\n\t\t<\/section>\n\t\t\t\t<\/div>\n\t\t","protected":false},"excerpt":{"rendered":"<p>Les \u00e9t\u00e9s deviennent de plus en plus difficiles \u00e0 supporter, avec des temp\u00e9ratures en constante augmentation. En France, l\u2019\u00e9t\u00e9 2025 a \u00e9t\u00e9 le 3\u1d49 \u00e9t\u00e9 le plus chaud jamais enregistr\u00e9, avec +1,9\u00b0C au-dessus des normales, et pr\u00e8s de 27 jours de vague de chaleur cumul\u00e9s. Face \u00e0 ces \u00e9pisodes de plus en plus fr\u00e9quents, rafra\u00eechir [&hellip;]<\/p>\n","protected":false},"author":1015,"featured_media":23656,"comment_status":"open","ping_status":"closed","sticky":false,"template":"","format":"standard","meta":{"jetpack_post_was_ever_published":false,"_jetpack_newsletter_access":"","_jetpack_dont_email_post_to_subs":false,"_jetpack_newsletter_tier_id":0,"_jetpack_memberships_contains_paywalled_content":false,"_jetpack_memberships_contains_paid_content":false,"jnews-multi-image_gallery":[],"jnews_single_post":{"format":"standard"},"jnews_primary_category":[],"jnews_social_meta":[],"footnotes":""},"categories":[714],"tags":[],"class_list":["post-23654","post","type-post","status-publish","format-standard","has-post-thumbnail","hentry","category-ventilation"],"yoast_head":"<!-- This site is optimized with the Yoast SEO plugin v27.4 - https:\/\/yoast.com\/product\/yoast-seo-wordpress\/ -->\n<title>Comment rafra\u00eechir une pi\u00e8ce sans clim ?<\/title>\n<meta name=\"description\" content=\"D\u00e9couvrez comment rafra\u00eechir une pi\u00e8ce sans climatisation : comparatif ventilateur, rafra\u00eechisseur d\u2019air, clim portable et solutions naturelles.\" \/>\n<meta name=\"robots\" content=\"index, follow, max-snippet:-1, max-image-preview:large, max-video-preview:-1\" \/>\n<link rel=\"canonical\" href=\"https:\/\/www.airandme.fr\/blog\/ventilation\/comment-rafraichir-une-piece-sans-clim-comparatif-complet-des-solutions\/\" \/>\n<meta property=\"og:locale\" content=\"fr_FR\" \/>\n<meta property=\"og:type\" content=\"article\" \/>\n<meta property=\"og:title\" content=\"Comment rafra\u00eechir une pi\u00e8ce sans clim ?\" \/>\n<meta property=\"og:description\" content=\"D\u00e9couvrez comment rafra\u00eechir une pi\u00e8ce sans climatisation : comparatif ventilateur, rafra\u00eechisseur d\u2019air, clim portable et solutions naturelles.\" \/>\n<meta property=\"og:url\" content=\"https:\/\/www.airandme.fr\/blog\/ventilation\/comment-rafraichir-une-piece-sans-clim-comparatif-complet-des-solutions\/\" \/>\n<meta property=\"og:site_name\" content=\"air&amp;me - Le blog du traitement de l&#039;air\" \/>\n<meta property=\"article:publisher\" content=\"https:\/\/www.facebook.com\/airandme\" \/>\n<meta property=\"article:published_time\" content=\"2026-04-22T13:30:35+00:00\" \/>\n<meta property=\"article:modified_time\" content=\"2026-04-22T13:51:39+00:00\" \/>\n<meta property=\"og:image\" content=\"https:\/\/www.airandme.fr\/blog\/wp-content\/uploads\/airandme-ventilateur-naos-blanc-lf01.webp\" \/>\n\t<meta property=\"og:image:width\" content=\"800\" \/>\n\t<meta property=\"og:image:height\" content=\"800\" \/>\n\t<meta property=\"og:image:type\" content=\"image\/webp\" \/>\n<meta name=\"author\" content=\"Malak Benachour\" \/>\n<meta name=\"twitter:card\" content=\"summary_large_image\" \/>\n<meta name=\"twitter:label1\" content=\"\u00c9crit par\" \/>\n\t<meta name=\"twitter:data1\" content=\"Malak Benachour\" \/>\n\t<meta name=\"twitter:label2\" content=\"Dur\u00e9e de lecture estim\u00e9e\" \/>\n\t<meta name=\"twitter:data2\" content=\"7 minutes\" \/>\n<script type=\"application\/ld+json\" class=\"yoast-schema-graph\">{\"@context\":\"https:\\\/\\\/schema.org\",\"@graph\":[{\"@type\":\"Article\",\"@id\":\"https:\\\/\\\/www.airandme.fr\\\/blog\\\/ventilation\\\/comment-rafraichir-une-piece-sans-clim-comparatif-complet-des-solutions\\\/#article\",\"isPartOf\":{\"@id\":\"https:\\\/\\\/www.airandme.fr\\\/blog\\\/ventilation\\\/comment-rafraichir-une-piece-sans-clim-comparatif-complet-des-solutions\\\/\"},\"author\":{\"name\":\"Malak Benachour\",\"@id\":\"https:\\\/\\\/www.airandme.fr\\\/blog\\\/#\\\/schema\\\/person\\\/f35188b2bfd70fb3802796577bd7dfa3\"},\"headline\":\"Comment rafra\u00eechir une pi\u00e8ce sans clim ? Comparatif complet des solutions\",\"datePublished\":\"2026-04-22T13:30:35+00:00\",\"dateModified\":\"2026-04-22T13:51:39+00:00\",\"mainEntityOfPage\":{\"@id\":\"https:\\\/\\\/www.airandme.fr\\\/blog\\\/ventilation\\\/comment-rafraichir-une-piece-sans-clim-comparatif-complet-des-solutions\\\/\"},\"wordCount\":765,\"commentCount\":0,\"publisher\":{\"@id\":\"https:\\\/\\\/www.airandme.fr\\\/blog\\\/#organization\"},\"image\":{\"@id\":\"https:\\\/\\\/www.airandme.fr\\\/blog\\\/ventilation\\\/comment-rafraichir-une-piece-sans-clim-comparatif-complet-des-solutions\\\/#primaryimage\"},\"thumbnailUrl\":\"https:\\\/\\\/i0.wp.com\\\/www.airandme.fr\\\/blog\\\/wp-content\\\/uploads\\\/airandme-ventilateur-naos-blanc-lf01.webp?fit=800%2C800&ssl=1\",\"articleSection\":[\"Ventilation et circulation de l'air\"],\"inLanguage\":\"fr-FR\",\"potentialAction\":[{\"@type\":\"CommentAction\",\"name\":\"Comment\",\"target\":[\"https:\\\/\\\/www.airandme.fr\\\/blog\\\/ventilation\\\/comment-rafraichir-une-piece-sans-clim-comparatif-complet-des-solutions\\\/#respond\"]}]},{\"@type\":\"WebPage\",\"@id\":\"https:\\\/\\\/www.airandme.fr\\\/blog\\\/ventilation\\\/comment-rafraichir-une-piece-sans-clim-comparatif-complet-des-solutions\\\/\",\"url\":\"https:\\\/\\\/www.airandme.fr\\\/blog\\\/ventilation\\\/comment-rafraichir-une-piece-sans-clim-comparatif-complet-des-solutions\\\/\",\"name\":\"Comment rafra\u00eechir une pi\u00e8ce sans clim ?\",\"isPartOf\":{\"@id\":\"https:\\\/\\\/www.airandme.fr\\\/blog\\\/#website\"},\"primaryImageOfPage\":{\"@id\":\"https:\\\/\\\/www.airandme.fr\\\/blog\\\/ventilation\\\/comment-rafraichir-une-piece-sans-clim-comparatif-complet-des-solutions\\\/#primaryimage\"},\"image\":{\"@id\":\"https:\\\/\\\/www.airandme.fr\\\/blog\\\/ventilation\\\/comment-rafraichir-une-piece-sans-clim-comparatif-complet-des-solutions\\\/#primaryimage\"},\"thumbnailUrl\":\"https:\\\/\\\/i0.wp.com\\\/www.airandme.fr\\\/blog\\\/wp-content\\\/uploads\\\/airandme-ventilateur-naos-blanc-lf01.webp?fit=800%2C800&ssl=1\",\"datePublished\":\"2026-04-22T13:30:35+00:00\",\"dateModified\":\"2026-04-22T13:51:39+00:00\",\"description\":\"D\u00e9couvrez comment rafra\u00eechir une pi\u00e8ce sans climatisation : comparatif ventilateur, rafra\u00eechisseur d\u2019air, clim portable et solutions naturelles.\",\"breadcrumb\":{\"@id\":\"https:\\\/\\\/www.airandme.fr\\\/blog\\\/ventilation\\\/comment-rafraichir-une-piece-sans-clim-comparatif-complet-des-solutions\\\/#breadcrumb\"},\"inLanguage\":\"fr-FR\",\"potentialAction\":[{\"@type\":\"ReadAction\",\"target\":[\"https:\\\/\\\/www.airandme.fr\\\/blog\\\/ventilation\\\/comment-rafraichir-une-piece-sans-clim-comparatif-complet-des-solutions\\\/\"]}]},{\"@type\":\"ImageObject\",\"inLanguage\":\"fr-FR\",\"@id\":\"https:\\\/\\\/www.airandme.fr\\\/blog\\\/ventilation\\\/comment-rafraichir-une-piece-sans-clim-comparatif-complet-des-solutions\\\/#primaryimage\",\"url\":\"https:\\\/\\\/i0.wp.com\\\/www.airandme.fr\\\/blog\\\/wp-content\\\/uploads\\\/airandme-ventilateur-naos-blanc-lf01.webp?fit=800%2C800&ssl=1\",\"contentUrl\":\"https:\\\/\\\/i0.wp.com\\\/www.airandme.fr\\\/blog\\\/wp-content\\\/uploads\\\/airandme-ventilateur-naos-blanc-lf01.webp?fit=800%2C800&ssl=1\",\"width\":800,\"height\":800},{\"@type\":\"BreadcrumbList\",\"@id\":\"https:\\\/\\\/www.airandme.fr\\\/blog\\\/ventilation\\\/comment-rafraichir-une-piece-sans-clim-comparatif-complet-des-solutions\\\/#breadcrumb\",\"itemListElement\":[{\"@type\":\"ListItem\",\"position\":1,\"name\":\"Accueil\",\"item\":\"https:\\\/\\\/www.airandme.fr\\\/blog\\\/\"},{\"@type\":\"ListItem\",\"position\":2,\"name\":\"Ventilation et circulation de l'air\",\"item\":\"https:\\\/\\\/www.airandme.fr\\\/blog\\\/category\\\/ventilation\\\/\"},{\"@type\":\"ListItem\",\"position\":3,\"name\":\"Comment rafra\u00eechir une pi\u00e8ce sans clim ? Comparatif complet des solutions\"}]},{\"@type\":\"WebSite\",\"@id\":\"https:\\\/\\\/www.airandme.fr\\\/blog\\\/#website\",\"url\":\"https:\\\/\\\/www.airandme.fr\\\/blog\\\/\",\"name\":\"air&me - Le blog du traitement de l'air\",\"description\":\"Solutions pour le traitement de l&#039;air int\u00e9rieur - Le blog du bien air chez soi\",\"publisher\":{\"@id\":\"https:\\\/\\\/www.airandme.fr\\\/blog\\\/#organization\"},\"potentialAction\":[{\"@type\":\"SearchAction\",\"target\":{\"@type\":\"EntryPoint\",\"urlTemplate\":\"https:\\\/\\\/www.airandme.fr\\\/blog\\\/?s={search_term_string}\"},\"query-input\":{\"@type\":\"PropertyValueSpecification\",\"valueRequired\":true,\"valueName\":\"search_term_string\"}}],\"inLanguage\":\"fr-FR\"},{\"@type\":\"Organization\",\"@id\":\"https:\\\/\\\/www.airandme.fr\\\/blog\\\/#organization\",\"name\":\"air&me - Le blog du traitement de l'air\",\"url\":\"https:\\\/\\\/www.airandme.fr\\\/blog\\\/\",\"logo\":{\"@type\":\"ImageObject\",\"inLanguage\":\"fr-FR\",\"@id\":\"https:\\\/\\\/www.airandme.fr\\\/blog\\\/#\\\/schema\\\/logo\\\/image\\\/\",\"url\":\"https:\\\/\\\/i0.wp.com\\\/www.airandme.fr\\\/blog\\\/wp-content\\\/uploads\\\/airandme-logo-blog-300px.png?fit=300%2C120&ssl=1\",\"contentUrl\":\"https:\\\/\\\/i0.wp.com\\\/www.airandme.fr\\\/blog\\\/wp-content\\\/uploads\\\/airandme-logo-blog-300px.png?fit=300%2C120&ssl=1\",\"width\":300,\"height\":120,\"caption\":\"air&me - Le blog du traitement de l'air\"},\"image\":{\"@id\":\"https:\\\/\\\/www.airandme.fr\\\/blog\\\/#\\\/schema\\\/logo\\\/image\\\/\"},\"sameAs\":[\"https:\\\/\\\/www.facebook.com\\\/airandme\",\"https:\\\/\\\/www.instagram.com\\\/air_and_me\\\/\",\"https:\\\/\\\/www.linkedin.com\\\/air-and-me\",\"https:\\\/\\\/www.pinterest.fr\\\/air_and_me\",\"https:\\\/\\\/www.youtube.com\\\/channel\\\/UCmco9cc0iTBmPINR5vaW90A\"]},{\"@type\":\"Person\",\"@id\":\"https:\\\/\\\/www.airandme.fr\\\/blog\\\/#\\\/schema\\\/person\\\/f35188b2bfd70fb3802796577bd7dfa3\",\"name\":\"Malak Benachour\",\"image\":{\"@type\":\"ImageObject\",\"inLanguage\":\"fr-FR\",\"@id\":\"https:\\\/\\\/secure.gravatar.com\\\/avatar\\\/ddca3dc5075e33580fd0e059d4463076bcc25bceb1d6dc91307c9550e800324a?s=96&d=mm&r=g\",\"url\":\"https:\\\/\\\/secure.gravatar.com\\\/avatar\\\/ddca3dc5075e33580fd0e059d4463076bcc25bceb1d6dc91307c9550e800324a?s=96&d=mm&r=g\",\"contentUrl\":\"https:\\\/\\\/secure.gravatar.com\\\/avatar\\\/ddca3dc5075e33580fd0e059d4463076bcc25bceb1d6dc91307c9550e800324a?s=96&d=mm&r=g\",\"caption\":\"Malak Benachour\"},\"url\":\"https:\\\/\\\/www.airandme.fr\\\/blog\\\/author\\\/malak\\\/\"}]}<\/script>\n<!-- \/ Yoast SEO plugin. -->","yoast_head_json":{"title":"Comment rafra\u00eechir une pi\u00e8ce sans clim ?","description":"D\u00e9couvrez comment rafra\u00eechir une pi\u00e8ce sans climatisation : comparatif ventilateur, rafra\u00eechisseur d\u2019air, clim portable et solutions naturelles.","robots":{"index":"index","follow":"follow","max-snippet":"max-snippet:-1","max-image-preview":"max-image-preview:large","max-video-preview":"max-video-preview:-1"},"canonical":"https:\/\/www.airandme.fr\/blog\/ventilation\/comment-rafraichir-une-piece-sans-clim-comparatif-complet-des-solutions\/","og_locale":"fr_FR","og_type":"article","og_title":"Comment rafra\u00eechir une pi\u00e8ce sans clim ?","og_description":"D\u00e9couvrez comment rafra\u00eechir une pi\u00e8ce sans climatisation : comparatif ventilateur, rafra\u00eechisseur d\u2019air, clim portable et solutions naturelles.","og_url":"https:\/\/www.airandme.fr\/blog\/ventilation\/comment-rafraichir-une-piece-sans-clim-comparatif-complet-des-solutions\/","og_site_name":"air&amp;me - Le blog du traitement de l&#039;air","article_publisher":"https:\/\/www.facebook.com\/airandme","article_published_time":"2026-04-22T13:30:35+00:00","article_modified_time":"2026-04-22T13:51:39+00:00","og_image":[{"width":800,"height":800,"url":"https:\/\/www.airandme.fr\/blog\/wp-content\/uploads\/airandme-ventilateur-naos-blanc-lf01.webp","type":"image\/webp"}],"author":"Malak Benachour","twitter_card":"summary_large_image","twitter_misc":{"\u00c9crit par":"Malak Benachour","Dur\u00e9e de lecture estim\u00e9e":"7 minutes"},"schema":{"@context":"https:\/\/schema.org","@graph":[{"@type":"Article","@id":"https:\/\/www.airandme.fr\/blog\/ventilation\/comment-rafraichir-une-piece-sans-clim-comparatif-complet-des-solutions\/#article","isPartOf":{"@id":"https:\/\/www.airandme.fr\/blog\/ventilation\/comment-rafraichir-une-piece-sans-clim-comparatif-complet-des-solutions\/"},"author":{"name":"Malak Benachour","@id":"https:\/\/www.airandme.fr\/blog\/#\/schema\/person\/f35188b2bfd70fb3802796577bd7dfa3"},"headline":"Comment rafra\u00eechir une pi\u00e8ce sans clim ? Comparatif complet des solutions","datePublished":"2026-04-22T13:30:35+00:00","dateModified":"2026-04-22T13:51:39+00:00","mainEntityOfPage":{"@id":"https:\/\/www.airandme.fr\/blog\/ventilation\/comment-rafraichir-une-piece-sans-clim-comparatif-complet-des-solutions\/"},"wordCount":765,"commentCount":0,"publisher":{"@id":"https:\/\/www.airandme.fr\/blog\/#organization"},"image":{"@id":"https:\/\/www.airandme.fr\/blog\/ventilation\/comment-rafraichir-une-piece-sans-clim-comparatif-complet-des-solutions\/#primaryimage"},"thumbnailUrl":"https:\/\/i0.wp.com\/www.airandme.fr\/blog\/wp-content\/uploads\/airandme-ventilateur-naos-blanc-lf01.webp?fit=800%2C800&ssl=1","articleSection":["Ventilation et circulation de l'air"],"inLanguage":"fr-FR","potentialAction":[{"@type":"CommentAction","name":"Comment","target":["https:\/\/www.airandme.fr\/blog\/ventilation\/comment-rafraichir-une-piece-sans-clim-comparatif-complet-des-solutions\/#respond"]}]},{"@type":"WebPage","@id":"https:\/\/www.airandme.fr\/blog\/ventilation\/comment-rafraichir-une-piece-sans-clim-comparatif-complet-des-solutions\/","url":"https:\/\/www.airandme.fr\/blog\/ventilation\/comment-rafraichir-une-piece-sans-clim-comparatif-complet-des-solutions\/","name":"Comment rafra\u00eechir une pi\u00e8ce sans clim ?","isPartOf":{"@id":"https:\/\/www.airandme.fr\/blog\/#website"},"primaryImageOfPage":{"@id":"https:\/\/www.airandme.fr\/blog\/ventilation\/comment-rafraichir-une-piece-sans-clim-comparatif-complet-des-solutions\/#primaryimage"},"image":{"@id":"https:\/\/www.airandme.fr\/blog\/ventilation\/comment-rafraichir-une-piece-sans-clim-comparatif-complet-des-solutions\/#primaryimage"},"thumbnailUrl":"https:\/\/i0.wp.com\/www.airandme.fr\/blog\/wp-content\/uploads\/airandme-ventilateur-naos-blanc-lf01.webp?fit=800%2C800&ssl=1","datePublished":"2026-04-22T13:30:35+00:00","dateModified":"2026-04-22T13:51:39+00:00","description":"D\u00e9couvrez comment rafra\u00eechir une pi\u00e8ce sans climatisation : comparatif ventilateur, rafra\u00eechisseur d\u2019air, clim portable et solutions naturelles.","breadcrumb":{"@id":"https:\/\/www.airandme.fr\/blog\/ventilation\/comment-rafraichir-une-piece-sans-clim-comparatif-complet-des-solutions\/#breadcrumb"},"inLanguage":"fr-FR","potentialAction":[{"@type":"ReadAction","target":["https:\/\/www.airandme.fr\/blog\/ventilation\/comment-rafraichir-une-piece-sans-clim-comparatif-complet-des-solutions\/"]}]},{"@type":"ImageObject","inLanguage":"fr-FR","@id":"https:\/\/www.airandme.fr\/blog\/ventilation\/comment-rafraichir-une-piece-sans-clim-comparatif-complet-des-solutions\/#primaryimage","url":"https:\/\/i0.wp.com\/www.airandme.fr\/blog\/wp-content\/uploads\/airandme-ventilateur-naos-blanc-lf01.webp?fit=800%2C800&ssl=1","contentUrl":"https:\/\/i0.wp.com\/www.airandme.fr\/blog\/wp-content\/uploads\/airandme-ventilateur-naos-blanc-lf01.webp?fit=800%2C800&ssl=1","width":800,"height":800},{"@type":"BreadcrumbList","@id":"https:\/\/www.airandme.fr\/blog\/ventilation\/comment-rafraichir-une-piece-sans-clim-comparatif-complet-des-solutions\/#breadcrumb","itemListElement":[{"@type":"ListItem","position":1,"name":"Accueil","item":"https:\/\/www.airandme.fr\/blog\/"},{"@type":"ListItem","position":2,"name":"Ventilation et circulation de l'air","item":"https:\/\/www.airandme.fr\/blog\/category\/ventilation\/"},{"@type":"ListItem","position":3,"name":"Comment rafra\u00eechir une pi\u00e8ce sans clim ? Comparatif complet des solutions"}]},{"@type":"WebSite","@id":"https:\/\/www.airandme.fr\/blog\/#website","url":"https:\/\/www.airandme.fr\/blog\/","name":"air&me - Le blog du traitement de l'air","description":"Solutions pour le traitement de l&#039;air int\u00e9rieur - Le blog du bien air chez soi","publisher":{"@id":"https:\/\/www.airandme.fr\/blog\/#organization"},"potentialAction":[{"@type":"SearchAction","target":{"@type":"EntryPoint","urlTemplate":"https:\/\/www.airandme.fr\/blog\/?s={search_term_string}"},"query-input":{"@type":"PropertyValueSpecification","valueRequired":true,"valueName":"search_term_string"}}],"inLanguage":"fr-FR"},{"@type":"Organization","@id":"https:\/\/www.airandme.fr\/blog\/#organization","name":"air&me - Le blog du traitement de l'air","url":"https:\/\/www.airandme.fr\/blog\/","logo":{"@type":"ImageObject","inLanguage":"fr-FR","@id":"https:\/\/www.airandme.fr\/blog\/#\/schema\/logo\/image\/","url":"https:\/\/i0.wp.com\/www.airandme.fr\/blog\/wp-content\/uploads\/airandme-logo-blog-300px.png?fit=300%2C120&ssl=1","contentUrl":"https:\/\/i0.wp.com\/www.airandme.fr\/blog\/wp-content\/uploads\/airandme-logo-blog-300px.png?fit=300%2C120&ssl=1","width":300,"height":120,"caption":"air&me - Le blog du traitement de l'air"},"image":{"@id":"https:\/\/www.airandme.fr\/blog\/#\/schema\/logo\/image\/"},"sameAs":["https:\/\/www.facebook.com\/airandme","https:\/\/www.instagram.com\/air_and_me\/","https:\/\/www.linkedin.com\/air-and-me","https:\/\/www.pinterest.fr\/air_and_me","https:\/\/www.youtube.com\/channel\/UCmco9cc0iTBmPINR5vaW90A"]},{"@type":"Person","@id":"https:\/\/www.airandme.fr\/blog\/#\/schema\/person\/f35188b2bfd70fb3802796577bd7dfa3","name":"Malak Benachour","image":{"@type":"ImageObject","inLanguage":"fr-FR","@id":"https:\/\/secure.gravatar.com\/avatar\/ddca3dc5075e33580fd0e059d4463076bcc25bceb1d6dc91307c9550e800324a?s=96&d=mm&r=g","url":"https:\/\/secure.gravatar.com\/avatar\/ddca3dc5075e33580fd0e059d4463076bcc25bceb1d6dc91307c9550e800324a?s=96&d=mm&r=g","contentUrl":"https:\/\/secure.gravatar.com\/avatar\/ddca3dc5075e33580fd0e059d4463076bcc25bceb1d6dc91307c9550e800324a?s=96&d=mm&r=g","caption":"Malak Benachour"},"url":"https:\/\/www.airandme.fr\/blog\/author\/malak\/"}]}},"jetpack_featured_media_url":"https:\/\/i0.wp.com\/www.airandme.fr\/blog\/wp-content\/uploads\/airandme-ventilateur-naos-blanc-lf01.webp?fit=800%2C800&ssl=1","jetpack_sharing_enabled":true,"jetpack_shortlink":"https:\/\/wp.me\/paHeLN-69w","_links":{"self":[{"href":"https:\/\/www.airandme.fr\/blog\/wp-json\/wp\/v2\/posts\/23654","targetHints":{"allow":["GET"]}}],"collection":[{"href":"https:\/\/www.airandme.fr\/blog\/wp-json\/wp\/v2\/posts"}],"about":[{"href":"https:\/\/www.airandme.fr\/blog\/wp-json\/wp\/v2\/types\/post"}],"author":[{"embeddable":true,"href":"https:\/\/www.airandme.fr\/blog\/wp-json\/wp\/v2\/users\/1015"}],"replies":[{"embeddable":true,"href":"https:\/\/www.airandme.fr\/blog\/wp-json\/wp\/v2\/comments?post=23654"}],"version-history":[{"count":21,"href":"https:\/\/www.airandme.fr\/blog\/wp-json\/wp\/v2\/posts\/23654\/revisions"}],"predecessor-version":[{"id":23679,"href":"https:\/\/www.airandme.fr\/blog\/wp-json\/wp\/v2\/posts\/23654\/revisions\/23679"}],"wp:featuredmedia":[{"embeddable":true,"href":"https:\/\/www.airandme.fr\/blog\/wp-json\/wp\/v2\/media\/23656"}],"wp:attachment":[{"href":"https:\/\/www.airandme.fr\/blog\/wp-json\/wp\/v2\/media?parent=23654"}],"wp:term":[{"taxonomy":"category","embeddable":true,"href":"https:\/\/www.airandme.fr\/blog\/wp-json\/wp\/v2\/categories?post=23654"},{"taxonomy":"post_tag","embeddable":true,"href":"https:\/\/www.airandme.fr\/blog\/wp-json\/wp\/v2\/tags?post=23654"}],"curies":[{"name":"wp","href":"https:\/\/api.w.org\/{rel}","templated":true}]}}