{"id":2746,"date":"2010-11-15T15:25:10","date_gmt":"2010-11-15T14:25:10","guid":{"rendered":"https:\/\/www.airandme.fr\/blog\/\/?p=2746"},"modified":"2024-10-07T10:25:35","modified_gmt":"2024-10-07T08:25:35","slug":"halte-aux-incendies-domestiques","status":"publish","type":"post","link":"https:\/\/www.airandme.fr\/blog\/ventilation\/halte-aux-incendies-domestiques\/","title":{"rendered":"Halte aux incendies domestiques !"},"content":{"rendered":"<p>En France un incendie domestique se produit <strong>toutes les deux minutes<\/strong>. 70% d&rsquo;entre eux surviennent la nuit, l\u00e0 o\u00f9 ils sont les moins attendus. Ces incendies provoquent au total entre 6 000 et 10 000 victimes par an.<\/p>\n<p>Face \u00e0 ce constat inqui\u00e9tant, Air Naturel r\u00e9agit en vous proposant <strong>deux extincteurs multi-usages \u00e0 poudre<\/strong>, de 1 ou 2 kilos.<\/p>\n<p>Ces extincteurs fonctionnent d&rsquo;une mani\u00e8re tr\u00e8s simple : en formant une croute au-dessus de l&rsquo;incendie qui le prive d&rsquo;oxyg\u00e8ne et donc l&rsquo;\u00e9touffe&#8230;<\/p>\n<p>Ils peuvent \u00e9teindre la plupart des feux du quotidien : solides, liquides inflammables et gaz.<\/p>\n<p>Pour la maison, le bureau, les entrep\u00f4ts, ateliers, camping-cars, voitures, caravanes et bateaux. Avec leur support mural int\u00e9gr\u00e9, il est possible de les accrocher aux murs.<\/p>\n<p>En outre, ils sont garantis 5 ans, soit 5 ans de s\u00e9curit\u00e9 chez soi.<\/p>\n","protected":false},"excerpt":{"rendered":"<p>En France un incendie domestique se produit toutes les deux minutes. 70% d&rsquo;entre eux surviennent la nuit, l\u00e0 o\u00f9 ils sont les moins attendus. Ces incendies provoquent au total entre 6 000 et 10 000 victimes par an. Face \u00e0 ce constat inqui\u00e9tant, Air Naturel r\u00e9agit en vous proposant deux extincteurs multi-usages \u00e0 poudre, de [&hellip;]<\/p>\n","protected":false},"author":1002,"featured_media":16124,"comment_status":"open","ping_status":"open","sticky":false,"template":"","format":"standard","meta":{"jetpack_post_was_ever_published":false,"_jetpack_newsletter_access":"","_jetpack_dont_email_post_to_subs":false,"_jetpack_newsletter_tier_id":0,"_jetpack_memberships_contains_paywalled_content":false,"_jetpack_memberships_contains_paid_content":false,"jnews-multi-image_gallery":[],"jnews_single_post":{"subtitle":"","format":"standard","video":"","gallery":"","source_name":"","source_url":"","via_name":"","via_url":"","override":[{"single_blog_custom":"","sidebar":"","second_sidebar":"","share_position":"","share_float_style":"","post_date_format":"","post_date_format_custom":"","post_reading_time_wpm":"","zoom_button_out_step":"1","zoom_button_in_step":"1","number_popup_post":"1"}],"image_override":[{"single_post_thumbnail_size":"","single_post_gallery_size":""}],"trending_post_position":"","trending_post_label":"","sponsored_post_label":"","sponsored_post_name":"","sponsored_post_url":"","sponsored_post_logo":"","sponsored_post_desc":""},"jnews_primary_category":{"id":""},"jnews_social_meta":{"fb_title":"","fb_description":"","fb_image":"","twitter_title":"","twitter_description":"","twitter_image":""},"footnotes":""},"categories":[714],"tags":[],"class_list":["post-2746","post","type-post","status-publish","format-standard","has-post-thumbnail","hentry","category-ventilation"],"yoast_head":"<!-- This site is optimized with the Yoast SEO plugin v27.4 - https:\/\/yoast.com\/product\/yoast-seo-wordpress\/ -->\n<title>Extincteurs multi-usages Air Naturel : votre s\u00e9curit\u00e9 en priorit\u00e9 !<\/title>\n<meta name=\"description\" content=\"Prot\u00e9gez votre maison avec les extincteurs multi-usages \u00e0 poudre d&#039;Air Naturel, efficaces contre divers feux et garantis 5 ans.\" \/>\n<meta name=\"robots\" content=\"index, follow, max-snippet:-1, max-image-preview:large, max-video-preview:-1\" \/>\n<link rel=\"canonical\" href=\"https:\/\/www.airandme.fr\/blog\/ventilation\/halte-aux-incendies-domestiques\/\" \/>\n<meta property=\"og:locale\" content=\"fr_FR\" \/>\n<meta property=\"og:type\" content=\"article\" \/>\n<meta property=\"og:title\" content=\"Extincteurs multi-usages Air Naturel : votre s\u00e9curit\u00e9 en priorit\u00e9 !\" \/>\n<meta property=\"og:description\" content=\"Prot\u00e9gez votre maison avec les extincteurs multi-usages \u00e0 poudre d&#039;Air Naturel, efficaces contre divers feux et garantis 5 ans.\" \/>\n<meta property=\"og:url\" content=\"https:\/\/www.airandme.fr\/blog\/ventilation\/halte-aux-incendies-domestiques\/\" \/>\n<meta property=\"og:site_name\" content=\"air&amp;me - Le blog du traitement de l&#039;air\" \/>\n<meta property=\"article:publisher\" content=\"https:\/\/www.facebook.com\/airandme\" \/>\n<meta property=\"article:published_time\" content=\"2010-11-15T14:25:10+00:00\" \/>\n<meta property=\"article:modified_time\" content=\"2024-10-07T08:25:35+00:00\" \/>\n<meta property=\"og:image\" content=\"https:\/\/www.airandme.fr\/blog\/wp-content\/uploads\/airandme-halte-aux-incendies-domestiques-01.jpg\" \/>\n\t<meta property=\"og:image:width\" content=\"750\" \/>\n\t<meta property=\"og:image:height\" content=\"374\" \/>\n\t<meta property=\"og:image:type\" content=\"image\/jpeg\" \/>\n<meta name=\"author\" content=\"Lucie\" \/>\n<meta name=\"twitter:card\" content=\"summary_large_image\" \/>\n<meta name=\"twitter:label1\" content=\"\u00c9crit par\" \/>\n\t<meta name=\"twitter:data1\" content=\"Lucie\" \/>\n\t<meta name=\"twitter:label2\" content=\"Dur\u00e9e de lecture estim\u00e9e\" \/>\n\t<meta name=\"twitter:data2\" content=\"1 minute\" \/>\n<script type=\"application\/ld+json\" class=\"yoast-schema-graph\">{\"@context\":\"https:\\\/\\\/schema.org\",\"@graph\":[{\"@type\":\"Article\",\"@id\":\"https:\\\/\\\/www.airandme.fr\\\/blog\\\/ventilation\\\/halte-aux-incendies-domestiques\\\/#article\",\"isPartOf\":{\"@id\":\"https:\\\/\\\/www.airandme.fr\\\/blog\\\/ventilation\\\/halte-aux-incendies-domestiques\\\/\"},\"author\":{\"name\":\"Lucie\",\"@id\":\"https:\\\/\\\/www.airandme.fr\\\/blog\\\/#\\\/schema\\\/person\\\/7513dbbfef19fca38d61a145e4f491c0\"},\"headline\":\"Halte aux incendies domestiques !\",\"datePublished\":\"2010-11-15T14:25:10+00:00\",\"dateModified\":\"2024-10-07T08:25:35+00:00\",\"mainEntityOfPage\":{\"@id\":\"https:\\\/\\\/www.airandme.fr\\\/blog\\\/ventilation\\\/halte-aux-incendies-domestiques\\\/\"},\"wordCount\":140,\"commentCount\":0,\"publisher\":{\"@id\":\"https:\\\/\\\/www.airandme.fr\\\/blog\\\/#organization\"},\"image\":{\"@id\":\"https:\\\/\\\/www.airandme.fr\\\/blog\\\/ventilation\\\/halte-aux-incendies-domestiques\\\/#primaryimage\"},\"thumbnailUrl\":\"https:\\\/\\\/i0.wp.com\\\/www.airandme.fr\\\/blog\\\/wp-content\\\/uploads\\\/airandme-halte-aux-incendies-domestiques-01.jpg?fit=750%2C374&ssl=1\",\"articleSection\":[\"Ventilation et circulation de l'air\"],\"inLanguage\":\"fr-FR\",\"potentialAction\":[{\"@type\":\"CommentAction\",\"name\":\"Comment\",\"target\":[\"https:\\\/\\\/www.airandme.fr\\\/blog\\\/ventilation\\\/halte-aux-incendies-domestiques\\\/#respond\"]}]},{\"@type\":\"WebPage\",\"@id\":\"https:\\\/\\\/www.airandme.fr\\\/blog\\\/ventilation\\\/halte-aux-incendies-domestiques\\\/\",\"url\":\"https:\\\/\\\/www.airandme.fr\\\/blog\\\/ventilation\\\/halte-aux-incendies-domestiques\\\/\",\"name\":\"Extincteurs multi-usages Air Naturel : votre s\u00e9curit\u00e9 en priorit\u00e9 !\",\"isPartOf\":{\"@id\":\"https:\\\/\\\/www.airandme.fr\\\/blog\\\/#website\"},\"primaryImageOfPage\":{\"@id\":\"https:\\\/\\\/www.airandme.fr\\\/blog\\\/ventilation\\\/halte-aux-incendies-domestiques\\\/#primaryimage\"},\"image\":{\"@id\":\"https:\\\/\\\/www.airandme.fr\\\/blog\\\/ventilation\\\/halte-aux-incendies-domestiques\\\/#primaryimage\"},\"thumbnailUrl\":\"https:\\\/\\\/i0.wp.com\\\/www.airandme.fr\\\/blog\\\/wp-content\\\/uploads\\\/airandme-halte-aux-incendies-domestiques-01.jpg?fit=750%2C374&ssl=1\",\"datePublished\":\"2010-11-15T14:25:10+00:00\",\"dateModified\":\"2024-10-07T08:25:35+00:00\",\"description\":\"Prot\u00e9gez votre maison avec les extincteurs multi-usages \u00e0 poudre d'Air Naturel, efficaces contre divers feux et garantis 5 ans.\",\"breadcrumb\":{\"@id\":\"https:\\\/\\\/www.airandme.fr\\\/blog\\\/ventilation\\\/halte-aux-incendies-domestiques\\\/#breadcrumb\"},\"inLanguage\":\"fr-FR\",\"potentialAction\":[{\"@type\":\"ReadAction\",\"target\":[\"https:\\\/\\\/www.airandme.fr\\\/blog\\\/ventilation\\\/halte-aux-incendies-domestiques\\\/\"]}]},{\"@type\":\"ImageObject\",\"inLanguage\":\"fr-FR\",\"@id\":\"https:\\\/\\\/www.airandme.fr\\\/blog\\\/ventilation\\\/halte-aux-incendies-domestiques\\\/#primaryimage\",\"url\":\"https:\\\/\\\/i0.wp.com\\\/www.airandme.fr\\\/blog\\\/wp-content\\\/uploads\\\/airandme-halte-aux-incendies-domestiques-01.jpg?fit=750%2C374&ssl=1\",\"contentUrl\":\"https:\\\/\\\/i0.wp.com\\\/www.airandme.fr\\\/blog\\\/wp-content\\\/uploads\\\/airandme-halte-aux-incendies-domestiques-01.jpg?fit=750%2C374&ssl=1\",\"width\":\"750\",\"height\":\"374\",\"caption\":\"airandme-Halte aux incendies domestiques\"},{\"@type\":\"BreadcrumbList\",\"@id\":\"https:\\\/\\\/www.airandme.fr\\\/blog\\\/ventilation\\\/halte-aux-incendies-domestiques\\\/#breadcrumb\",\"itemListElement\":[{\"@type\":\"ListItem\",\"position\":1,\"name\":\"Accueil\",\"item\":\"https:\\\/\\\/www.airandme.fr\\\/blog\\\/\"},{\"@type\":\"ListItem\",\"position\":2,\"name\":\"Ventilation et circulation de l'air\",\"item\":\"https:\\\/\\\/www.airandme.fr\\\/blog\\\/category\\\/ventilation\\\/\"},{\"@type\":\"ListItem\",\"position\":3,\"name\":\"Halte aux incendies domestiques !\"}]},{\"@type\":\"WebSite\",\"@id\":\"https:\\\/\\\/www.airandme.fr\\\/blog\\\/#website\",\"url\":\"https:\\\/\\\/www.airandme.fr\\\/blog\\\/\",\"name\":\"air&me - Le blog du traitement de l'air\",\"description\":\"Solutions pour le traitement de l&#039;air int\u00e9rieur - Le blog du bien air chez soi\",\"publisher\":{\"@id\":\"https:\\\/\\\/www.airandme.fr\\\/blog\\\/#organization\"},\"potentialAction\":[{\"@type\":\"SearchAction\",\"target\":{\"@type\":\"EntryPoint\",\"urlTemplate\":\"https:\\\/\\\/www.airandme.fr\\\/blog\\\/?s={search_term_string}\"},\"query-input\":{\"@type\":\"PropertyValueSpecification\",\"valueRequired\":true,\"valueName\":\"search_term_string\"}}],\"inLanguage\":\"fr-FR\"},{\"@type\":\"Organization\",\"@id\":\"https:\\\/\\\/www.airandme.fr\\\/blog\\\/#organization\",\"name\":\"air&me - Le blog du traitement de l'air\",\"url\":\"https:\\\/\\\/www.airandme.fr\\\/blog\\\/\",\"logo\":{\"@type\":\"ImageObject\",\"inLanguage\":\"fr-FR\",\"@id\":\"https:\\\/\\\/www.airandme.fr\\\/blog\\\/#\\\/schema\\\/logo\\\/image\\\/\",\"url\":\"https:\\\/\\\/i0.wp.com\\\/www.airandme.fr\\\/blog\\\/wp-content\\\/uploads\\\/airandme-logo-blog-300px.png?fit=300%2C120&ssl=1\",\"contentUrl\":\"https:\\\/\\\/i0.wp.com\\\/www.airandme.fr\\\/blog\\\/wp-content\\\/uploads\\\/airandme-logo-blog-300px.png?fit=300%2C120&ssl=1\",\"width\":300,\"height\":120,\"caption\":\"air&me - Le blog du traitement de l'air\"},\"image\":{\"@id\":\"https:\\\/\\\/www.airandme.fr\\\/blog\\\/#\\\/schema\\\/logo\\\/image\\\/\"},\"sameAs\":[\"https:\\\/\\\/www.facebook.com\\\/airandme\",\"https:\\\/\\\/www.instagram.com\\\/air_and_me\\\/\",\"https:\\\/\\\/www.linkedin.com\\\/air-and-me\",\"https:\\\/\\\/www.pinterest.fr\\\/air_and_me\",\"https:\\\/\\\/www.youtube.com\\\/channel\\\/UCmco9cc0iTBmPINR5vaW90A\"]},{\"@type\":\"Person\",\"@id\":\"https:\\\/\\\/www.airandme.fr\\\/blog\\\/#\\\/schema\\\/person\\\/7513dbbfef19fca38d61a145e4f491c0\",\"name\":\"Lucie\",\"image\":{\"@type\":\"ImageObject\",\"inLanguage\":\"fr-FR\",\"@id\":\"https:\\\/\\\/secure.gravatar.com\\\/avatar\\\/2372cc4034755cad5c718652176001d9d14ed3a00ffb17bceaec9e1fe07aad5b?s=96&d=mm&r=g\",\"url\":\"https:\\\/\\\/secure.gravatar.com\\\/avatar\\\/2372cc4034755cad5c718652176001d9d14ed3a00ffb17bceaec9e1fe07aad5b?s=96&d=mm&r=g\",\"contentUrl\":\"https:\\\/\\\/secure.gravatar.com\\\/avatar\\\/2372cc4034755cad5c718652176001d9d14ed3a00ffb17bceaec9e1fe07aad5b?s=96&d=mm&r=g\",\"caption\":\"Lucie\"},\"url\":\"https:\\\/\\\/www.airandme.fr\\\/blog\\\/author\\\/lucie\\\/\"}]}<\/script>\n<!-- \/ Yoast SEO plugin. -->","yoast_head_json":{"title":"Extincteurs multi-usages Air Naturel : votre s\u00e9curit\u00e9 en priorit\u00e9 !","description":"Prot\u00e9gez votre maison avec les extincteurs multi-usages \u00e0 poudre d'Air Naturel, efficaces contre divers feux et garantis 5 ans.","robots":{"index":"index","follow":"follow","max-snippet":"max-snippet:-1","max-image-preview":"max-image-preview:large","max-video-preview":"max-video-preview:-1"},"canonical":"https:\/\/www.airandme.fr\/blog\/ventilation\/halte-aux-incendies-domestiques\/","og_locale":"fr_FR","og_type":"article","og_title":"Extincteurs multi-usages Air Naturel : votre s\u00e9curit\u00e9 en priorit\u00e9 !","og_description":"Prot\u00e9gez votre maison avec les extincteurs multi-usages \u00e0 poudre d'Air Naturel, efficaces contre divers feux et garantis 5 ans.","og_url":"https:\/\/www.airandme.fr\/blog\/ventilation\/halte-aux-incendies-domestiques\/","og_site_name":"air&amp;me - Le blog du traitement de l&#039;air","article_publisher":"https:\/\/www.facebook.com\/airandme","article_published_time":"2010-11-15T14:25:10+00:00","article_modified_time":"2024-10-07T08:25:35+00:00","og_image":[{"width":750,"height":374,"url":"https:\/\/www.airandme.fr\/blog\/wp-content\/uploads\/airandme-halte-aux-incendies-domestiques-01.jpg","type":"image\/jpeg"}],"author":"Lucie","twitter_card":"summary_large_image","twitter_misc":{"\u00c9crit par":"Lucie","Dur\u00e9e de lecture estim\u00e9e":"1 minute"},"schema":{"@context":"https:\/\/schema.org","@graph":[{"@type":"Article","@id":"https:\/\/www.airandme.fr\/blog\/ventilation\/halte-aux-incendies-domestiques\/#article","isPartOf":{"@id":"https:\/\/www.airandme.fr\/blog\/ventilation\/halte-aux-incendies-domestiques\/"},"author":{"name":"Lucie","@id":"https:\/\/www.airandme.fr\/blog\/#\/schema\/person\/7513dbbfef19fca38d61a145e4f491c0"},"headline":"Halte aux incendies domestiques !","datePublished":"2010-11-15T14:25:10+00:00","dateModified":"2024-10-07T08:25:35+00:00","mainEntityOfPage":{"@id":"https:\/\/www.airandme.fr\/blog\/ventilation\/halte-aux-incendies-domestiques\/"},"wordCount":140,"commentCount":0,"publisher":{"@id":"https:\/\/www.airandme.fr\/blog\/#organization"},"image":{"@id":"https:\/\/www.airandme.fr\/blog\/ventilation\/halte-aux-incendies-domestiques\/#primaryimage"},"thumbnailUrl":"https:\/\/i0.wp.com\/www.airandme.fr\/blog\/wp-content\/uploads\/airandme-halte-aux-incendies-domestiques-01.jpg?fit=750%2C374&ssl=1","articleSection":["Ventilation et circulation de l'air"],"inLanguage":"fr-FR","potentialAction":[{"@type":"CommentAction","name":"Comment","target":["https:\/\/www.airandme.fr\/blog\/ventilation\/halte-aux-incendies-domestiques\/#respond"]}]},{"@type":"WebPage","@id":"https:\/\/www.airandme.fr\/blog\/ventilation\/halte-aux-incendies-domestiques\/","url":"https:\/\/www.airandme.fr\/blog\/ventilation\/halte-aux-incendies-domestiques\/","name":"Extincteurs multi-usages Air Naturel : votre s\u00e9curit\u00e9 en priorit\u00e9 !","isPartOf":{"@id":"https:\/\/www.airandme.fr\/blog\/#website"},"primaryImageOfPage":{"@id":"https:\/\/www.airandme.fr\/blog\/ventilation\/halte-aux-incendies-domestiques\/#primaryimage"},"image":{"@id":"https:\/\/www.airandme.fr\/blog\/ventilation\/halte-aux-incendies-domestiques\/#primaryimage"},"thumbnailUrl":"https:\/\/i0.wp.com\/www.airandme.fr\/blog\/wp-content\/uploads\/airandme-halte-aux-incendies-domestiques-01.jpg?fit=750%2C374&ssl=1","datePublished":"2010-11-15T14:25:10+00:00","dateModified":"2024-10-07T08:25:35+00:00","description":"Prot\u00e9gez votre maison avec les extincteurs multi-usages \u00e0 poudre d'Air Naturel, efficaces contre divers feux et garantis 5 ans.","breadcrumb":{"@id":"https:\/\/www.airandme.fr\/blog\/ventilation\/halte-aux-incendies-domestiques\/#breadcrumb"},"inLanguage":"fr-FR","potentialAction":[{"@type":"ReadAction","target":["https:\/\/www.airandme.fr\/blog\/ventilation\/halte-aux-incendies-domestiques\/"]}]},{"@type":"ImageObject","inLanguage":"fr-FR","@id":"https:\/\/www.airandme.fr\/blog\/ventilation\/halte-aux-incendies-domestiques\/#primaryimage","url":"https:\/\/i0.wp.com\/www.airandme.fr\/blog\/wp-content\/uploads\/airandme-halte-aux-incendies-domestiques-01.jpg?fit=750%2C374&ssl=1","contentUrl":"https:\/\/i0.wp.com\/www.airandme.fr\/blog\/wp-content\/uploads\/airandme-halte-aux-incendies-domestiques-01.jpg?fit=750%2C374&ssl=1","width":"750","height":"374","caption":"airandme-Halte aux incendies domestiques"},{"@type":"BreadcrumbList","@id":"https:\/\/www.airandme.fr\/blog\/ventilation\/halte-aux-incendies-domestiques\/#breadcrumb","itemListElement":[{"@type":"ListItem","position":1,"name":"Accueil","item":"https:\/\/www.airandme.fr\/blog\/"},{"@type":"ListItem","position":2,"name":"Ventilation et circulation de l'air","item":"https:\/\/www.airandme.fr\/blog\/category\/ventilation\/"},{"@type":"ListItem","position":3,"name":"Halte aux incendies domestiques !"}]},{"@type":"WebSite","@id":"https:\/\/www.airandme.fr\/blog\/#website","url":"https:\/\/www.airandme.fr\/blog\/","name":"air&me - Le blog du traitement de l'air","description":"Solutions pour le traitement de l&#039;air int\u00e9rieur - Le blog du bien air chez soi","publisher":{"@id":"https:\/\/www.airandme.fr\/blog\/#organization"},"potentialAction":[{"@type":"SearchAction","target":{"@type":"EntryPoint","urlTemplate":"https:\/\/www.airandme.fr\/blog\/?s={search_term_string}"},"query-input":{"@type":"PropertyValueSpecification","valueRequired":true,"valueName":"search_term_string"}}],"inLanguage":"fr-FR"},{"@type":"Organization","@id":"https:\/\/www.airandme.fr\/blog\/#organization","name":"air&me - Le blog du traitement de l'air","url":"https:\/\/www.airandme.fr\/blog\/","logo":{"@type":"ImageObject","inLanguage":"fr-FR","@id":"https:\/\/www.airandme.fr\/blog\/#\/schema\/logo\/image\/","url":"https:\/\/i0.wp.com\/www.airandme.fr\/blog\/wp-content\/uploads\/airandme-logo-blog-300px.png?fit=300%2C120&ssl=1","contentUrl":"https:\/\/i0.wp.com\/www.airandme.fr\/blog\/wp-content\/uploads\/airandme-logo-blog-300px.png?fit=300%2C120&ssl=1","width":300,"height":120,"caption":"air&me - Le blog du traitement de l'air"},"image":{"@id":"https:\/\/www.airandme.fr\/blog\/#\/schema\/logo\/image\/"},"sameAs":["https:\/\/www.facebook.com\/airandme","https:\/\/www.instagram.com\/air_and_me\/","https:\/\/www.linkedin.com\/air-and-me","https:\/\/www.pinterest.fr\/air_and_me","https:\/\/www.youtube.com\/channel\/UCmco9cc0iTBmPINR5vaW90A"]},{"@type":"Person","@id":"https:\/\/www.airandme.fr\/blog\/#\/schema\/person\/7513dbbfef19fca38d61a145e4f491c0","name":"Lucie","image":{"@type":"ImageObject","inLanguage":"fr-FR","@id":"https:\/\/secure.gravatar.com\/avatar\/2372cc4034755cad5c718652176001d9d14ed3a00ffb17bceaec9e1fe07aad5b?s=96&d=mm&r=g","url":"https:\/\/secure.gravatar.com\/avatar\/2372cc4034755cad5c718652176001d9d14ed3a00ffb17bceaec9e1fe07aad5b?s=96&d=mm&r=g","contentUrl":"https:\/\/secure.gravatar.com\/avatar\/2372cc4034755cad5c718652176001d9d14ed3a00ffb17bceaec9e1fe07aad5b?s=96&d=mm&r=g","caption":"Lucie"},"url":"https:\/\/www.airandme.fr\/blog\/author\/lucie\/"}]}},"jetpack_featured_media_url":"https:\/\/i0.wp.com\/www.airandme.fr\/blog\/wp-content\/uploads\/airandme-halte-aux-incendies-domestiques-01.jpg?fit=750%2C374&ssl=1","jetpack_sharing_enabled":true,"jetpack_shortlink":"https:\/\/wp.me\/paHeLN-Ii","_links":{"self":[{"href":"https:\/\/www.airandme.fr\/blog\/wp-json\/wp\/v2\/posts\/2746","targetHints":{"allow":["GET"]}}],"collection":[{"href":"https:\/\/www.airandme.fr\/blog\/wp-json\/wp\/v2\/posts"}],"about":[{"href":"https:\/\/www.airandme.fr\/blog\/wp-json\/wp\/v2\/types\/post"}],"author":[{"embeddable":true,"href":"https:\/\/www.airandme.fr\/blog\/wp-json\/wp\/v2\/users\/1002"}],"replies":[{"embeddable":true,"href":"https:\/\/www.airandme.fr\/blog\/wp-json\/wp\/v2\/comments?post=2746"}],"version-history":[{"count":1,"href":"https:\/\/www.airandme.fr\/blog\/wp-json\/wp\/v2\/posts\/2746\/revisions"}],"predecessor-version":[{"id":20808,"href":"https:\/\/www.airandme.fr\/blog\/wp-json\/wp\/v2\/posts\/2746\/revisions\/20808"}],"wp:featuredmedia":[{"embeddable":true,"href":"https:\/\/www.airandme.fr\/blog\/wp-json\/wp\/v2\/media\/16124"}],"wp:attachment":[{"href":"https:\/\/www.airandme.fr\/blog\/wp-json\/wp\/v2\/media?parent=2746"}],"wp:term":[{"taxonomy":"category","embeddable":true,"href":"https:\/\/www.airandme.fr\/blog\/wp-json\/wp\/v2\/categories?post=2746"},{"taxonomy":"post_tag","embeddable":true,"href":"https:\/\/www.airandme.fr\/blog\/wp-json\/wp\/v2\/tags?post=2746"}],"curies":[{"name":"wp","href":"https:\/\/api.w.org\/{rel}","templated":true}]}}