{"id":5958,"date":"2013-03-20T16:41:22","date_gmt":"2013-03-20T15:41:22","guid":{"rendered":"https:\/\/www.airandme.fr\/blog\/\/?p=5958"},"modified":"2024-12-30T11:27:14","modified_gmt":"2024-12-30T09:27:14","slug":"leurope-malade-de-la-pollution-atmospherique","status":"publish","type":"post","link":"https:\/\/www.airandme.fr\/blog\/pollution-de-lair-exterieur\/leurope-malade-de-la-pollution-atmospherique\/","title":{"rendered":"L\u2019Europe malade de la pollution atmosph\u00e9rique"},"content":{"rendered":"<p style=\"text-align: justify;\">Le 18 mars, l\u2019Agence Europ\u00e9enne de l\u2019Environnement (AEE) a d\u00e9clar\u00e9 qu\u2019en 2011, huit pays europ\u00e9ens d\u00e9passaient les seuils-limites d\u00e9finis par la directive NEC (National emission ceilings).<\/p>\n<p style=\"text-align: justify;\">D\u2019apr\u00e8s l\u2019AEE les 4 principaux polluants le plus nocifs sont le dioxyde de soufre (SO2), les oxydes d\u2019azote (NOx) [valeurs-limites fr\u00e9quemment d\u00e9pass\u00e9es], les compos\u00e9s organiques volatiles non m\u00e9thaniques (COVNM) et l\u2019ammoniac (NH3). \u00a0En ce qui concerne les oxydes d\u2019azote (NOx) sept pays \u00e9taient en infraction en 2011\u00a0: la France (seuils d\u00e9pass\u00e9s de 25%), l\u2019Allemagne, l\u2019Autriche, la Belgique, l\u2019Espagne, l\u2019Irlande et le Luxembourg. \u00a0Seuls quatre pays ont r\u00e9ussi \u00e0 respecter leurs seuils nationaux, alors qu\u2019ils les d\u00e9passaient en 2010\u00a0: le Danemark, la Finlande, les Pays-Bas et la Su\u00e8de. En mati\u00e8re de NH3, 3 pays d\u00e9passent encore les seuils-limites. Il s\u2019agit de l\u2019Allemagne, l\u2019Espagne et la Finlande. Les pays europ\u00e9ens respectent les valeurs limites relatives aux COVNM, \u00e0 l\u2019exception de l\u2019Allemagne, qui d\u00e9passe de 3 fois les plafonds d\u2019\u00e9missions. Selon une carte publi\u00e9e par l\u2019AEE, Paris, Marseille, Turin, Milan et Rome affichent par ailleurs les niveaux de particules PM10 les plus importants d\u2019Europe, avec une moyenne annuelle sup\u00e9rieure \u00e0 50 microgrammes par m\u00e8tre cube (en donn\u00e9es journali\u00e8res).<\/p>\n<p style=\"text-align: justify;\">\u00abM\u00eame si les nouvelles donn\u00e9es montrent une nette am\u00e9lioration entre 2010 et 2011, l&rsquo;Europe doit encore travailler dur pour r\u00e9duire la pollution atmosph\u00e9rique\u00bb, a comment\u00e9 la directrice de l&rsquo;AEE, Jacqueline McGlade, pr\u00e9cisant que 40% des \u00e9missions de NOx sont issues des transports.<\/p>\n<p style=\"text-align: justify;\">Il est important de savoir qu\u2019un taux \u00e9lev\u00e9 de polluants nocifs dans l\u2019environnement, peut accro\u00eetre l\u2019acidification des sols et des eaux de surface, d\u00e9grader la v\u00e9g\u00e9tation et peut \u00e9galement peut g\u00e9n\u00e9rer des probl\u00e8mes respiratoires.<\/p>\n<p style=\"text-align: justify;\">Pour lutter contre les impacts de la pollution dans notre environnement, il est conseill\u00e9 de \u00a0prot\u00e9ger l\u2019air int\u00e9rieur dans laquelle nous passons 90% de notre temps en le purifiant gr\u00e2ce \u00e0 des <a title=\"purificateur d'air\" href=\"https:\/\/airandme.fr\/fr\/resultat-recherche?s=purificateur+blueair\" target=\"_blank\" rel=\"noopener noreferrer\">purificateurs d\u2019air int\u00e9rieur<\/a> de haute qualit\u00e9.<\/p>\n<p style=\"text-align: justify;\">\n","protected":false},"excerpt":{"rendered":"<p>Le 18 mars, l\u2019Agence Europ\u00e9enne de l\u2019Environnement (AEE) a d\u00e9clar\u00e9 qu\u2019en 2011, huit pays europ\u00e9ens d\u00e9passaient les seuils-limites d\u00e9finis par la directive NEC (National emission ceilings). D\u2019apr\u00e8s l\u2019AEE les 4 principaux polluants le plus nocifs sont le dioxyde de soufre (SO2), les oxydes d\u2019azote (NOx) [valeurs-limites fr\u00e9quemment d\u00e9pass\u00e9es], les compos\u00e9s organiques volatiles non m\u00e9thaniques (COVNM) [&hellip;]<\/p>\n","protected":false},"author":2,"featured_media":16317,"comment_status":"open","ping_status":"open","sticky":false,"template":"","format":"standard","meta":{"jetpack_post_was_ever_published":false,"_jetpack_newsletter_access":"","_jetpack_dont_email_post_to_subs":false,"_jetpack_newsletter_tier_id":0,"_jetpack_memberships_contains_paywalled_content":false,"_jetpack_memberships_contains_paid_content":false,"jnews-multi-image_gallery":[],"jnews_single_post":{"subtitle":"","format":"standard","video":"","gallery":"","source_name":"","source_url":"","via_name":"","via_url":"","override":[{"template":"1","single_blog_custom":"","parallax":"1","layout":"right-sidebar","sidebar":"default-sidebar","second_sidebar":"","sticky_sidebar":"1","share_position":"top","share_float_style":"share-monocrhome","show_share_counter":"1","show_view_counter":"1","show_featured":"1","show_post_meta":"1","show_post_author":"1","show_post_author_image":"1","show_post_date":"1","post_date_format":"","post_date_format_custom":"","show_post_category":"1","post_reading_time_wpm":"","zoom_button_out_step":"1","zoom_button_in_step":"1","show_post_tag":"1","show_prev_next_post":"1","show_popup_post":"1","number_popup_post":"1","show_post_related":"1"}],"image_override":[{"single_post_thumbnail_size":"crop-500","single_post_gallery_size":"crop-500"}],"trending_post_position":"","trending_post_label":"","sponsored_post_label":"","sponsored_post_name":"","sponsored_post_url":"","sponsored_post_logo":"","sponsored_post_desc":""},"jnews_primary_category":{"id":""},"jnews_social_meta":{"fb_title":"","fb_description":"","fb_image":"","twitter_title":"","twitter_description":"","twitter_image":""},"footnotes":""},"categories":[2336],"tags":[],"class_list":["post-5958","post","type-post","status-publish","format-standard","has-post-thumbnail","hentry","category-pollution-de-lair-exterieur"],"yoast_head":"<!-- This site is optimized with the Yoast SEO plugin v27.4 - https:\/\/yoast.com\/product\/yoast-seo-wordpress\/ -->\n<title>L\u2019Europe malade de la pollution atmosph\u00e9rique<\/title>\n<meta name=\"description\" content=\"L\u2019Europe lutte contre la pollution de l\u2019air, avec des d\u00e9passements de seuils en 2011. D\u00e9couvrez les principaux polluants et les actions pour am\u00e9liorer la qualit\u00e9 de l\u2019air.\" \/>\n<meta name=\"robots\" content=\"index, follow, max-snippet:-1, max-image-preview:large, max-video-preview:-1\" \/>\n<link rel=\"canonical\" href=\"https:\/\/www.airandme.fr\/blog\/pollution-de-lair-exterieur\/leurope-malade-de-la-pollution-atmospherique\/\" \/>\n<meta property=\"og:locale\" content=\"fr_FR\" \/>\n<meta property=\"og:type\" content=\"article\" \/>\n<meta property=\"og:title\" content=\"L\u2019Europe malade de la pollution atmosph\u00e9rique\" \/>\n<meta property=\"og:description\" content=\"L\u2019Europe lutte contre la pollution de l\u2019air, avec des d\u00e9passements de seuils en 2011. D\u00e9couvrez les principaux polluants et les actions pour am\u00e9liorer la qualit\u00e9 de l\u2019air.\" \/>\n<meta property=\"og:url\" content=\"https:\/\/www.airandme.fr\/blog\/pollution-de-lair-exterieur\/leurope-malade-de-la-pollution-atmospherique\/\" \/>\n<meta property=\"og:site_name\" content=\"air&amp;me - Le blog du traitement de l&#039;air\" \/>\n<meta property=\"article:publisher\" content=\"https:\/\/www.facebook.com\/airandme\" \/>\n<meta property=\"article:published_time\" content=\"2013-03-20T15:41:22+00:00\" \/>\n<meta property=\"article:modified_time\" content=\"2024-12-30T09:27:14+00:00\" \/>\n<meta property=\"og:image\" content=\"https:\/\/www.airandme.fr\/blog\/wp-content\/uploads\/airandme-l-europe-malade-de-la-pollution-atmosph\u00e9rique-01.jpg\" \/>\n\t<meta property=\"og:image:width\" content=\"750\" \/>\n\t<meta property=\"og:image:height\" content=\"374\" \/>\n\t<meta property=\"og:image:type\" content=\"image\/jpeg\" \/>\n<meta name=\"author\" content=\"nicolas\" \/>\n<meta name=\"twitter:card\" content=\"summary_large_image\" \/>\n<meta name=\"twitter:label1\" content=\"\u00c9crit par\" \/>\n\t<meta name=\"twitter:data1\" content=\"nicolas\" \/>\n\t<meta name=\"twitter:label2\" content=\"Dur\u00e9e de lecture estim\u00e9e\" \/>\n\t<meta name=\"twitter:data2\" content=\"2 minutes\" \/>\n<script type=\"application\/ld+json\" class=\"yoast-schema-graph\">{\"@context\":\"https:\\\/\\\/schema.org\",\"@graph\":[{\"@type\":\"Article\",\"@id\":\"https:\\\/\\\/www.airandme.fr\\\/blog\\\/pollution-de-lair-exterieur\\\/leurope-malade-de-la-pollution-atmospherique\\\/#article\",\"isPartOf\":{\"@id\":\"https:\\\/\\\/www.airandme.fr\\\/blog\\\/pollution-de-lair-exterieur\\\/leurope-malade-de-la-pollution-atmospherique\\\/\"},\"author\":{\"name\":\"nicolas\",\"@id\":\"https:\\\/\\\/www.airandme.fr\\\/blog\\\/#\\\/schema\\\/person\\\/e93285f19075a09c0508c6e97ebfe19b\"},\"headline\":\"L\u2019Europe malade de la pollution atmosph\u00e9rique\",\"datePublished\":\"2013-03-20T15:41:22+00:00\",\"dateModified\":\"2024-12-30T09:27:14+00:00\",\"mainEntityOfPage\":{\"@id\":\"https:\\\/\\\/www.airandme.fr\\\/blog\\\/pollution-de-lair-exterieur\\\/leurope-malade-de-la-pollution-atmospherique\\\/\"},\"wordCount\":366,\"commentCount\":0,\"publisher\":{\"@id\":\"https:\\\/\\\/www.airandme.fr\\\/blog\\\/#organization\"},\"image\":{\"@id\":\"https:\\\/\\\/www.airandme.fr\\\/blog\\\/pollution-de-lair-exterieur\\\/leurope-malade-de-la-pollution-atmospherique\\\/#primaryimage\"},\"thumbnailUrl\":\"https:\\\/\\\/i0.wp.com\\\/www.airandme.fr\\\/blog\\\/wp-content\\\/uploads\\\/airandme-l-europe-malade-de-la-pollution-atmosph%C3%A9rique-01.jpg?fit=750%2C374&ssl=1\",\"articleSection\":[\"Pollution de l'air ext\u00e9rieur\"],\"inLanguage\":\"fr-FR\",\"potentialAction\":[{\"@type\":\"CommentAction\",\"name\":\"Comment\",\"target\":[\"https:\\\/\\\/www.airandme.fr\\\/blog\\\/pollution-de-lair-exterieur\\\/leurope-malade-de-la-pollution-atmospherique\\\/#respond\"]}]},{\"@type\":\"WebPage\",\"@id\":\"https:\\\/\\\/www.airandme.fr\\\/blog\\\/pollution-de-lair-exterieur\\\/leurope-malade-de-la-pollution-atmospherique\\\/\",\"url\":\"https:\\\/\\\/www.airandme.fr\\\/blog\\\/pollution-de-lair-exterieur\\\/leurope-malade-de-la-pollution-atmospherique\\\/\",\"name\":\"L\u2019Europe malade de la pollution atmosph\u00e9rique\",\"isPartOf\":{\"@id\":\"https:\\\/\\\/www.airandme.fr\\\/blog\\\/#website\"},\"primaryImageOfPage\":{\"@id\":\"https:\\\/\\\/www.airandme.fr\\\/blog\\\/pollution-de-lair-exterieur\\\/leurope-malade-de-la-pollution-atmospherique\\\/#primaryimage\"},\"image\":{\"@id\":\"https:\\\/\\\/www.airandme.fr\\\/blog\\\/pollution-de-lair-exterieur\\\/leurope-malade-de-la-pollution-atmospherique\\\/#primaryimage\"},\"thumbnailUrl\":\"https:\\\/\\\/i0.wp.com\\\/www.airandme.fr\\\/blog\\\/wp-content\\\/uploads\\\/airandme-l-europe-malade-de-la-pollution-atmosph%C3%A9rique-01.jpg?fit=750%2C374&ssl=1\",\"datePublished\":\"2013-03-20T15:41:22+00:00\",\"dateModified\":\"2024-12-30T09:27:14+00:00\",\"description\":\"L\u2019Europe lutte contre la pollution de l\u2019air, avec des d\u00e9passements de seuils en 2011. D\u00e9couvrez les principaux polluants et les actions pour am\u00e9liorer la qualit\u00e9 de l\u2019air.\",\"breadcrumb\":{\"@id\":\"https:\\\/\\\/www.airandme.fr\\\/blog\\\/pollution-de-lair-exterieur\\\/leurope-malade-de-la-pollution-atmospherique\\\/#breadcrumb\"},\"inLanguage\":\"fr-FR\",\"potentialAction\":[{\"@type\":\"ReadAction\",\"target\":[\"https:\\\/\\\/www.airandme.fr\\\/blog\\\/pollution-de-lair-exterieur\\\/leurope-malade-de-la-pollution-atmospherique\\\/\"]}]},{\"@type\":\"ImageObject\",\"inLanguage\":\"fr-FR\",\"@id\":\"https:\\\/\\\/www.airandme.fr\\\/blog\\\/pollution-de-lair-exterieur\\\/leurope-malade-de-la-pollution-atmospherique\\\/#primaryimage\",\"url\":\"https:\\\/\\\/i0.wp.com\\\/www.airandme.fr\\\/blog\\\/wp-content\\\/uploads\\\/airandme-l-europe-malade-de-la-pollution-atmosph%C3%A9rique-01.jpg?fit=750%2C374&ssl=1\",\"contentUrl\":\"https:\\\/\\\/i0.wp.com\\\/www.airandme.fr\\\/blog\\\/wp-content\\\/uploads\\\/airandme-l-europe-malade-de-la-pollution-atmosph%C3%A9rique-01.jpg?fit=750%2C374&ssl=1\",\"width\":750,\"height\":374,\"caption\":\"airandme-L\u2019Europe malade de la pollution atmosph\u00e9rique\"},{\"@type\":\"BreadcrumbList\",\"@id\":\"https:\\\/\\\/www.airandme.fr\\\/blog\\\/pollution-de-lair-exterieur\\\/leurope-malade-de-la-pollution-atmospherique\\\/#breadcrumb\",\"itemListElement\":[{\"@type\":\"ListItem\",\"position\":1,\"name\":\"Accueil\",\"item\":\"https:\\\/\\\/www.airandme.fr\\\/blog\\\/\"},{\"@type\":\"ListItem\",\"position\":2,\"name\":\"Pollution de l'air ext\u00e9rieur\",\"item\":\"https:\\\/\\\/www.airandme.fr\\\/blog\\\/category\\\/pollution-de-lair-exterieur\\\/\"},{\"@type\":\"ListItem\",\"position\":3,\"name\":\"L\u2019Europe malade de la pollution atmosph\u00e9rique\"}]},{\"@type\":\"WebSite\",\"@id\":\"https:\\\/\\\/www.airandme.fr\\\/blog\\\/#website\",\"url\":\"https:\\\/\\\/www.airandme.fr\\\/blog\\\/\",\"name\":\"air&me - Le blog du traitement de l'air\",\"description\":\"Solutions pour le traitement de l&#039;air int\u00e9rieur - Le blog du bien air chez soi\",\"publisher\":{\"@id\":\"https:\\\/\\\/www.airandme.fr\\\/blog\\\/#organization\"},\"potentialAction\":[{\"@type\":\"SearchAction\",\"target\":{\"@type\":\"EntryPoint\",\"urlTemplate\":\"https:\\\/\\\/www.airandme.fr\\\/blog\\\/?s={search_term_string}\"},\"query-input\":{\"@type\":\"PropertyValueSpecification\",\"valueRequired\":true,\"valueName\":\"search_term_string\"}}],\"inLanguage\":\"fr-FR\"},{\"@type\":\"Organization\",\"@id\":\"https:\\\/\\\/www.airandme.fr\\\/blog\\\/#organization\",\"name\":\"air&me - Le blog du traitement de l'air\",\"url\":\"https:\\\/\\\/www.airandme.fr\\\/blog\\\/\",\"logo\":{\"@type\":\"ImageObject\",\"inLanguage\":\"fr-FR\",\"@id\":\"https:\\\/\\\/www.airandme.fr\\\/blog\\\/#\\\/schema\\\/logo\\\/image\\\/\",\"url\":\"https:\\\/\\\/i0.wp.com\\\/www.airandme.fr\\\/blog\\\/wp-content\\\/uploads\\\/airandme-logo-blog-300px.png?fit=300%2C120&ssl=1\",\"contentUrl\":\"https:\\\/\\\/i0.wp.com\\\/www.airandme.fr\\\/blog\\\/wp-content\\\/uploads\\\/airandme-logo-blog-300px.png?fit=300%2C120&ssl=1\",\"width\":300,\"height\":120,\"caption\":\"air&me - Le blog du traitement de l'air\"},\"image\":{\"@id\":\"https:\\\/\\\/www.airandme.fr\\\/blog\\\/#\\\/schema\\\/logo\\\/image\\\/\"},\"sameAs\":[\"https:\\\/\\\/www.facebook.com\\\/airandme\",\"https:\\\/\\\/www.instagram.com\\\/air_and_me\\\/\",\"https:\\\/\\\/www.linkedin.com\\\/air-and-me\",\"https:\\\/\\\/www.pinterest.fr\\\/air_and_me\",\"https:\\\/\\\/www.youtube.com\\\/channel\\\/UCmco9cc0iTBmPINR5vaW90A\"]},{\"@type\":\"Person\",\"@id\":\"https:\\\/\\\/www.airandme.fr\\\/blog\\\/#\\\/schema\\\/person\\\/e93285f19075a09c0508c6e97ebfe19b\",\"name\":\"nicolas\",\"image\":{\"@type\":\"ImageObject\",\"inLanguage\":\"fr-FR\",\"@id\":\"https:\\\/\\\/secure.gravatar.com\\\/avatar\\\/2e2d5a700f89460d486959b95cf34fab038ee31f4b655906767c768b9943aad8?s=96&d=mm&r=g\",\"url\":\"https:\\\/\\\/secure.gravatar.com\\\/avatar\\\/2e2d5a700f89460d486959b95cf34fab038ee31f4b655906767c768b9943aad8?s=96&d=mm&r=g\",\"contentUrl\":\"https:\\\/\\\/secure.gravatar.com\\\/avatar\\\/2e2d5a700f89460d486959b95cf34fab038ee31f4b655906767c768b9943aad8?s=96&d=mm&r=g\",\"caption\":\"nicolas\"},\"description\":\"Sp\u00e9cialiste du traitement de l'air chez air&amp;me\",\"url\":\"https:\\\/\\\/www.airandme.fr\\\/blog\\\/author\\\/nicolas\\\/\"}]}<\/script>\n<!-- \/ Yoast SEO plugin. -->","yoast_head_json":{"title":"L\u2019Europe malade de la pollution atmosph\u00e9rique","description":"L\u2019Europe lutte contre la pollution de l\u2019air, avec des d\u00e9passements de seuils en 2011. D\u00e9couvrez les principaux polluants et les actions pour am\u00e9liorer la qualit\u00e9 de l\u2019air.","robots":{"index":"index","follow":"follow","max-snippet":"max-snippet:-1","max-image-preview":"max-image-preview:large","max-video-preview":"max-video-preview:-1"},"canonical":"https:\/\/www.airandme.fr\/blog\/pollution-de-lair-exterieur\/leurope-malade-de-la-pollution-atmospherique\/","og_locale":"fr_FR","og_type":"article","og_title":"L\u2019Europe malade de la pollution atmosph\u00e9rique","og_description":"L\u2019Europe lutte contre la pollution de l\u2019air, avec des d\u00e9passements de seuils en 2011. D\u00e9couvrez les principaux polluants et les actions pour am\u00e9liorer la qualit\u00e9 de l\u2019air.","og_url":"https:\/\/www.airandme.fr\/blog\/pollution-de-lair-exterieur\/leurope-malade-de-la-pollution-atmospherique\/","og_site_name":"air&amp;me - Le blog du traitement de l&#039;air","article_publisher":"https:\/\/www.facebook.com\/airandme","article_published_time":"2013-03-20T15:41:22+00:00","article_modified_time":"2024-12-30T09:27:14+00:00","og_image":[{"width":750,"height":374,"url":"https:\/\/www.airandme.fr\/blog\/wp-content\/uploads\/airandme-l-europe-malade-de-la-pollution-atmosph\u00e9rique-01.jpg","type":"image\/jpeg"}],"author":"nicolas","twitter_card":"summary_large_image","twitter_misc":{"\u00c9crit par":"nicolas","Dur\u00e9e de lecture estim\u00e9e":"2 minutes"},"schema":{"@context":"https:\/\/schema.org","@graph":[{"@type":"Article","@id":"https:\/\/www.airandme.fr\/blog\/pollution-de-lair-exterieur\/leurope-malade-de-la-pollution-atmospherique\/#article","isPartOf":{"@id":"https:\/\/www.airandme.fr\/blog\/pollution-de-lair-exterieur\/leurope-malade-de-la-pollution-atmospherique\/"},"author":{"name":"nicolas","@id":"https:\/\/www.airandme.fr\/blog\/#\/schema\/person\/e93285f19075a09c0508c6e97ebfe19b"},"headline":"L\u2019Europe malade de la pollution atmosph\u00e9rique","datePublished":"2013-03-20T15:41:22+00:00","dateModified":"2024-12-30T09:27:14+00:00","mainEntityOfPage":{"@id":"https:\/\/www.airandme.fr\/blog\/pollution-de-lair-exterieur\/leurope-malade-de-la-pollution-atmospherique\/"},"wordCount":366,"commentCount":0,"publisher":{"@id":"https:\/\/www.airandme.fr\/blog\/#organization"},"image":{"@id":"https:\/\/www.airandme.fr\/blog\/pollution-de-lair-exterieur\/leurope-malade-de-la-pollution-atmospherique\/#primaryimage"},"thumbnailUrl":"https:\/\/i0.wp.com\/www.airandme.fr\/blog\/wp-content\/uploads\/airandme-l-europe-malade-de-la-pollution-atmosph%C3%A9rique-01.jpg?fit=750%2C374&ssl=1","articleSection":["Pollution de l'air ext\u00e9rieur"],"inLanguage":"fr-FR","potentialAction":[{"@type":"CommentAction","name":"Comment","target":["https:\/\/www.airandme.fr\/blog\/pollution-de-lair-exterieur\/leurope-malade-de-la-pollution-atmospherique\/#respond"]}]},{"@type":"WebPage","@id":"https:\/\/www.airandme.fr\/blog\/pollution-de-lair-exterieur\/leurope-malade-de-la-pollution-atmospherique\/","url":"https:\/\/www.airandme.fr\/blog\/pollution-de-lair-exterieur\/leurope-malade-de-la-pollution-atmospherique\/","name":"L\u2019Europe malade de la pollution atmosph\u00e9rique","isPartOf":{"@id":"https:\/\/www.airandme.fr\/blog\/#website"},"primaryImageOfPage":{"@id":"https:\/\/www.airandme.fr\/blog\/pollution-de-lair-exterieur\/leurope-malade-de-la-pollution-atmospherique\/#primaryimage"},"image":{"@id":"https:\/\/www.airandme.fr\/blog\/pollution-de-lair-exterieur\/leurope-malade-de-la-pollution-atmospherique\/#primaryimage"},"thumbnailUrl":"https:\/\/i0.wp.com\/www.airandme.fr\/blog\/wp-content\/uploads\/airandme-l-europe-malade-de-la-pollution-atmosph%C3%A9rique-01.jpg?fit=750%2C374&ssl=1","datePublished":"2013-03-20T15:41:22+00:00","dateModified":"2024-12-30T09:27:14+00:00","description":"L\u2019Europe lutte contre la pollution de l\u2019air, avec des d\u00e9passements de seuils en 2011. D\u00e9couvrez les principaux polluants et les actions pour am\u00e9liorer la qualit\u00e9 de l\u2019air.","breadcrumb":{"@id":"https:\/\/www.airandme.fr\/blog\/pollution-de-lair-exterieur\/leurope-malade-de-la-pollution-atmospherique\/#breadcrumb"},"inLanguage":"fr-FR","potentialAction":[{"@type":"ReadAction","target":["https:\/\/www.airandme.fr\/blog\/pollution-de-lair-exterieur\/leurope-malade-de-la-pollution-atmospherique\/"]}]},{"@type":"ImageObject","inLanguage":"fr-FR","@id":"https:\/\/www.airandme.fr\/blog\/pollution-de-lair-exterieur\/leurope-malade-de-la-pollution-atmospherique\/#primaryimage","url":"https:\/\/i0.wp.com\/www.airandme.fr\/blog\/wp-content\/uploads\/airandme-l-europe-malade-de-la-pollution-atmosph%C3%A9rique-01.jpg?fit=750%2C374&ssl=1","contentUrl":"https:\/\/i0.wp.com\/www.airandme.fr\/blog\/wp-content\/uploads\/airandme-l-europe-malade-de-la-pollution-atmosph%C3%A9rique-01.jpg?fit=750%2C374&ssl=1","width":750,"height":374,"caption":"airandme-L\u2019Europe malade de la pollution atmosph\u00e9rique"},{"@type":"BreadcrumbList","@id":"https:\/\/www.airandme.fr\/blog\/pollution-de-lair-exterieur\/leurope-malade-de-la-pollution-atmospherique\/#breadcrumb","itemListElement":[{"@type":"ListItem","position":1,"name":"Accueil","item":"https:\/\/www.airandme.fr\/blog\/"},{"@type":"ListItem","position":2,"name":"Pollution de l'air ext\u00e9rieur","item":"https:\/\/www.airandme.fr\/blog\/category\/pollution-de-lair-exterieur\/"},{"@type":"ListItem","position":3,"name":"L\u2019Europe malade de la pollution atmosph\u00e9rique"}]},{"@type":"WebSite","@id":"https:\/\/www.airandme.fr\/blog\/#website","url":"https:\/\/www.airandme.fr\/blog\/","name":"air&me - Le blog du traitement de l'air","description":"Solutions pour le traitement de l&#039;air int\u00e9rieur - Le blog du bien air chez soi","publisher":{"@id":"https:\/\/www.airandme.fr\/blog\/#organization"},"potentialAction":[{"@type":"SearchAction","target":{"@type":"EntryPoint","urlTemplate":"https:\/\/www.airandme.fr\/blog\/?s={search_term_string}"},"query-input":{"@type":"PropertyValueSpecification","valueRequired":true,"valueName":"search_term_string"}}],"inLanguage":"fr-FR"},{"@type":"Organization","@id":"https:\/\/www.airandme.fr\/blog\/#organization","name":"air&me - Le blog du traitement de l'air","url":"https:\/\/www.airandme.fr\/blog\/","logo":{"@type":"ImageObject","inLanguage":"fr-FR","@id":"https:\/\/www.airandme.fr\/blog\/#\/schema\/logo\/image\/","url":"https:\/\/i0.wp.com\/www.airandme.fr\/blog\/wp-content\/uploads\/airandme-logo-blog-300px.png?fit=300%2C120&ssl=1","contentUrl":"https:\/\/i0.wp.com\/www.airandme.fr\/blog\/wp-content\/uploads\/airandme-logo-blog-300px.png?fit=300%2C120&ssl=1","width":300,"height":120,"caption":"air&me - Le blog du traitement de l'air"},"image":{"@id":"https:\/\/www.airandme.fr\/blog\/#\/schema\/logo\/image\/"},"sameAs":["https:\/\/www.facebook.com\/airandme","https:\/\/www.instagram.com\/air_and_me\/","https:\/\/www.linkedin.com\/air-and-me","https:\/\/www.pinterest.fr\/air_and_me","https:\/\/www.youtube.com\/channel\/UCmco9cc0iTBmPINR5vaW90A"]},{"@type":"Person","@id":"https:\/\/www.airandme.fr\/blog\/#\/schema\/person\/e93285f19075a09c0508c6e97ebfe19b","name":"nicolas","image":{"@type":"ImageObject","inLanguage":"fr-FR","@id":"https:\/\/secure.gravatar.com\/avatar\/2e2d5a700f89460d486959b95cf34fab038ee31f4b655906767c768b9943aad8?s=96&d=mm&r=g","url":"https:\/\/secure.gravatar.com\/avatar\/2e2d5a700f89460d486959b95cf34fab038ee31f4b655906767c768b9943aad8?s=96&d=mm&r=g","contentUrl":"https:\/\/secure.gravatar.com\/avatar\/2e2d5a700f89460d486959b95cf34fab038ee31f4b655906767c768b9943aad8?s=96&d=mm&r=g","caption":"nicolas"},"description":"Sp\u00e9cialiste du traitement de l'air chez air&amp;me","url":"https:\/\/www.airandme.fr\/blog\/author\/nicolas\/"}]}},"jetpack_featured_media_url":"https:\/\/i0.wp.com\/www.airandme.fr\/blog\/wp-content\/uploads\/airandme-l-europe-malade-de-la-pollution-atmosph%C3%A9rique-01.jpg?fit=750%2C374&ssl=1","jetpack_sharing_enabled":true,"jetpack_shortlink":"https:\/\/wp.me\/paHeLN-1y6","_links":{"self":[{"href":"https:\/\/www.airandme.fr\/blog\/wp-json\/wp\/v2\/posts\/5958","targetHints":{"allow":["GET"]}}],"collection":[{"href":"https:\/\/www.airandme.fr\/blog\/wp-json\/wp\/v2\/posts"}],"about":[{"href":"https:\/\/www.airandme.fr\/blog\/wp-json\/wp\/v2\/types\/post"}],"author":[{"embeddable":true,"href":"https:\/\/www.airandme.fr\/blog\/wp-json\/wp\/v2\/users\/2"}],"replies":[{"embeddable":true,"href":"https:\/\/www.airandme.fr\/blog\/wp-json\/wp\/v2\/comments?post=5958"}],"version-history":[{"count":3,"href":"https:\/\/www.airandme.fr\/blog\/wp-json\/wp\/v2\/posts\/5958\/revisions"}],"predecessor-version":[{"id":21993,"href":"https:\/\/www.airandme.fr\/blog\/wp-json\/wp\/v2\/posts\/5958\/revisions\/21993"}],"wp:featuredmedia":[{"embeddable":true,"href":"https:\/\/www.airandme.fr\/blog\/wp-json\/wp\/v2\/media\/16317"}],"wp:attachment":[{"href":"https:\/\/www.airandme.fr\/blog\/wp-json\/wp\/v2\/media?parent=5958"}],"wp:term":[{"taxonomy":"category","embeddable":true,"href":"https:\/\/www.airandme.fr\/blog\/wp-json\/wp\/v2\/categories?post=5958"},{"taxonomy":"post_tag","embeddable":true,"href":"https:\/\/www.airandme.fr\/blog\/wp-json\/wp\/v2\/tags?post=5958"}],"curies":[{"name":"wp","href":"https:\/\/api.w.org\/{rel}","templated":true}]}}