{"id":6013,"date":"2013-04-24T14:57:23","date_gmt":"2013-04-24T13:57:23","guid":{"rendered":"https:\/\/www.airandme.fr\/blog\/\/?p=6013"},"modified":"2024-10-14T09:52:53","modified_gmt":"2024-10-14T07:52:53","slug":"albert-anna-et-oskar-big-sont-ornes-du-red-dot-award-2013","status":"publish","type":"post","link":"https:\/\/www.airandme.fr\/blog\/pollution-et-qualite-de-l-air-interieur\/albert-anna-et-oskar-big-sont-ornes-du-red-dot-award-2013\/","title":{"rendered":"Albert, Anna et Oskar Big sont orn\u00e9s du Red Dot Award 2013"},"content":{"rendered":"<p style=\"text-align: justify;\">Le Red Dot est un prix d\u00e9cern\u00e9 aux produits dont les entreprises d\u00e9tiennent une v\u00e9ritable capacit\u00e9 d\u2019innovation en termes de design. Gr\u00e2ce \u00e0 leur conception unique, original et soign\u00e9e, les produits<a title=\"Stadler Form\" href=\"https:\/\/www.stadlerform.fr\/\" target=\"_blank\" rel=\"noopener noreferrer\"> Stadler Form<\/a> : <a title=\"Albert\" href=\"https:\/\/airandme.fr\/fr\/deshumidificateur-d-air\/708-deshumidificateur-d-air-albert.html\" target=\"_blank\" rel=\"noopener noreferrer\">Albert<\/a>, \u00a0<a title=\"Anna\" href=\"https:\/\/airandme.fr\/fr\/content\/72-resultats-de-la-recherche?s=anna\" target=\"_blank\" rel=\"noopener noreferrer\">Anna<\/a> et <a title=\"Oskar Big\" href=\"https:\/\/airandme.fr\/fr\/content\/72-resultats-de-la-recherche?s=oskar%2Bbig\" target=\"_blank\" rel=\"noopener noreferrer\">Oskar Big<\/a> ont re\u00e7u le prestigieux Red Dot Award 2013.<\/p>\n\n\n<p><\/p>\n","protected":false},"excerpt":{"rendered":"<p>Le Red Dot est un prix d\u00e9cern\u00e9 aux produits dont les entreprises d\u00e9tiennent une v\u00e9ritable capacit\u00e9 d\u2019innovation en termes de design. Gr\u00e2ce \u00e0 leur conception unique, original et soign\u00e9e, les produits Stadler Form : Albert, \u00a0Anna et Oskar Big ont re\u00e7u le prestigieux Red Dot Award 2013.<\/p>\n","protected":false},"author":2,"featured_media":16310,"comment_status":"open","ping_status":"open","sticky":false,"template":"","format":"standard","meta":{"jetpack_post_was_ever_published":false,"_jetpack_newsletter_access":"","_jetpack_dont_email_post_to_subs":false,"_jetpack_newsletter_tier_id":0,"_jetpack_memberships_contains_paywalled_content":false,"_jetpack_memberships_contains_paid_content":false,"jnews-multi-image_gallery":[],"jnews_single_post":{"subtitle":"","format":"standard","video":"","gallery":"","source_name":"","source_url":"","via_name":"","via_url":"","override":[{"template":"1","single_blog_custom":"","parallax":"1","layout":"right-sidebar","sidebar":"default-sidebar","second_sidebar":"","sticky_sidebar":"1","share_position":"top","share_float_style":"share-monocrhome","show_share_counter":"1","show_view_counter":"1","show_featured":"1","show_post_meta":"1","show_post_author":"1","show_post_author_image":"1","show_post_date":"1","post_date_format":"","post_date_format_custom":"","show_post_category":"1","post_reading_time_wpm":"","zoom_button_out_step":"1","zoom_button_in_step":"1","show_post_tag":"1","show_prev_next_post":"1","show_popup_post":"1","number_popup_post":"1","show_post_related":"1"}],"image_override":[{"single_post_thumbnail_size":"crop-500","single_post_gallery_size":"crop-500"}],"trending_post_position":"","trending_post_label":"","sponsored_post_label":"","sponsored_post_name":"","sponsored_post_url":"","sponsored_post_logo":"","sponsored_post_desc":""},"jnews_primary_category":{"id":""},"jnews_social_meta":{"fb_title":"","fb_description":"","fb_image":"","twitter_title":"","twitter_description":"","twitter_image":""},"footnotes":""},"categories":[707,709,710,712],"tags":[],"class_list":["post-6013","post","type-post","status-publish","format-standard","has-post-thumbnail","hentry","category-climatisation-chauffage-dappoint","category-deshumidification","category-humidification","category-pollution-et-qualite-de-l-air-interieur"],"yoast_head":"<!-- This site is optimized with the Yoast SEO plugin v27.4 - https:\/\/yoast.com\/product\/yoast-seo-wordpress\/ -->\n<title>Red Dot Award 2013 : produits Stadler Form prim\u00e9s<\/title>\n<meta name=\"description\" content=\"Les produits Stadler Form Albert, Anna et Oskar Big ont remport\u00e9 le Red Dot Award 2013 gr\u00e2ce \u00e0 leur design innovant et unique.\" \/>\n<meta name=\"robots\" content=\"index, follow, max-snippet:-1, max-image-preview:large, max-video-preview:-1\" \/>\n<link rel=\"canonical\" href=\"https:\/\/www.airandme.fr\/blog\/pollution-et-qualite-de-l-air-interieur\/albert-anna-et-oskar-big-sont-ornes-du-red-dot-award-2013\/\" \/>\n<meta property=\"og:locale\" content=\"fr_FR\" \/>\n<meta property=\"og:type\" content=\"article\" \/>\n<meta property=\"og:title\" content=\"Red Dot Award 2013 : produits Stadler Form prim\u00e9s\" \/>\n<meta property=\"og:description\" content=\"Les produits Stadler Form Albert, Anna et Oskar Big ont remport\u00e9 le Red Dot Award 2013 gr\u00e2ce \u00e0 leur design innovant et unique.\" \/>\n<meta property=\"og:url\" content=\"https:\/\/www.airandme.fr\/blog\/pollution-et-qualite-de-l-air-interieur\/albert-anna-et-oskar-big-sont-ornes-du-red-dot-award-2013\/\" \/>\n<meta property=\"og:site_name\" content=\"air&amp;me - Le blog du traitement de l&#039;air\" \/>\n<meta property=\"article:publisher\" content=\"https:\/\/www.facebook.com\/airandme\" \/>\n<meta property=\"article:published_time\" content=\"2013-04-24T13:57:23+00:00\" \/>\n<meta property=\"article:modified_time\" content=\"2024-10-14T07:52:53+00:00\" \/>\n<meta property=\"og:image\" content=\"https:\/\/www.airandme.fr\/blog\/wp-content\/uploads\/airandme-albert-anna-et-oskar-big-sont-orn\u00e9s-du-red-dot-award-2013-01.jpg\" \/>\n\t<meta property=\"og:image:width\" content=\"400\" \/>\n\t<meta property=\"og:image:height\" content=\"300\" \/>\n\t<meta property=\"og:image:type\" content=\"image\/jpeg\" \/>\n<meta name=\"author\" content=\"nicolas\" \/>\n<meta name=\"twitter:card\" content=\"summary_large_image\" \/>\n<meta name=\"twitter:label1\" content=\"\u00c9crit par\" \/>\n\t<meta name=\"twitter:data1\" content=\"nicolas\" \/>\n\t<meta name=\"twitter:label2\" content=\"Dur\u00e9e de lecture estim\u00e9e\" \/>\n\t<meta name=\"twitter:data2\" content=\"1 minute\" \/>\n<script type=\"application\/ld+json\" class=\"yoast-schema-graph\">{\"@context\":\"https:\\\/\\\/schema.org\",\"@graph\":[{\"@type\":\"Article\",\"@id\":\"https:\\\/\\\/www.airandme.fr\\\/blog\\\/pollution-et-qualite-de-l-air-interieur\\\/albert-anna-et-oskar-big-sont-ornes-du-red-dot-award-2013\\\/#article\",\"isPartOf\":{\"@id\":\"https:\\\/\\\/www.airandme.fr\\\/blog\\\/pollution-et-qualite-de-l-air-interieur\\\/albert-anna-et-oskar-big-sont-ornes-du-red-dot-award-2013\\\/\"},\"author\":{\"name\":\"nicolas\",\"@id\":\"https:\\\/\\\/www.airandme.fr\\\/blog\\\/#\\\/schema\\\/person\\\/e93285f19075a09c0508c6e97ebfe19b\"},\"headline\":\"Albert, Anna et Oskar Big sont orn\u00e9s du Red Dot Award 2013\",\"datePublished\":\"2013-04-24T13:57:23+00:00\",\"dateModified\":\"2024-10-14T07:52:53+00:00\",\"mainEntityOfPage\":{\"@id\":\"https:\\\/\\\/www.airandme.fr\\\/blog\\\/pollution-et-qualite-de-l-air-interieur\\\/albert-anna-et-oskar-big-sont-ornes-du-red-dot-award-2013\\\/\"},\"wordCount\":63,\"commentCount\":0,\"publisher\":{\"@id\":\"https:\\\/\\\/www.airandme.fr\\\/blog\\\/#organization\"},\"image\":{\"@id\":\"https:\\\/\\\/www.airandme.fr\\\/blog\\\/pollution-et-qualite-de-l-air-interieur\\\/albert-anna-et-oskar-big-sont-ornes-du-red-dot-award-2013\\\/#primaryimage\"},\"thumbnailUrl\":\"https:\\\/\\\/i0.wp.com\\\/www.airandme.fr\\\/blog\\\/wp-content\\\/uploads\\\/airandme-albert-anna-et-oskar-big-sont-orn%C3%A9s-du-red-dot-award-2013-01.jpg?fit=400%2C300&ssl=1\",\"articleSection\":[\"Climatisation et chauffage d'appoint\",\"D\u00e9shumidification de l'air\",\"Humidification de l'air\",\"Pollution et qualit\u00e9 de l'air int\u00e9rieur\"],\"inLanguage\":\"fr-FR\",\"potentialAction\":[{\"@type\":\"CommentAction\",\"name\":\"Comment\",\"target\":[\"https:\\\/\\\/www.airandme.fr\\\/blog\\\/pollution-et-qualite-de-l-air-interieur\\\/albert-anna-et-oskar-big-sont-ornes-du-red-dot-award-2013\\\/#respond\"]}]},{\"@type\":\"WebPage\",\"@id\":\"https:\\\/\\\/www.airandme.fr\\\/blog\\\/pollution-et-qualite-de-l-air-interieur\\\/albert-anna-et-oskar-big-sont-ornes-du-red-dot-award-2013\\\/\",\"url\":\"https:\\\/\\\/www.airandme.fr\\\/blog\\\/pollution-et-qualite-de-l-air-interieur\\\/albert-anna-et-oskar-big-sont-ornes-du-red-dot-award-2013\\\/\",\"name\":\"Red Dot Award 2013 : produits Stadler Form prim\u00e9s\",\"isPartOf\":{\"@id\":\"https:\\\/\\\/www.airandme.fr\\\/blog\\\/#website\"},\"primaryImageOfPage\":{\"@id\":\"https:\\\/\\\/www.airandme.fr\\\/blog\\\/pollution-et-qualite-de-l-air-interieur\\\/albert-anna-et-oskar-big-sont-ornes-du-red-dot-award-2013\\\/#primaryimage\"},\"image\":{\"@id\":\"https:\\\/\\\/www.airandme.fr\\\/blog\\\/pollution-et-qualite-de-l-air-interieur\\\/albert-anna-et-oskar-big-sont-ornes-du-red-dot-award-2013\\\/#primaryimage\"},\"thumbnailUrl\":\"https:\\\/\\\/i0.wp.com\\\/www.airandme.fr\\\/blog\\\/wp-content\\\/uploads\\\/airandme-albert-anna-et-oskar-big-sont-orn%C3%A9s-du-red-dot-award-2013-01.jpg?fit=400%2C300&ssl=1\",\"datePublished\":\"2013-04-24T13:57:23+00:00\",\"dateModified\":\"2024-10-14T07:52:53+00:00\",\"description\":\"Les produits Stadler Form Albert, Anna et Oskar Big ont remport\u00e9 le Red Dot Award 2013 gr\u00e2ce \u00e0 leur design innovant et unique.\",\"breadcrumb\":{\"@id\":\"https:\\\/\\\/www.airandme.fr\\\/blog\\\/pollution-et-qualite-de-l-air-interieur\\\/albert-anna-et-oskar-big-sont-ornes-du-red-dot-award-2013\\\/#breadcrumb\"},\"inLanguage\":\"fr-FR\",\"potentialAction\":[{\"@type\":\"ReadAction\",\"target\":[\"https:\\\/\\\/www.airandme.fr\\\/blog\\\/pollution-et-qualite-de-l-air-interieur\\\/albert-anna-et-oskar-big-sont-ornes-du-red-dot-award-2013\\\/\"]}]},{\"@type\":\"ImageObject\",\"inLanguage\":\"fr-FR\",\"@id\":\"https:\\\/\\\/www.airandme.fr\\\/blog\\\/pollution-et-qualite-de-l-air-interieur\\\/albert-anna-et-oskar-big-sont-ornes-du-red-dot-award-2013\\\/#primaryimage\",\"url\":\"https:\\\/\\\/i0.wp.com\\\/www.airandme.fr\\\/blog\\\/wp-content\\\/uploads\\\/airandme-albert-anna-et-oskar-big-sont-orn%C3%A9s-du-red-dot-award-2013-01.jpg?fit=400%2C300&ssl=1\",\"contentUrl\":\"https:\\\/\\\/i0.wp.com\\\/www.airandme.fr\\\/blog\\\/wp-content\\\/uploads\\\/airandme-albert-anna-et-oskar-big-sont-orn%C3%A9s-du-red-dot-award-2013-01.jpg?fit=400%2C300&ssl=1\",\"width\":400,\"height\":300,\"caption\":\"airandme-Albert, Anna et Oskar Big sont orn\u00e9s du Red Dot Award 2013\"},{\"@type\":\"BreadcrumbList\",\"@id\":\"https:\\\/\\\/www.airandme.fr\\\/blog\\\/pollution-et-qualite-de-l-air-interieur\\\/albert-anna-et-oskar-big-sont-ornes-du-red-dot-award-2013\\\/#breadcrumb\",\"itemListElement\":[{\"@type\":\"ListItem\",\"position\":1,\"name\":\"Accueil\",\"item\":\"https:\\\/\\\/www.airandme.fr\\\/blog\\\/\"},{\"@type\":\"ListItem\",\"position\":2,\"name\":\"Pollution et qualit\u00e9 de l'air int\u00e9rieur\",\"item\":\"https:\\\/\\\/www.airandme.fr\\\/blog\\\/category\\\/pollution-et-qualite-de-l-air-interieur\\\/\"},{\"@type\":\"ListItem\",\"position\":3,\"name\":\"Albert, Anna et Oskar Big sont orn\u00e9s du Red Dot Award 2013\"}]},{\"@type\":\"WebSite\",\"@id\":\"https:\\\/\\\/www.airandme.fr\\\/blog\\\/#website\",\"url\":\"https:\\\/\\\/www.airandme.fr\\\/blog\\\/\",\"name\":\"air&me - Le blog du traitement de l'air\",\"description\":\"Solutions pour le traitement de l&#039;air int\u00e9rieur - Le blog du bien air chez soi\",\"publisher\":{\"@id\":\"https:\\\/\\\/www.airandme.fr\\\/blog\\\/#organization\"},\"potentialAction\":[{\"@type\":\"SearchAction\",\"target\":{\"@type\":\"EntryPoint\",\"urlTemplate\":\"https:\\\/\\\/www.airandme.fr\\\/blog\\\/?s={search_term_string}\"},\"query-input\":{\"@type\":\"PropertyValueSpecification\",\"valueRequired\":true,\"valueName\":\"search_term_string\"}}],\"inLanguage\":\"fr-FR\"},{\"@type\":\"Organization\",\"@id\":\"https:\\\/\\\/www.airandme.fr\\\/blog\\\/#organization\",\"name\":\"air&me - Le blog du traitement de l'air\",\"url\":\"https:\\\/\\\/www.airandme.fr\\\/blog\\\/\",\"logo\":{\"@type\":\"ImageObject\",\"inLanguage\":\"fr-FR\",\"@id\":\"https:\\\/\\\/www.airandme.fr\\\/blog\\\/#\\\/schema\\\/logo\\\/image\\\/\",\"url\":\"https:\\\/\\\/i0.wp.com\\\/www.airandme.fr\\\/blog\\\/wp-content\\\/uploads\\\/airandme-logo-blog-300px.png?fit=300%2C120&ssl=1\",\"contentUrl\":\"https:\\\/\\\/i0.wp.com\\\/www.airandme.fr\\\/blog\\\/wp-content\\\/uploads\\\/airandme-logo-blog-300px.png?fit=300%2C120&ssl=1\",\"width\":300,\"height\":120,\"caption\":\"air&me - Le blog du traitement de l'air\"},\"image\":{\"@id\":\"https:\\\/\\\/www.airandme.fr\\\/blog\\\/#\\\/schema\\\/logo\\\/image\\\/\"},\"sameAs\":[\"https:\\\/\\\/www.facebook.com\\\/airandme\",\"https:\\\/\\\/www.instagram.com\\\/air_and_me\\\/\",\"https:\\\/\\\/www.linkedin.com\\\/air-and-me\",\"https:\\\/\\\/www.pinterest.fr\\\/air_and_me\",\"https:\\\/\\\/www.youtube.com\\\/channel\\\/UCmco9cc0iTBmPINR5vaW90A\"]},{\"@type\":\"Person\",\"@id\":\"https:\\\/\\\/www.airandme.fr\\\/blog\\\/#\\\/schema\\\/person\\\/e93285f19075a09c0508c6e97ebfe19b\",\"name\":\"nicolas\",\"image\":{\"@type\":\"ImageObject\",\"inLanguage\":\"fr-FR\",\"@id\":\"https:\\\/\\\/secure.gravatar.com\\\/avatar\\\/2e2d5a700f89460d486959b95cf34fab038ee31f4b655906767c768b9943aad8?s=96&d=mm&r=g\",\"url\":\"https:\\\/\\\/secure.gravatar.com\\\/avatar\\\/2e2d5a700f89460d486959b95cf34fab038ee31f4b655906767c768b9943aad8?s=96&d=mm&r=g\",\"contentUrl\":\"https:\\\/\\\/secure.gravatar.com\\\/avatar\\\/2e2d5a700f89460d486959b95cf34fab038ee31f4b655906767c768b9943aad8?s=96&d=mm&r=g\",\"caption\":\"nicolas\"},\"description\":\"Sp\u00e9cialiste du traitement de l'air chez air&amp;me\",\"url\":\"https:\\\/\\\/www.airandme.fr\\\/blog\\\/author\\\/nicolas\\\/\"}]}<\/script>\n<!-- \/ Yoast SEO plugin. -->","yoast_head_json":{"title":"Red Dot Award 2013 : produits Stadler Form prim\u00e9s","description":"Les produits Stadler Form Albert, Anna et Oskar Big ont remport\u00e9 le Red Dot Award 2013 gr\u00e2ce \u00e0 leur design innovant et unique.","robots":{"index":"index","follow":"follow","max-snippet":"max-snippet:-1","max-image-preview":"max-image-preview:large","max-video-preview":"max-video-preview:-1"},"canonical":"https:\/\/www.airandme.fr\/blog\/pollution-et-qualite-de-l-air-interieur\/albert-anna-et-oskar-big-sont-ornes-du-red-dot-award-2013\/","og_locale":"fr_FR","og_type":"article","og_title":"Red Dot Award 2013 : produits Stadler Form prim\u00e9s","og_description":"Les produits Stadler Form Albert, Anna et Oskar Big ont remport\u00e9 le Red Dot Award 2013 gr\u00e2ce \u00e0 leur design innovant et unique.","og_url":"https:\/\/www.airandme.fr\/blog\/pollution-et-qualite-de-l-air-interieur\/albert-anna-et-oskar-big-sont-ornes-du-red-dot-award-2013\/","og_site_name":"air&amp;me - Le blog du traitement de l&#039;air","article_publisher":"https:\/\/www.facebook.com\/airandme","article_published_time":"2013-04-24T13:57:23+00:00","article_modified_time":"2024-10-14T07:52:53+00:00","og_image":[{"width":400,"height":300,"url":"https:\/\/www.airandme.fr\/blog\/wp-content\/uploads\/airandme-albert-anna-et-oskar-big-sont-orn\u00e9s-du-red-dot-award-2013-01.jpg","type":"image\/jpeg"}],"author":"nicolas","twitter_card":"summary_large_image","twitter_misc":{"\u00c9crit par":"nicolas","Dur\u00e9e de lecture estim\u00e9e":"1 minute"},"schema":{"@context":"https:\/\/schema.org","@graph":[{"@type":"Article","@id":"https:\/\/www.airandme.fr\/blog\/pollution-et-qualite-de-l-air-interieur\/albert-anna-et-oskar-big-sont-ornes-du-red-dot-award-2013\/#article","isPartOf":{"@id":"https:\/\/www.airandme.fr\/blog\/pollution-et-qualite-de-l-air-interieur\/albert-anna-et-oskar-big-sont-ornes-du-red-dot-award-2013\/"},"author":{"name":"nicolas","@id":"https:\/\/www.airandme.fr\/blog\/#\/schema\/person\/e93285f19075a09c0508c6e97ebfe19b"},"headline":"Albert, Anna et Oskar Big sont orn\u00e9s du Red Dot Award 2013","datePublished":"2013-04-24T13:57:23+00:00","dateModified":"2024-10-14T07:52:53+00:00","mainEntityOfPage":{"@id":"https:\/\/www.airandme.fr\/blog\/pollution-et-qualite-de-l-air-interieur\/albert-anna-et-oskar-big-sont-ornes-du-red-dot-award-2013\/"},"wordCount":63,"commentCount":0,"publisher":{"@id":"https:\/\/www.airandme.fr\/blog\/#organization"},"image":{"@id":"https:\/\/www.airandme.fr\/blog\/pollution-et-qualite-de-l-air-interieur\/albert-anna-et-oskar-big-sont-ornes-du-red-dot-award-2013\/#primaryimage"},"thumbnailUrl":"https:\/\/i0.wp.com\/www.airandme.fr\/blog\/wp-content\/uploads\/airandme-albert-anna-et-oskar-big-sont-orn%C3%A9s-du-red-dot-award-2013-01.jpg?fit=400%2C300&ssl=1","articleSection":["Climatisation et chauffage d'appoint","D\u00e9shumidification de l'air","Humidification de l'air","Pollution et qualit\u00e9 de l'air int\u00e9rieur"],"inLanguage":"fr-FR","potentialAction":[{"@type":"CommentAction","name":"Comment","target":["https:\/\/www.airandme.fr\/blog\/pollution-et-qualite-de-l-air-interieur\/albert-anna-et-oskar-big-sont-ornes-du-red-dot-award-2013\/#respond"]}]},{"@type":"WebPage","@id":"https:\/\/www.airandme.fr\/blog\/pollution-et-qualite-de-l-air-interieur\/albert-anna-et-oskar-big-sont-ornes-du-red-dot-award-2013\/","url":"https:\/\/www.airandme.fr\/blog\/pollution-et-qualite-de-l-air-interieur\/albert-anna-et-oskar-big-sont-ornes-du-red-dot-award-2013\/","name":"Red Dot Award 2013 : produits Stadler Form prim\u00e9s","isPartOf":{"@id":"https:\/\/www.airandme.fr\/blog\/#website"},"primaryImageOfPage":{"@id":"https:\/\/www.airandme.fr\/blog\/pollution-et-qualite-de-l-air-interieur\/albert-anna-et-oskar-big-sont-ornes-du-red-dot-award-2013\/#primaryimage"},"image":{"@id":"https:\/\/www.airandme.fr\/blog\/pollution-et-qualite-de-l-air-interieur\/albert-anna-et-oskar-big-sont-ornes-du-red-dot-award-2013\/#primaryimage"},"thumbnailUrl":"https:\/\/i0.wp.com\/www.airandme.fr\/blog\/wp-content\/uploads\/airandme-albert-anna-et-oskar-big-sont-orn%C3%A9s-du-red-dot-award-2013-01.jpg?fit=400%2C300&ssl=1","datePublished":"2013-04-24T13:57:23+00:00","dateModified":"2024-10-14T07:52:53+00:00","description":"Les produits Stadler Form Albert, Anna et Oskar Big ont remport\u00e9 le Red Dot Award 2013 gr\u00e2ce \u00e0 leur design innovant et unique.","breadcrumb":{"@id":"https:\/\/www.airandme.fr\/blog\/pollution-et-qualite-de-l-air-interieur\/albert-anna-et-oskar-big-sont-ornes-du-red-dot-award-2013\/#breadcrumb"},"inLanguage":"fr-FR","potentialAction":[{"@type":"ReadAction","target":["https:\/\/www.airandme.fr\/blog\/pollution-et-qualite-de-l-air-interieur\/albert-anna-et-oskar-big-sont-ornes-du-red-dot-award-2013\/"]}]},{"@type":"ImageObject","inLanguage":"fr-FR","@id":"https:\/\/www.airandme.fr\/blog\/pollution-et-qualite-de-l-air-interieur\/albert-anna-et-oskar-big-sont-ornes-du-red-dot-award-2013\/#primaryimage","url":"https:\/\/i0.wp.com\/www.airandme.fr\/blog\/wp-content\/uploads\/airandme-albert-anna-et-oskar-big-sont-orn%C3%A9s-du-red-dot-award-2013-01.jpg?fit=400%2C300&ssl=1","contentUrl":"https:\/\/i0.wp.com\/www.airandme.fr\/blog\/wp-content\/uploads\/airandme-albert-anna-et-oskar-big-sont-orn%C3%A9s-du-red-dot-award-2013-01.jpg?fit=400%2C300&ssl=1","width":400,"height":300,"caption":"airandme-Albert, Anna et Oskar Big sont orn\u00e9s du Red Dot Award 2013"},{"@type":"BreadcrumbList","@id":"https:\/\/www.airandme.fr\/blog\/pollution-et-qualite-de-l-air-interieur\/albert-anna-et-oskar-big-sont-ornes-du-red-dot-award-2013\/#breadcrumb","itemListElement":[{"@type":"ListItem","position":1,"name":"Accueil","item":"https:\/\/www.airandme.fr\/blog\/"},{"@type":"ListItem","position":2,"name":"Pollution et qualit\u00e9 de l'air int\u00e9rieur","item":"https:\/\/www.airandme.fr\/blog\/category\/pollution-et-qualite-de-l-air-interieur\/"},{"@type":"ListItem","position":3,"name":"Albert, Anna et Oskar Big sont orn\u00e9s du Red Dot Award 2013"}]},{"@type":"WebSite","@id":"https:\/\/www.airandme.fr\/blog\/#website","url":"https:\/\/www.airandme.fr\/blog\/","name":"air&me - Le blog du traitement de l'air","description":"Solutions pour le traitement de l&#039;air int\u00e9rieur - Le blog du bien air chez soi","publisher":{"@id":"https:\/\/www.airandme.fr\/blog\/#organization"},"potentialAction":[{"@type":"SearchAction","target":{"@type":"EntryPoint","urlTemplate":"https:\/\/www.airandme.fr\/blog\/?s={search_term_string}"},"query-input":{"@type":"PropertyValueSpecification","valueRequired":true,"valueName":"search_term_string"}}],"inLanguage":"fr-FR"},{"@type":"Organization","@id":"https:\/\/www.airandme.fr\/blog\/#organization","name":"air&me - Le blog du traitement de l'air","url":"https:\/\/www.airandme.fr\/blog\/","logo":{"@type":"ImageObject","inLanguage":"fr-FR","@id":"https:\/\/www.airandme.fr\/blog\/#\/schema\/logo\/image\/","url":"https:\/\/i0.wp.com\/www.airandme.fr\/blog\/wp-content\/uploads\/airandme-logo-blog-300px.png?fit=300%2C120&ssl=1","contentUrl":"https:\/\/i0.wp.com\/www.airandme.fr\/blog\/wp-content\/uploads\/airandme-logo-blog-300px.png?fit=300%2C120&ssl=1","width":300,"height":120,"caption":"air&me - Le blog du traitement de l'air"},"image":{"@id":"https:\/\/www.airandme.fr\/blog\/#\/schema\/logo\/image\/"},"sameAs":["https:\/\/www.facebook.com\/airandme","https:\/\/www.instagram.com\/air_and_me\/","https:\/\/www.linkedin.com\/air-and-me","https:\/\/www.pinterest.fr\/air_and_me","https:\/\/www.youtube.com\/channel\/UCmco9cc0iTBmPINR5vaW90A"]},{"@type":"Person","@id":"https:\/\/www.airandme.fr\/blog\/#\/schema\/person\/e93285f19075a09c0508c6e97ebfe19b","name":"nicolas","image":{"@type":"ImageObject","inLanguage":"fr-FR","@id":"https:\/\/secure.gravatar.com\/avatar\/2e2d5a700f89460d486959b95cf34fab038ee31f4b655906767c768b9943aad8?s=96&d=mm&r=g","url":"https:\/\/secure.gravatar.com\/avatar\/2e2d5a700f89460d486959b95cf34fab038ee31f4b655906767c768b9943aad8?s=96&d=mm&r=g","contentUrl":"https:\/\/secure.gravatar.com\/avatar\/2e2d5a700f89460d486959b95cf34fab038ee31f4b655906767c768b9943aad8?s=96&d=mm&r=g","caption":"nicolas"},"description":"Sp\u00e9cialiste du traitement de l'air chez air&amp;me","url":"https:\/\/www.airandme.fr\/blog\/author\/nicolas\/"}]}},"jetpack_featured_media_url":"https:\/\/i0.wp.com\/www.airandme.fr\/blog\/wp-content\/uploads\/airandme-albert-anna-et-oskar-big-sont-orn%C3%A9s-du-red-dot-award-2013-01.jpg?fit=400%2C300&ssl=1","jetpack_sharing_enabled":true,"jetpack_shortlink":"https:\/\/wp.me\/paHeLN-1yZ","_links":{"self":[{"href":"https:\/\/www.airandme.fr\/blog\/wp-json\/wp\/v2\/posts\/6013","targetHints":{"allow":["GET"]}}],"collection":[{"href":"https:\/\/www.airandme.fr\/blog\/wp-json\/wp\/v2\/posts"}],"about":[{"href":"https:\/\/www.airandme.fr\/blog\/wp-json\/wp\/v2\/types\/post"}],"author":[{"embeddable":true,"href":"https:\/\/www.airandme.fr\/blog\/wp-json\/wp\/v2\/users\/2"}],"replies":[{"embeddable":true,"href":"https:\/\/www.airandme.fr\/blog\/wp-json\/wp\/v2\/comments?post=6013"}],"version-history":[{"count":6,"href":"https:\/\/www.airandme.fr\/blog\/wp-json\/wp\/v2\/posts\/6013\/revisions"}],"predecessor-version":[{"id":21118,"href":"https:\/\/www.airandme.fr\/blog\/wp-json\/wp\/v2\/posts\/6013\/revisions\/21118"}],"wp:featuredmedia":[{"embeddable":true,"href":"https:\/\/www.airandme.fr\/blog\/wp-json\/wp\/v2\/media\/16310"}],"wp:attachment":[{"href":"https:\/\/www.airandme.fr\/blog\/wp-json\/wp\/v2\/media?parent=6013"}],"wp:term":[{"taxonomy":"category","embeddable":true,"href":"https:\/\/www.airandme.fr\/blog\/wp-json\/wp\/v2\/categories?post=6013"},{"taxonomy":"post_tag","embeddable":true,"href":"https:\/\/www.airandme.fr\/blog\/wp-json\/wp\/v2\/tags?post=6013"}],"curies":[{"name":"wp","href":"https:\/\/api.w.org\/{rel}","templated":true}]}}