{"id":6046,"date":"2013-05-29T10:45:00","date_gmt":"2013-05-29T09:45:00","guid":{"rendered":"https:\/\/www.airandme.fr\/blog\/\/?p=6046"},"modified":"2025-04-15T12:15:08","modified_gmt":"2025-04-15T10:15:08","slug":"lair-pollue-nous-la-respirons-au-quotidien","status":"publish","type":"post","link":"https:\/\/www.airandme.fr\/blog\/aromatherapie-huiles-essentielles\/lair-pollue-nous-la-respirons-au-quotidien\/","title":{"rendered":"L&rsquo;air pollu\u00e9 : nous le respirons au quotidien !"},"content":{"rendered":"<p style=\"text-align: justify;\">Nous passons pr\u00e8s de 14h par jour soit pratiquement 90% de notre temps dans des espaces ferm\u00e9s. Les appareils de traitement de l\u2019air int\u00e9rieur sont con\u00e7us pour \u00e9liminer la pollution pr\u00e9sente dans l\u2019air que nous respirons. Les polluants au sein du domicile sont multiples ; voici quelques exemples de polluants que l&rsquo;on inhale au cours d&rsquo;une journ\u00e9e.<\/p>\n<ul style=\"text-align: justify;\">\n<li><strong>Dans le salon<\/strong> : le tabac (pour les fumeurs), le radon provenant du sous-sol, le monoxyde de carbone pr\u00e9sent dans les appareils m\u00e9nagers et\/ou la chemin\u00e9e, des substances chimiques des produits d\u2019entretien,\u00a0 les allerg\u00e8nes dans les tapis, les rideaux, la literie, les peluches, etc.<\/li>\n<\/ul>\n<ul style=\"text-align: justify;\">\n<li><strong>Dans la cuisine<\/strong> : pr\u00e9sence des substances chimiques provenant des produits d&rsquo;entretien, le monoxyde de carbone d&rsquo;une hotte si elle est mal entretenue et enfin l&rsquo;humidit\u00e9 \u00e9mise lorsque nous cuisinons, favorise le d\u00e9veloppement des polluants.<\/li>\n<\/ul>\n<ul style=\"text-align: justify;\">\n<li><strong>Dans la salle de bain<\/strong> : l&rsquo;humidit\u00e9 est constamment pr\u00e9sente \u00e0 chaque douche, du monoxyde de carbone venant de la chaudi\u00e8re, des l\u00e9gionelles provenant des \u00e9quipements contenant de l&rsquo;eau (tels que les circuits d&rsquo;eau chaude sanitaire : douche, les syst\u00e8mes de climatisation&#8230;etc.) et la pr\u00e9sence de substances chimiques due aux produits d&rsquo;entretien.<\/li>\n<\/ul>\n<ul style=\"text-align: justify;\">\n<li><strong>Dans la chambre<\/strong> : les allerg\u00e8nes sont pr\u00e9sents dans les peluches mais \u00e9galement du monoxyde de carbone venant des meubles du relargage par les meubles : armoires, poubelles, lampes&#8230;etc.<\/li>\n<\/ul>\n<ul>\n<li style=\"text-align: justify;\"><strong>Dans la cave<\/strong> : c&rsquo;est l\u00e0 que nous stockons en g\u00e9n\u00e9rale la plupart des produits d&rsquo;entretien, il y a donc logiquement la pr\u00e9sence de substances chimiques dans l&rsquo;air que nous respirons. Le radon provenant du sous-sol et enfin le monoxyde de carbone des appareils d&rsquo;entretien.<\/li>\n<\/ul>\n<p style=\"text-align: center;\">Quels sont les impacts de ces polluants sur notre sant\u00e9 et bien-\u00eatre ?<\/p>\n<ul>\n<li style=\"text-align: justify;\"><span style=\"line-height: 13px;\"><strong>Le tabac<\/strong> : les effets sur la sant\u00e9 des fumeurs et des non-fumeurs sont particuli\u00e8rement n\u00e9fastes : cancers du poumon, maladies cardio-vasculaires, asthmes et allergies. Il faut noter que pr\u00e8s de 5000 personnes environs d\u00e9c\u00e8dent chaque ann\u00e9es du tabagisme passif. M\u00eame en ouvrant les fen\u00eatres, les composants de la fum\u00e9e restent dans l&rsquo;air car ils sont en partie absorb\u00e9s par les tissus, les moquettes et les rideaux : ils continuent donc d&rsquo;\u00eatre \u00e9mis dans l&rsquo;air.<\/span><\/li>\n<\/ul>\n<ul style=\"text-align: justify;\">\n<li><strong>Le radon<\/strong> : ce gaz est d&rsquo;origine naturelle, inodore et radioactif. Il s&rsquo;infiltre dans les habitations par le sol et s&rsquo;accumule dans les espaces ferm\u00e9s selon l&rsquo;\u00e9tanch\u00e9it\u00e9 du sol, de la ventilation du b\u00e2timent, de la proximit\u00e9 de la source d&rsquo;\u00e9mission&#8230;etc. Le radon provoque chaque ann\u00e9e pr\u00e8s de 1200 \u00e0 2900 d\u00e9c\u00e8s, d\u00fbs au cancer du poumon en France.<\/li>\n<\/ul>\n<ul style=\"text-align: justify;\">\n<li><strong>Le monoxyde de carbone<\/strong> : ce gaz est inodore, invisible, non irritant, toxique et mortel. Il agit comme un gaz asphyxiant et prend la place de l&rsquo;oxyg\u00e8ne dans le sang. Il provoque des maux de t\u00eates, des naus\u00e9es, de la fatigue \u00e0 faible dose, et dans les cas les plus graves : le coma voire le d\u00e9c\u00e8s. LE monoxyde de carbone r\u00e9sulte d&rsquo;une combustion incompl\u00e8te due au manque d&rsquo;oxyg\u00e8ne au sein d\u00a0\u00bbun appareil utilisant une \u00e9nergie combustible (bois, charbon, gaz, essence, fuel ou \u00e9thanol). Chaque ann\u00e9e en France, pr\u00e8s de 5000 personnes sont victimes d\u00a0\u00bbune intoxication au monoxyde e carbone et une centaine de personnes en meurent.<\/li>\n<\/ul>\n<ul style=\"text-align: justify;\">\n<li><strong>Les substances chimiques<\/strong> : Les produits de bricolage et ameublement peuvent d\u00e9gager des \u00e9l\u00e9ments toxiques pendant et apr\u00e8s les travaux. Certains meubles (en bois) d\u00e9gagent des substances chimiques dans l&rsquo;air pendant plusieurs semaines voire mois apr\u00e8s l&rsquo;ouverture de l&#8217;emballage. En ce qui concerne les produits cosm\u00e9tiques et m\u00e9nagers, ils contiennent \u00e9galement des substances chimiques, pr\u00e9sentant un risque important pour la sant\u00e9 : intoxication, br\u00fblure, allergie ou g\u00eane respiratoire.<\/li>\n<\/ul>\n<ul style=\"text-align: justify;\">\n<li><strong>Les allerg\u00e8nes<\/strong> : ce sont des agents invisibles \u00e0 l\u2019\u0153il nu provoquant des allergies ou des sympt\u00f4mes allergiques tels que des rhinites, la g\u00eane respiratoire ou encore une infection des yeux.<\/li>\n<\/ul>\n<ul style=\"text-align: justify;\">\n<li><strong>L&rsquo;humidit\u00e9<\/strong> : une humidit\u00e9 trop importante (soit un taux d&rsquo;hygrom\u00e9trie sup\u00e9rieur \u00e0 60%) dans les logements provoque l&rsquo;apparition des moisissures qui pr\u00e9sentent un risque allerg\u00e8ne et toxique. Ces moisissures apparaissent sur les murs, sols ou plafonds sous formes de t\u00e2ches vertes, noir\u00e2tres ou jaun\u00e2tres.<\/li>\n<\/ul>\n<ul style=\"text-align: justify;\">\n<li><strong>Les\u00a0<\/strong><b>l\u00e9gionelles<\/b>\u00a0: sa pr\u00e9sence peut provoquer une infection pulmonaire, non contagieux appel\u00e9e la l\u00e9gionellose due \u00e0 l&rsquo;inhalation des gouttelettes d&rsquo;eau contenant des l\u00e9gionelles, bact\u00e9ries provenant des installations sanitaires (douche, robinet&#8230;etc.).<\/li>\n<\/ul>\n<p style=\"text-align: justify;\">Il faut donc noter que les risques li\u00e9s \u00e0 ces polluants sont nocifs voire tr\u00e8s dangereux pour la sant\u00e9 et le bien-\u00eatre de chacun, cela peut aller d&rsquo;un simple rhume \u00e0 un grave cancer en passant par des probl\u00e8mes touchant les voies respiratoires.<\/p>\n<p style=\"text-align: justify;\">Il faut alors a\u00e9rer 10 minutes par jour au minimum en ouvrant les fen\u00eatres mais il est \u00e9galement imp\u00e9ratif et essentiel de traiter l\u2019air l\u2019int\u00e9rieur gr\u00e2ce \u00e0 des appareils performants et de qualit\u00e9 irr\u00e9prochable.<\/p>\n<ul style=\"text-align: justify;\">\n<li>La <a title=\"Purification\" href=\"https:\/\/airandme.fr\/fr\/29-purificateurs-dair-par-usage\" target=\"_blank\" rel=\"noopener noreferrer\">purification<\/a> garantit un traitement de l\u2019air efficace sur le long terme, il r\u00e9duit les risques d\u2019\u00e9pid\u00e9mies gr\u00e2ce \u00e0 l\u2019\u00e9limination des virus, supprime les mauvaises odeurs, et renouvelle r\u00e9guli\u00e8rement l\u2019air de la pi\u00e8ce (jusqu\u2019\u00e0 5 fois par heure pour les purificateurs <a title=\"Blueair\" href=\"https:\/\/airandme.fr\/fr\/manufacturer\/52-blueair\" target=\"_blank\" rel=\"noopener noreferrer\">Blueair<\/a>).<\/li>\n<\/ul>\n<ul style=\"text-align: justify;\">\n<li>L\u2019<a title=\"Humidification\" href=\"https:\/\/airandme.fr\/fr\/138-evaporation-naturelle\" target=\"_blank\" rel=\"noopener noreferrer\">humidification<\/a> et la <a title=\"D\u00e9shumidification\" href=\"https:\/\/airandme.fr\/fr\/23-deshumidificateur-dair-par-usage\" target=\"_blank\" rel=\"noopener noreferrer\">d\u00e9shumidification<\/a> consistent \u00e0 r\u00e9tablir un taux d\u2019hygrom\u00e9trie optimal de confort pour une meilleure qualit\u00e9 de l\u2019air et \u00e9viter tout risque de d\u00e9t\u00e9rioration des meubles, des instruments de musique, des parquets mais permet surtout de lutter contre le d\u00e9veloppement des champignons, des\u00a0 moisissures afin de pr\u00e9server notre hygi\u00e8ne et notre sant\u00e9.<\/li>\n<\/ul>\n<ul>\n<li style=\"text-align: justify;\">Et enfin les <a title=\"Diffuseur d&quot;huiles essentielles\" href=\"https:\/\/airandme.fr\/fr\/11-diffuseurs-dhuiles-essentielles\" target=\"_blank\" rel=\"noopener noreferrer\">diffuseurs d\u2019huiles essentielles<\/a> ont, dans une moindre mesure, le m\u00eame objectif que les <a href=\"https:\/\/airandme.fr\/fr\/6-humidificateurs-dair-par-technologie\" target=\"_blank\" rel=\"noopener\">humidificateurs<\/a> : ils humidifient en douceur tout en alliant les bienfaits de l\u2019<a title=\"Huiles essentielles\" href=\"https:\/\/airandme.fr\/fr\/10-aromatherapie\" target=\"_blank\" rel=\"noopener noreferrer\">aromath\u00e9rapie<\/a>.<\/li>\n<\/ul>\n\n<div class=\"row ppgbo_row ppgbo_product_1\">\n    \n    <div class=\"product col-4\">\n        <a class=\"product_link\" target=\"_blank\" href=\"https:\/\/airandme.fr\/fr\/1208-\">Purificateur connect\u00e9 CLASSIC 205<\/a><img data-recalc-dims=\"1\" fetchpriority=\"high\" decoding=\"async\" class=\"product_image\" src=\"https:\/\/i0.wp.com\/airandme.fr\/9945-medium_default\/1.jpg?resize=250%2C250&#038;ssl=1\"  alt=\"Purificateur connect\u00e9 CLASSIC 205\" width=\"250\" height=\"250\" \/><h4 class=\"product_name\">Purificateur connect\u00e9 CLASSIC 205<\/h4><div class=\"product_description_short\">Faites confiance au purificateur CLASSIC 205 pour vous procurer un air pur tout au long [...]<\/div><span class=\"product_price\">449.00\u20ac<\/span><div class=\"btn btn-default\">Voir le produit<\/div>    <\/div>\n    \n    \n    <div class=\"product col-4\">\n        <a class=\"product_link\" target=\"_blank\" href=\"https:\/\/airandme.fr\/fr\/humidification-de-lair\/1450-humidificateur-solnan-noir.html\">Humidificateur SOLNAN Noir<\/a><img data-recalc-dims=\"1\" decoding=\"async\" class=\"product_image\" src=\"https:\/\/i0.wp.com\/airandme.fr\/8693-medium_default\/1.jpg?resize=250%2C250&#038;ssl=1\"  alt=\"Humidificateur SOLNAN Noir\" width=\"250\" height=\"250\" \/><h4 class=\"product_name\">Humidificateur SOLNAN Noir<\/h4><div class=\"product_description_short\">Humidifiez l&#039;air de votre int\u00e9rieur avec SOLNAN Noir. Cet appareil ultra design est [...]<\/div><span class=\"product_price\">79.00\u20ac<\/span><div class=\"btn btn-default\">Voir le produit<\/div>    <\/div>\n    \n    \n    <div class=\"product col-4\">\n        <a class=\"product_link\" target=\"_blank\" href=\"https:\/\/airandme.fr\/fr\/aromatherapie\/1136-diffuseur-dhuiles-essentielles-mia-chili-red.html\">Diffuseur d\u2019huiles essentielles MIA Chili Red<\/a><img data-recalc-dims=\"1\" decoding=\"async\" class=\"product_image\" src=\"https:\/\/i0.wp.com\/airandme.fr\/10906-medium_default\/1.jpg?resize=250%2C250&#038;ssl=1\"  alt=\"Diffuseur d\u2019huiles essentielles MIA Chili Red\" width=\"250\" height=\"250\" \/><h4 class=\"product_name\">Diffuseur d\u2019huiles essentielles MIA Chili Red<\/h4><div class=\"product_description_short\">Le diffuseur d\u2019huiles essentielles MIA Chili Red cr\u00e9e une ambiance chaleureuse et [...]<\/div><span class=\"product_price\">39.00\u20ac<\/span><div class=\"btn btn-default\">Voir le produit<\/div>    <\/div>\n    \n    <div class=\"clear\"><\/div><\/div>\n<div class=\"clear\"><\/div>\n","protected":false},"excerpt":{"rendered":"<p>Nous passons pr\u00e8s de 14h par jour soit pratiquement 90% de notre temps dans des espaces ferm\u00e9s. Les appareils de traitement de l\u2019air int\u00e9rieur sont con\u00e7us pour \u00e9liminer la pollution pr\u00e9sente dans l\u2019air que nous respirons. Les polluants au sein du domicile sont multiples ; voici quelques exemples de polluants que l&rsquo;on inhale au cours [&hellip;]<\/p>\n","protected":false},"author":2,"featured_media":16308,"comment_status":"open","ping_status":"open","sticky":false,"template":"","format":"standard","meta":{"jetpack_post_was_ever_published":false,"_jetpack_newsletter_access":"","_jetpack_dont_email_post_to_subs":false,"_jetpack_newsletter_tier_id":0,"_jetpack_memberships_contains_paywalled_content":false,"_jetpack_memberships_contains_paid_content":false,"jnews-multi-image_gallery":[],"jnews_single_post":{"subtitle":"","format":"standard","video":"","gallery":"","source_name":"","source_url":"","via_name":"","via_url":"","override_template":"0","override":[{"template":"1","single_blog_custom":"","parallax":"1","fullscreen":"0","layout":"right-sidebar","sidebar":"default-sidebar","second_sidebar":"","sticky_sidebar":"1","share_position":"top","share_float_style":"share-monocrhome","show_share_counter":"1","show_view_counter":"1","show_featured":"1","show_post_meta":"1","show_post_author":"1","show_post_author_image":"1","show_post_date":"1","post_date_format":"","post_date_format_custom":"","show_post_category":"1","show_post_reading_time":"0","post_reading_time_wpm":"","show_zoom_button":"0","zoom_button_out_step":"1","zoom_button_in_step":"1","show_post_tag":"1","show_prev_next_post":"1","show_popup_post":"1","number_popup_post":"1","show_author_box":"0","show_post_related":"1","show_inline_post_related":"0"}],"override_image_size":"0","image_override":[{"single_post_thumbnail_size":"crop-500","single_post_gallery_size":"crop-500"}],"trending_post":"0","trending_post_position":"","trending_post_label":"","sponsored_post":"0","sponsored_post_label":"","sponsored_post_name":"","sponsored_post_url":"","sponsored_post_logo_enable":"0","sponsored_post_logo":"","sponsored_post_desc":"","disable_ad":"0"},"jnews_primary_category":{"id":""},"jnews_social_meta":{"fb_title":"","fb_description":"","fb_image":"","twitter_title":"","twitter_description":"","twitter_image":""},"footnotes":""},"categories":[711,706,709,710,712],"tags":[],"class_list":["post-6046","post","type-post","status-publish","format-standard","has-post-thumbnail","hentry","category-analyse-et-purification-de-lair","category-aromatherapie-huiles-essentielles","category-deshumidification","category-humidification","category-pollution-et-qualite-de-l-air-interieur"],"yoast_head":"<!-- This site is optimized with the Yoast SEO plugin v27.4 - https:\/\/yoast.com\/product\/yoast-seo-wordpress\/ -->\n<title>L&#039;air pollu\u00e9 : nous la respirons au quotidien !<\/title>\n<meta name=\"description\" content=\"L&#039;air pollu\u00e9 int\u00e9rieur affecte la sant\u00e9. D\u00e9couvrez les solutions pour purifier et am\u00e9liorer la qualit\u00e9 de l&#039;air chez vous.\" \/>\n<meta name=\"robots\" content=\"index, follow, max-snippet:-1, max-image-preview:large, max-video-preview:-1\" \/>\n<link rel=\"canonical\" href=\"https:\/\/www.airandme.fr\/blog\/aromatherapie-huiles-essentielles\/lair-pollue-nous-la-respirons-au-quotidien\/\" \/>\n<meta property=\"og:locale\" content=\"fr_FR\" \/>\n<meta property=\"og:type\" content=\"article\" \/>\n<meta property=\"og:title\" content=\"L&#039;air pollu\u00e9 : nous la respirons au quotidien !\" \/>\n<meta property=\"og:description\" content=\"L&#039;air pollu\u00e9 int\u00e9rieur affecte la sant\u00e9. D\u00e9couvrez les solutions pour purifier et am\u00e9liorer la qualit\u00e9 de l&#039;air chez vous.\" \/>\n<meta property=\"og:url\" content=\"https:\/\/www.airandme.fr\/blog\/aromatherapie-huiles-essentielles\/lair-pollue-nous-la-respirons-au-quotidien\/\" \/>\n<meta property=\"og:site_name\" content=\"air&amp;me - Le blog du traitement de l&#039;air\" \/>\n<meta property=\"article:publisher\" content=\"https:\/\/www.facebook.com\/airandme\" \/>\n<meta property=\"article:published_time\" content=\"2013-05-29T09:45:00+00:00\" \/>\n<meta property=\"article:modified_time\" content=\"2025-04-15T10:15:08+00:00\" \/>\n<meta property=\"og:image\" content=\"https:\/\/www.airandme.fr\/blog\/wp-content\/uploads\/airandme-l-air-pollu\u00e9-nous-le-respirons-au-quotidien-01.jpg\" \/>\n\t<meta property=\"og:image:width\" content=\"750\" \/>\n\t<meta property=\"og:image:height\" content=\"374\" \/>\n\t<meta property=\"og:image:type\" content=\"image\/jpeg\" \/>\n<meta name=\"author\" content=\"nicolas\" \/>\n<meta name=\"twitter:card\" content=\"summary_large_image\" \/>\n<meta name=\"twitter:label1\" content=\"\u00c9crit par\" \/>\n\t<meta name=\"twitter:data1\" content=\"nicolas\" \/>\n\t<meta name=\"twitter:label2\" content=\"Dur\u00e9e de lecture estim\u00e9e\" \/>\n\t<meta name=\"twitter:data2\" content=\"5 minutes\" \/>\n<script type=\"application\/ld+json\" class=\"yoast-schema-graph\">{\"@context\":\"https:\\\/\\\/schema.org\",\"@graph\":[{\"@type\":\"Article\",\"@id\":\"https:\\\/\\\/www.airandme.fr\\\/blog\\\/aromatherapie-huiles-essentielles\\\/lair-pollue-nous-la-respirons-au-quotidien\\\/#article\",\"isPartOf\":{\"@id\":\"https:\\\/\\\/www.airandme.fr\\\/blog\\\/aromatherapie-huiles-essentielles\\\/lair-pollue-nous-la-respirons-au-quotidien\\\/\"},\"author\":{\"name\":\"nicolas\",\"@id\":\"https:\\\/\\\/www.airandme.fr\\\/blog\\\/#\\\/schema\\\/person\\\/e93285f19075a09c0508c6e97ebfe19b\"},\"headline\":\"L&rsquo;air pollu\u00e9 : nous le respirons au quotidien !\",\"datePublished\":\"2013-05-29T09:45:00+00:00\",\"dateModified\":\"2025-04-15T10:15:08+00:00\",\"mainEntityOfPage\":{\"@id\":\"https:\\\/\\\/www.airandme.fr\\\/blog\\\/aromatherapie-huiles-essentielles\\\/lair-pollue-nous-la-respirons-au-quotidien\\\/\"},\"wordCount\":1019,\"commentCount\":0,\"publisher\":{\"@id\":\"https:\\\/\\\/www.airandme.fr\\\/blog\\\/#organization\"},\"image\":{\"@id\":\"https:\\\/\\\/www.airandme.fr\\\/blog\\\/aromatherapie-huiles-essentielles\\\/lair-pollue-nous-la-respirons-au-quotidien\\\/#primaryimage\"},\"thumbnailUrl\":\"https:\\\/\\\/i0.wp.com\\\/www.airandme.fr\\\/blog\\\/wp-content\\\/uploads\\\/airandme-l-air-pollu%C3%A9-nous-le-respirons-au-quotidien-01.jpg?fit=750%2C374&ssl=1\",\"articleSection\":[\"Analyse et purification de l'air\",\"Aromath\u00e9rapie et huiles essentielles\",\"D\u00e9shumidification de l'air\",\"Humidification de l'air\",\"Pollution et qualit\u00e9 de l'air int\u00e9rieur\"],\"inLanguage\":\"fr-FR\",\"potentialAction\":[{\"@type\":\"CommentAction\",\"name\":\"Comment\",\"target\":[\"https:\\\/\\\/www.airandme.fr\\\/blog\\\/aromatherapie-huiles-essentielles\\\/lair-pollue-nous-la-respirons-au-quotidien\\\/#respond\"]}]},{\"@type\":\"WebPage\",\"@id\":\"https:\\\/\\\/www.airandme.fr\\\/blog\\\/aromatherapie-huiles-essentielles\\\/lair-pollue-nous-la-respirons-au-quotidien\\\/\",\"url\":\"https:\\\/\\\/www.airandme.fr\\\/blog\\\/aromatherapie-huiles-essentielles\\\/lair-pollue-nous-la-respirons-au-quotidien\\\/\",\"name\":\"L'air pollu\u00e9 : nous la respirons au quotidien !\",\"isPartOf\":{\"@id\":\"https:\\\/\\\/www.airandme.fr\\\/blog\\\/#website\"},\"primaryImageOfPage\":{\"@id\":\"https:\\\/\\\/www.airandme.fr\\\/blog\\\/aromatherapie-huiles-essentielles\\\/lair-pollue-nous-la-respirons-au-quotidien\\\/#primaryimage\"},\"image\":{\"@id\":\"https:\\\/\\\/www.airandme.fr\\\/blog\\\/aromatherapie-huiles-essentielles\\\/lair-pollue-nous-la-respirons-au-quotidien\\\/#primaryimage\"},\"thumbnailUrl\":\"https:\\\/\\\/i0.wp.com\\\/www.airandme.fr\\\/blog\\\/wp-content\\\/uploads\\\/airandme-l-air-pollu%C3%A9-nous-le-respirons-au-quotidien-01.jpg?fit=750%2C374&ssl=1\",\"datePublished\":\"2013-05-29T09:45:00+00:00\",\"dateModified\":\"2025-04-15T10:15:08+00:00\",\"description\":\"L'air pollu\u00e9 int\u00e9rieur affecte la sant\u00e9. D\u00e9couvrez les solutions pour purifier et am\u00e9liorer la qualit\u00e9 de l'air chez vous.\",\"breadcrumb\":{\"@id\":\"https:\\\/\\\/www.airandme.fr\\\/blog\\\/aromatherapie-huiles-essentielles\\\/lair-pollue-nous-la-respirons-au-quotidien\\\/#breadcrumb\"},\"inLanguage\":\"fr-FR\",\"potentialAction\":[{\"@type\":\"ReadAction\",\"target\":[\"https:\\\/\\\/www.airandme.fr\\\/blog\\\/aromatherapie-huiles-essentielles\\\/lair-pollue-nous-la-respirons-au-quotidien\\\/\"]}]},{\"@type\":\"ImageObject\",\"inLanguage\":\"fr-FR\",\"@id\":\"https:\\\/\\\/www.airandme.fr\\\/blog\\\/aromatherapie-huiles-essentielles\\\/lair-pollue-nous-la-respirons-au-quotidien\\\/#primaryimage\",\"url\":\"https:\\\/\\\/i0.wp.com\\\/www.airandme.fr\\\/blog\\\/wp-content\\\/uploads\\\/airandme-l-air-pollu%C3%A9-nous-le-respirons-au-quotidien-01.jpg?fit=750%2C374&ssl=1\",\"contentUrl\":\"https:\\\/\\\/i0.wp.com\\\/www.airandme.fr\\\/blog\\\/wp-content\\\/uploads\\\/airandme-l-air-pollu%C3%A9-nous-le-respirons-au-quotidien-01.jpg?fit=750%2C374&ssl=1\",\"width\":750,\"height\":374,\"caption\":\"airandme-L\u2019air pollu\u00e9 : nous le respirons au quotidien\"},{\"@type\":\"BreadcrumbList\",\"@id\":\"https:\\\/\\\/www.airandme.fr\\\/blog\\\/aromatherapie-huiles-essentielles\\\/lair-pollue-nous-la-respirons-au-quotidien\\\/#breadcrumb\",\"itemListElement\":[{\"@type\":\"ListItem\",\"position\":1,\"name\":\"Accueil\",\"item\":\"https:\\\/\\\/www.airandme.fr\\\/blog\\\/\"},{\"@type\":\"ListItem\",\"position\":2,\"name\":\"Analyse et purification de l'air\",\"item\":\"https:\\\/\\\/www.airandme.fr\\\/blog\\\/category\\\/analyse-et-purification-de-lair\\\/\"},{\"@type\":\"ListItem\",\"position\":3,\"name\":\"L&rsquo;air pollu\u00e9 : nous le respirons au quotidien !\"}]},{\"@type\":\"WebSite\",\"@id\":\"https:\\\/\\\/www.airandme.fr\\\/blog\\\/#website\",\"url\":\"https:\\\/\\\/www.airandme.fr\\\/blog\\\/\",\"name\":\"air&me - Le blog du traitement de l'air\",\"description\":\"Solutions pour le traitement de l&#039;air int\u00e9rieur - Le blog du bien air chez soi\",\"publisher\":{\"@id\":\"https:\\\/\\\/www.airandme.fr\\\/blog\\\/#organization\"},\"potentialAction\":[{\"@type\":\"SearchAction\",\"target\":{\"@type\":\"EntryPoint\",\"urlTemplate\":\"https:\\\/\\\/www.airandme.fr\\\/blog\\\/?s={search_term_string}\"},\"query-input\":{\"@type\":\"PropertyValueSpecification\",\"valueRequired\":true,\"valueName\":\"search_term_string\"}}],\"inLanguage\":\"fr-FR\"},{\"@type\":\"Organization\",\"@id\":\"https:\\\/\\\/www.airandme.fr\\\/blog\\\/#organization\",\"name\":\"air&me - Le blog du traitement de l'air\",\"url\":\"https:\\\/\\\/www.airandme.fr\\\/blog\\\/\",\"logo\":{\"@type\":\"ImageObject\",\"inLanguage\":\"fr-FR\",\"@id\":\"https:\\\/\\\/www.airandme.fr\\\/blog\\\/#\\\/schema\\\/logo\\\/image\\\/\",\"url\":\"https:\\\/\\\/i0.wp.com\\\/www.airandme.fr\\\/blog\\\/wp-content\\\/uploads\\\/airandme-logo-blog-300px.png?fit=300%2C120&ssl=1\",\"contentUrl\":\"https:\\\/\\\/i0.wp.com\\\/www.airandme.fr\\\/blog\\\/wp-content\\\/uploads\\\/airandme-logo-blog-300px.png?fit=300%2C120&ssl=1\",\"width\":300,\"height\":120,\"caption\":\"air&me - Le blog du traitement de l'air\"},\"image\":{\"@id\":\"https:\\\/\\\/www.airandme.fr\\\/blog\\\/#\\\/schema\\\/logo\\\/image\\\/\"},\"sameAs\":[\"https:\\\/\\\/www.facebook.com\\\/airandme\",\"https:\\\/\\\/www.instagram.com\\\/air_and_me\\\/\",\"https:\\\/\\\/www.linkedin.com\\\/air-and-me\",\"https:\\\/\\\/www.pinterest.fr\\\/air_and_me\",\"https:\\\/\\\/www.youtube.com\\\/channel\\\/UCmco9cc0iTBmPINR5vaW90A\"]},{\"@type\":\"Person\",\"@id\":\"https:\\\/\\\/www.airandme.fr\\\/blog\\\/#\\\/schema\\\/person\\\/e93285f19075a09c0508c6e97ebfe19b\",\"name\":\"nicolas\",\"image\":{\"@type\":\"ImageObject\",\"inLanguage\":\"fr-FR\",\"@id\":\"https:\\\/\\\/secure.gravatar.com\\\/avatar\\\/2e2d5a700f89460d486959b95cf34fab038ee31f4b655906767c768b9943aad8?s=96&d=mm&r=g\",\"url\":\"https:\\\/\\\/secure.gravatar.com\\\/avatar\\\/2e2d5a700f89460d486959b95cf34fab038ee31f4b655906767c768b9943aad8?s=96&d=mm&r=g\",\"contentUrl\":\"https:\\\/\\\/secure.gravatar.com\\\/avatar\\\/2e2d5a700f89460d486959b95cf34fab038ee31f4b655906767c768b9943aad8?s=96&d=mm&r=g\",\"caption\":\"nicolas\"},\"description\":\"Sp\u00e9cialiste du traitement de l'air chez air&amp;me\",\"url\":\"https:\\\/\\\/www.airandme.fr\\\/blog\\\/author\\\/nicolas\\\/\"}]}<\/script>\n<!-- \/ Yoast SEO plugin. -->","yoast_head_json":{"title":"L'air pollu\u00e9 : nous la respirons au quotidien !","description":"L'air pollu\u00e9 int\u00e9rieur affecte la sant\u00e9. D\u00e9couvrez les solutions pour purifier et am\u00e9liorer la qualit\u00e9 de l'air chez vous.","robots":{"index":"index","follow":"follow","max-snippet":"max-snippet:-1","max-image-preview":"max-image-preview:large","max-video-preview":"max-video-preview:-1"},"canonical":"https:\/\/www.airandme.fr\/blog\/aromatherapie-huiles-essentielles\/lair-pollue-nous-la-respirons-au-quotidien\/","og_locale":"fr_FR","og_type":"article","og_title":"L'air pollu\u00e9 : nous la respirons au quotidien !","og_description":"L'air pollu\u00e9 int\u00e9rieur affecte la sant\u00e9. D\u00e9couvrez les solutions pour purifier et am\u00e9liorer la qualit\u00e9 de l'air chez vous.","og_url":"https:\/\/www.airandme.fr\/blog\/aromatherapie-huiles-essentielles\/lair-pollue-nous-la-respirons-au-quotidien\/","og_site_name":"air&amp;me - Le blog du traitement de l&#039;air","article_publisher":"https:\/\/www.facebook.com\/airandme","article_published_time":"2013-05-29T09:45:00+00:00","article_modified_time":"2025-04-15T10:15:08+00:00","og_image":[{"width":750,"height":374,"url":"https:\/\/www.airandme.fr\/blog\/wp-content\/uploads\/airandme-l-air-pollu\u00e9-nous-le-respirons-au-quotidien-01.jpg","type":"image\/jpeg"}],"author":"nicolas","twitter_card":"summary_large_image","twitter_misc":{"\u00c9crit par":"nicolas","Dur\u00e9e de lecture estim\u00e9e":"5 minutes"},"schema":{"@context":"https:\/\/schema.org","@graph":[{"@type":"Article","@id":"https:\/\/www.airandme.fr\/blog\/aromatherapie-huiles-essentielles\/lair-pollue-nous-la-respirons-au-quotidien\/#article","isPartOf":{"@id":"https:\/\/www.airandme.fr\/blog\/aromatherapie-huiles-essentielles\/lair-pollue-nous-la-respirons-au-quotidien\/"},"author":{"name":"nicolas","@id":"https:\/\/www.airandme.fr\/blog\/#\/schema\/person\/e93285f19075a09c0508c6e97ebfe19b"},"headline":"L&rsquo;air pollu\u00e9 : nous le respirons au quotidien !","datePublished":"2013-05-29T09:45:00+00:00","dateModified":"2025-04-15T10:15:08+00:00","mainEntityOfPage":{"@id":"https:\/\/www.airandme.fr\/blog\/aromatherapie-huiles-essentielles\/lair-pollue-nous-la-respirons-au-quotidien\/"},"wordCount":1019,"commentCount":0,"publisher":{"@id":"https:\/\/www.airandme.fr\/blog\/#organization"},"image":{"@id":"https:\/\/www.airandme.fr\/blog\/aromatherapie-huiles-essentielles\/lair-pollue-nous-la-respirons-au-quotidien\/#primaryimage"},"thumbnailUrl":"https:\/\/i0.wp.com\/www.airandme.fr\/blog\/wp-content\/uploads\/airandme-l-air-pollu%C3%A9-nous-le-respirons-au-quotidien-01.jpg?fit=750%2C374&ssl=1","articleSection":["Analyse et purification de l'air","Aromath\u00e9rapie et huiles essentielles","D\u00e9shumidification de l'air","Humidification de l'air","Pollution et qualit\u00e9 de l'air int\u00e9rieur"],"inLanguage":"fr-FR","potentialAction":[{"@type":"CommentAction","name":"Comment","target":["https:\/\/www.airandme.fr\/blog\/aromatherapie-huiles-essentielles\/lair-pollue-nous-la-respirons-au-quotidien\/#respond"]}]},{"@type":"WebPage","@id":"https:\/\/www.airandme.fr\/blog\/aromatherapie-huiles-essentielles\/lair-pollue-nous-la-respirons-au-quotidien\/","url":"https:\/\/www.airandme.fr\/blog\/aromatherapie-huiles-essentielles\/lair-pollue-nous-la-respirons-au-quotidien\/","name":"L'air pollu\u00e9 : nous la respirons au quotidien !","isPartOf":{"@id":"https:\/\/www.airandme.fr\/blog\/#website"},"primaryImageOfPage":{"@id":"https:\/\/www.airandme.fr\/blog\/aromatherapie-huiles-essentielles\/lair-pollue-nous-la-respirons-au-quotidien\/#primaryimage"},"image":{"@id":"https:\/\/www.airandme.fr\/blog\/aromatherapie-huiles-essentielles\/lair-pollue-nous-la-respirons-au-quotidien\/#primaryimage"},"thumbnailUrl":"https:\/\/i0.wp.com\/www.airandme.fr\/blog\/wp-content\/uploads\/airandme-l-air-pollu%C3%A9-nous-le-respirons-au-quotidien-01.jpg?fit=750%2C374&ssl=1","datePublished":"2013-05-29T09:45:00+00:00","dateModified":"2025-04-15T10:15:08+00:00","description":"L'air pollu\u00e9 int\u00e9rieur affecte la sant\u00e9. D\u00e9couvrez les solutions pour purifier et am\u00e9liorer la qualit\u00e9 de l'air chez vous.","breadcrumb":{"@id":"https:\/\/www.airandme.fr\/blog\/aromatherapie-huiles-essentielles\/lair-pollue-nous-la-respirons-au-quotidien\/#breadcrumb"},"inLanguage":"fr-FR","potentialAction":[{"@type":"ReadAction","target":["https:\/\/www.airandme.fr\/blog\/aromatherapie-huiles-essentielles\/lair-pollue-nous-la-respirons-au-quotidien\/"]}]},{"@type":"ImageObject","inLanguage":"fr-FR","@id":"https:\/\/www.airandme.fr\/blog\/aromatherapie-huiles-essentielles\/lair-pollue-nous-la-respirons-au-quotidien\/#primaryimage","url":"https:\/\/i0.wp.com\/www.airandme.fr\/blog\/wp-content\/uploads\/airandme-l-air-pollu%C3%A9-nous-le-respirons-au-quotidien-01.jpg?fit=750%2C374&ssl=1","contentUrl":"https:\/\/i0.wp.com\/www.airandme.fr\/blog\/wp-content\/uploads\/airandme-l-air-pollu%C3%A9-nous-le-respirons-au-quotidien-01.jpg?fit=750%2C374&ssl=1","width":750,"height":374,"caption":"airandme-L\u2019air pollu\u00e9 : nous le respirons au quotidien"},{"@type":"BreadcrumbList","@id":"https:\/\/www.airandme.fr\/blog\/aromatherapie-huiles-essentielles\/lair-pollue-nous-la-respirons-au-quotidien\/#breadcrumb","itemListElement":[{"@type":"ListItem","position":1,"name":"Accueil","item":"https:\/\/www.airandme.fr\/blog\/"},{"@type":"ListItem","position":2,"name":"Analyse et purification de l'air","item":"https:\/\/www.airandme.fr\/blog\/category\/analyse-et-purification-de-lair\/"},{"@type":"ListItem","position":3,"name":"L&rsquo;air pollu\u00e9 : nous le respirons au quotidien !"}]},{"@type":"WebSite","@id":"https:\/\/www.airandme.fr\/blog\/#website","url":"https:\/\/www.airandme.fr\/blog\/","name":"air&me - Le blog du traitement de l'air","description":"Solutions pour le traitement de l&#039;air int\u00e9rieur - Le blog du bien air chez soi","publisher":{"@id":"https:\/\/www.airandme.fr\/blog\/#organization"},"potentialAction":[{"@type":"SearchAction","target":{"@type":"EntryPoint","urlTemplate":"https:\/\/www.airandme.fr\/blog\/?s={search_term_string}"},"query-input":{"@type":"PropertyValueSpecification","valueRequired":true,"valueName":"search_term_string"}}],"inLanguage":"fr-FR"},{"@type":"Organization","@id":"https:\/\/www.airandme.fr\/blog\/#organization","name":"air&me - Le blog du traitement de l'air","url":"https:\/\/www.airandme.fr\/blog\/","logo":{"@type":"ImageObject","inLanguage":"fr-FR","@id":"https:\/\/www.airandme.fr\/blog\/#\/schema\/logo\/image\/","url":"https:\/\/i0.wp.com\/www.airandme.fr\/blog\/wp-content\/uploads\/airandme-logo-blog-300px.png?fit=300%2C120&ssl=1","contentUrl":"https:\/\/i0.wp.com\/www.airandme.fr\/blog\/wp-content\/uploads\/airandme-logo-blog-300px.png?fit=300%2C120&ssl=1","width":300,"height":120,"caption":"air&me - Le blog du traitement de l'air"},"image":{"@id":"https:\/\/www.airandme.fr\/blog\/#\/schema\/logo\/image\/"},"sameAs":["https:\/\/www.facebook.com\/airandme","https:\/\/www.instagram.com\/air_and_me\/","https:\/\/www.linkedin.com\/air-and-me","https:\/\/www.pinterest.fr\/air_and_me","https:\/\/www.youtube.com\/channel\/UCmco9cc0iTBmPINR5vaW90A"]},{"@type":"Person","@id":"https:\/\/www.airandme.fr\/blog\/#\/schema\/person\/e93285f19075a09c0508c6e97ebfe19b","name":"nicolas","image":{"@type":"ImageObject","inLanguage":"fr-FR","@id":"https:\/\/secure.gravatar.com\/avatar\/2e2d5a700f89460d486959b95cf34fab038ee31f4b655906767c768b9943aad8?s=96&d=mm&r=g","url":"https:\/\/secure.gravatar.com\/avatar\/2e2d5a700f89460d486959b95cf34fab038ee31f4b655906767c768b9943aad8?s=96&d=mm&r=g","contentUrl":"https:\/\/secure.gravatar.com\/avatar\/2e2d5a700f89460d486959b95cf34fab038ee31f4b655906767c768b9943aad8?s=96&d=mm&r=g","caption":"nicolas"},"description":"Sp\u00e9cialiste du traitement de l'air chez air&amp;me","url":"https:\/\/www.airandme.fr\/blog\/author\/nicolas\/"}]}},"jetpack_featured_media_url":"https:\/\/i0.wp.com\/www.airandme.fr\/blog\/wp-content\/uploads\/airandme-l-air-pollu%C3%A9-nous-le-respirons-au-quotidien-01.jpg?fit=750%2C374&ssl=1","jetpack_sharing_enabled":true,"jetpack_shortlink":"https:\/\/wp.me\/paHeLN-1zw","_links":{"self":[{"href":"https:\/\/www.airandme.fr\/blog\/wp-json\/wp\/v2\/posts\/6046","targetHints":{"allow":["GET"]}}],"collection":[{"href":"https:\/\/www.airandme.fr\/blog\/wp-json\/wp\/v2\/posts"}],"about":[{"href":"https:\/\/www.airandme.fr\/blog\/wp-json\/wp\/v2\/types\/post"}],"author":[{"embeddable":true,"href":"https:\/\/www.airandme.fr\/blog\/wp-json\/wp\/v2\/users\/2"}],"replies":[{"embeddable":true,"href":"https:\/\/www.airandme.fr\/blog\/wp-json\/wp\/v2\/comments?post=6046"}],"version-history":[{"count":9,"href":"https:\/\/www.airandme.fr\/blog\/wp-json\/wp\/v2\/posts\/6046\/revisions"}],"predecessor-version":[{"id":22460,"href":"https:\/\/www.airandme.fr\/blog\/wp-json\/wp\/v2\/posts\/6046\/revisions\/22460"}],"wp:featuredmedia":[{"embeddable":true,"href":"https:\/\/www.airandme.fr\/blog\/wp-json\/wp\/v2\/media\/16308"}],"wp:attachment":[{"href":"https:\/\/www.airandme.fr\/blog\/wp-json\/wp\/v2\/media?parent=6046"}],"wp:term":[{"taxonomy":"category","embeddable":true,"href":"https:\/\/www.airandme.fr\/blog\/wp-json\/wp\/v2\/categories?post=6046"},{"taxonomy":"post_tag","embeddable":true,"href":"https:\/\/www.airandme.fr\/blog\/wp-json\/wp\/v2\/tags?post=6046"}],"curies":[{"name":"wp","href":"https:\/\/api.w.org\/{rel}","templated":true}]}}