{"id":6071,"date":"2013-06-04T15:52:58","date_gmt":"2013-06-04T14:52:58","guid":{"rendered":"https:\/\/www.airandme.fr\/blog\/\/?p=6071"},"modified":"2025-01-03T10:43:58","modified_gmt":"2025-01-03T08:43:58","slug":"une-qualite-de-lair-mediocre-meme-en-utilisant-materiaux-etiquetes-a","status":"publish","type":"post","link":"https:\/\/www.airandme.fr\/blog\/pollution-et-qualite-de-l-air-interieur\/une-qualite-de-lair-mediocre-meme-en-utilisant-materiaux-etiquetes-a\/","title":{"rendered":"Une qualit\u00e9 de l\u2019air m\u00e9diocre m\u00eame en utilisant mat\u00e9riaux \u00e9tiquet\u00e9s A+"},"content":{"rendered":"<p style=\"text-align: justify;\">Depuis le 1<sup>er<\/sup> janvier 2012, les fabricants doivent afficher les niveaux d\u2019\u00e9mission de polluants volatils de tous les nouveaux produits de construction et de d\u00e9coration allant de A+ (tr\u00e8s faibles \u00e9missions) \u00e0 C (fortes \u00e9missions). Et d\u2019ici septembre 2013, tous les produits de construction et de d\u00e9coration vendus en France devront \u00e9galement \u00eatre \u00e9tiquet\u00e9s de la m\u00eame fa\u00e7on.<\/p>\n<p style=\"text-align: justify;\">Mais d\u2019apr\u00e8s les intervenants de la troisi\u00e8me \u00e9dition des \u00ab&nbsp;D\u00e9fis B\u00e2timent et Sant\u00e9&nbsp;\u00bb qui s\u2019est tenue \u00e0 Paris le 28 mai 2013, l\u2019assemblage de mat\u00e9riaux \u00e9tiquet\u00e9s A + ne donne pas un b\u00e2timent sain&nbsp;; ils ont ainsi mis en avant les diff\u00e9rents points de vigilance.<\/p>\n<p style=\"text-align: center;\"><strong>Les \u00e9missions des mat\u00e9riaux sont modifi\u00e9es selon l\u2019environnement int\u00e9rieur<\/strong><\/p>\n<p style=\"text-align: justify;\">Il est important de souligner que sous l\u2019effet d\u2019un changement d\u2019humidit\u00e9 ou des rayonnements solaires, les mat\u00e9riaux peuvent \u00e9mettre des polluants en quantit\u00e9 nettement plus importante. \u00ab&nbsp;Un rev\u00eatement de sol et des colles A+ install\u00e9s quand la chape n\u2019est pas encore s\u00e8che peuvent \u00e9mettre des compos\u00e9s organiques volatils (COV) durant des mois&nbsp;\u00bb indique Suzanne Deoux, professeur associ\u00e9 en ing\u00e9nierie des strat\u00e9gies de sant\u00e9 dans les b\u00e2timents \u00e0 l\u2019Universit\u00e9 d\u2019Angers.<\/p>\n<p style=\"text-align: center;\"><strong>La somme des \u00e9missions de chacun des mat\u00e9riaux ne sont pas les polluants de la pi\u00e8ce<\/strong><\/p>\n<p style=\"text-align: justify;\">Le CSTB travaille sur une nouvelle version de son logiciel d\u2019\u00e9valuation environnementale \u00ab&nbsp;\u00c9lodie&nbsp;\u00bb, de mani\u00e8re \u00e0 ce qu\u2019il puisse permettre de calculer de mani\u00e8re simplifi\u00e9e les concentrations th\u00e9oriques en COV des pi\u00e8ces d\u2019un projet car les interactions entre les diff\u00e9rentes \u00e9missions des mat\u00e9riaux et leur environnement sont difficiles \u00e0 prendre en compte. L\u2019objectif \u00e9tant que ce logiciel soit un outil d\u2019aide \u00e0 la conception dont le fonctionnement se basera sur les informations contenues dans la base de donn\u00e9es Inies (c\u2019est la base de donn\u00e9e fran\u00e7aise de r\u00e9f\u00e9rence sur les caract\u00e9ristiques environnementales et sanitaires des produits de construction), renseign\u00e9es par les entreprise elles-m\u00eames, ainsi elles devront dans les mois \u00e0 venir, l\u2019enrichir de donn\u00e9s sanitaires.<\/p>\n<p style=\"text-align: center;\"><strong>La qualit\u00e9 de l\u2019air int\u00e9rieur varie en fonction de l\u2019environnement ext\u00e9rieur<\/strong><\/p>\n<p style=\"text-align: justify;\">Manon Capitan (Consultante au sein du cabinet d\u2019Architecture r\u00e9alisations programmation), souligne que la pr\u00e9sence d\u2019un pressing au rez-de-chauss\u00e9e, les voies de circulation avoisinantes, le potentiel allergisant de la v\u00e9g\u00e9tation environnante, jouent sur la qualit\u00e9 de l\u2019air int\u00e9rieur. Elle indique aussi que le radon, qui est un gaz canc\u00e9rig\u00e8ne fortement pr\u00e9sent dans le massif central, en Bretagne et en Corse, multiplie par trois les risques de cancer lors d\u2019une interaction avec le tabac.<\/p>\n<p style=\"text-align: justify;\">Comme nous l\u2019a rappel\u00e9 Caroline Sauze (Adjointe \u00e0 la chef du bureau de la qualit\u00e9 technique de la DHUP) l\u2019environnement ext\u00e9rieur est un facteur de qualit\u00e9 de l\u2019air int\u00e9rieur.<\/p>\n<p style=\"text-align: center;\"><strong>Les meubles ainsi que les produits d\u2019entretien m\u00e9nagers \u00e9mettent plus de polluants que le b\u00e2timent<\/strong><\/p>\n<p style=\"text-align: justify;\">D\u2019apr\u00e8s une exp\u00e9rience fais par l\u2019\u00e9cole des Mines dans les salles de classe, on a constat\u00e9 que le mobilier est le principal responsable des \u00e9missions de COV. L\u2019absence d\u2019\u00e9tiquette pour l\u2019ameublement prive les occupants de rep\u00e8re. Le p\u00f4le ameublement de l\u2019institut technologique FCBA m\u00e8ne actuellement des \u00e9tudes en vue d\u2019une future \u00e9tiquette.<\/p>\n<p style=\"text-align: justify;\">D\u2019un autre c\u00f4t\u00e9, la Direction des Risques Chroniques de l\u2019Ineris, a elle \u00e9valu\u00e9 l\u2019impact des activit\u00e9s domestiques. Son \u00e9tude du formald\u00e9hyde dans 9 produits m\u00e9nagers test\u00e9s sur 10 et des mesures en conditions r\u00e9elles ont montr\u00e9 que l\u2019application de mousse au sol g\u00e9n\u00e8re des concentrations cons\u00e9quentes de limon\u00e8ne et des particules fines.<\/p>\n<p style=\"text-align: center;\"><strong>Bouygues Immobilier mesure la pollution int\u00e9rieure dans ses bureaux<\/strong><\/p>\n<p style=\"text-align: justify;\">Bouygues Immobilier a mesur\u00e9 dans les bureaux de ses collaborateurs les concentrations de COV en temps r\u00e9el. Le promoteur constate qu\u2019\u00e0 son si\u00e8ge d\u2019Issy-les-Moulineaux (92), quand un grand nombre de personnes se trouve dans une m\u00eame salle de r\u00e9union, les COV augmentent.<\/p>\n<p style=\"text-align: justify;\">Dans son immeuble du 32 avenue Hoche \u00e0 Paris, la concentration est divis\u00e9e par 3 entre le jour et la nuit. Cela est d\u00fb \u00e0 l\u2019utilisation des appareils de ventilation qui fonctionnent de 5h du matin \u00e0 22h le soir.<\/p>\n<p style=\"text-align: justify;\">\n<p style=\"text-align: justify;\">On peut constater que la qualit\u00e9 de l\u2019air ne d\u00e9pend pas toujours des composants pr\u00e9sents dans les mat\u00e9riaux&nbsp; que nous utilisons. L\u2019environnement int\u00e9rieur mais \u00e9galement ext\u00e9rieur jouent \u00e9norm\u00e9ment sur le d\u00e9veloppement des polluants dans l\u2019air ambiant. Pour une excellente qualit\u00e9 de l\u2019air, il est donc vital de traiter l\u2019air int\u00e9rieur avec des<a title=\"Air Naturel\" href=\"http:\/\/www.airnaturel.com\/\" target=\"_blank\" rel=\"noopener noreferrer\"> appareils fiables et d\u2019excellente qualit\u00e9<\/a>.<\/p>\n","protected":false},"excerpt":{"rendered":"<p>Depuis le 1er janvier 2012, les fabricants doivent afficher les niveaux d\u2019\u00e9mission de polluants volatils de tous les nouveaux produits de construction et de d\u00e9coration allant de A+ (tr\u00e8s faibles \u00e9missions) \u00e0 C (fortes \u00e9missions). Et d\u2019ici septembre 2013, tous les produits de construction et de d\u00e9coration vendus en France devront \u00e9galement \u00eatre \u00e9tiquet\u00e9s de [&hellip;]<\/p>\n","protected":false},"author":2,"featured_media":16306,"comment_status":"open","ping_status":"open","sticky":false,"template":"","format":"standard","meta":{"jetpack_post_was_ever_published":false,"_jetpack_newsletter_access":"","_jetpack_dont_email_post_to_subs":false,"_jetpack_newsletter_tier_id":0,"_jetpack_memberships_contains_paywalled_content":false,"_jetpack_memberships_contains_paid_content":false,"jnews-multi-image_gallery":[],"jnews_single_post":{"subtitle":"","format":"standard","video":"","gallery":"","source_name":"","source_url":"","via_name":"","via_url":"","override":[{"template":"1","single_blog_custom":"","parallax":"1","layout":"right-sidebar","sidebar":"default-sidebar","second_sidebar":"","sticky_sidebar":"1","share_position":"top","share_float_style":"share-monocrhome","show_share_counter":"1","show_view_counter":"1","show_featured":"1","show_post_meta":"1","show_post_author":"1","show_post_author_image":"1","show_post_date":"1","post_date_format":"","post_date_format_custom":"","show_post_category":"1","post_reading_time_wpm":"","zoom_button_out_step":"1","zoom_button_in_step":"1","show_post_tag":"1","show_prev_next_post":"1","show_popup_post":"1","number_popup_post":"1","show_post_related":"1"}],"image_override":[{"single_post_thumbnail_size":"crop-500","single_post_gallery_size":"crop-500"}],"trending_post_position":"","trending_post_label":"","sponsored_post_label":"","sponsored_post_name":"","sponsored_post_url":"","sponsored_post_logo":"","sponsored_post_desc":""},"jnews_primary_category":{"id":""},"jnews_social_meta":{"fb_title":"","fb_description":"","fb_image":"","twitter_title":"","twitter_description":"","twitter_image":""},"footnotes":""},"categories":[712],"tags":[],"class_list":["post-6071","post","type-post","status-publish","format-standard","has-post-thumbnail","hentry","category-pollution-et-qualite-de-l-air-interieur"],"yoast_head":"<!-- This site is optimized with the Yoast SEO plugin v27.4 - https:\/\/yoast.com\/product\/yoast-seo-wordpress\/ -->\n<title>Une qualit\u00e9 de l\u2019air m\u00e9diocre m\u00eame en utilisant mat\u00e9riaux \u00e9tiquet\u00e9s A+<\/title>\n<meta name=\"description\" content=\"Les mat\u00e9riaux \u00e9tiquet\u00e9s A+ promettent de faibles \u00e9missions de polluants, mais leur efficacit\u00e9 varie selon l\u2019environnement int\u00e9rieur et ext\u00e9rieur. D\u00e9couvrez pourquoi.\" \/>\n<meta name=\"robots\" content=\"index, follow, max-snippet:-1, max-image-preview:large, max-video-preview:-1\" \/>\n<link rel=\"canonical\" href=\"https:\/\/www.airandme.fr\/blog\/pollution-et-qualite-de-l-air-interieur\/une-qualite-de-lair-mediocre-meme-en-utilisant-materiaux-etiquetes-a\/\" \/>\n<meta property=\"og:locale\" content=\"fr_FR\" \/>\n<meta property=\"og:type\" content=\"article\" \/>\n<meta property=\"og:title\" content=\"Une qualit\u00e9 de l\u2019air m\u00e9diocre m\u00eame en utilisant mat\u00e9riaux \u00e9tiquet\u00e9s A+\" \/>\n<meta property=\"og:description\" content=\"Les mat\u00e9riaux \u00e9tiquet\u00e9s A+ promettent de faibles \u00e9missions de polluants, mais leur efficacit\u00e9 varie selon l\u2019environnement int\u00e9rieur et ext\u00e9rieur. D\u00e9couvrez pourquoi.\" \/>\n<meta property=\"og:url\" content=\"https:\/\/www.airandme.fr\/blog\/pollution-et-qualite-de-l-air-interieur\/une-qualite-de-lair-mediocre-meme-en-utilisant-materiaux-etiquetes-a\/\" \/>\n<meta property=\"og:site_name\" content=\"air&amp;me - Le blog du traitement de l&#039;air\" \/>\n<meta property=\"article:publisher\" content=\"https:\/\/www.facebook.com\/airandme\" \/>\n<meta property=\"article:published_time\" content=\"2013-06-04T14:52:58+00:00\" \/>\n<meta property=\"article:modified_time\" content=\"2025-01-03T08:43:58+00:00\" \/>\n<meta property=\"og:image\" content=\"https:\/\/www.airandme.fr\/blog\/wp-content\/uploads\/airandme-une-qualit\u00e9-de-l-air-m\u00e9diocre-m\u00eame-en-utilisant-mat\u00e9riaux-\u00e9tiquet\u00e9s-A-01.jpg\" \/>\n\t<meta property=\"og:image:width\" content=\"750\" \/>\n\t<meta property=\"og:image:height\" content=\"374\" \/>\n\t<meta property=\"og:image:type\" content=\"image\/jpeg\" \/>\n<meta name=\"author\" content=\"nicolas\" \/>\n<meta name=\"twitter:card\" content=\"summary_large_image\" \/>\n<meta name=\"twitter:label1\" content=\"\u00c9crit par\" \/>\n\t<meta name=\"twitter:data1\" content=\"nicolas\" \/>\n\t<meta name=\"twitter:label2\" content=\"Dur\u00e9e de lecture estim\u00e9e\" \/>\n\t<meta name=\"twitter:data2\" content=\"4 minutes\" \/>\n<script type=\"application\/ld+json\" class=\"yoast-schema-graph\">{\"@context\":\"https:\\\/\\\/schema.org\",\"@graph\":[{\"@type\":\"Article\",\"@id\":\"https:\\\/\\\/www.airandme.fr\\\/blog\\\/pollution-et-qualite-de-l-air-interieur\\\/une-qualite-de-lair-mediocre-meme-en-utilisant-materiaux-etiquetes-a\\\/#article\",\"isPartOf\":{\"@id\":\"https:\\\/\\\/www.airandme.fr\\\/blog\\\/pollution-et-qualite-de-l-air-interieur\\\/une-qualite-de-lair-mediocre-meme-en-utilisant-materiaux-etiquetes-a\\\/\"},\"author\":{\"name\":\"nicolas\",\"@id\":\"https:\\\/\\\/www.airandme.fr\\\/blog\\\/#\\\/schema\\\/person\\\/e93285f19075a09c0508c6e97ebfe19b\"},\"headline\":\"Une qualit\u00e9 de l\u2019air m\u00e9diocre m\u00eame en utilisant mat\u00e9riaux \u00e9tiquet\u00e9s A+\",\"datePublished\":\"2013-06-04T14:52:58+00:00\",\"dateModified\":\"2025-01-03T08:43:58+00:00\",\"mainEntityOfPage\":{\"@id\":\"https:\\\/\\\/www.airandme.fr\\\/blog\\\/pollution-et-qualite-de-l-air-interieur\\\/une-qualite-de-lair-mediocre-meme-en-utilisant-materiaux-etiquetes-a\\\/\"},\"wordCount\":828,\"commentCount\":0,\"publisher\":{\"@id\":\"https:\\\/\\\/www.airandme.fr\\\/blog\\\/#organization\"},\"image\":{\"@id\":\"https:\\\/\\\/www.airandme.fr\\\/blog\\\/pollution-et-qualite-de-l-air-interieur\\\/une-qualite-de-lair-mediocre-meme-en-utilisant-materiaux-etiquetes-a\\\/#primaryimage\"},\"thumbnailUrl\":\"https:\\\/\\\/i0.wp.com\\\/www.airandme.fr\\\/blog\\\/wp-content\\\/uploads\\\/airandme-une-qualit%C3%A9-de-l-air-m%C3%A9diocre-m%C3%AAme-en-utilisant-mat%C3%A9riaux-%C3%A9tiquet%C3%A9s-A-01.jpg?fit=750%2C374&ssl=1\",\"articleSection\":[\"Pollution et qualit\u00e9 de l'air int\u00e9rieur\"],\"inLanguage\":\"fr-FR\",\"potentialAction\":[{\"@type\":\"CommentAction\",\"name\":\"Comment\",\"target\":[\"https:\\\/\\\/www.airandme.fr\\\/blog\\\/pollution-et-qualite-de-l-air-interieur\\\/une-qualite-de-lair-mediocre-meme-en-utilisant-materiaux-etiquetes-a\\\/#respond\"]}]},{\"@type\":\"WebPage\",\"@id\":\"https:\\\/\\\/www.airandme.fr\\\/blog\\\/pollution-et-qualite-de-l-air-interieur\\\/une-qualite-de-lair-mediocre-meme-en-utilisant-materiaux-etiquetes-a\\\/\",\"url\":\"https:\\\/\\\/www.airandme.fr\\\/blog\\\/pollution-et-qualite-de-l-air-interieur\\\/une-qualite-de-lair-mediocre-meme-en-utilisant-materiaux-etiquetes-a\\\/\",\"name\":\"Une qualit\u00e9 de l\u2019air m\u00e9diocre m\u00eame en utilisant mat\u00e9riaux \u00e9tiquet\u00e9s A+\",\"isPartOf\":{\"@id\":\"https:\\\/\\\/www.airandme.fr\\\/blog\\\/#website\"},\"primaryImageOfPage\":{\"@id\":\"https:\\\/\\\/www.airandme.fr\\\/blog\\\/pollution-et-qualite-de-l-air-interieur\\\/une-qualite-de-lair-mediocre-meme-en-utilisant-materiaux-etiquetes-a\\\/#primaryimage\"},\"image\":{\"@id\":\"https:\\\/\\\/www.airandme.fr\\\/blog\\\/pollution-et-qualite-de-l-air-interieur\\\/une-qualite-de-lair-mediocre-meme-en-utilisant-materiaux-etiquetes-a\\\/#primaryimage\"},\"thumbnailUrl\":\"https:\\\/\\\/i0.wp.com\\\/www.airandme.fr\\\/blog\\\/wp-content\\\/uploads\\\/airandme-une-qualit%C3%A9-de-l-air-m%C3%A9diocre-m%C3%AAme-en-utilisant-mat%C3%A9riaux-%C3%A9tiquet%C3%A9s-A-01.jpg?fit=750%2C374&ssl=1\",\"datePublished\":\"2013-06-04T14:52:58+00:00\",\"dateModified\":\"2025-01-03T08:43:58+00:00\",\"description\":\"Les mat\u00e9riaux \u00e9tiquet\u00e9s A+ promettent de faibles \u00e9missions de polluants, mais leur efficacit\u00e9 varie selon l\u2019environnement int\u00e9rieur et ext\u00e9rieur. D\u00e9couvrez pourquoi.\",\"breadcrumb\":{\"@id\":\"https:\\\/\\\/www.airandme.fr\\\/blog\\\/pollution-et-qualite-de-l-air-interieur\\\/une-qualite-de-lair-mediocre-meme-en-utilisant-materiaux-etiquetes-a\\\/#breadcrumb\"},\"inLanguage\":\"fr-FR\",\"potentialAction\":[{\"@type\":\"ReadAction\",\"target\":[\"https:\\\/\\\/www.airandme.fr\\\/blog\\\/pollution-et-qualite-de-l-air-interieur\\\/une-qualite-de-lair-mediocre-meme-en-utilisant-materiaux-etiquetes-a\\\/\"]}]},{\"@type\":\"ImageObject\",\"inLanguage\":\"fr-FR\",\"@id\":\"https:\\\/\\\/www.airandme.fr\\\/blog\\\/pollution-et-qualite-de-l-air-interieur\\\/une-qualite-de-lair-mediocre-meme-en-utilisant-materiaux-etiquetes-a\\\/#primaryimage\",\"url\":\"https:\\\/\\\/i0.wp.com\\\/www.airandme.fr\\\/blog\\\/wp-content\\\/uploads\\\/airandme-une-qualit%C3%A9-de-l-air-m%C3%A9diocre-m%C3%AAme-en-utilisant-mat%C3%A9riaux-%C3%A9tiquet%C3%A9s-A-01.jpg?fit=750%2C374&ssl=1\",\"contentUrl\":\"https:\\\/\\\/i0.wp.com\\\/www.airandme.fr\\\/blog\\\/wp-content\\\/uploads\\\/airandme-une-qualit%C3%A9-de-l-air-m%C3%A9diocre-m%C3%AAme-en-utilisant-mat%C3%A9riaux-%C3%A9tiquet%C3%A9s-A-01.jpg?fit=750%2C374&ssl=1\",\"width\":750,\"height\":374,\"caption\":\"airandme-Une qualit\u00e9 de l\u2019air m\u00e9diocre m\u00eame en utilisant mat\u00e9riaux \u00e9tiquet\u00e9s A+\"},{\"@type\":\"BreadcrumbList\",\"@id\":\"https:\\\/\\\/www.airandme.fr\\\/blog\\\/pollution-et-qualite-de-l-air-interieur\\\/une-qualite-de-lair-mediocre-meme-en-utilisant-materiaux-etiquetes-a\\\/#breadcrumb\",\"itemListElement\":[{\"@type\":\"ListItem\",\"position\":1,\"name\":\"Accueil\",\"item\":\"https:\\\/\\\/www.airandme.fr\\\/blog\\\/\"},{\"@type\":\"ListItem\",\"position\":2,\"name\":\"Pollution et qualit\u00e9 de l'air int\u00e9rieur\",\"item\":\"https:\\\/\\\/www.airandme.fr\\\/blog\\\/category\\\/pollution-et-qualite-de-l-air-interieur\\\/\"},{\"@type\":\"ListItem\",\"position\":3,\"name\":\"Une qualit\u00e9 de l\u2019air m\u00e9diocre m\u00eame en utilisant mat\u00e9riaux \u00e9tiquet\u00e9s A+\"}]},{\"@type\":\"WebSite\",\"@id\":\"https:\\\/\\\/www.airandme.fr\\\/blog\\\/#website\",\"url\":\"https:\\\/\\\/www.airandme.fr\\\/blog\\\/\",\"name\":\"air&me - Le blog du traitement de l'air\",\"description\":\"Solutions pour le traitement de l&#039;air int\u00e9rieur - Le blog du bien air chez soi\",\"publisher\":{\"@id\":\"https:\\\/\\\/www.airandme.fr\\\/blog\\\/#organization\"},\"potentialAction\":[{\"@type\":\"SearchAction\",\"target\":{\"@type\":\"EntryPoint\",\"urlTemplate\":\"https:\\\/\\\/www.airandme.fr\\\/blog\\\/?s={search_term_string}\"},\"query-input\":{\"@type\":\"PropertyValueSpecification\",\"valueRequired\":true,\"valueName\":\"search_term_string\"}}],\"inLanguage\":\"fr-FR\"},{\"@type\":\"Organization\",\"@id\":\"https:\\\/\\\/www.airandme.fr\\\/blog\\\/#organization\",\"name\":\"air&me - Le blog du traitement de l'air\",\"url\":\"https:\\\/\\\/www.airandme.fr\\\/blog\\\/\",\"logo\":{\"@type\":\"ImageObject\",\"inLanguage\":\"fr-FR\",\"@id\":\"https:\\\/\\\/www.airandme.fr\\\/blog\\\/#\\\/schema\\\/logo\\\/image\\\/\",\"url\":\"https:\\\/\\\/i0.wp.com\\\/www.airandme.fr\\\/blog\\\/wp-content\\\/uploads\\\/airandme-logo-blog-300px.png?fit=300%2C120&ssl=1\",\"contentUrl\":\"https:\\\/\\\/i0.wp.com\\\/www.airandme.fr\\\/blog\\\/wp-content\\\/uploads\\\/airandme-logo-blog-300px.png?fit=300%2C120&ssl=1\",\"width\":300,\"height\":120,\"caption\":\"air&me - Le blog du traitement de l'air\"},\"image\":{\"@id\":\"https:\\\/\\\/www.airandme.fr\\\/blog\\\/#\\\/schema\\\/logo\\\/image\\\/\"},\"sameAs\":[\"https:\\\/\\\/www.facebook.com\\\/airandme\",\"https:\\\/\\\/www.instagram.com\\\/air_and_me\\\/\",\"https:\\\/\\\/www.linkedin.com\\\/air-and-me\",\"https:\\\/\\\/www.pinterest.fr\\\/air_and_me\",\"https:\\\/\\\/www.youtube.com\\\/channel\\\/UCmco9cc0iTBmPINR5vaW90A\"]},{\"@type\":\"Person\",\"@id\":\"https:\\\/\\\/www.airandme.fr\\\/blog\\\/#\\\/schema\\\/person\\\/e93285f19075a09c0508c6e97ebfe19b\",\"name\":\"nicolas\",\"image\":{\"@type\":\"ImageObject\",\"inLanguage\":\"fr-FR\",\"@id\":\"https:\\\/\\\/secure.gravatar.com\\\/avatar\\\/2e2d5a700f89460d486959b95cf34fab038ee31f4b655906767c768b9943aad8?s=96&d=mm&r=g\",\"url\":\"https:\\\/\\\/secure.gravatar.com\\\/avatar\\\/2e2d5a700f89460d486959b95cf34fab038ee31f4b655906767c768b9943aad8?s=96&d=mm&r=g\",\"contentUrl\":\"https:\\\/\\\/secure.gravatar.com\\\/avatar\\\/2e2d5a700f89460d486959b95cf34fab038ee31f4b655906767c768b9943aad8?s=96&d=mm&r=g\",\"caption\":\"nicolas\"},\"description\":\"Sp\u00e9cialiste du traitement de l'air chez air&amp;me\",\"url\":\"https:\\\/\\\/www.airandme.fr\\\/blog\\\/author\\\/nicolas\\\/\"}]}<\/script>\n<!-- \/ Yoast SEO plugin. -->","yoast_head_json":{"title":"Une qualit\u00e9 de l\u2019air m\u00e9diocre m\u00eame en utilisant mat\u00e9riaux \u00e9tiquet\u00e9s A+","description":"Les mat\u00e9riaux \u00e9tiquet\u00e9s A+ promettent de faibles \u00e9missions de polluants, mais leur efficacit\u00e9 varie selon l\u2019environnement int\u00e9rieur et ext\u00e9rieur. D\u00e9couvrez pourquoi.","robots":{"index":"index","follow":"follow","max-snippet":"max-snippet:-1","max-image-preview":"max-image-preview:large","max-video-preview":"max-video-preview:-1"},"canonical":"https:\/\/www.airandme.fr\/blog\/pollution-et-qualite-de-l-air-interieur\/une-qualite-de-lair-mediocre-meme-en-utilisant-materiaux-etiquetes-a\/","og_locale":"fr_FR","og_type":"article","og_title":"Une qualit\u00e9 de l\u2019air m\u00e9diocre m\u00eame en utilisant mat\u00e9riaux \u00e9tiquet\u00e9s A+","og_description":"Les mat\u00e9riaux \u00e9tiquet\u00e9s A+ promettent de faibles \u00e9missions de polluants, mais leur efficacit\u00e9 varie selon l\u2019environnement int\u00e9rieur et ext\u00e9rieur. D\u00e9couvrez pourquoi.","og_url":"https:\/\/www.airandme.fr\/blog\/pollution-et-qualite-de-l-air-interieur\/une-qualite-de-lair-mediocre-meme-en-utilisant-materiaux-etiquetes-a\/","og_site_name":"air&amp;me - Le blog du traitement de l&#039;air","article_publisher":"https:\/\/www.facebook.com\/airandme","article_published_time":"2013-06-04T14:52:58+00:00","article_modified_time":"2025-01-03T08:43:58+00:00","og_image":[{"width":750,"height":374,"url":"https:\/\/www.airandme.fr\/blog\/wp-content\/uploads\/airandme-une-qualit\u00e9-de-l-air-m\u00e9diocre-m\u00eame-en-utilisant-mat\u00e9riaux-\u00e9tiquet\u00e9s-A-01.jpg","type":"image\/jpeg"}],"author":"nicolas","twitter_card":"summary_large_image","twitter_misc":{"\u00c9crit par":"nicolas","Dur\u00e9e de lecture estim\u00e9e":"4 minutes"},"schema":{"@context":"https:\/\/schema.org","@graph":[{"@type":"Article","@id":"https:\/\/www.airandme.fr\/blog\/pollution-et-qualite-de-l-air-interieur\/une-qualite-de-lair-mediocre-meme-en-utilisant-materiaux-etiquetes-a\/#article","isPartOf":{"@id":"https:\/\/www.airandme.fr\/blog\/pollution-et-qualite-de-l-air-interieur\/une-qualite-de-lair-mediocre-meme-en-utilisant-materiaux-etiquetes-a\/"},"author":{"name":"nicolas","@id":"https:\/\/www.airandme.fr\/blog\/#\/schema\/person\/e93285f19075a09c0508c6e97ebfe19b"},"headline":"Une qualit\u00e9 de l\u2019air m\u00e9diocre m\u00eame en utilisant mat\u00e9riaux \u00e9tiquet\u00e9s A+","datePublished":"2013-06-04T14:52:58+00:00","dateModified":"2025-01-03T08:43:58+00:00","mainEntityOfPage":{"@id":"https:\/\/www.airandme.fr\/blog\/pollution-et-qualite-de-l-air-interieur\/une-qualite-de-lair-mediocre-meme-en-utilisant-materiaux-etiquetes-a\/"},"wordCount":828,"commentCount":0,"publisher":{"@id":"https:\/\/www.airandme.fr\/blog\/#organization"},"image":{"@id":"https:\/\/www.airandme.fr\/blog\/pollution-et-qualite-de-l-air-interieur\/une-qualite-de-lair-mediocre-meme-en-utilisant-materiaux-etiquetes-a\/#primaryimage"},"thumbnailUrl":"https:\/\/i0.wp.com\/www.airandme.fr\/blog\/wp-content\/uploads\/airandme-une-qualit%C3%A9-de-l-air-m%C3%A9diocre-m%C3%AAme-en-utilisant-mat%C3%A9riaux-%C3%A9tiquet%C3%A9s-A-01.jpg?fit=750%2C374&ssl=1","articleSection":["Pollution et qualit\u00e9 de l'air int\u00e9rieur"],"inLanguage":"fr-FR","potentialAction":[{"@type":"CommentAction","name":"Comment","target":["https:\/\/www.airandme.fr\/blog\/pollution-et-qualite-de-l-air-interieur\/une-qualite-de-lair-mediocre-meme-en-utilisant-materiaux-etiquetes-a\/#respond"]}]},{"@type":"WebPage","@id":"https:\/\/www.airandme.fr\/blog\/pollution-et-qualite-de-l-air-interieur\/une-qualite-de-lair-mediocre-meme-en-utilisant-materiaux-etiquetes-a\/","url":"https:\/\/www.airandme.fr\/blog\/pollution-et-qualite-de-l-air-interieur\/une-qualite-de-lair-mediocre-meme-en-utilisant-materiaux-etiquetes-a\/","name":"Une qualit\u00e9 de l\u2019air m\u00e9diocre m\u00eame en utilisant mat\u00e9riaux \u00e9tiquet\u00e9s A+","isPartOf":{"@id":"https:\/\/www.airandme.fr\/blog\/#website"},"primaryImageOfPage":{"@id":"https:\/\/www.airandme.fr\/blog\/pollution-et-qualite-de-l-air-interieur\/une-qualite-de-lair-mediocre-meme-en-utilisant-materiaux-etiquetes-a\/#primaryimage"},"image":{"@id":"https:\/\/www.airandme.fr\/blog\/pollution-et-qualite-de-l-air-interieur\/une-qualite-de-lair-mediocre-meme-en-utilisant-materiaux-etiquetes-a\/#primaryimage"},"thumbnailUrl":"https:\/\/i0.wp.com\/www.airandme.fr\/blog\/wp-content\/uploads\/airandme-une-qualit%C3%A9-de-l-air-m%C3%A9diocre-m%C3%AAme-en-utilisant-mat%C3%A9riaux-%C3%A9tiquet%C3%A9s-A-01.jpg?fit=750%2C374&ssl=1","datePublished":"2013-06-04T14:52:58+00:00","dateModified":"2025-01-03T08:43:58+00:00","description":"Les mat\u00e9riaux \u00e9tiquet\u00e9s A+ promettent de faibles \u00e9missions de polluants, mais leur efficacit\u00e9 varie selon l\u2019environnement int\u00e9rieur et ext\u00e9rieur. D\u00e9couvrez pourquoi.","breadcrumb":{"@id":"https:\/\/www.airandme.fr\/blog\/pollution-et-qualite-de-l-air-interieur\/une-qualite-de-lair-mediocre-meme-en-utilisant-materiaux-etiquetes-a\/#breadcrumb"},"inLanguage":"fr-FR","potentialAction":[{"@type":"ReadAction","target":["https:\/\/www.airandme.fr\/blog\/pollution-et-qualite-de-l-air-interieur\/une-qualite-de-lair-mediocre-meme-en-utilisant-materiaux-etiquetes-a\/"]}]},{"@type":"ImageObject","inLanguage":"fr-FR","@id":"https:\/\/www.airandme.fr\/blog\/pollution-et-qualite-de-l-air-interieur\/une-qualite-de-lair-mediocre-meme-en-utilisant-materiaux-etiquetes-a\/#primaryimage","url":"https:\/\/i0.wp.com\/www.airandme.fr\/blog\/wp-content\/uploads\/airandme-une-qualit%C3%A9-de-l-air-m%C3%A9diocre-m%C3%AAme-en-utilisant-mat%C3%A9riaux-%C3%A9tiquet%C3%A9s-A-01.jpg?fit=750%2C374&ssl=1","contentUrl":"https:\/\/i0.wp.com\/www.airandme.fr\/blog\/wp-content\/uploads\/airandme-une-qualit%C3%A9-de-l-air-m%C3%A9diocre-m%C3%AAme-en-utilisant-mat%C3%A9riaux-%C3%A9tiquet%C3%A9s-A-01.jpg?fit=750%2C374&ssl=1","width":750,"height":374,"caption":"airandme-Une qualit\u00e9 de l\u2019air m\u00e9diocre m\u00eame en utilisant mat\u00e9riaux \u00e9tiquet\u00e9s A+"},{"@type":"BreadcrumbList","@id":"https:\/\/www.airandme.fr\/blog\/pollution-et-qualite-de-l-air-interieur\/une-qualite-de-lair-mediocre-meme-en-utilisant-materiaux-etiquetes-a\/#breadcrumb","itemListElement":[{"@type":"ListItem","position":1,"name":"Accueil","item":"https:\/\/www.airandme.fr\/blog\/"},{"@type":"ListItem","position":2,"name":"Pollution et qualit\u00e9 de l'air int\u00e9rieur","item":"https:\/\/www.airandme.fr\/blog\/category\/pollution-et-qualite-de-l-air-interieur\/"},{"@type":"ListItem","position":3,"name":"Une qualit\u00e9 de l\u2019air m\u00e9diocre m\u00eame en utilisant mat\u00e9riaux \u00e9tiquet\u00e9s A+"}]},{"@type":"WebSite","@id":"https:\/\/www.airandme.fr\/blog\/#website","url":"https:\/\/www.airandme.fr\/blog\/","name":"air&me - Le blog du traitement de l'air","description":"Solutions pour le traitement de l&#039;air int\u00e9rieur - Le blog du bien air chez soi","publisher":{"@id":"https:\/\/www.airandme.fr\/blog\/#organization"},"potentialAction":[{"@type":"SearchAction","target":{"@type":"EntryPoint","urlTemplate":"https:\/\/www.airandme.fr\/blog\/?s={search_term_string}"},"query-input":{"@type":"PropertyValueSpecification","valueRequired":true,"valueName":"search_term_string"}}],"inLanguage":"fr-FR"},{"@type":"Organization","@id":"https:\/\/www.airandme.fr\/blog\/#organization","name":"air&me - Le blog du traitement de l'air","url":"https:\/\/www.airandme.fr\/blog\/","logo":{"@type":"ImageObject","inLanguage":"fr-FR","@id":"https:\/\/www.airandme.fr\/blog\/#\/schema\/logo\/image\/","url":"https:\/\/i0.wp.com\/www.airandme.fr\/blog\/wp-content\/uploads\/airandme-logo-blog-300px.png?fit=300%2C120&ssl=1","contentUrl":"https:\/\/i0.wp.com\/www.airandme.fr\/blog\/wp-content\/uploads\/airandme-logo-blog-300px.png?fit=300%2C120&ssl=1","width":300,"height":120,"caption":"air&me - Le blog du traitement de l'air"},"image":{"@id":"https:\/\/www.airandme.fr\/blog\/#\/schema\/logo\/image\/"},"sameAs":["https:\/\/www.facebook.com\/airandme","https:\/\/www.instagram.com\/air_and_me\/","https:\/\/www.linkedin.com\/air-and-me","https:\/\/www.pinterest.fr\/air_and_me","https:\/\/www.youtube.com\/channel\/UCmco9cc0iTBmPINR5vaW90A"]},{"@type":"Person","@id":"https:\/\/www.airandme.fr\/blog\/#\/schema\/person\/e93285f19075a09c0508c6e97ebfe19b","name":"nicolas","image":{"@type":"ImageObject","inLanguage":"fr-FR","@id":"https:\/\/secure.gravatar.com\/avatar\/2e2d5a700f89460d486959b95cf34fab038ee31f4b655906767c768b9943aad8?s=96&d=mm&r=g","url":"https:\/\/secure.gravatar.com\/avatar\/2e2d5a700f89460d486959b95cf34fab038ee31f4b655906767c768b9943aad8?s=96&d=mm&r=g","contentUrl":"https:\/\/secure.gravatar.com\/avatar\/2e2d5a700f89460d486959b95cf34fab038ee31f4b655906767c768b9943aad8?s=96&d=mm&r=g","caption":"nicolas"},"description":"Sp\u00e9cialiste du traitement de l'air chez air&amp;me","url":"https:\/\/www.airandme.fr\/blog\/author\/nicolas\/"}]}},"jetpack_featured_media_url":"https:\/\/i0.wp.com\/www.airandme.fr\/blog\/wp-content\/uploads\/airandme-une-qualit%C3%A9-de-l-air-m%C3%A9diocre-m%C3%AAme-en-utilisant-mat%C3%A9riaux-%C3%A9tiquet%C3%A9s-A-01.jpg?fit=750%2C374&ssl=1","jetpack_sharing_enabled":true,"jetpack_shortlink":"https:\/\/wp.me\/paHeLN-1zV","_links":{"self":[{"href":"https:\/\/www.airandme.fr\/blog\/wp-json\/wp\/v2\/posts\/6071","targetHints":{"allow":["GET"]}}],"collection":[{"href":"https:\/\/www.airandme.fr\/blog\/wp-json\/wp\/v2\/posts"}],"about":[{"href":"https:\/\/www.airandme.fr\/blog\/wp-json\/wp\/v2\/types\/post"}],"author":[{"embeddable":true,"href":"https:\/\/www.airandme.fr\/blog\/wp-json\/wp\/v2\/users\/2"}],"replies":[{"embeddable":true,"href":"https:\/\/www.airandme.fr\/blog\/wp-json\/wp\/v2\/comments?post=6071"}],"version-history":[{"count":1,"href":"https:\/\/www.airandme.fr\/blog\/wp-json\/wp\/v2\/posts\/6071\/revisions"}],"predecessor-version":[{"id":22064,"href":"https:\/\/www.airandme.fr\/blog\/wp-json\/wp\/v2\/posts\/6071\/revisions\/22064"}],"wp:featuredmedia":[{"embeddable":true,"href":"https:\/\/www.airandme.fr\/blog\/wp-json\/wp\/v2\/media\/16306"}],"wp:attachment":[{"href":"https:\/\/www.airandme.fr\/blog\/wp-json\/wp\/v2\/media?parent=6071"}],"wp:term":[{"taxonomy":"category","embeddable":true,"href":"https:\/\/www.airandme.fr\/blog\/wp-json\/wp\/v2\/categories?post=6071"},{"taxonomy":"post_tag","embeddable":true,"href":"https:\/\/www.airandme.fr\/blog\/wp-json\/wp\/v2\/tags?post=6071"}],"curies":[{"name":"wp","href":"https:\/\/api.w.org\/{rel}","templated":true}]}}