{"id":6095,"date":"2013-07-01T08:50:07","date_gmt":"2013-07-01T07:50:07","guid":{"rendered":"https:\/\/www.airandme.fr\/blog\/\/?p=6095"},"modified":"2024-11-22T11:19:52","modified_gmt":"2024-11-22T09:19:52","slug":"une-qualite-de-lair-mediocre-dans-les-ecoles","status":"publish","type":"post","link":"https:\/\/www.airandme.fr\/blog\/analyse-et-purification-de-lair\/une-qualite-de-lair-mediocre-dans-les-ecoles\/","title":{"rendered":"Une qualit\u00e9 de l\u2019air m\u00e9diocre dans les \u00e9coles"},"content":{"rendered":"<p style=\"text-align: justify;\">L\u2019Observatoire de la Qualit\u00e9 de l\u2019Air Int\u00e9rieur (Oqai), met en place une nouvelle campagne nationale de mesures et de recueil d\u2019information (d\u00e9marr\u00e9e le 13 juin 2013) dans 300 \u00e9coles maternelles et \u00e9l\u00e9mentaires, soit 600 classes qui seront suivies jusqu\u2019en 2016.<\/p>\n<p style=\"text-align: justify;\">La directrice de recherche \u00e0 l\u2019Inserm, Isabella Annesi-Maesano, a rappel\u00e9 lors d\u2019un colloque organis\u00e9 le 13 juin par l\u2019Oqai que \u00ab<i>&nbsp;Les enfants sont plus sensibles aux effets de la pollution de l\u2019air que les adultes<\/i>&nbsp;\u00bb. En effet, la pollution int\u00e9rieure peut entra\u00eener de nombreux probl\u00e8mes de sant\u00e9 comme la congestion nasale, des irritations de la peau et des yeux, des r\u00e9actions allergiques, de l\u2019asthme, des maux de t\u00eate, de la fatigue, des vertiges ou encore des naus\u00e9es. Une qualit\u00e9 de l\u2019air int\u00e9rieure m\u00e9diocre peut \u00e9galement provoquer des troubles d\u2019apprentissage, or, dans les pays industrialis\u00e9s, les enfants passent comme les adultes 80% de leurs temps dans des endroits clos, et plus particuli\u00e8rement \u00e0 l\u2019\u00e9cole.<\/p>\n<p style=\"text-align: justify;\">S\u00e9verine Kirchner, coordinatrice scientifique de l\u2019Oqai affirme que pr\u00e8s de 7 millions d\u2019enfants en France, inhalent une grosse quantit\u00e9 de polluants \u00e9mis du mobilier, des produits d\u2019entretien et des fournitures scolaires. Il faut noter que les polluants mesur\u00e9s dans l\u2019air des \u00e9coles peuvent \u00eatre parfois plus \u00e9lev\u00e9es par rapport \u00e0 d\u2019autres lieux de vie, cela est d\u00fb au renouvellement de l\u2019air qui est insuffisante.<\/p>\n<p style=\"text-align: justify;\">L\u2019objectif de cette campagne \u00e9tant d\u2019am\u00e9liorer la connaissance des polluants pr\u00e9sents dans l\u2019air int\u00e9rieur afin de mettre en \u0153uvre des mesures de r\u00e9duction et de gestion afin de de prot\u00e9ger au mieux les enfants.&nbsp; Coordonn\u00e9e par le minist\u00e8re de l\u2019\u00c9cologie, une telle op\u00e9ration avait d\u00e9j\u00e0 \u00e9t\u00e9 men\u00e9e dans 310 cr\u00e8ches et \u00e9coles de 2009 \u00e0 2011, dans le cadre du deuxi\u00e8me plan national sant\u00e9 environnement (PNSE2). D\u2019apr\u00e8s cette \u00e9tude, 2 polluants ont \u00e9t\u00e9 class\u00e9s prioritaires&nbsp;: les formald\u00e9hydes et les benz\u00e8nes ainsi qu\u2019un indicateur de confinement, le dioxyde de carbone ont \u00e9t\u00e9 mesur\u00e9s. Celle-ci a permis de tester des protocoles et de d\u00e9finir des modalit\u00e9s de surveillance de ces substances. Elle a abouti sur la mise en place d\u2019une r\u00e8glementation sur la surveillance obligatoire de ces polluants dans les \u00c9tablissements Recevant du Public (ERP) par deux d\u00e9crets publi\u00e9s en d\u00e9cembre 2011 et janvier 2012.<\/p>\n<p style=\"text-align: justify;\">Coordonn\u00e9e par le Centre Scientifique et Technique du B\u00e2timent (CSTB), cette campagne nationale 2013-2016 mise en place par l\u2019Oqai sur les \u00e9coles, vise \u00e0 int\u00e9grer \u00e0 la fois&nbsp; l\u2019analyse des polluants pr\u00e9sents dans l\u2019air et les poussi\u00e8res au sol des classes pouvant \u00eatre ing\u00e9r\u00e9s par les enfants mais \u00e9galement d\u2019autres \u00e9l\u00e9ments de confort comme le bruit, la temp\u00e9rature et l\u2019\u00e9clairage, explique Claire Dasssonville, chercheuse au CSTB.<\/p>\n<p style=\"text-align: justify;\">De plus, plusieurs autres polluants tels que les substances chimiques et agents biologiques seront analys\u00e9s&nbsp;: plusieurs dizaines de compos\u00e9s organiques volatils (COV) et semi\u2010volatils (COSV) issus des mat\u00e9riaux plastiques (phtalates), des ordinateurs et des textiles d&rsquo;ameublement (retardateurs de flamme polybrom\u00e9s), des d\u00e9tergents (muscs de synth\u00e8se) ou des traitements insecticides (pyr\u00e9thrino\u00efdes) mais aussi les ald\u00e9hydes, le plomb et autres m\u00e9taux (cadmium\u2026), les particules fines et ultrafines (les PM10, PM2,5\u2026), des allerg\u00e8nes d&rsquo;animaux et des moisissures.<\/p>\n<p style=\"text-align: justify;\">Les pr\u00e9l\u00e8vements et mesures dureront pr\u00e8s d\u2019une semaine pour chaque classe. Cette op\u00e9ration permettra de percevoir le confort des enseignants ainsi que des enfants dans leurs classes gr\u00e2ce \u00e0 des mesures de temp\u00e9rature, de bruit, d\u2019\u00e9clairage. Les r\u00e9sultats de ces \u00e9tudes ne seront communiqu\u00e9s qu\u2019en 2017.<\/p>\n<p style=\"text-align: center;\">&nbsp;<strong>Quel est le degr\u00e9 d\u2019\u00e9missions de ces polluants&nbsp;?<\/strong><\/p>\n<p style=\"text-align: justify;\">L\u2019objectif de cette campagne r\u00e9alis\u00e9 par l\u2019Oqai consiste \u00e0 analyser l\u2019impact des diff\u00e9rents polluants dans l\u2019air sur la sant\u00e9 des enfants.<\/p>\n<p style=\"text-align: justify;\">Une \u00e9tude effectu\u00e9e en 2010 \u00e0 l\u2019\u00c9cole des hautes \u00e9tudes en sant\u00e9 publique (EHESP) par l\u2019Observatoire, a prouv\u00e9 gr\u00e2ce aux r\u00e9sultats des mesures men\u00e9es dans 90 classes de 30 \u00e9coles d\u2019Ille-et-Bilaine (d\u2019octobre 2009 \u00e0 2010) la pr\u00e9sence de nombreux compos\u00e9s organiques semi-volatils (COSV) ayant une forte concentration en phtalates dans les \u00e9coles.<\/p>\n<p style=\"text-align: justify;\">Sur les 55 mol\u00e9cules recherch\u00e9es, huit ont \u00e9t\u00e9 quantifi\u00e9es pr\u00e9sentant \u00a0\u00bbles plus fortes concentrations quel que soit le milieu de pr\u00e9l\u00e8vement (air ou poussi\u00e8res)\u00a0\u00bb. Il s&rsquo;agit de 6 phtalates (BBP, DBP, DEHP, DEP, DiBP et DiNP) et \u00ab\u00a0dans une moindre mesure\u00a0\u00bb 2 muscs (galaxolide et tonalide).<\/p>\n<p style=\"text-align: justify;\">Micka\u00ebl Derbez, chercheur de l\u2019Oqai au CSTB, ajoute qu\u2019il y a <i>\u00ab&nbsp;tr\u00e8s peu de donn\u00e9es \u00e0 ce jour sur l&rsquo;impact des fournitures scolaires et des produits d&rsquo;entretien sur la pollution de l&rsquo;air des salles de classe&nbsp;\u00bb. <\/i>Une \u00e9tude exploratoire men\u00e9e dans une \u00e9cole de Seine-et-Marne a permis pour la premi\u00e8re fois d\u2019\u00e9valuer les \u00e9missions de compos\u00e9s organiques volatils (COV) et d\u2019ald\u00e9hydes provenant des produits. 18 fournitures scolaires (pinceau, feutres, encre de Chine, peinture, p\u00e2te \u00e0 modeler, effaceurs, craie\u2026) et 4 produits d&rsquo;entretien (d\u00e9tergents\u2026) ont ainsi \u00e9t\u00e9 \u00e9tudi\u00e9s par l&rsquo;Observatoire. D\u2019autres fournitures test\u00e9es comme la peinture acrylique, l\u2019encre de Chine, le feutre effa\u00e7able \u00e0 sec, la gouache liquide et la peinture vitrail \u00e9mettent d\u2019importante quantit\u00e9 de COV et\/ou ald\u00e9hydes \u00e9lev\u00e9es.<\/p>\n<p style=\"text-align: justify;\">Cependant, d\u2019apr\u00e8s Oqai, on ne peut jamais tirer de conclusion d\u00e9finitive, en effet, les \u00e9missions de chaque produit peuvent varier consid\u00e9rablement d&rsquo;une r\u00e9f\u00e9rence \u00e0 une autre.<\/p>\n<p style=\"text-align: justify;\">La campagne \u00ab&nbsp;\u00e9coles&nbsp;\u00bb&nbsp; doit elle aussi affiner les recherches dans ce domaine. \u00c0 l\u2019issue de cette \u00e9tude, les chercheurs ont d\u00e9j\u00e0 mis en place l\u2019\u00e9tiquetage sur ces produits indiquant le niveau d\u2019\u00e9mission en polluants volatils. Cet \u00e9tiquetage est obligatoire depuis le 1<sup>er<\/sup> janvier 2012 sur les nouveaux produits de construction et de d\u00e9coration&nbsp;: le but de ces \u00e9tiquetages est d\u2019\u00e9clairer les consommateurs sur les compositions et sur les \u00e9missions des polluants dans l\u2019air ambiant.<\/p>\n<p style=\"text-align: justify;\">Cette \u00e9tude sensibilise \u00e9galement les enseignants sur l\u2019a\u00e9ration des salles de classe pendant l\u2019usage des produits.<\/p>\n<p style=\"text-align: justify;\">La premi\u00e8re \u00e9tape de la campagne \u00ab\u00a0\u00e9coles\u00a0\u00bb de l&rsquo;Oqai se d\u00e9roulera de juin 2013 \u00e0 juin 2014 dans les d\u00e9partements du Bas-Rhin (19 \u00e9coles), de Savoie et de Haute-Savoie (18 \u00e9coles), des Bouches du Rh\u00f4ne (16 \u00e9coles), du Val-de-Marne et de l&rsquo;Essonne (19 \u00e9coles), du Calvados et de l&rsquo;Orne (19 \u00e9coles) et enfin d&rsquo;Indre et d&rsquo;Indre-et-Loire (18 \u00e9coles).<\/p>\n","protected":false},"excerpt":{"rendered":"<p>L\u2019Observatoire de la Qualit\u00e9 de l\u2019Air Int\u00e9rieur (Oqai), met en place une nouvelle campagne nationale de mesures et de recueil d\u2019information (d\u00e9marr\u00e9e le 13 juin 2013) dans 300 \u00e9coles maternelles et \u00e9l\u00e9mentaires, soit 600 classes qui seront suivies jusqu\u2019en 2016. La directrice de recherche \u00e0 l\u2019Inserm, Isabella Annesi-Maesano, a rappel\u00e9 lors d\u2019un colloque organis\u00e9 le [&hellip;]<\/p>\n","protected":false},"author":2,"featured_media":16304,"comment_status":"open","ping_status":"open","sticky":false,"template":"","format":"standard","meta":{"jetpack_post_was_ever_published":false,"_jetpack_newsletter_access":"","_jetpack_dont_email_post_to_subs":false,"_jetpack_newsletter_tier_id":0,"_jetpack_memberships_contains_paywalled_content":false,"_jetpack_memberships_contains_paid_content":false,"jnews-multi-image_gallery":[],"jnews_single_post":{"subtitle":"","format":"standard","video":"","gallery":"","source_name":"","source_url":"","via_name":"","via_url":"","override":[{"template":"1","single_blog_custom":"","parallax":"1","layout":"right-sidebar","sidebar":"default-sidebar","second_sidebar":"","sticky_sidebar":"1","share_position":"top","share_float_style":"share-monocrhome","show_share_counter":"1","show_view_counter":"1","show_featured":"1","show_post_meta":"1","show_post_author":"1","show_post_author_image":"1","show_post_date":"1","post_date_format":"","post_date_format_custom":"","show_post_category":"1","post_reading_time_wpm":"","zoom_button_out_step":"1","zoom_button_in_step":"1","show_post_tag":"1","show_prev_next_post":"1","show_popup_post":"1","number_popup_post":"1","show_post_related":"1"}],"image_override":[{"single_post_thumbnail_size":"crop-500","single_post_gallery_size":"crop-500"}],"trending_post_position":"","trending_post_label":"","sponsored_post_label":"","sponsored_post_name":"","sponsored_post_url":"","sponsored_post_logo":"","sponsored_post_desc":""},"jnews_primary_category":{"id":""},"jnews_social_meta":{"fb_title":"","fb_description":"","fb_image":"","twitter_title":"","twitter_description":"","twitter_image":""},"footnotes":""},"categories":[711,712],"tags":[],"class_list":["post-6095","post","type-post","status-publish","format-standard","has-post-thumbnail","hentry","category-analyse-et-purification-de-lair","category-pollution-et-qualite-de-l-air-interieur"],"yoast_head":"<!-- This site is optimized with the Yoast SEO plugin v27.4 - https:\/\/yoast.com\/product\/yoast-seo-wordpress\/ -->\n<title>Une qualit\u00e9 de l\u2019air m\u00e9diocre dans les \u00e9coles<\/title>\n<meta name=\"description\" content=\"La campagne de l&#039;Oqai r\u00e9v\u00e8le une qualit\u00e9 de l&#039;air m\u00e9diocre dans les \u00e9coles fran\u00e7aises, impactant la sant\u00e9 et le bien-\u00eatre des enfants. D\u00e9couvrez les r\u00e9sultats et solutions.\" \/>\n<meta name=\"robots\" content=\"index, follow, max-snippet:-1, max-image-preview:large, max-video-preview:-1\" \/>\n<link rel=\"canonical\" href=\"https:\/\/www.airandme.fr\/blog\/analyse-et-purification-de-lair\/une-qualite-de-lair-mediocre-dans-les-ecoles\/\" \/>\n<meta property=\"og:locale\" content=\"fr_FR\" \/>\n<meta property=\"og:type\" content=\"article\" \/>\n<meta property=\"og:title\" content=\"Une qualit\u00e9 de l\u2019air m\u00e9diocre dans les \u00e9coles\" \/>\n<meta property=\"og:description\" content=\"La campagne de l&#039;Oqai r\u00e9v\u00e8le une qualit\u00e9 de l&#039;air m\u00e9diocre dans les \u00e9coles fran\u00e7aises, impactant la sant\u00e9 et le bien-\u00eatre des enfants. D\u00e9couvrez les r\u00e9sultats et solutions.\" \/>\n<meta property=\"og:url\" content=\"https:\/\/www.airandme.fr\/blog\/analyse-et-purification-de-lair\/une-qualite-de-lair-mediocre-dans-les-ecoles\/\" \/>\n<meta property=\"og:site_name\" content=\"air&amp;me - Le blog du traitement de l&#039;air\" \/>\n<meta property=\"article:publisher\" content=\"https:\/\/www.facebook.com\/airandme\" \/>\n<meta property=\"article:published_time\" content=\"2013-07-01T07:50:07+00:00\" \/>\n<meta property=\"article:modified_time\" content=\"2024-11-22T09:19:52+00:00\" \/>\n<meta property=\"og:image\" content=\"https:\/\/www.airandme.fr\/blog\/wp-content\/uploads\/airandme-une-qualit\u00e9-de-l-air-m\u00e9diocre-dans-les-\u00e9coles-01.jpg\" \/>\n\t<meta property=\"og:image:width\" content=\"750\" \/>\n\t<meta property=\"og:image:height\" content=\"375\" \/>\n\t<meta property=\"og:image:type\" content=\"image\/jpeg\" \/>\n<meta name=\"author\" content=\"nicolas\" \/>\n<meta name=\"twitter:card\" content=\"summary_large_image\" \/>\n<meta name=\"twitter:label1\" content=\"\u00c9crit par\" \/>\n\t<meta name=\"twitter:data1\" content=\"nicolas\" \/>\n\t<meta name=\"twitter:label2\" content=\"Dur\u00e9e de lecture estim\u00e9e\" \/>\n\t<meta name=\"twitter:data2\" content=\"6 minutes\" \/>\n<script type=\"application\/ld+json\" class=\"yoast-schema-graph\">{\"@context\":\"https:\\\/\\\/schema.org\",\"@graph\":[{\"@type\":\"Article\",\"@id\":\"https:\\\/\\\/www.airandme.fr\\\/blog\\\/analyse-et-purification-de-lair\\\/une-qualite-de-lair-mediocre-dans-les-ecoles\\\/#article\",\"isPartOf\":{\"@id\":\"https:\\\/\\\/www.airandme.fr\\\/blog\\\/analyse-et-purification-de-lair\\\/une-qualite-de-lair-mediocre-dans-les-ecoles\\\/\"},\"author\":{\"name\":\"nicolas\",\"@id\":\"https:\\\/\\\/www.airandme.fr\\\/blog\\\/#\\\/schema\\\/person\\\/e93285f19075a09c0508c6e97ebfe19b\"},\"headline\":\"Une qualit\u00e9 de l\u2019air m\u00e9diocre dans les \u00e9coles\",\"datePublished\":\"2013-07-01T07:50:07+00:00\",\"dateModified\":\"2024-11-22T09:19:52+00:00\",\"mainEntityOfPage\":{\"@id\":\"https:\\\/\\\/www.airandme.fr\\\/blog\\\/analyse-et-purification-de-lair\\\/une-qualite-de-lair-mediocre-dans-les-ecoles\\\/\"},\"wordCount\":1123,\"commentCount\":1,\"publisher\":{\"@id\":\"https:\\\/\\\/www.airandme.fr\\\/blog\\\/#organization\"},\"image\":{\"@id\":\"https:\\\/\\\/www.airandme.fr\\\/blog\\\/analyse-et-purification-de-lair\\\/une-qualite-de-lair-mediocre-dans-les-ecoles\\\/#primaryimage\"},\"thumbnailUrl\":\"https:\\\/\\\/i0.wp.com\\\/www.airandme.fr\\\/blog\\\/wp-content\\\/uploads\\\/airandme-une-qualit%C3%A9-de-l-air-m%C3%A9diocre-dans-les-%C3%A9coles-01.jpg?fit=750%2C375&ssl=1\",\"articleSection\":[\"Analyse et purification de l'air\",\"Pollution et qualit\u00e9 de l'air int\u00e9rieur\"],\"inLanguage\":\"fr-FR\",\"potentialAction\":[{\"@type\":\"CommentAction\",\"name\":\"Comment\",\"target\":[\"https:\\\/\\\/www.airandme.fr\\\/blog\\\/analyse-et-purification-de-lair\\\/une-qualite-de-lair-mediocre-dans-les-ecoles\\\/#respond\"]}]},{\"@type\":\"WebPage\",\"@id\":\"https:\\\/\\\/www.airandme.fr\\\/blog\\\/analyse-et-purification-de-lair\\\/une-qualite-de-lair-mediocre-dans-les-ecoles\\\/\",\"url\":\"https:\\\/\\\/www.airandme.fr\\\/blog\\\/analyse-et-purification-de-lair\\\/une-qualite-de-lair-mediocre-dans-les-ecoles\\\/\",\"name\":\"Une qualit\u00e9 de l\u2019air m\u00e9diocre dans les \u00e9coles\",\"isPartOf\":{\"@id\":\"https:\\\/\\\/www.airandme.fr\\\/blog\\\/#website\"},\"primaryImageOfPage\":{\"@id\":\"https:\\\/\\\/www.airandme.fr\\\/blog\\\/analyse-et-purification-de-lair\\\/une-qualite-de-lair-mediocre-dans-les-ecoles\\\/#primaryimage\"},\"image\":{\"@id\":\"https:\\\/\\\/www.airandme.fr\\\/blog\\\/analyse-et-purification-de-lair\\\/une-qualite-de-lair-mediocre-dans-les-ecoles\\\/#primaryimage\"},\"thumbnailUrl\":\"https:\\\/\\\/i0.wp.com\\\/www.airandme.fr\\\/blog\\\/wp-content\\\/uploads\\\/airandme-une-qualit%C3%A9-de-l-air-m%C3%A9diocre-dans-les-%C3%A9coles-01.jpg?fit=750%2C375&ssl=1\",\"datePublished\":\"2013-07-01T07:50:07+00:00\",\"dateModified\":\"2024-11-22T09:19:52+00:00\",\"description\":\"La campagne de l'Oqai r\u00e9v\u00e8le une qualit\u00e9 de l'air m\u00e9diocre dans les \u00e9coles fran\u00e7aises, impactant la sant\u00e9 et le bien-\u00eatre des enfants. D\u00e9couvrez les r\u00e9sultats et solutions.\",\"breadcrumb\":{\"@id\":\"https:\\\/\\\/www.airandme.fr\\\/blog\\\/analyse-et-purification-de-lair\\\/une-qualite-de-lair-mediocre-dans-les-ecoles\\\/#breadcrumb\"},\"inLanguage\":\"fr-FR\",\"potentialAction\":[{\"@type\":\"ReadAction\",\"target\":[\"https:\\\/\\\/www.airandme.fr\\\/blog\\\/analyse-et-purification-de-lair\\\/une-qualite-de-lair-mediocre-dans-les-ecoles\\\/\"]}]},{\"@type\":\"ImageObject\",\"inLanguage\":\"fr-FR\",\"@id\":\"https:\\\/\\\/www.airandme.fr\\\/blog\\\/analyse-et-purification-de-lair\\\/une-qualite-de-lair-mediocre-dans-les-ecoles\\\/#primaryimage\",\"url\":\"https:\\\/\\\/i0.wp.com\\\/www.airandme.fr\\\/blog\\\/wp-content\\\/uploads\\\/airandme-une-qualit%C3%A9-de-l-air-m%C3%A9diocre-dans-les-%C3%A9coles-01.jpg?fit=750%2C375&ssl=1\",\"contentUrl\":\"https:\\\/\\\/i0.wp.com\\\/www.airandme.fr\\\/blog\\\/wp-content\\\/uploads\\\/airandme-une-qualit%C3%A9-de-l-air-m%C3%A9diocre-dans-les-%C3%A9coles-01.jpg?fit=750%2C375&ssl=1\",\"width\":750,\"height\":375,\"caption\":\"airandme-Une qualit\u00e9 de l\u2019air m\u00e9diocre dans les \u00e9coles\"},{\"@type\":\"BreadcrumbList\",\"@id\":\"https:\\\/\\\/www.airandme.fr\\\/blog\\\/analyse-et-purification-de-lair\\\/une-qualite-de-lair-mediocre-dans-les-ecoles\\\/#breadcrumb\",\"itemListElement\":[{\"@type\":\"ListItem\",\"position\":1,\"name\":\"Accueil\",\"item\":\"https:\\\/\\\/www.airandme.fr\\\/blog\\\/\"},{\"@type\":\"ListItem\",\"position\":2,\"name\":\"Analyse et purification de l'air\",\"item\":\"https:\\\/\\\/www.airandme.fr\\\/blog\\\/category\\\/analyse-et-purification-de-lair\\\/\"},{\"@type\":\"ListItem\",\"position\":3,\"name\":\"Une qualit\u00e9 de l\u2019air m\u00e9diocre dans les \u00e9coles\"}]},{\"@type\":\"WebSite\",\"@id\":\"https:\\\/\\\/www.airandme.fr\\\/blog\\\/#website\",\"url\":\"https:\\\/\\\/www.airandme.fr\\\/blog\\\/\",\"name\":\"air&me - Le blog du traitement de l'air\",\"description\":\"Solutions pour le traitement de l&#039;air int\u00e9rieur - Le blog du bien air chez soi\",\"publisher\":{\"@id\":\"https:\\\/\\\/www.airandme.fr\\\/blog\\\/#organization\"},\"potentialAction\":[{\"@type\":\"SearchAction\",\"target\":{\"@type\":\"EntryPoint\",\"urlTemplate\":\"https:\\\/\\\/www.airandme.fr\\\/blog\\\/?s={search_term_string}\"},\"query-input\":{\"@type\":\"PropertyValueSpecification\",\"valueRequired\":true,\"valueName\":\"search_term_string\"}}],\"inLanguage\":\"fr-FR\"},{\"@type\":\"Organization\",\"@id\":\"https:\\\/\\\/www.airandme.fr\\\/blog\\\/#organization\",\"name\":\"air&me - Le blog du traitement de l'air\",\"url\":\"https:\\\/\\\/www.airandme.fr\\\/blog\\\/\",\"logo\":{\"@type\":\"ImageObject\",\"inLanguage\":\"fr-FR\",\"@id\":\"https:\\\/\\\/www.airandme.fr\\\/blog\\\/#\\\/schema\\\/logo\\\/image\\\/\",\"url\":\"https:\\\/\\\/i0.wp.com\\\/www.airandme.fr\\\/blog\\\/wp-content\\\/uploads\\\/airandme-logo-blog-300px.png?fit=300%2C120&ssl=1\",\"contentUrl\":\"https:\\\/\\\/i0.wp.com\\\/www.airandme.fr\\\/blog\\\/wp-content\\\/uploads\\\/airandme-logo-blog-300px.png?fit=300%2C120&ssl=1\",\"width\":300,\"height\":120,\"caption\":\"air&me - Le blog du traitement de l'air\"},\"image\":{\"@id\":\"https:\\\/\\\/www.airandme.fr\\\/blog\\\/#\\\/schema\\\/logo\\\/image\\\/\"},\"sameAs\":[\"https:\\\/\\\/www.facebook.com\\\/airandme\",\"https:\\\/\\\/www.instagram.com\\\/air_and_me\\\/\",\"https:\\\/\\\/www.linkedin.com\\\/air-and-me\",\"https:\\\/\\\/www.pinterest.fr\\\/air_and_me\",\"https:\\\/\\\/www.youtube.com\\\/channel\\\/UCmco9cc0iTBmPINR5vaW90A\"]},{\"@type\":\"Person\",\"@id\":\"https:\\\/\\\/www.airandme.fr\\\/blog\\\/#\\\/schema\\\/person\\\/e93285f19075a09c0508c6e97ebfe19b\",\"name\":\"nicolas\",\"image\":{\"@type\":\"ImageObject\",\"inLanguage\":\"fr-FR\",\"@id\":\"https:\\\/\\\/secure.gravatar.com\\\/avatar\\\/2e2d5a700f89460d486959b95cf34fab038ee31f4b655906767c768b9943aad8?s=96&d=mm&r=g\",\"url\":\"https:\\\/\\\/secure.gravatar.com\\\/avatar\\\/2e2d5a700f89460d486959b95cf34fab038ee31f4b655906767c768b9943aad8?s=96&d=mm&r=g\",\"contentUrl\":\"https:\\\/\\\/secure.gravatar.com\\\/avatar\\\/2e2d5a700f89460d486959b95cf34fab038ee31f4b655906767c768b9943aad8?s=96&d=mm&r=g\",\"caption\":\"nicolas\"},\"description\":\"Sp\u00e9cialiste du traitement de l'air chez air&amp;me\",\"url\":\"https:\\\/\\\/www.airandme.fr\\\/blog\\\/author\\\/nicolas\\\/\"}]}<\/script>\n<!-- \/ Yoast SEO plugin. -->","yoast_head_json":{"title":"Une qualit\u00e9 de l\u2019air m\u00e9diocre dans les \u00e9coles","description":"La campagne de l'Oqai r\u00e9v\u00e8le une qualit\u00e9 de l'air m\u00e9diocre dans les \u00e9coles fran\u00e7aises, impactant la sant\u00e9 et le bien-\u00eatre des enfants. D\u00e9couvrez les r\u00e9sultats et solutions.","robots":{"index":"index","follow":"follow","max-snippet":"max-snippet:-1","max-image-preview":"max-image-preview:large","max-video-preview":"max-video-preview:-1"},"canonical":"https:\/\/www.airandme.fr\/blog\/analyse-et-purification-de-lair\/une-qualite-de-lair-mediocre-dans-les-ecoles\/","og_locale":"fr_FR","og_type":"article","og_title":"Une qualit\u00e9 de l\u2019air m\u00e9diocre dans les \u00e9coles","og_description":"La campagne de l'Oqai r\u00e9v\u00e8le une qualit\u00e9 de l'air m\u00e9diocre dans les \u00e9coles fran\u00e7aises, impactant la sant\u00e9 et le bien-\u00eatre des enfants. D\u00e9couvrez les r\u00e9sultats et solutions.","og_url":"https:\/\/www.airandme.fr\/blog\/analyse-et-purification-de-lair\/une-qualite-de-lair-mediocre-dans-les-ecoles\/","og_site_name":"air&amp;me - Le blog du traitement de l&#039;air","article_publisher":"https:\/\/www.facebook.com\/airandme","article_published_time":"2013-07-01T07:50:07+00:00","article_modified_time":"2024-11-22T09:19:52+00:00","og_image":[{"width":750,"height":375,"url":"https:\/\/www.airandme.fr\/blog\/wp-content\/uploads\/airandme-une-qualit\u00e9-de-l-air-m\u00e9diocre-dans-les-\u00e9coles-01.jpg","type":"image\/jpeg"}],"author":"nicolas","twitter_card":"summary_large_image","twitter_misc":{"\u00c9crit par":"nicolas","Dur\u00e9e de lecture estim\u00e9e":"6 minutes"},"schema":{"@context":"https:\/\/schema.org","@graph":[{"@type":"Article","@id":"https:\/\/www.airandme.fr\/blog\/analyse-et-purification-de-lair\/une-qualite-de-lair-mediocre-dans-les-ecoles\/#article","isPartOf":{"@id":"https:\/\/www.airandme.fr\/blog\/analyse-et-purification-de-lair\/une-qualite-de-lair-mediocre-dans-les-ecoles\/"},"author":{"name":"nicolas","@id":"https:\/\/www.airandme.fr\/blog\/#\/schema\/person\/e93285f19075a09c0508c6e97ebfe19b"},"headline":"Une qualit\u00e9 de l\u2019air m\u00e9diocre dans les \u00e9coles","datePublished":"2013-07-01T07:50:07+00:00","dateModified":"2024-11-22T09:19:52+00:00","mainEntityOfPage":{"@id":"https:\/\/www.airandme.fr\/blog\/analyse-et-purification-de-lair\/une-qualite-de-lair-mediocre-dans-les-ecoles\/"},"wordCount":1123,"commentCount":1,"publisher":{"@id":"https:\/\/www.airandme.fr\/blog\/#organization"},"image":{"@id":"https:\/\/www.airandme.fr\/blog\/analyse-et-purification-de-lair\/une-qualite-de-lair-mediocre-dans-les-ecoles\/#primaryimage"},"thumbnailUrl":"https:\/\/i0.wp.com\/www.airandme.fr\/blog\/wp-content\/uploads\/airandme-une-qualit%C3%A9-de-l-air-m%C3%A9diocre-dans-les-%C3%A9coles-01.jpg?fit=750%2C375&ssl=1","articleSection":["Analyse et purification de l'air","Pollution et qualit\u00e9 de l'air int\u00e9rieur"],"inLanguage":"fr-FR","potentialAction":[{"@type":"CommentAction","name":"Comment","target":["https:\/\/www.airandme.fr\/blog\/analyse-et-purification-de-lair\/une-qualite-de-lair-mediocre-dans-les-ecoles\/#respond"]}]},{"@type":"WebPage","@id":"https:\/\/www.airandme.fr\/blog\/analyse-et-purification-de-lair\/une-qualite-de-lair-mediocre-dans-les-ecoles\/","url":"https:\/\/www.airandme.fr\/blog\/analyse-et-purification-de-lair\/une-qualite-de-lair-mediocre-dans-les-ecoles\/","name":"Une qualit\u00e9 de l\u2019air m\u00e9diocre dans les \u00e9coles","isPartOf":{"@id":"https:\/\/www.airandme.fr\/blog\/#website"},"primaryImageOfPage":{"@id":"https:\/\/www.airandme.fr\/blog\/analyse-et-purification-de-lair\/une-qualite-de-lair-mediocre-dans-les-ecoles\/#primaryimage"},"image":{"@id":"https:\/\/www.airandme.fr\/blog\/analyse-et-purification-de-lair\/une-qualite-de-lair-mediocre-dans-les-ecoles\/#primaryimage"},"thumbnailUrl":"https:\/\/i0.wp.com\/www.airandme.fr\/blog\/wp-content\/uploads\/airandme-une-qualit%C3%A9-de-l-air-m%C3%A9diocre-dans-les-%C3%A9coles-01.jpg?fit=750%2C375&ssl=1","datePublished":"2013-07-01T07:50:07+00:00","dateModified":"2024-11-22T09:19:52+00:00","description":"La campagne de l'Oqai r\u00e9v\u00e8le une qualit\u00e9 de l'air m\u00e9diocre dans les \u00e9coles fran\u00e7aises, impactant la sant\u00e9 et le bien-\u00eatre des enfants. D\u00e9couvrez les r\u00e9sultats et solutions.","breadcrumb":{"@id":"https:\/\/www.airandme.fr\/blog\/analyse-et-purification-de-lair\/une-qualite-de-lair-mediocre-dans-les-ecoles\/#breadcrumb"},"inLanguage":"fr-FR","potentialAction":[{"@type":"ReadAction","target":["https:\/\/www.airandme.fr\/blog\/analyse-et-purification-de-lair\/une-qualite-de-lair-mediocre-dans-les-ecoles\/"]}]},{"@type":"ImageObject","inLanguage":"fr-FR","@id":"https:\/\/www.airandme.fr\/blog\/analyse-et-purification-de-lair\/une-qualite-de-lair-mediocre-dans-les-ecoles\/#primaryimage","url":"https:\/\/i0.wp.com\/www.airandme.fr\/blog\/wp-content\/uploads\/airandme-une-qualit%C3%A9-de-l-air-m%C3%A9diocre-dans-les-%C3%A9coles-01.jpg?fit=750%2C375&ssl=1","contentUrl":"https:\/\/i0.wp.com\/www.airandme.fr\/blog\/wp-content\/uploads\/airandme-une-qualit%C3%A9-de-l-air-m%C3%A9diocre-dans-les-%C3%A9coles-01.jpg?fit=750%2C375&ssl=1","width":750,"height":375,"caption":"airandme-Une qualit\u00e9 de l\u2019air m\u00e9diocre dans les \u00e9coles"},{"@type":"BreadcrumbList","@id":"https:\/\/www.airandme.fr\/blog\/analyse-et-purification-de-lair\/une-qualite-de-lair-mediocre-dans-les-ecoles\/#breadcrumb","itemListElement":[{"@type":"ListItem","position":1,"name":"Accueil","item":"https:\/\/www.airandme.fr\/blog\/"},{"@type":"ListItem","position":2,"name":"Analyse et purification de l'air","item":"https:\/\/www.airandme.fr\/blog\/category\/analyse-et-purification-de-lair\/"},{"@type":"ListItem","position":3,"name":"Une qualit\u00e9 de l\u2019air m\u00e9diocre dans les \u00e9coles"}]},{"@type":"WebSite","@id":"https:\/\/www.airandme.fr\/blog\/#website","url":"https:\/\/www.airandme.fr\/blog\/","name":"air&me - Le blog du traitement de l'air","description":"Solutions pour le traitement de l&#039;air int\u00e9rieur - Le blog du bien air chez soi","publisher":{"@id":"https:\/\/www.airandme.fr\/blog\/#organization"},"potentialAction":[{"@type":"SearchAction","target":{"@type":"EntryPoint","urlTemplate":"https:\/\/www.airandme.fr\/blog\/?s={search_term_string}"},"query-input":{"@type":"PropertyValueSpecification","valueRequired":true,"valueName":"search_term_string"}}],"inLanguage":"fr-FR"},{"@type":"Organization","@id":"https:\/\/www.airandme.fr\/blog\/#organization","name":"air&me - Le blog du traitement de l'air","url":"https:\/\/www.airandme.fr\/blog\/","logo":{"@type":"ImageObject","inLanguage":"fr-FR","@id":"https:\/\/www.airandme.fr\/blog\/#\/schema\/logo\/image\/","url":"https:\/\/i0.wp.com\/www.airandme.fr\/blog\/wp-content\/uploads\/airandme-logo-blog-300px.png?fit=300%2C120&ssl=1","contentUrl":"https:\/\/i0.wp.com\/www.airandme.fr\/blog\/wp-content\/uploads\/airandme-logo-blog-300px.png?fit=300%2C120&ssl=1","width":300,"height":120,"caption":"air&me - Le blog du traitement de l'air"},"image":{"@id":"https:\/\/www.airandme.fr\/blog\/#\/schema\/logo\/image\/"},"sameAs":["https:\/\/www.facebook.com\/airandme","https:\/\/www.instagram.com\/air_and_me\/","https:\/\/www.linkedin.com\/air-and-me","https:\/\/www.pinterest.fr\/air_and_me","https:\/\/www.youtube.com\/channel\/UCmco9cc0iTBmPINR5vaW90A"]},{"@type":"Person","@id":"https:\/\/www.airandme.fr\/blog\/#\/schema\/person\/e93285f19075a09c0508c6e97ebfe19b","name":"nicolas","image":{"@type":"ImageObject","inLanguage":"fr-FR","@id":"https:\/\/secure.gravatar.com\/avatar\/2e2d5a700f89460d486959b95cf34fab038ee31f4b655906767c768b9943aad8?s=96&d=mm&r=g","url":"https:\/\/secure.gravatar.com\/avatar\/2e2d5a700f89460d486959b95cf34fab038ee31f4b655906767c768b9943aad8?s=96&d=mm&r=g","contentUrl":"https:\/\/secure.gravatar.com\/avatar\/2e2d5a700f89460d486959b95cf34fab038ee31f4b655906767c768b9943aad8?s=96&d=mm&r=g","caption":"nicolas"},"description":"Sp\u00e9cialiste du traitement de l'air chez air&amp;me","url":"https:\/\/www.airandme.fr\/blog\/author\/nicolas\/"}]}},"jetpack_featured_media_url":"https:\/\/i0.wp.com\/www.airandme.fr\/blog\/wp-content\/uploads\/airandme-une-qualit%C3%A9-de-l-air-m%C3%A9diocre-dans-les-%C3%A9coles-01.jpg?fit=750%2C375&ssl=1","jetpack_sharing_enabled":true,"jetpack_shortlink":"https:\/\/wp.me\/paHeLN-1Aj","_links":{"self":[{"href":"https:\/\/www.airandme.fr\/blog\/wp-json\/wp\/v2\/posts\/6095","targetHints":{"allow":["GET"]}}],"collection":[{"href":"https:\/\/www.airandme.fr\/blog\/wp-json\/wp\/v2\/posts"}],"about":[{"href":"https:\/\/www.airandme.fr\/blog\/wp-json\/wp\/v2\/types\/post"}],"author":[{"embeddable":true,"href":"https:\/\/www.airandme.fr\/blog\/wp-json\/wp\/v2\/users\/2"}],"replies":[{"embeddable":true,"href":"https:\/\/www.airandme.fr\/blog\/wp-json\/wp\/v2\/comments?post=6095"}],"version-history":[{"count":1,"href":"https:\/\/www.airandme.fr\/blog\/wp-json\/wp\/v2\/posts\/6095\/revisions"}],"predecessor-version":[{"id":21611,"href":"https:\/\/www.airandme.fr\/blog\/wp-json\/wp\/v2\/posts\/6095\/revisions\/21611"}],"wp:featuredmedia":[{"embeddable":true,"href":"https:\/\/www.airandme.fr\/blog\/wp-json\/wp\/v2\/media\/16304"}],"wp:attachment":[{"href":"https:\/\/www.airandme.fr\/blog\/wp-json\/wp\/v2\/media?parent=6095"}],"wp:term":[{"taxonomy":"category","embeddable":true,"href":"https:\/\/www.airandme.fr\/blog\/wp-json\/wp\/v2\/categories?post=6095"},{"taxonomy":"post_tag","embeddable":true,"href":"https:\/\/www.airandme.fr\/blog\/wp-json\/wp\/v2\/tags?post=6095"}],"curies":[{"name":"wp","href":"https:\/\/api.w.org\/{rel}","templated":true}]}}