{"id":6102,"date":"2013-07-04T15:54:23","date_gmt":"2013-07-04T14:54:23","guid":{"rendered":"https:\/\/www.airandme.fr\/blog\/\/?p=6102"},"modified":"2024-12-30T10:53:51","modified_gmt":"2024-12-30T08:53:51","slug":"une-meilleure-qualite-de-lair-sur-paris","status":"publish","type":"post","link":"https:\/\/www.airandme.fr\/blog\/pollution-de-lair-exterieur\/une-meilleure-qualite-de-lair-sur-paris\/","title":{"rendered":"Une meilleure qualit\u00e9 de l\u2019air sur Paris"},"content":{"rendered":"<p style=\"text-align: justify;\">D\u2019apr\u00e8s une \u00e9tude men\u00e9e par Airparif, la pollution atmosph\u00e9rique dans la capitale et en \u00cele-de-France a significativement baiss\u00e9.<\/p>\n<p style=\"text-align: justify;\">On observe une nette baisse en mati\u00e8re de <a href=\"https:\/\/www.airandme.fr\/blog\/pollution-et-qualite-de-l-air-interieur\/pollution-de-lair-comment-lutter-contre-les-particules-fines\/\">particules fines<\/a> et d\u2019oxyde d\u2019azote, et une baisse un peu moins forte pour le gaz carbonique durant cette derni\u00e8re d\u00e9cennie. Cette baisse d\u2019\u00e9missions de particules\u00a0 fines est de 35%, celles d\u2019oxyde d\u2019azote (NOx) est de 30% et enfin celles de gaz \u00e0 effet de serre (CO\u00b2) est de 13%\u00a0; les quantit\u00e9s de benz\u00e8ne et de plomb ont \u00e9galement diminu\u00e9 successivement de 90% et 98% en une d\u00e9cennie.<\/p>\n<p style=\"text-align: justify;\">En effet, aujourd\u2019hui moins de 1,7 million d\u2019habitants sont expos\u00e9s \u00e0 ces polluants. Cependant, on note \u00e9galement une baisse l\u2019utilisation des v\u00e9hicules diesel gr\u00e2ce \u00e0 la r\u00e9duction du trafic routier, de la vitesse de circulation (mise en place de \u00ab\u00a0zones 30\u00a0\u00bb\u00a0: limitation de vitesse de 30km\/h dans les rues) mais \u00e9galement la cr\u00e9ation de V\u00e9lib et d\u2019Autolib ont contribu\u00e9 \u00e0 la baisse des rejets de polluants nocifs dans l\u2019environnement.<\/p>\n<p style=\"text-align: justify;\">Conform\u00e9ment aux d\u00e9cisions du Conseil de Paris en novembre dernier, les mesures permettant de lutter contre la pollution atmosph\u00e9rique vont se poursuivre\u00a0: d\u2019ici fin 2013, 1200 bornes de recharge \u00e9lectrique seront install\u00e9es \u00e0 Paris et l\u2019ensemble des voies de circulation aux abords des 1300 \u00e9tablissements scolaires (\u00e9coles, coll\u00e8ges, lyc\u00e9es) seront en \u00ab\u00a0zone 30\u00a0\u00bb. Cette nouvelle mesure permettra d\u2019apaiser plus de 560 km de voies soit 37% de l\u2019ensemble des axes de circulation.<\/p>\n<p style=\"text-align: justify;\"><i>\u00ab\u00a0Si je me r\u00e9jouis de ces bons r\u00e9sultats, ils ne peuvent \u00eatre qu\u2019une incitation \u00e0 poursuivre notre action dans la lutte contre la pollution\u00a0\u00bb,<\/i>\u00a0a d\u00e9clar\u00e9 Bertrand Delano\u00eb.<\/p>\n","protected":false},"excerpt":{"rendered":"<p>D\u2019apr\u00e8s une \u00e9tude men\u00e9e par Airparif, la pollution atmosph\u00e9rique dans la capitale et en \u00cele-de-France a significativement baiss\u00e9. On observe une nette baisse en mati\u00e8re de particules fines et d\u2019oxyde d\u2019azote, et une baisse un peu moins forte pour le gaz carbonique durant cette derni\u00e8re d\u00e9cennie. Cette baisse d\u2019\u00e9missions de particules\u00a0 fines est de 35%, [&hellip;]<\/p>\n","protected":false},"author":2,"featured_media":11155,"comment_status":"open","ping_status":"open","sticky":false,"template":"","format":"standard","meta":{"jetpack_post_was_ever_published":false,"_jetpack_newsletter_access":"","_jetpack_dont_email_post_to_subs":false,"_jetpack_newsletter_tier_id":0,"_jetpack_memberships_contains_paywalled_content":false,"_jetpack_memberships_contains_paid_content":false,"jnews-multi-image_gallery":[],"jnews_single_post":{"override_template":"0","override":[{"template":"1","parallax":"1","fullscreen":"0","layout":"right-sidebar","sidebar":"default-sidebar","sticky_sidebar":"1","share_position":"top","share_float_style":"share-monocrhome","show_share_counter":"1","show_view_counter":"1","show_featured":"1","show_post_meta":"1","show_post_author":"1","show_post_author_image":"1","show_post_date":"1","show_post_category":"1","show_post_tag":"1","show_prev_next_post":"1","show_popup_post":"1","number_popup_post":"1","show_author_box":"0","show_post_related":"1"}],"override_image_size":"0","image_override":[{"single_post_thumbnail_size":"crop-500","single_post_gallery_size":"crop-500"}],"format":"standard"},"jnews_primary_category":{"id":""},"jnews_social_meta":{"fb_title":"","fb_description":"","fb_image":"","twitter_title":"","twitter_description":"","twitter_image":""},"footnotes":""},"categories":[2336],"tags":[],"class_list":["post-6102","post","type-post","status-publish","format-standard","has-post-thumbnail","hentry","category-pollution-de-lair-exterieur"],"yoast_head":"<!-- This site is optimized with the Yoast SEO plugin v27.4 - https:\/\/yoast.com\/product\/yoast-seo-wordpress\/ -->\n<title>Une meilleure qualit\u00e9 de l\u2019air sur Paris<\/title>\n<meta name=\"description\" content=\"La pollution de l&#039;air \u00e0 Paris diminue gr\u00e2ce \u00e0 une baisse des particules fines, du NOx et du CO2. D\u00e9couvrez les mesures cl\u00e9s pour am\u00e9liorer la qualit\u00e9 de l&#039;air.\" \/>\n<meta name=\"robots\" content=\"index, follow, max-snippet:-1, max-image-preview:large, max-video-preview:-1\" \/>\n<link rel=\"canonical\" href=\"https:\/\/www.airandme.fr\/blog\/pollution-de-lair-exterieur\/une-meilleure-qualite-de-lair-sur-paris\/\" \/>\n<meta property=\"og:locale\" content=\"fr_FR\" \/>\n<meta property=\"og:type\" content=\"article\" \/>\n<meta property=\"og:title\" content=\"Une meilleure qualit\u00e9 de l\u2019air sur Paris\" \/>\n<meta property=\"og:description\" content=\"La pollution de l&#039;air \u00e0 Paris diminue gr\u00e2ce \u00e0 une baisse des particules fines, du NOx et du CO2. D\u00e9couvrez les mesures cl\u00e9s pour am\u00e9liorer la qualit\u00e9 de l&#039;air.\" \/>\n<meta property=\"og:url\" content=\"https:\/\/www.airandme.fr\/blog\/pollution-de-lair-exterieur\/une-meilleure-qualite-de-lair-sur-paris\/\" \/>\n<meta property=\"og:site_name\" content=\"air&amp;me - Le blog du traitement de l&#039;air\" \/>\n<meta property=\"article:publisher\" content=\"https:\/\/www.facebook.com\/airandme\" \/>\n<meta property=\"article:published_time\" content=\"2013-07-04T14:54:23+00:00\" \/>\n<meta property=\"article:modified_time\" content=\"2024-12-30T08:53:51+00:00\" \/>\n<meta property=\"og:image\" content=\"https:\/\/www.airandme.fr\/blog\/wp-content\/uploads\/1-copie_0037_AdobeStock_48381434-1.jpg\" \/>\n\t<meta property=\"og:image:width\" content=\"900\" \/>\n\t<meta property=\"og:image:height\" content=\"600\" \/>\n\t<meta property=\"og:image:type\" content=\"image\/jpeg\" \/>\n<meta name=\"author\" content=\"nicolas\" \/>\n<meta name=\"twitter:card\" content=\"summary_large_image\" \/>\n<meta name=\"twitter:label1\" content=\"\u00c9crit par\" \/>\n\t<meta name=\"twitter:data1\" content=\"nicolas\" \/>\n\t<meta name=\"twitter:label2\" content=\"Dur\u00e9e de lecture estim\u00e9e\" \/>\n\t<meta name=\"twitter:data2\" content=\"2 minutes\" \/>\n<script type=\"application\/ld+json\" class=\"yoast-schema-graph\">{\"@context\":\"https:\\\/\\\/schema.org\",\"@graph\":[{\"@type\":\"Article\",\"@id\":\"https:\\\/\\\/www.airandme.fr\\\/blog\\\/pollution-de-lair-exterieur\\\/une-meilleure-qualite-de-lair-sur-paris\\\/#article\",\"isPartOf\":{\"@id\":\"https:\\\/\\\/www.airandme.fr\\\/blog\\\/pollution-de-lair-exterieur\\\/une-meilleure-qualite-de-lair-sur-paris\\\/\"},\"author\":{\"name\":\"nicolas\",\"@id\":\"https:\\\/\\\/www.airandme.fr\\\/blog\\\/#\\\/schema\\\/person\\\/e93285f19075a09c0508c6e97ebfe19b\"},\"headline\":\"Une meilleure qualit\u00e9 de l\u2019air sur Paris\",\"datePublished\":\"2013-07-04T14:54:23+00:00\",\"dateModified\":\"2024-12-30T08:53:51+00:00\",\"mainEntityOfPage\":{\"@id\":\"https:\\\/\\\/www.airandme.fr\\\/blog\\\/pollution-de-lair-exterieur\\\/une-meilleure-qualite-de-lair-sur-paris\\\/\"},\"wordCount\":292,\"commentCount\":0,\"publisher\":{\"@id\":\"https:\\\/\\\/www.airandme.fr\\\/blog\\\/#organization\"},\"image\":{\"@id\":\"https:\\\/\\\/www.airandme.fr\\\/blog\\\/pollution-de-lair-exterieur\\\/une-meilleure-qualite-de-lair-sur-paris\\\/#primaryimage\"},\"thumbnailUrl\":\"https:\\\/\\\/i0.wp.com\\\/www.airandme.fr\\\/blog\\\/wp-content\\\/uploads\\\/1-copie_0037_AdobeStock_48381434-1.jpg?fit=900%2C600&ssl=1\",\"articleSection\":[\"Pollution de l'air ext\u00e9rieur\"],\"inLanguage\":\"fr-FR\",\"potentialAction\":[{\"@type\":\"CommentAction\",\"name\":\"Comment\",\"target\":[\"https:\\\/\\\/www.airandme.fr\\\/blog\\\/pollution-de-lair-exterieur\\\/une-meilleure-qualite-de-lair-sur-paris\\\/#respond\"]}]},{\"@type\":\"WebPage\",\"@id\":\"https:\\\/\\\/www.airandme.fr\\\/blog\\\/pollution-de-lair-exterieur\\\/une-meilleure-qualite-de-lair-sur-paris\\\/\",\"url\":\"https:\\\/\\\/www.airandme.fr\\\/blog\\\/pollution-de-lair-exterieur\\\/une-meilleure-qualite-de-lair-sur-paris\\\/\",\"name\":\"Une meilleure qualit\u00e9 de l\u2019air sur Paris\",\"isPartOf\":{\"@id\":\"https:\\\/\\\/www.airandme.fr\\\/blog\\\/#website\"},\"primaryImageOfPage\":{\"@id\":\"https:\\\/\\\/www.airandme.fr\\\/blog\\\/pollution-de-lair-exterieur\\\/une-meilleure-qualite-de-lair-sur-paris\\\/#primaryimage\"},\"image\":{\"@id\":\"https:\\\/\\\/www.airandme.fr\\\/blog\\\/pollution-de-lair-exterieur\\\/une-meilleure-qualite-de-lair-sur-paris\\\/#primaryimage\"},\"thumbnailUrl\":\"https:\\\/\\\/i0.wp.com\\\/www.airandme.fr\\\/blog\\\/wp-content\\\/uploads\\\/1-copie_0037_AdobeStock_48381434-1.jpg?fit=900%2C600&ssl=1\",\"datePublished\":\"2013-07-04T14:54:23+00:00\",\"dateModified\":\"2024-12-30T08:53:51+00:00\",\"description\":\"La pollution de l'air \u00e0 Paris diminue gr\u00e2ce \u00e0 une baisse des particules fines, du NOx et du CO2. D\u00e9couvrez les mesures cl\u00e9s pour am\u00e9liorer la qualit\u00e9 de l'air.\",\"breadcrumb\":{\"@id\":\"https:\\\/\\\/www.airandme.fr\\\/blog\\\/pollution-de-lair-exterieur\\\/une-meilleure-qualite-de-lair-sur-paris\\\/#breadcrumb\"},\"inLanguage\":\"fr-FR\",\"potentialAction\":[{\"@type\":\"ReadAction\",\"target\":[\"https:\\\/\\\/www.airandme.fr\\\/blog\\\/pollution-de-lair-exterieur\\\/une-meilleure-qualite-de-lair-sur-paris\\\/\"]}]},{\"@type\":\"ImageObject\",\"inLanguage\":\"fr-FR\",\"@id\":\"https:\\\/\\\/www.airandme.fr\\\/blog\\\/pollution-de-lair-exterieur\\\/une-meilleure-qualite-de-lair-sur-paris\\\/#primaryimage\",\"url\":\"https:\\\/\\\/i0.wp.com\\\/www.airandme.fr\\\/blog\\\/wp-content\\\/uploads\\\/1-copie_0037_AdobeStock_48381434-1.jpg?fit=900%2C600&ssl=1\",\"contentUrl\":\"https:\\\/\\\/i0.wp.com\\\/www.airandme.fr\\\/blog\\\/wp-content\\\/uploads\\\/1-copie_0037_AdobeStock_48381434-1.jpg?fit=900%2C600&ssl=1\",\"width\":900,\"height\":600},{\"@type\":\"BreadcrumbList\",\"@id\":\"https:\\\/\\\/www.airandme.fr\\\/blog\\\/pollution-de-lair-exterieur\\\/une-meilleure-qualite-de-lair-sur-paris\\\/#breadcrumb\",\"itemListElement\":[{\"@type\":\"ListItem\",\"position\":1,\"name\":\"Accueil\",\"item\":\"https:\\\/\\\/www.airandme.fr\\\/blog\\\/\"},{\"@type\":\"ListItem\",\"position\":2,\"name\":\"Pollution de l'air ext\u00e9rieur\",\"item\":\"https:\\\/\\\/www.airandme.fr\\\/blog\\\/category\\\/pollution-de-lair-exterieur\\\/\"},{\"@type\":\"ListItem\",\"position\":3,\"name\":\"Une meilleure qualit\u00e9 de l\u2019air sur Paris\"}]},{\"@type\":\"WebSite\",\"@id\":\"https:\\\/\\\/www.airandme.fr\\\/blog\\\/#website\",\"url\":\"https:\\\/\\\/www.airandme.fr\\\/blog\\\/\",\"name\":\"air&me - Le blog du traitement de l'air\",\"description\":\"Solutions pour le traitement de l&#039;air int\u00e9rieur - Le blog du bien air chez soi\",\"publisher\":{\"@id\":\"https:\\\/\\\/www.airandme.fr\\\/blog\\\/#organization\"},\"potentialAction\":[{\"@type\":\"SearchAction\",\"target\":{\"@type\":\"EntryPoint\",\"urlTemplate\":\"https:\\\/\\\/www.airandme.fr\\\/blog\\\/?s={search_term_string}\"},\"query-input\":{\"@type\":\"PropertyValueSpecification\",\"valueRequired\":true,\"valueName\":\"search_term_string\"}}],\"inLanguage\":\"fr-FR\"},{\"@type\":\"Organization\",\"@id\":\"https:\\\/\\\/www.airandme.fr\\\/blog\\\/#organization\",\"name\":\"air&me - Le blog du traitement de l'air\",\"url\":\"https:\\\/\\\/www.airandme.fr\\\/blog\\\/\",\"logo\":{\"@type\":\"ImageObject\",\"inLanguage\":\"fr-FR\",\"@id\":\"https:\\\/\\\/www.airandme.fr\\\/blog\\\/#\\\/schema\\\/logo\\\/image\\\/\",\"url\":\"https:\\\/\\\/i0.wp.com\\\/www.airandme.fr\\\/blog\\\/wp-content\\\/uploads\\\/airandme-logo-blog-300px.png?fit=300%2C120&ssl=1\",\"contentUrl\":\"https:\\\/\\\/i0.wp.com\\\/www.airandme.fr\\\/blog\\\/wp-content\\\/uploads\\\/airandme-logo-blog-300px.png?fit=300%2C120&ssl=1\",\"width\":300,\"height\":120,\"caption\":\"air&me - Le blog du traitement de l'air\"},\"image\":{\"@id\":\"https:\\\/\\\/www.airandme.fr\\\/blog\\\/#\\\/schema\\\/logo\\\/image\\\/\"},\"sameAs\":[\"https:\\\/\\\/www.facebook.com\\\/airandme\",\"https:\\\/\\\/www.instagram.com\\\/air_and_me\\\/\",\"https:\\\/\\\/www.linkedin.com\\\/air-and-me\",\"https:\\\/\\\/www.pinterest.fr\\\/air_and_me\",\"https:\\\/\\\/www.youtube.com\\\/channel\\\/UCmco9cc0iTBmPINR5vaW90A\"]},{\"@type\":\"Person\",\"@id\":\"https:\\\/\\\/www.airandme.fr\\\/blog\\\/#\\\/schema\\\/person\\\/e93285f19075a09c0508c6e97ebfe19b\",\"name\":\"nicolas\",\"image\":{\"@type\":\"ImageObject\",\"inLanguage\":\"fr-FR\",\"@id\":\"https:\\\/\\\/secure.gravatar.com\\\/avatar\\\/2e2d5a700f89460d486959b95cf34fab038ee31f4b655906767c768b9943aad8?s=96&d=mm&r=g\",\"url\":\"https:\\\/\\\/secure.gravatar.com\\\/avatar\\\/2e2d5a700f89460d486959b95cf34fab038ee31f4b655906767c768b9943aad8?s=96&d=mm&r=g\",\"contentUrl\":\"https:\\\/\\\/secure.gravatar.com\\\/avatar\\\/2e2d5a700f89460d486959b95cf34fab038ee31f4b655906767c768b9943aad8?s=96&d=mm&r=g\",\"caption\":\"nicolas\"},\"description\":\"Sp\u00e9cialiste du traitement de l'air chez air&amp;me\",\"url\":\"https:\\\/\\\/www.airandme.fr\\\/blog\\\/author\\\/nicolas\\\/\"}]}<\/script>\n<!-- \/ Yoast SEO plugin. -->","yoast_head_json":{"title":"Une meilleure qualit\u00e9 de l\u2019air sur Paris","description":"La pollution de l'air \u00e0 Paris diminue gr\u00e2ce \u00e0 une baisse des particules fines, du NOx et du CO2. D\u00e9couvrez les mesures cl\u00e9s pour am\u00e9liorer la qualit\u00e9 de l'air.","robots":{"index":"index","follow":"follow","max-snippet":"max-snippet:-1","max-image-preview":"max-image-preview:large","max-video-preview":"max-video-preview:-1"},"canonical":"https:\/\/www.airandme.fr\/blog\/pollution-de-lair-exterieur\/une-meilleure-qualite-de-lair-sur-paris\/","og_locale":"fr_FR","og_type":"article","og_title":"Une meilleure qualit\u00e9 de l\u2019air sur Paris","og_description":"La pollution de l'air \u00e0 Paris diminue gr\u00e2ce \u00e0 une baisse des particules fines, du NOx et du CO2. D\u00e9couvrez les mesures cl\u00e9s pour am\u00e9liorer la qualit\u00e9 de l'air.","og_url":"https:\/\/www.airandme.fr\/blog\/pollution-de-lair-exterieur\/une-meilleure-qualite-de-lair-sur-paris\/","og_site_name":"air&amp;me - Le blog du traitement de l&#039;air","article_publisher":"https:\/\/www.facebook.com\/airandme","article_published_time":"2013-07-04T14:54:23+00:00","article_modified_time":"2024-12-30T08:53:51+00:00","og_image":[{"width":900,"height":600,"url":"https:\/\/www.airandme.fr\/blog\/wp-content\/uploads\/1-copie_0037_AdobeStock_48381434-1.jpg","type":"image\/jpeg"}],"author":"nicolas","twitter_card":"summary_large_image","twitter_misc":{"\u00c9crit par":"nicolas","Dur\u00e9e de lecture estim\u00e9e":"2 minutes"},"schema":{"@context":"https:\/\/schema.org","@graph":[{"@type":"Article","@id":"https:\/\/www.airandme.fr\/blog\/pollution-de-lair-exterieur\/une-meilleure-qualite-de-lair-sur-paris\/#article","isPartOf":{"@id":"https:\/\/www.airandme.fr\/blog\/pollution-de-lair-exterieur\/une-meilleure-qualite-de-lair-sur-paris\/"},"author":{"name":"nicolas","@id":"https:\/\/www.airandme.fr\/blog\/#\/schema\/person\/e93285f19075a09c0508c6e97ebfe19b"},"headline":"Une meilleure qualit\u00e9 de l\u2019air sur Paris","datePublished":"2013-07-04T14:54:23+00:00","dateModified":"2024-12-30T08:53:51+00:00","mainEntityOfPage":{"@id":"https:\/\/www.airandme.fr\/blog\/pollution-de-lair-exterieur\/une-meilleure-qualite-de-lair-sur-paris\/"},"wordCount":292,"commentCount":0,"publisher":{"@id":"https:\/\/www.airandme.fr\/blog\/#organization"},"image":{"@id":"https:\/\/www.airandme.fr\/blog\/pollution-de-lair-exterieur\/une-meilleure-qualite-de-lair-sur-paris\/#primaryimage"},"thumbnailUrl":"https:\/\/i0.wp.com\/www.airandme.fr\/blog\/wp-content\/uploads\/1-copie_0037_AdobeStock_48381434-1.jpg?fit=900%2C600&ssl=1","articleSection":["Pollution de l'air ext\u00e9rieur"],"inLanguage":"fr-FR","potentialAction":[{"@type":"CommentAction","name":"Comment","target":["https:\/\/www.airandme.fr\/blog\/pollution-de-lair-exterieur\/une-meilleure-qualite-de-lair-sur-paris\/#respond"]}]},{"@type":"WebPage","@id":"https:\/\/www.airandme.fr\/blog\/pollution-de-lair-exterieur\/une-meilleure-qualite-de-lair-sur-paris\/","url":"https:\/\/www.airandme.fr\/blog\/pollution-de-lair-exterieur\/une-meilleure-qualite-de-lair-sur-paris\/","name":"Une meilleure qualit\u00e9 de l\u2019air sur Paris","isPartOf":{"@id":"https:\/\/www.airandme.fr\/blog\/#website"},"primaryImageOfPage":{"@id":"https:\/\/www.airandme.fr\/blog\/pollution-de-lair-exterieur\/une-meilleure-qualite-de-lair-sur-paris\/#primaryimage"},"image":{"@id":"https:\/\/www.airandme.fr\/blog\/pollution-de-lair-exterieur\/une-meilleure-qualite-de-lair-sur-paris\/#primaryimage"},"thumbnailUrl":"https:\/\/i0.wp.com\/www.airandme.fr\/blog\/wp-content\/uploads\/1-copie_0037_AdobeStock_48381434-1.jpg?fit=900%2C600&ssl=1","datePublished":"2013-07-04T14:54:23+00:00","dateModified":"2024-12-30T08:53:51+00:00","description":"La pollution de l'air \u00e0 Paris diminue gr\u00e2ce \u00e0 une baisse des particules fines, du NOx et du CO2. D\u00e9couvrez les mesures cl\u00e9s pour am\u00e9liorer la qualit\u00e9 de l'air.","breadcrumb":{"@id":"https:\/\/www.airandme.fr\/blog\/pollution-de-lair-exterieur\/une-meilleure-qualite-de-lair-sur-paris\/#breadcrumb"},"inLanguage":"fr-FR","potentialAction":[{"@type":"ReadAction","target":["https:\/\/www.airandme.fr\/blog\/pollution-de-lair-exterieur\/une-meilleure-qualite-de-lair-sur-paris\/"]}]},{"@type":"ImageObject","inLanguage":"fr-FR","@id":"https:\/\/www.airandme.fr\/blog\/pollution-de-lair-exterieur\/une-meilleure-qualite-de-lair-sur-paris\/#primaryimage","url":"https:\/\/i0.wp.com\/www.airandme.fr\/blog\/wp-content\/uploads\/1-copie_0037_AdobeStock_48381434-1.jpg?fit=900%2C600&ssl=1","contentUrl":"https:\/\/i0.wp.com\/www.airandme.fr\/blog\/wp-content\/uploads\/1-copie_0037_AdobeStock_48381434-1.jpg?fit=900%2C600&ssl=1","width":900,"height":600},{"@type":"BreadcrumbList","@id":"https:\/\/www.airandme.fr\/blog\/pollution-de-lair-exterieur\/une-meilleure-qualite-de-lair-sur-paris\/#breadcrumb","itemListElement":[{"@type":"ListItem","position":1,"name":"Accueil","item":"https:\/\/www.airandme.fr\/blog\/"},{"@type":"ListItem","position":2,"name":"Pollution de l'air ext\u00e9rieur","item":"https:\/\/www.airandme.fr\/blog\/category\/pollution-de-lair-exterieur\/"},{"@type":"ListItem","position":3,"name":"Une meilleure qualit\u00e9 de l\u2019air sur Paris"}]},{"@type":"WebSite","@id":"https:\/\/www.airandme.fr\/blog\/#website","url":"https:\/\/www.airandme.fr\/blog\/","name":"air&me - Le blog du traitement de l'air","description":"Solutions pour le traitement de l&#039;air int\u00e9rieur - Le blog du bien air chez soi","publisher":{"@id":"https:\/\/www.airandme.fr\/blog\/#organization"},"potentialAction":[{"@type":"SearchAction","target":{"@type":"EntryPoint","urlTemplate":"https:\/\/www.airandme.fr\/blog\/?s={search_term_string}"},"query-input":{"@type":"PropertyValueSpecification","valueRequired":true,"valueName":"search_term_string"}}],"inLanguage":"fr-FR"},{"@type":"Organization","@id":"https:\/\/www.airandme.fr\/blog\/#organization","name":"air&me - Le blog du traitement de l'air","url":"https:\/\/www.airandme.fr\/blog\/","logo":{"@type":"ImageObject","inLanguage":"fr-FR","@id":"https:\/\/www.airandme.fr\/blog\/#\/schema\/logo\/image\/","url":"https:\/\/i0.wp.com\/www.airandme.fr\/blog\/wp-content\/uploads\/airandme-logo-blog-300px.png?fit=300%2C120&ssl=1","contentUrl":"https:\/\/i0.wp.com\/www.airandme.fr\/blog\/wp-content\/uploads\/airandme-logo-blog-300px.png?fit=300%2C120&ssl=1","width":300,"height":120,"caption":"air&me - Le blog du traitement de l'air"},"image":{"@id":"https:\/\/www.airandme.fr\/blog\/#\/schema\/logo\/image\/"},"sameAs":["https:\/\/www.facebook.com\/airandme","https:\/\/www.instagram.com\/air_and_me\/","https:\/\/www.linkedin.com\/air-and-me","https:\/\/www.pinterest.fr\/air_and_me","https:\/\/www.youtube.com\/channel\/UCmco9cc0iTBmPINR5vaW90A"]},{"@type":"Person","@id":"https:\/\/www.airandme.fr\/blog\/#\/schema\/person\/e93285f19075a09c0508c6e97ebfe19b","name":"nicolas","image":{"@type":"ImageObject","inLanguage":"fr-FR","@id":"https:\/\/secure.gravatar.com\/avatar\/2e2d5a700f89460d486959b95cf34fab038ee31f4b655906767c768b9943aad8?s=96&d=mm&r=g","url":"https:\/\/secure.gravatar.com\/avatar\/2e2d5a700f89460d486959b95cf34fab038ee31f4b655906767c768b9943aad8?s=96&d=mm&r=g","contentUrl":"https:\/\/secure.gravatar.com\/avatar\/2e2d5a700f89460d486959b95cf34fab038ee31f4b655906767c768b9943aad8?s=96&d=mm&r=g","caption":"nicolas"},"description":"Sp\u00e9cialiste du traitement de l'air chez air&amp;me","url":"https:\/\/www.airandme.fr\/blog\/author\/nicolas\/"}]}},"jetpack_featured_media_url":"https:\/\/i0.wp.com\/www.airandme.fr\/blog\/wp-content\/uploads\/1-copie_0037_AdobeStock_48381434-1.jpg?fit=900%2C600&ssl=1","jetpack_sharing_enabled":true,"jetpack_shortlink":"https:\/\/wp.me\/paHeLN-1Aq","_links":{"self":[{"href":"https:\/\/www.airandme.fr\/blog\/wp-json\/wp\/v2\/posts\/6102","targetHints":{"allow":["GET"]}}],"collection":[{"href":"https:\/\/www.airandme.fr\/blog\/wp-json\/wp\/v2\/posts"}],"about":[{"href":"https:\/\/www.airandme.fr\/blog\/wp-json\/wp\/v2\/types\/post"}],"author":[{"embeddable":true,"href":"https:\/\/www.airandme.fr\/blog\/wp-json\/wp\/v2\/users\/2"}],"replies":[{"embeddable":true,"href":"https:\/\/www.airandme.fr\/blog\/wp-json\/wp\/v2\/comments?post=6102"}],"version-history":[{"count":1,"href":"https:\/\/www.airandme.fr\/blog\/wp-json\/wp\/v2\/posts\/6102\/revisions"}],"predecessor-version":[{"id":21976,"href":"https:\/\/www.airandme.fr\/blog\/wp-json\/wp\/v2\/posts\/6102\/revisions\/21976"}],"wp:featuredmedia":[{"embeddable":true,"href":"https:\/\/www.airandme.fr\/blog\/wp-json\/wp\/v2\/media\/11155"}],"wp:attachment":[{"href":"https:\/\/www.airandme.fr\/blog\/wp-json\/wp\/v2\/media?parent=6102"}],"wp:term":[{"taxonomy":"category","embeddable":true,"href":"https:\/\/www.airandme.fr\/blog\/wp-json\/wp\/v2\/categories?post=6102"},{"taxonomy":"post_tag","embeddable":true,"href":"https:\/\/www.airandme.fr\/blog\/wp-json\/wp\/v2\/tags?post=6102"}],"curies":[{"name":"wp","href":"https:\/\/api.w.org\/{rel}","templated":true}]}}