{"id":6109,"date":"2013-07-15T16:22:57","date_gmt":"2013-07-15T15:22:57","guid":{"rendered":"https:\/\/www.airandme.fr\/blog\/\/?p=6109"},"modified":"2024-12-09T10:58:36","modified_gmt":"2024-12-09T08:58:36","slug":"la-pollution-interieure-le-danger-invisible-risques-et-solutions","status":"publish","type":"post","link":"https:\/\/www.airandme.fr\/blog\/analyse-et-purification-de-lair\/la-pollution-interieure-le-danger-invisible-risques-et-solutions\/","title":{"rendered":"La pollution int\u00e9rieure, le danger invisible : risques et solutions"},"content":{"rendered":"<p style=\"text-align: justify;\">\u00ab\u00a0<i>J\u2019ai connu un temps o\u00f9 la principale pollution venait de ce que les gens secouaient leur tapis par la fen\u00eatre\u00a0<\/i>\u00bb, affirmait avec humour Gilbert Cesbron (1913-1978). D\u00e9sormais, le sujet inqui\u00e8te plus qu\u2019il n\u2019amuse tant les faits sont alarmants. La pollution de l\u2019air \u00e0 l\u2019int\u00e9rieur des b\u00e2timents entra\u00eene le d\u00e9c\u00e8s de 1.6 million de personnes chaque ann\u00e9e dans le monde, soit 5 fois plus que la pollution ext\u00e9rieure.<\/p>\n<p style=\"text-align: justify;\">La qualit\u00e9 de l\u2019air respir\u00e9 en int\u00e9rieur pr\u00e9sente ainsi un impact d\u00e9terminant sur notre sant\u00e9 et notre confort. Les locaux sont g\u00e9n\u00e9ralement pollu\u00e9s de fa\u00e7on diffuse et invisible, ce qui induit de nombreux <b>risques<\/b>, tant \u00e0 court qu\u2019\u00e0 long terme.<\/p>\n<p style=\"text-align: justify;\">Les effets peuvent appara\u00eetre imm\u00e9diatement apr\u00e8s l\u2019inhalation de polluants, sous forme\u00a0de g\u00eane et d\u2019inconfort b\u00e9nin\u00a0: r\u00e9action aux mauvaises odeurs, picotement des yeux, irritation du nez et de la gorge par exemple. Mais les cons\u00e9quences de la pollution int\u00e9rieure \u00e0 court terme peuvent \u00e9galement \u00eatre plus inqui\u00e9tantes. Elles provoquent des naus\u00e9es, des troubles respiratoires, ou encore des crises d\u2019asthme. Des cas extr\u00eames, tels qu\u2019une intoxication au monoxyde de carbone, provoquent asphyxie et d\u00e9c\u00e8s.<\/p>\n<p style=\"text-align: justify;\">L\u2019exposition \u00e0 long terme aux polluants atmosph\u00e9riques, m\u00eame \u00e0 tr\u00e8s faibles doses, engendre des effets consid\u00e9rables. Ils peuvent notamment provoquer des cancers, des alt\u00e9rations de la capacit\u00e9 respiratoire, des aggravations de maladies cardio-vasculaires, la st\u00e9rilit\u00e9 et des infarctus du myocarde. Ainsi, en Europe, on estime que la pollution de l\u2019air diminue l\u2019esp\u00e9rance de vie de plus de 10 mois. Par ailleurs, la pollution int\u00e9rieure \u00e0 l\u2019habitat et aux b\u00e2timents est responsable d\u2019environ 30\u00a0000 morts pr\u00e9matur\u00e9es par an en France. En outre, d\u2019autres pathologies \u00e9mergentes et chroniques sont li\u00e9es \u00e0 l\u2019environnement, comme des atteintes du syst\u00e8me nerveux, immunitaire ou endocrinien.<\/p>\n<h3 style=\"text-align: justify;\">Heureusement, des solutions existent pour limiter les effets n\u00e9fastes de la pollution int\u00e9rieure.<\/h3>\n<p style=\"text-align: justify;\">Tout d\u2019abord, il semble n\u00e9cessaire d\u2019adopter de nouvelles habitudes au quotidien.<br \/>Ainsi, une bonne a\u00e9ration de votre int\u00e9rieur, \u00e0 raison de dix minutes par jour au minimum, permettra d\u2019\u00e9vacuer une partie des bact\u00e9ries et des particules fines pr\u00e9sentes dans un logement. En parall\u00e8le, il appara\u00eet judicieux de diminuer les produits polluants au sein de votre habitat, et de les remplacer par des \u00e9coproduits. De plus, une tr\u00e8s bonne hygi\u00e8ne de votre int\u00e9rieur est indispensable afin d\u2019am\u00e9liorer la qualit\u00e9 de l\u2019air. Il faut donc prendre l\u2019habitude de fumer \u00e0 l\u2019ext\u00e9rieur -ou pr\u00e8s d\u2019une fen\u00eatre-, de limiter la poussi\u00e8re, et de nettoyer la literie r\u00e9guli\u00e8rement.<\/p>\n<p style=\"text-align: justify;\">La qualit\u00e9 de l\u2019air int\u00e9rieur est \u00e9galement en relation avec une bonne ventilation. Contrairement \u00e0 la simple a\u00e9ration, cette derni\u00e8re permet d\u2019<span style=\"text-decoration: underline;\">\u00e9vacuer<\/span> l\u2019air pollu\u00e9 pour le remplacer par un air neuf tout en \u00e9vitant les variations de temp\u00e9rature.<\/p>\n<p style=\"text-align: justify;\">Il est \u00e9galement conseill\u00e9 d\u2019ajuster le taux d\u2019humidit\u00e9 de son logement, gr\u00e2ce \u00e0 des d\u00e9shumidificateurs ou humidificateurs d\u2019air. En effet, une \u00e9tude r\u00e9alis\u00e9e aux Pays-Bas par la FTA (fondation pour le traitement de l\u2019asthme) a prouv\u00e9 que la lutte contre l\u2019humidit\u00e9 dans les logements a consid\u00e9rablement contribu\u00e9 \u00e0 la baisse des r\u00e9actions allergiques chez les individus souffrant d\u2019affections des voies respiratoires. D\u2019autre part, un environnement trop sec (taux d\u2019humidit\u00e9 &lt;50%) peut provoquer une d\u00e9shydratation ainsi qu\u2019un dess\u00e8chement de la peau, des muqueuses, du mobilier et des plantes, ou encore des maux de t\u00eate ou des irritations.<\/p>\n<p style=\"text-align: justify;\">Enfin, purifier son air de fa\u00e7on plus directe est rendu possible par<a title=\"Purificateur d'air professionnels\" href=\"https:\/\/airandme.fr\/fr\/content\/72-resultats-de-la-recherche?s=purificateur%2Bblueair\" target=\"_blank\" rel=\"noopener noreferrer\"> les purificateurs d\u2019air<\/a>. Ces appareils filtrent l\u2019air, tout en \u00e9liminant les mauvaises odeurs. Ces derniers sont d\u2019ailleurs employ\u00e9s par l\u2019industrie pour filtrer et \u00e9liminer les r\u00e9sidus toxiques, notamment dans les h\u00f4pitaux. Ils diminuent fortement les risques de contagion et de maladies. De plus, certains appareils sont \u00e9quip\u00e9s de diffuseur d\u2019huiles essentielles biologiques. Notons que, \u00e0 l\u2019inverse des d\u00e9sodorisants et parfums d\u2019ambiance vendus en grande surface, <a href=\"https:\/\/airandme.fr\/fr\/11-diffuseurs-dhuiles-essentielles\" target=\"_blank\" rel=\"noopener\">les diffuseurs d\u2019huiles<\/a> ne chargent pas l\u2019atmosph\u00e8re de substances chimiques et ne se contentent pas de masquer les mauvaises odeurs. Un deux en un astucieux\u00a0et \u00e9cologique pour une respiration\u00a0plus saine !<\/p>\n\n\n<p><\/p>\n","protected":false},"excerpt":{"rendered":"<p>\u00ab\u00a0J\u2019ai connu un temps o\u00f9 la principale pollution venait de ce que les gens secouaient leur tapis par la fen\u00eatre\u00a0\u00bb, affirmait avec humour Gilbert Cesbron (1913-1978). D\u00e9sormais, le sujet inqui\u00e8te plus qu\u2019il n\u2019amuse tant les faits sont alarmants. La pollution de l\u2019air \u00e0 l\u2019int\u00e9rieur des b\u00e2timents entra\u00eene le d\u00e9c\u00e8s de 1.6 million de personnes chaque [&hellip;]<\/p>\n","protected":false},"author":2,"featured_media":16302,"comment_status":"open","ping_status":"open","sticky":false,"template":"","format":"standard","meta":{"jetpack_post_was_ever_published":false,"_jetpack_newsletter_access":"","_jetpack_dont_email_post_to_subs":false,"_jetpack_newsletter_tier_id":0,"_jetpack_memberships_contains_paywalled_content":false,"_jetpack_memberships_contains_paid_content":false,"jnews-multi-image_gallery":[],"jnews_single_post":{"subtitle":"","format":"standard","video":"","gallery":"","source_name":"","source_url":"","via_name":"","via_url":"","override":[{"template":"1","single_blog_custom":"","parallax":"1","layout":"right-sidebar","sidebar":"default-sidebar","second_sidebar":"","sticky_sidebar":"1","share_position":"top","share_float_style":"share-monocrhome","show_share_counter":"1","show_view_counter":"1","show_featured":"1","show_post_meta":"1","show_post_author":"1","show_post_author_image":"1","show_post_date":"1","post_date_format":"","post_date_format_custom":"","show_post_category":"1","post_reading_time_wpm":"","zoom_button_out_step":"1","zoom_button_in_step":"1","show_post_tag":"1","show_prev_next_post":"1","show_popup_post":"1","number_popup_post":"1","show_post_related":"1"}],"image_override":[{"single_post_thumbnail_size":"crop-500","single_post_gallery_size":"crop-500"}],"trending_post_position":"","trending_post_label":"","sponsored_post_label":"","sponsored_post_name":"","sponsored_post_url":"","sponsored_post_logo":"","sponsored_post_desc":""},"jnews_primary_category":{"id":""},"jnews_social_meta":{"fb_title":"","fb_description":"","fb_image":"","twitter_title":"","twitter_description":"","twitter_image":""},"footnotes":""},"categories":[711,712],"tags":[],"class_list":["post-6109","post","type-post","status-publish","format-standard","has-post-thumbnail","hentry","category-analyse-et-purification-de-lair","category-pollution-et-qualite-de-l-air-interieur"],"yoast_head":"<!-- This site is optimized with the Yoast SEO plugin v27.4 - https:\/\/yoast.com\/product\/yoast-seo-wordpress\/ -->\n<title>La pollution int\u00e9rieure : risques et solutions<\/title>\n<meta name=\"description\" content=\"La pollution int\u00e9rieure est un danger invisible aux graves cons\u00e9quences pour la sant\u00e9. D\u00e9couvrez les risques et les solutions pour un air int\u00e9rieur plus sain.\" \/>\n<meta name=\"robots\" content=\"index, follow, max-snippet:-1, max-image-preview:large, max-video-preview:-1\" \/>\n<link rel=\"canonical\" href=\"https:\/\/www.airandme.fr\/blog\/analyse-et-purification-de-lair\/la-pollution-interieure-le-danger-invisible-risques-et-solutions\/\" \/>\n<meta property=\"og:locale\" content=\"fr_FR\" \/>\n<meta property=\"og:type\" content=\"article\" \/>\n<meta property=\"og:title\" content=\"La pollution int\u00e9rieure : risques et solutions\" \/>\n<meta property=\"og:description\" content=\"La pollution int\u00e9rieure est un danger invisible aux graves cons\u00e9quences pour la sant\u00e9. D\u00e9couvrez les risques et les solutions pour un air int\u00e9rieur plus sain.\" \/>\n<meta property=\"og:url\" content=\"https:\/\/www.airandme.fr\/blog\/analyse-et-purification-de-lair\/la-pollution-interieure-le-danger-invisible-risques-et-solutions\/\" \/>\n<meta property=\"og:site_name\" content=\"air&amp;me - Le blog du traitement de l&#039;air\" \/>\n<meta property=\"article:publisher\" content=\"https:\/\/www.facebook.com\/airandme\" \/>\n<meta property=\"article:published_time\" content=\"2013-07-15T15:22:57+00:00\" \/>\n<meta property=\"article:modified_time\" content=\"2024-12-09T08:58:36+00:00\" \/>\n<meta property=\"og:image\" content=\"https:\/\/www.airandme.fr\/blog\/wp-content\/uploads\/airandme-la-pollution-int\u00e9rieure-le-danger-invisible-risques-et-solutions-01.jpg\" \/>\n\t<meta property=\"og:image:width\" content=\"750\" \/>\n\t<meta property=\"og:image:height\" content=\"374\" \/>\n\t<meta property=\"og:image:type\" content=\"image\/jpeg\" \/>\n<meta name=\"author\" content=\"nicolas\" \/>\n<meta name=\"twitter:card\" content=\"summary_large_image\" \/>\n<meta name=\"twitter:label1\" content=\"\u00c9crit par\" \/>\n\t<meta name=\"twitter:data1\" content=\"nicolas\" \/>\n\t<meta name=\"twitter:label2\" content=\"Dur\u00e9e de lecture estim\u00e9e\" \/>\n\t<meta name=\"twitter:data2\" content=\"4 minutes\" \/>\n<script type=\"application\/ld+json\" class=\"yoast-schema-graph\">{\"@context\":\"https:\\\/\\\/schema.org\",\"@graph\":[{\"@type\":\"Article\",\"@id\":\"https:\\\/\\\/www.airandme.fr\\\/blog\\\/analyse-et-purification-de-lair\\\/la-pollution-interieure-le-danger-invisible-risques-et-solutions\\\/#article\",\"isPartOf\":{\"@id\":\"https:\\\/\\\/www.airandme.fr\\\/blog\\\/analyse-et-purification-de-lair\\\/la-pollution-interieure-le-danger-invisible-risques-et-solutions\\\/\"},\"author\":{\"name\":\"nicolas\",\"@id\":\"https:\\\/\\\/www.airandme.fr\\\/blog\\\/#\\\/schema\\\/person\\\/e93285f19075a09c0508c6e97ebfe19b\"},\"headline\":\"La pollution int\u00e9rieure, le danger invisible : risques et solutions\",\"datePublished\":\"2013-07-15T15:22:57+00:00\",\"dateModified\":\"2024-12-09T08:58:36+00:00\",\"mainEntityOfPage\":{\"@id\":\"https:\\\/\\\/www.airandme.fr\\\/blog\\\/analyse-et-purification-de-lair\\\/la-pollution-interieure-le-danger-invisible-risques-et-solutions\\\/\"},\"wordCount\":759,\"commentCount\":0,\"publisher\":{\"@id\":\"https:\\\/\\\/www.airandme.fr\\\/blog\\\/#organization\"},\"image\":{\"@id\":\"https:\\\/\\\/www.airandme.fr\\\/blog\\\/analyse-et-purification-de-lair\\\/la-pollution-interieure-le-danger-invisible-risques-et-solutions\\\/#primaryimage\"},\"thumbnailUrl\":\"https:\\\/\\\/i0.wp.com\\\/www.airandme.fr\\\/blog\\\/wp-content\\\/uploads\\\/airandme-la-pollution-int%C3%A9rieure-le-danger-invisible-risques-et-solutions-01.jpg?fit=750%2C374&ssl=1\",\"articleSection\":[\"Analyse et purification de l'air\",\"Pollution et qualit\u00e9 de l'air int\u00e9rieur\"],\"inLanguage\":\"fr-FR\",\"potentialAction\":[{\"@type\":\"CommentAction\",\"name\":\"Comment\",\"target\":[\"https:\\\/\\\/www.airandme.fr\\\/blog\\\/analyse-et-purification-de-lair\\\/la-pollution-interieure-le-danger-invisible-risques-et-solutions\\\/#respond\"]}]},{\"@type\":\"WebPage\",\"@id\":\"https:\\\/\\\/www.airandme.fr\\\/blog\\\/analyse-et-purification-de-lair\\\/la-pollution-interieure-le-danger-invisible-risques-et-solutions\\\/\",\"url\":\"https:\\\/\\\/www.airandme.fr\\\/blog\\\/analyse-et-purification-de-lair\\\/la-pollution-interieure-le-danger-invisible-risques-et-solutions\\\/\",\"name\":\"La pollution int\u00e9rieure : risques et solutions\",\"isPartOf\":{\"@id\":\"https:\\\/\\\/www.airandme.fr\\\/blog\\\/#website\"},\"primaryImageOfPage\":{\"@id\":\"https:\\\/\\\/www.airandme.fr\\\/blog\\\/analyse-et-purification-de-lair\\\/la-pollution-interieure-le-danger-invisible-risques-et-solutions\\\/#primaryimage\"},\"image\":{\"@id\":\"https:\\\/\\\/www.airandme.fr\\\/blog\\\/analyse-et-purification-de-lair\\\/la-pollution-interieure-le-danger-invisible-risques-et-solutions\\\/#primaryimage\"},\"thumbnailUrl\":\"https:\\\/\\\/i0.wp.com\\\/www.airandme.fr\\\/blog\\\/wp-content\\\/uploads\\\/airandme-la-pollution-int%C3%A9rieure-le-danger-invisible-risques-et-solutions-01.jpg?fit=750%2C374&ssl=1\",\"datePublished\":\"2013-07-15T15:22:57+00:00\",\"dateModified\":\"2024-12-09T08:58:36+00:00\",\"description\":\"La pollution int\u00e9rieure est un danger invisible aux graves cons\u00e9quences pour la sant\u00e9. D\u00e9couvrez les risques et les solutions pour un air int\u00e9rieur plus sain.\",\"breadcrumb\":{\"@id\":\"https:\\\/\\\/www.airandme.fr\\\/blog\\\/analyse-et-purification-de-lair\\\/la-pollution-interieure-le-danger-invisible-risques-et-solutions\\\/#breadcrumb\"},\"inLanguage\":\"fr-FR\",\"potentialAction\":[{\"@type\":\"ReadAction\",\"target\":[\"https:\\\/\\\/www.airandme.fr\\\/blog\\\/analyse-et-purification-de-lair\\\/la-pollution-interieure-le-danger-invisible-risques-et-solutions\\\/\"]}]},{\"@type\":\"ImageObject\",\"inLanguage\":\"fr-FR\",\"@id\":\"https:\\\/\\\/www.airandme.fr\\\/blog\\\/analyse-et-purification-de-lair\\\/la-pollution-interieure-le-danger-invisible-risques-et-solutions\\\/#primaryimage\",\"url\":\"https:\\\/\\\/i0.wp.com\\\/www.airandme.fr\\\/blog\\\/wp-content\\\/uploads\\\/airandme-la-pollution-int%C3%A9rieure-le-danger-invisible-risques-et-solutions-01.jpg?fit=750%2C374&ssl=1\",\"contentUrl\":\"https:\\\/\\\/i0.wp.com\\\/www.airandme.fr\\\/blog\\\/wp-content\\\/uploads\\\/airandme-la-pollution-int%C3%A9rieure-le-danger-invisible-risques-et-solutions-01.jpg?fit=750%2C374&ssl=1\",\"width\":750,\"height\":374,\"caption\":\"airandme-La pollution int\u00e9rieure, le danger invisible : risques et solutions\"},{\"@type\":\"BreadcrumbList\",\"@id\":\"https:\\\/\\\/www.airandme.fr\\\/blog\\\/analyse-et-purification-de-lair\\\/la-pollution-interieure-le-danger-invisible-risques-et-solutions\\\/#breadcrumb\",\"itemListElement\":[{\"@type\":\"ListItem\",\"position\":1,\"name\":\"Accueil\",\"item\":\"https:\\\/\\\/www.airandme.fr\\\/blog\\\/\"},{\"@type\":\"ListItem\",\"position\":2,\"name\":\"Analyse et purification de l'air\",\"item\":\"https:\\\/\\\/www.airandme.fr\\\/blog\\\/category\\\/analyse-et-purification-de-lair\\\/\"},{\"@type\":\"ListItem\",\"position\":3,\"name\":\"La pollution int\u00e9rieure, le danger invisible : risques et solutions\"}]},{\"@type\":\"WebSite\",\"@id\":\"https:\\\/\\\/www.airandme.fr\\\/blog\\\/#website\",\"url\":\"https:\\\/\\\/www.airandme.fr\\\/blog\\\/\",\"name\":\"air&me - Le blog du traitement de l'air\",\"description\":\"Solutions pour le traitement de l&#039;air int\u00e9rieur - Le blog du bien air chez soi\",\"publisher\":{\"@id\":\"https:\\\/\\\/www.airandme.fr\\\/blog\\\/#organization\"},\"potentialAction\":[{\"@type\":\"SearchAction\",\"target\":{\"@type\":\"EntryPoint\",\"urlTemplate\":\"https:\\\/\\\/www.airandme.fr\\\/blog\\\/?s={search_term_string}\"},\"query-input\":{\"@type\":\"PropertyValueSpecification\",\"valueRequired\":true,\"valueName\":\"search_term_string\"}}],\"inLanguage\":\"fr-FR\"},{\"@type\":\"Organization\",\"@id\":\"https:\\\/\\\/www.airandme.fr\\\/blog\\\/#organization\",\"name\":\"air&me - Le blog du traitement de l'air\",\"url\":\"https:\\\/\\\/www.airandme.fr\\\/blog\\\/\",\"logo\":{\"@type\":\"ImageObject\",\"inLanguage\":\"fr-FR\",\"@id\":\"https:\\\/\\\/www.airandme.fr\\\/blog\\\/#\\\/schema\\\/logo\\\/image\\\/\",\"url\":\"https:\\\/\\\/i0.wp.com\\\/www.airandme.fr\\\/blog\\\/wp-content\\\/uploads\\\/airandme-logo-blog-300px.png?fit=300%2C120&ssl=1\",\"contentUrl\":\"https:\\\/\\\/i0.wp.com\\\/www.airandme.fr\\\/blog\\\/wp-content\\\/uploads\\\/airandme-logo-blog-300px.png?fit=300%2C120&ssl=1\",\"width\":300,\"height\":120,\"caption\":\"air&me - Le blog du traitement de l'air\"},\"image\":{\"@id\":\"https:\\\/\\\/www.airandme.fr\\\/blog\\\/#\\\/schema\\\/logo\\\/image\\\/\"},\"sameAs\":[\"https:\\\/\\\/www.facebook.com\\\/airandme\",\"https:\\\/\\\/www.instagram.com\\\/air_and_me\\\/\",\"https:\\\/\\\/www.linkedin.com\\\/air-and-me\",\"https:\\\/\\\/www.pinterest.fr\\\/air_and_me\",\"https:\\\/\\\/www.youtube.com\\\/channel\\\/UCmco9cc0iTBmPINR5vaW90A\"]},{\"@type\":\"Person\",\"@id\":\"https:\\\/\\\/www.airandme.fr\\\/blog\\\/#\\\/schema\\\/person\\\/e93285f19075a09c0508c6e97ebfe19b\",\"name\":\"nicolas\",\"image\":{\"@type\":\"ImageObject\",\"inLanguage\":\"fr-FR\",\"@id\":\"https:\\\/\\\/secure.gravatar.com\\\/avatar\\\/2e2d5a700f89460d486959b95cf34fab038ee31f4b655906767c768b9943aad8?s=96&d=mm&r=g\",\"url\":\"https:\\\/\\\/secure.gravatar.com\\\/avatar\\\/2e2d5a700f89460d486959b95cf34fab038ee31f4b655906767c768b9943aad8?s=96&d=mm&r=g\",\"contentUrl\":\"https:\\\/\\\/secure.gravatar.com\\\/avatar\\\/2e2d5a700f89460d486959b95cf34fab038ee31f4b655906767c768b9943aad8?s=96&d=mm&r=g\",\"caption\":\"nicolas\"},\"description\":\"Sp\u00e9cialiste du traitement de l'air chez air&amp;me\",\"url\":\"https:\\\/\\\/www.airandme.fr\\\/blog\\\/author\\\/nicolas\\\/\"}]}<\/script>\n<!-- \/ Yoast SEO plugin. -->","yoast_head_json":{"title":"La pollution int\u00e9rieure : risques et solutions","description":"La pollution int\u00e9rieure est un danger invisible aux graves cons\u00e9quences pour la sant\u00e9. D\u00e9couvrez les risques et les solutions pour un air int\u00e9rieur plus sain.","robots":{"index":"index","follow":"follow","max-snippet":"max-snippet:-1","max-image-preview":"max-image-preview:large","max-video-preview":"max-video-preview:-1"},"canonical":"https:\/\/www.airandme.fr\/blog\/analyse-et-purification-de-lair\/la-pollution-interieure-le-danger-invisible-risques-et-solutions\/","og_locale":"fr_FR","og_type":"article","og_title":"La pollution int\u00e9rieure : risques et solutions","og_description":"La pollution int\u00e9rieure est un danger invisible aux graves cons\u00e9quences pour la sant\u00e9. D\u00e9couvrez les risques et les solutions pour un air int\u00e9rieur plus sain.","og_url":"https:\/\/www.airandme.fr\/blog\/analyse-et-purification-de-lair\/la-pollution-interieure-le-danger-invisible-risques-et-solutions\/","og_site_name":"air&amp;me - Le blog du traitement de l&#039;air","article_publisher":"https:\/\/www.facebook.com\/airandme","article_published_time":"2013-07-15T15:22:57+00:00","article_modified_time":"2024-12-09T08:58:36+00:00","og_image":[{"width":750,"height":374,"url":"https:\/\/www.airandme.fr\/blog\/wp-content\/uploads\/airandme-la-pollution-int\u00e9rieure-le-danger-invisible-risques-et-solutions-01.jpg","type":"image\/jpeg"}],"author":"nicolas","twitter_card":"summary_large_image","twitter_misc":{"\u00c9crit par":"nicolas","Dur\u00e9e de lecture estim\u00e9e":"4 minutes"},"schema":{"@context":"https:\/\/schema.org","@graph":[{"@type":"Article","@id":"https:\/\/www.airandme.fr\/blog\/analyse-et-purification-de-lair\/la-pollution-interieure-le-danger-invisible-risques-et-solutions\/#article","isPartOf":{"@id":"https:\/\/www.airandme.fr\/blog\/analyse-et-purification-de-lair\/la-pollution-interieure-le-danger-invisible-risques-et-solutions\/"},"author":{"name":"nicolas","@id":"https:\/\/www.airandme.fr\/blog\/#\/schema\/person\/e93285f19075a09c0508c6e97ebfe19b"},"headline":"La pollution int\u00e9rieure, le danger invisible : risques et solutions","datePublished":"2013-07-15T15:22:57+00:00","dateModified":"2024-12-09T08:58:36+00:00","mainEntityOfPage":{"@id":"https:\/\/www.airandme.fr\/blog\/analyse-et-purification-de-lair\/la-pollution-interieure-le-danger-invisible-risques-et-solutions\/"},"wordCount":759,"commentCount":0,"publisher":{"@id":"https:\/\/www.airandme.fr\/blog\/#organization"},"image":{"@id":"https:\/\/www.airandme.fr\/blog\/analyse-et-purification-de-lair\/la-pollution-interieure-le-danger-invisible-risques-et-solutions\/#primaryimage"},"thumbnailUrl":"https:\/\/i0.wp.com\/www.airandme.fr\/blog\/wp-content\/uploads\/airandme-la-pollution-int%C3%A9rieure-le-danger-invisible-risques-et-solutions-01.jpg?fit=750%2C374&ssl=1","articleSection":["Analyse et purification de l'air","Pollution et qualit\u00e9 de l'air int\u00e9rieur"],"inLanguage":"fr-FR","potentialAction":[{"@type":"CommentAction","name":"Comment","target":["https:\/\/www.airandme.fr\/blog\/analyse-et-purification-de-lair\/la-pollution-interieure-le-danger-invisible-risques-et-solutions\/#respond"]}]},{"@type":"WebPage","@id":"https:\/\/www.airandme.fr\/blog\/analyse-et-purification-de-lair\/la-pollution-interieure-le-danger-invisible-risques-et-solutions\/","url":"https:\/\/www.airandme.fr\/blog\/analyse-et-purification-de-lair\/la-pollution-interieure-le-danger-invisible-risques-et-solutions\/","name":"La pollution int\u00e9rieure : risques et solutions","isPartOf":{"@id":"https:\/\/www.airandme.fr\/blog\/#website"},"primaryImageOfPage":{"@id":"https:\/\/www.airandme.fr\/blog\/analyse-et-purification-de-lair\/la-pollution-interieure-le-danger-invisible-risques-et-solutions\/#primaryimage"},"image":{"@id":"https:\/\/www.airandme.fr\/blog\/analyse-et-purification-de-lair\/la-pollution-interieure-le-danger-invisible-risques-et-solutions\/#primaryimage"},"thumbnailUrl":"https:\/\/i0.wp.com\/www.airandme.fr\/blog\/wp-content\/uploads\/airandme-la-pollution-int%C3%A9rieure-le-danger-invisible-risques-et-solutions-01.jpg?fit=750%2C374&ssl=1","datePublished":"2013-07-15T15:22:57+00:00","dateModified":"2024-12-09T08:58:36+00:00","description":"La pollution int\u00e9rieure est un danger invisible aux graves cons\u00e9quences pour la sant\u00e9. D\u00e9couvrez les risques et les solutions pour un air int\u00e9rieur plus sain.","breadcrumb":{"@id":"https:\/\/www.airandme.fr\/blog\/analyse-et-purification-de-lair\/la-pollution-interieure-le-danger-invisible-risques-et-solutions\/#breadcrumb"},"inLanguage":"fr-FR","potentialAction":[{"@type":"ReadAction","target":["https:\/\/www.airandme.fr\/blog\/analyse-et-purification-de-lair\/la-pollution-interieure-le-danger-invisible-risques-et-solutions\/"]}]},{"@type":"ImageObject","inLanguage":"fr-FR","@id":"https:\/\/www.airandme.fr\/blog\/analyse-et-purification-de-lair\/la-pollution-interieure-le-danger-invisible-risques-et-solutions\/#primaryimage","url":"https:\/\/i0.wp.com\/www.airandme.fr\/blog\/wp-content\/uploads\/airandme-la-pollution-int%C3%A9rieure-le-danger-invisible-risques-et-solutions-01.jpg?fit=750%2C374&ssl=1","contentUrl":"https:\/\/i0.wp.com\/www.airandme.fr\/blog\/wp-content\/uploads\/airandme-la-pollution-int%C3%A9rieure-le-danger-invisible-risques-et-solutions-01.jpg?fit=750%2C374&ssl=1","width":750,"height":374,"caption":"airandme-La pollution int\u00e9rieure, le danger invisible : risques et solutions"},{"@type":"BreadcrumbList","@id":"https:\/\/www.airandme.fr\/blog\/analyse-et-purification-de-lair\/la-pollution-interieure-le-danger-invisible-risques-et-solutions\/#breadcrumb","itemListElement":[{"@type":"ListItem","position":1,"name":"Accueil","item":"https:\/\/www.airandme.fr\/blog\/"},{"@type":"ListItem","position":2,"name":"Analyse et purification de l'air","item":"https:\/\/www.airandme.fr\/blog\/category\/analyse-et-purification-de-lair\/"},{"@type":"ListItem","position":3,"name":"La pollution int\u00e9rieure, le danger invisible : risques et solutions"}]},{"@type":"WebSite","@id":"https:\/\/www.airandme.fr\/blog\/#website","url":"https:\/\/www.airandme.fr\/blog\/","name":"air&me - Le blog du traitement de l'air","description":"Solutions pour le traitement de l&#039;air int\u00e9rieur - Le blog du bien air chez soi","publisher":{"@id":"https:\/\/www.airandme.fr\/blog\/#organization"},"potentialAction":[{"@type":"SearchAction","target":{"@type":"EntryPoint","urlTemplate":"https:\/\/www.airandme.fr\/blog\/?s={search_term_string}"},"query-input":{"@type":"PropertyValueSpecification","valueRequired":true,"valueName":"search_term_string"}}],"inLanguage":"fr-FR"},{"@type":"Organization","@id":"https:\/\/www.airandme.fr\/blog\/#organization","name":"air&me - Le blog du traitement de l'air","url":"https:\/\/www.airandme.fr\/blog\/","logo":{"@type":"ImageObject","inLanguage":"fr-FR","@id":"https:\/\/www.airandme.fr\/blog\/#\/schema\/logo\/image\/","url":"https:\/\/i0.wp.com\/www.airandme.fr\/blog\/wp-content\/uploads\/airandme-logo-blog-300px.png?fit=300%2C120&ssl=1","contentUrl":"https:\/\/i0.wp.com\/www.airandme.fr\/blog\/wp-content\/uploads\/airandme-logo-blog-300px.png?fit=300%2C120&ssl=1","width":300,"height":120,"caption":"air&me - Le blog du traitement de l'air"},"image":{"@id":"https:\/\/www.airandme.fr\/blog\/#\/schema\/logo\/image\/"},"sameAs":["https:\/\/www.facebook.com\/airandme","https:\/\/www.instagram.com\/air_and_me\/","https:\/\/www.linkedin.com\/air-and-me","https:\/\/www.pinterest.fr\/air_and_me","https:\/\/www.youtube.com\/channel\/UCmco9cc0iTBmPINR5vaW90A"]},{"@type":"Person","@id":"https:\/\/www.airandme.fr\/blog\/#\/schema\/person\/e93285f19075a09c0508c6e97ebfe19b","name":"nicolas","image":{"@type":"ImageObject","inLanguage":"fr-FR","@id":"https:\/\/secure.gravatar.com\/avatar\/2e2d5a700f89460d486959b95cf34fab038ee31f4b655906767c768b9943aad8?s=96&d=mm&r=g","url":"https:\/\/secure.gravatar.com\/avatar\/2e2d5a700f89460d486959b95cf34fab038ee31f4b655906767c768b9943aad8?s=96&d=mm&r=g","contentUrl":"https:\/\/secure.gravatar.com\/avatar\/2e2d5a700f89460d486959b95cf34fab038ee31f4b655906767c768b9943aad8?s=96&d=mm&r=g","caption":"nicolas"},"description":"Sp\u00e9cialiste du traitement de l'air chez air&amp;me","url":"https:\/\/www.airandme.fr\/blog\/author\/nicolas\/"}]}},"jetpack_featured_media_url":"https:\/\/i0.wp.com\/www.airandme.fr\/blog\/wp-content\/uploads\/airandme-la-pollution-int%C3%A9rieure-le-danger-invisible-risques-et-solutions-01.jpg?fit=750%2C374&ssl=1","jetpack_sharing_enabled":true,"jetpack_shortlink":"https:\/\/wp.me\/paHeLN-1Ax","_links":{"self":[{"href":"https:\/\/www.airandme.fr\/blog\/wp-json\/wp\/v2\/posts\/6109","targetHints":{"allow":["GET"]}}],"collection":[{"href":"https:\/\/www.airandme.fr\/blog\/wp-json\/wp\/v2\/posts"}],"about":[{"href":"https:\/\/www.airandme.fr\/blog\/wp-json\/wp\/v2\/types\/post"}],"author":[{"embeddable":true,"href":"https:\/\/www.airandme.fr\/blog\/wp-json\/wp\/v2\/users\/2"}],"replies":[{"embeddable":true,"href":"https:\/\/www.airandme.fr\/blog\/wp-json\/wp\/v2\/comments?post=6109"}],"version-history":[{"count":4,"href":"https:\/\/www.airandme.fr\/blog\/wp-json\/wp\/v2\/posts\/6109\/revisions"}],"predecessor-version":[{"id":21769,"href":"https:\/\/www.airandme.fr\/blog\/wp-json\/wp\/v2\/posts\/6109\/revisions\/21769"}],"wp:featuredmedia":[{"embeddable":true,"href":"https:\/\/www.airandme.fr\/blog\/wp-json\/wp\/v2\/media\/16302"}],"wp:attachment":[{"href":"https:\/\/www.airandme.fr\/blog\/wp-json\/wp\/v2\/media?parent=6109"}],"wp:term":[{"taxonomy":"category","embeddable":true,"href":"https:\/\/www.airandme.fr\/blog\/wp-json\/wp\/v2\/categories?post=6109"},{"taxonomy":"post_tag","embeddable":true,"href":"https:\/\/www.airandme.fr\/blog\/wp-json\/wp\/v2\/tags?post=6109"}],"curies":[{"name":"wp","href":"https:\/\/api.w.org\/{rel}","templated":true}]}}