{"id":6121,"date":"2013-07-26T15:19:16","date_gmt":"2013-07-26T14:19:16","guid":{"rendered":"https:\/\/www.airandme.fr\/blog\/\/?p=6121"},"modified":"2026-02-20T13:21:28","modified_gmt":"2026-02-20T11:21:28","slug":"chaleur-et-pollution-un-cocktail-explosif","status":"publish","type":"post","link":"https:\/\/www.airandme.fr\/blog\/pollution-et-qualite-de-l-air-interieur\/chaleur-et-pollution-un-cocktail-explosif\/","title":{"rendered":"Chaleur et pollution, un cocktail explosif !"},"content":{"rendered":"<p style=\"text-align: justify;\">Avec les chaleurs intenses qui s\u00e9vissent actuellement dans l\u2019hexagone, les risques caus\u00e9s par la pollution\u00a0sont amplifi\u00e9s. En effet, l\u2019absence de vent provoque non seulement une hausse de la temp\u00e9rature, mais emp\u00eache \u00e9galement les polluants de se disperser dans l\u2019air. Ces derniers vont alors s\u2019accumuler et ainsi la pollution atmosph\u00e9rique va s&rsquo;accentuer et se maintenir<i>.<\/i> Lundi 22 juillet 2013, avec 35\u00b0C de temp\u00e9rature moyenne en France, les concentrations d\u2019ozone dans l\u2019air ont d\u00e9pass\u00e9 le seuil d\u2019information europ\u00e9en en \u00cele-de-France, dans la vall\u00e9e du Rh\u00f4ne et sur le bassin Lyonnais.<\/p>\n<p style=\"text-align: justify;\">L\u2019ozone et le soleil sont \u00e9troitement li\u00e9s. En effet, l\u2019ozone est un polluant secondaire, qui se forme\u00a0\u00e0 partir des polluants atmosph\u00e9riques (\u00e9missions des gaz d\u2019\u00e9chappement, activit\u00e9s industrielles ou encore peintures, etc.) expos\u00e9s au rayons ultraviolets . Si l\u2019ozone peut, \u00e0 tr\u00e8s haute altitude, nous prot\u00e9ger des rayons nocifs du soleil, il s\u2019av\u00e8re \u00e9galement dangereux. L&rsquo;ozone pr\u00e9sent en trop forte quantit\u00e9 au niveau de la basse atmosph\u00e8re a des effets n\u00e9fastes sur notre sant\u00e9. Cette situation est alarmante car la chaleur actuelle s\u2019annonce durable et la pollution \u00e0 tendance \u00e0 se stabiliser lorsqu&rsquo;elle atteint un niveau trop \u00e9lev\u00e9.<\/p>\n<p style=\"text-align: justify;\">Les cons\u00e9quences sur notre sant\u00e9 sont nombreuses. Tout d\u2019abord, on observe g\u00e9n\u00e9ralement des effets imm\u00e9diats et inconfortables, tels que des irritations des yeux, du nez et de la gorge. Ensuite, les populations fragiles pr\u00e9sentent des crises d\u2019asthme plus fr\u00e9quentes. La pollution peut \u00e9galement provoquer des troubles respiratoires ainsi qu&rsquo;une toux et des naus\u00e9es. Il devient aussi plus difficile de se d\u00e9placer pour les personnes sensibles (personnes \u00e2g\u00e9es, enfants, asthmatiques, etc.). \u00c0 plus long terme, les risques sont r\u00e9ellement inqui\u00e9tants\u00a0: les sp\u00e9cialistes parlent notamment de cancer, de st\u00e9rilit\u00e9 et d\u2019infarctus du myocarde.<\/p>\n<p style=\"text-align: justify;\">Cependant, la pollution atmosph\u00e9rique ext\u00e9rieure \u00a0s\u2019invite aussi chez nous. D\u2019ailleurs, nos logements sont en moyenne 5 \u00e0 10 fois plus pollu\u00e9s que l\u2019air ext\u00e9rieur. Il appara\u00eet alors n\u00e9cessaire de se prot\u00e9ger. Le purificateur d\u2019air Blueair muni du syst\u00e8me de filtration brevet\u00e9 \u00ab\u00a0SmokeStop\u00a0\u00bb permet une \u00e9limination jusqu\u2019\u00e0 99.97% des particules nocives pr\u00e9sentes dans notre air int\u00e9rieur. Ses filtres combinent une filtration m\u00e9canique et \u00e9lectrostatique. Le <a href=\"https:\/\/airandme.fr\/fr\/29-purificateurs-dair-par-usage\" target=\"_blank\" rel=\"noopener\">purificateur<\/a> \u00e9limine ainsi les bact\u00e9ries, virus, pollen, allerg\u00e8nes et poussi\u00e8res, permettant une nette am\u00e9lioration de l&rsquo;air inspir\u00e9 par les personnes asthmatiques et\/ou allergiques, et les pr\u00e9servant ainsi des dangers de la pollution. De plus,<a href=\"https:\/\/airandme.fr\/fr\/122-filtration-hepa-charbon-actif\" target=\"_blank\" rel=\"noopener\"> les filtres du purificateur d\u2019air contiennent du charbon actif<\/a> qui filtre les compos\u00e9s organiques volatils (COV), ainsi que les substances chimiques pr\u00e9sentes dans l\u2019air et absorbe les mauvaises odeurs. Enfin, il faut pr\u00e9ciser que ce purificateur d\u2019air, respectueux de l\u2019environnement, ne produit pas d\u2019ozone et b\u00e9n\u00e9ficie du label \u00ab\u00a0Z\u00e9ro Ozone\u00a0\u00bb. Pour que respirer redevienne un plaisir\u00a0!<\/p>\n\n\n<p><\/p>\n","protected":false},"excerpt":{"rendered":"<p>Avec les chaleurs intenses qui s\u00e9vissent actuellement dans l\u2019hexagone, les risques caus\u00e9s par la pollution\u00a0sont amplifi\u00e9s. En effet, l\u2019absence de vent provoque non seulement une hausse de la temp\u00e9rature, mais emp\u00eache \u00e9galement les polluants de se disperser dans l\u2019air. Ces derniers vont alors s\u2019accumuler et ainsi la pollution atmosph\u00e9rique va s&rsquo;accentuer et se maintenir. Lundi [&hellip;]<\/p>\n","protected":false},"author":1002,"featured_media":16342,"comment_status":"open","ping_status":"open","sticky":false,"template":"","format":"standard","meta":{"jetpack_post_was_ever_published":false,"_jetpack_newsletter_access":"","_jetpack_dont_email_post_to_subs":false,"_jetpack_newsletter_tier_id":0,"_jetpack_memberships_contains_paywalled_content":false,"_jetpack_memberships_contains_paid_content":false,"jnews-multi-image_gallery":[],"jnews_single_post":{"subtitle":"","format":"standard","video":"","gallery":"","source_name":"","source_url":"","via_name":"","via_url":"","override":[{"template":"1","single_blog_custom":"","parallax":"1","layout":"right-sidebar","sidebar":"default-sidebar","second_sidebar":"","sticky_sidebar":"1","share_position":"top","share_float_style":"share-monocrhome","show_share_counter":"1","show_view_counter":"1","show_featured":"1","show_post_meta":"1","show_post_author":"1","show_post_author_image":"1","show_post_date":"1","post_date_format":"","post_date_format_custom":"","show_post_category":"1","post_reading_time_wpm":"","zoom_button_out_step":"1","zoom_button_in_step":"1","show_post_tag":"1","show_prev_next_post":"1","show_popup_post":"1","number_popup_post":"1","show_post_related":"1"}],"image_override":[{"single_post_thumbnail_size":"crop-500","single_post_gallery_size":"crop-500"}],"trending_post_position":"","trending_post_label":"","sponsored_post_label":"","sponsored_post_name":"","sponsored_post_url":"","sponsored_post_logo":"","sponsored_post_desc":""},"jnews_primary_category":{"id":""},"jnews_social_meta":{"fb_title":"","fb_description":"","fb_image":"","twitter_title":"","twitter_description":"","twitter_image":""},"footnotes":""},"categories":[711,712],"tags":[],"class_list":["post-6121","post","type-post","status-publish","format-standard","has-post-thumbnail","hentry","category-analyse-et-purification-de-lair","category-pollution-et-qualite-de-l-air-interieur"],"yoast_head":"<!-- This site is optimized with the Yoast SEO plugin v27.4 - https:\/\/yoast.com\/product\/yoast-seo-wordpress\/ -->\n<title>Chaleur et pollution, un cocktail explosif !<\/title>\n<meta name=\"description\" content=\"Chaleur et pollution forment un cocktail dangereux pour la sant\u00e9. D\u00e9couvrez les effets de l&#039;ozone et les solutions pour respirer un air plus sain.\" \/>\n<meta name=\"robots\" content=\"index, follow, max-snippet:-1, max-image-preview:large, max-video-preview:-1\" \/>\n<link rel=\"canonical\" href=\"https:\/\/www.airandme.fr\/blog\/pollution-et-qualite-de-l-air-interieur\/chaleur-et-pollution-un-cocktail-explosif\/\" \/>\n<meta property=\"og:locale\" content=\"fr_FR\" \/>\n<meta property=\"og:type\" content=\"article\" \/>\n<meta property=\"og:title\" content=\"Chaleur et pollution, un cocktail explosif !\" \/>\n<meta property=\"og:description\" content=\"Chaleur et pollution forment un cocktail dangereux pour la sant\u00e9. D\u00e9couvrez les effets de l&#039;ozone et les solutions pour respirer un air plus sain.\" \/>\n<meta property=\"og:url\" content=\"https:\/\/www.airandme.fr\/blog\/pollution-et-qualite-de-l-air-interieur\/chaleur-et-pollution-un-cocktail-explosif\/\" \/>\n<meta property=\"og:site_name\" content=\"air&amp;me - Le blog du traitement de l&#039;air\" \/>\n<meta property=\"article:publisher\" content=\"https:\/\/www.facebook.com\/airandme\" \/>\n<meta property=\"article:published_time\" content=\"2013-07-26T14:19:16+00:00\" \/>\n<meta property=\"article:modified_time\" content=\"2026-02-20T11:21:28+00:00\" \/>\n<meta property=\"og:image\" content=\"https:\/\/www.airandme.fr\/blog\/wp-content\/uploads\/airandme-chaleur-et-pollution-un-cocktail-explosif-01.jpg\" \/>\n\t<meta property=\"og:image:width\" content=\"750\" \/>\n\t<meta property=\"og:image:height\" content=\"374\" \/>\n\t<meta property=\"og:image:type\" content=\"image\/jpeg\" \/>\n<meta name=\"author\" content=\"Lucie\" \/>\n<meta name=\"twitter:card\" content=\"summary_large_image\" \/>\n<meta name=\"twitter:label1\" content=\"\u00c9crit par\" \/>\n\t<meta name=\"twitter:data1\" content=\"Lucie\" \/>\n\t<meta name=\"twitter:label2\" content=\"Dur\u00e9e de lecture estim\u00e9e\" \/>\n\t<meta name=\"twitter:data2\" content=\"3 minutes\" \/>\n<script type=\"application\/ld+json\" class=\"yoast-schema-graph\">{\"@context\":\"https:\\\/\\\/schema.org\",\"@graph\":[{\"@type\":\"Article\",\"@id\":\"https:\\\/\\\/www.airandme.fr\\\/blog\\\/pollution-et-qualite-de-l-air-interieur\\\/chaleur-et-pollution-un-cocktail-explosif\\\/#article\",\"isPartOf\":{\"@id\":\"https:\\\/\\\/www.airandme.fr\\\/blog\\\/pollution-et-qualite-de-l-air-interieur\\\/chaleur-et-pollution-un-cocktail-explosif\\\/\"},\"author\":{\"name\":\"Lucie\",\"@id\":\"https:\\\/\\\/www.airandme.fr\\\/blog\\\/#\\\/schema\\\/person\\\/7513dbbfef19fca38d61a145e4f491c0\"},\"headline\":\"Chaleur et pollution, un cocktail explosif !\",\"datePublished\":\"2013-07-26T14:19:16+00:00\",\"dateModified\":\"2026-02-20T11:21:28+00:00\",\"mainEntityOfPage\":{\"@id\":\"https:\\\/\\\/www.airandme.fr\\\/blog\\\/pollution-et-qualite-de-l-air-interieur\\\/chaleur-et-pollution-un-cocktail-explosif\\\/\"},\"wordCount\":513,\"commentCount\":0,\"publisher\":{\"@id\":\"https:\\\/\\\/www.airandme.fr\\\/blog\\\/#organization\"},\"image\":{\"@id\":\"https:\\\/\\\/www.airandme.fr\\\/blog\\\/pollution-et-qualite-de-l-air-interieur\\\/chaleur-et-pollution-un-cocktail-explosif\\\/#primaryimage\"},\"thumbnailUrl\":\"https:\\\/\\\/i0.wp.com\\\/www.airandme.fr\\\/blog\\\/wp-content\\\/uploads\\\/airandme-chaleur-et-pollution-un-cocktail-explosif-01.jpg?fit=750%2C374&ssl=1\",\"articleSection\":[\"Analyse et purification de l'air\",\"Pollution et qualit\u00e9 de l'air int\u00e9rieur\"],\"inLanguage\":\"fr-FR\",\"potentialAction\":[{\"@type\":\"CommentAction\",\"name\":\"Comment\",\"target\":[\"https:\\\/\\\/www.airandme.fr\\\/blog\\\/pollution-et-qualite-de-l-air-interieur\\\/chaleur-et-pollution-un-cocktail-explosif\\\/#respond\"]}]},{\"@type\":\"WebPage\",\"@id\":\"https:\\\/\\\/www.airandme.fr\\\/blog\\\/pollution-et-qualite-de-l-air-interieur\\\/chaleur-et-pollution-un-cocktail-explosif\\\/\",\"url\":\"https:\\\/\\\/www.airandme.fr\\\/blog\\\/pollution-et-qualite-de-l-air-interieur\\\/chaleur-et-pollution-un-cocktail-explosif\\\/\",\"name\":\"Chaleur et pollution, un cocktail explosif !\",\"isPartOf\":{\"@id\":\"https:\\\/\\\/www.airandme.fr\\\/blog\\\/#website\"},\"primaryImageOfPage\":{\"@id\":\"https:\\\/\\\/www.airandme.fr\\\/blog\\\/pollution-et-qualite-de-l-air-interieur\\\/chaleur-et-pollution-un-cocktail-explosif\\\/#primaryimage\"},\"image\":{\"@id\":\"https:\\\/\\\/www.airandme.fr\\\/blog\\\/pollution-et-qualite-de-l-air-interieur\\\/chaleur-et-pollution-un-cocktail-explosif\\\/#primaryimage\"},\"thumbnailUrl\":\"https:\\\/\\\/i0.wp.com\\\/www.airandme.fr\\\/blog\\\/wp-content\\\/uploads\\\/airandme-chaleur-et-pollution-un-cocktail-explosif-01.jpg?fit=750%2C374&ssl=1\",\"datePublished\":\"2013-07-26T14:19:16+00:00\",\"dateModified\":\"2026-02-20T11:21:28+00:00\",\"description\":\"Chaleur et pollution forment un cocktail dangereux pour la sant\u00e9. D\u00e9couvrez les effets de l'ozone et les solutions pour respirer un air plus sain.\",\"breadcrumb\":{\"@id\":\"https:\\\/\\\/www.airandme.fr\\\/blog\\\/pollution-et-qualite-de-l-air-interieur\\\/chaleur-et-pollution-un-cocktail-explosif\\\/#breadcrumb\"},\"inLanguage\":\"fr-FR\",\"potentialAction\":[{\"@type\":\"ReadAction\",\"target\":[\"https:\\\/\\\/www.airandme.fr\\\/blog\\\/pollution-et-qualite-de-l-air-interieur\\\/chaleur-et-pollution-un-cocktail-explosif\\\/\"]}]},{\"@type\":\"ImageObject\",\"inLanguage\":\"fr-FR\",\"@id\":\"https:\\\/\\\/www.airandme.fr\\\/blog\\\/pollution-et-qualite-de-l-air-interieur\\\/chaleur-et-pollution-un-cocktail-explosif\\\/#primaryimage\",\"url\":\"https:\\\/\\\/i0.wp.com\\\/www.airandme.fr\\\/blog\\\/wp-content\\\/uploads\\\/airandme-chaleur-et-pollution-un-cocktail-explosif-01.jpg?fit=750%2C374&ssl=1\",\"contentUrl\":\"https:\\\/\\\/i0.wp.com\\\/www.airandme.fr\\\/blog\\\/wp-content\\\/uploads\\\/airandme-chaleur-et-pollution-un-cocktail-explosif-01.jpg?fit=750%2C374&ssl=1\",\"width\":750,\"height\":374,\"caption\":\"airandme-Chaleur et pollution, un cocktail explosif\"},{\"@type\":\"BreadcrumbList\",\"@id\":\"https:\\\/\\\/www.airandme.fr\\\/blog\\\/pollution-et-qualite-de-l-air-interieur\\\/chaleur-et-pollution-un-cocktail-explosif\\\/#breadcrumb\",\"itemListElement\":[{\"@type\":\"ListItem\",\"position\":1,\"name\":\"Accueil\",\"item\":\"https:\\\/\\\/www.airandme.fr\\\/blog\\\/\"},{\"@type\":\"ListItem\",\"position\":2,\"name\":\"Pollution et qualit\u00e9 de l'air int\u00e9rieur\",\"item\":\"https:\\\/\\\/www.airandme.fr\\\/blog\\\/category\\\/pollution-et-qualite-de-l-air-interieur\\\/\"},{\"@type\":\"ListItem\",\"position\":3,\"name\":\"Chaleur et pollution, un cocktail explosif !\"}]},{\"@type\":\"WebSite\",\"@id\":\"https:\\\/\\\/www.airandme.fr\\\/blog\\\/#website\",\"url\":\"https:\\\/\\\/www.airandme.fr\\\/blog\\\/\",\"name\":\"air&me - Le blog du traitement de l'air\",\"description\":\"Solutions pour le traitement de l&#039;air int\u00e9rieur - Le blog du bien air chez soi\",\"publisher\":{\"@id\":\"https:\\\/\\\/www.airandme.fr\\\/blog\\\/#organization\"},\"potentialAction\":[{\"@type\":\"SearchAction\",\"target\":{\"@type\":\"EntryPoint\",\"urlTemplate\":\"https:\\\/\\\/www.airandme.fr\\\/blog\\\/?s={search_term_string}\"},\"query-input\":{\"@type\":\"PropertyValueSpecification\",\"valueRequired\":true,\"valueName\":\"search_term_string\"}}],\"inLanguage\":\"fr-FR\"},{\"@type\":\"Organization\",\"@id\":\"https:\\\/\\\/www.airandme.fr\\\/blog\\\/#organization\",\"name\":\"air&me - Le blog du traitement de l'air\",\"url\":\"https:\\\/\\\/www.airandme.fr\\\/blog\\\/\",\"logo\":{\"@type\":\"ImageObject\",\"inLanguage\":\"fr-FR\",\"@id\":\"https:\\\/\\\/www.airandme.fr\\\/blog\\\/#\\\/schema\\\/logo\\\/image\\\/\",\"url\":\"https:\\\/\\\/i0.wp.com\\\/www.airandme.fr\\\/blog\\\/wp-content\\\/uploads\\\/airandme-logo-blog-300px.png?fit=300%2C120&ssl=1\",\"contentUrl\":\"https:\\\/\\\/i0.wp.com\\\/www.airandme.fr\\\/blog\\\/wp-content\\\/uploads\\\/airandme-logo-blog-300px.png?fit=300%2C120&ssl=1\",\"width\":300,\"height\":120,\"caption\":\"air&me - Le blog du traitement de l'air\"},\"image\":{\"@id\":\"https:\\\/\\\/www.airandme.fr\\\/blog\\\/#\\\/schema\\\/logo\\\/image\\\/\"},\"sameAs\":[\"https:\\\/\\\/www.facebook.com\\\/airandme\",\"https:\\\/\\\/www.instagram.com\\\/air_and_me\\\/\",\"https:\\\/\\\/www.linkedin.com\\\/air-and-me\",\"https:\\\/\\\/www.pinterest.fr\\\/air_and_me\",\"https:\\\/\\\/www.youtube.com\\\/channel\\\/UCmco9cc0iTBmPINR5vaW90A\"]},{\"@type\":\"Person\",\"@id\":\"https:\\\/\\\/www.airandme.fr\\\/blog\\\/#\\\/schema\\\/person\\\/7513dbbfef19fca38d61a145e4f491c0\",\"name\":\"Lucie\",\"image\":{\"@type\":\"ImageObject\",\"inLanguage\":\"fr-FR\",\"@id\":\"https:\\\/\\\/secure.gravatar.com\\\/avatar\\\/2372cc4034755cad5c718652176001d9d14ed3a00ffb17bceaec9e1fe07aad5b?s=96&d=mm&r=g\",\"url\":\"https:\\\/\\\/secure.gravatar.com\\\/avatar\\\/2372cc4034755cad5c718652176001d9d14ed3a00ffb17bceaec9e1fe07aad5b?s=96&d=mm&r=g\",\"contentUrl\":\"https:\\\/\\\/secure.gravatar.com\\\/avatar\\\/2372cc4034755cad5c718652176001d9d14ed3a00ffb17bceaec9e1fe07aad5b?s=96&d=mm&r=g\",\"caption\":\"Lucie\"},\"url\":\"https:\\\/\\\/www.airandme.fr\\\/blog\\\/author\\\/lucie\\\/\"}]}<\/script>\n<!-- \/ Yoast SEO plugin. -->","yoast_head_json":{"title":"Chaleur et pollution, un cocktail explosif !","description":"Chaleur et pollution forment un cocktail dangereux pour la sant\u00e9. D\u00e9couvrez les effets de l'ozone et les solutions pour respirer un air plus sain.","robots":{"index":"index","follow":"follow","max-snippet":"max-snippet:-1","max-image-preview":"max-image-preview:large","max-video-preview":"max-video-preview:-1"},"canonical":"https:\/\/www.airandme.fr\/blog\/pollution-et-qualite-de-l-air-interieur\/chaleur-et-pollution-un-cocktail-explosif\/","og_locale":"fr_FR","og_type":"article","og_title":"Chaleur et pollution, un cocktail explosif !","og_description":"Chaleur et pollution forment un cocktail dangereux pour la sant\u00e9. D\u00e9couvrez les effets de l'ozone et les solutions pour respirer un air plus sain.","og_url":"https:\/\/www.airandme.fr\/blog\/pollution-et-qualite-de-l-air-interieur\/chaleur-et-pollution-un-cocktail-explosif\/","og_site_name":"air&amp;me - Le blog du traitement de l&#039;air","article_publisher":"https:\/\/www.facebook.com\/airandme","article_published_time":"2013-07-26T14:19:16+00:00","article_modified_time":"2026-02-20T11:21:28+00:00","og_image":[{"width":750,"height":374,"url":"https:\/\/www.airandme.fr\/blog\/wp-content\/uploads\/airandme-chaleur-et-pollution-un-cocktail-explosif-01.jpg","type":"image\/jpeg"}],"author":"Lucie","twitter_card":"summary_large_image","twitter_misc":{"\u00c9crit par":"Lucie","Dur\u00e9e de lecture estim\u00e9e":"3 minutes"},"schema":{"@context":"https:\/\/schema.org","@graph":[{"@type":"Article","@id":"https:\/\/www.airandme.fr\/blog\/pollution-et-qualite-de-l-air-interieur\/chaleur-et-pollution-un-cocktail-explosif\/#article","isPartOf":{"@id":"https:\/\/www.airandme.fr\/blog\/pollution-et-qualite-de-l-air-interieur\/chaleur-et-pollution-un-cocktail-explosif\/"},"author":{"name":"Lucie","@id":"https:\/\/www.airandme.fr\/blog\/#\/schema\/person\/7513dbbfef19fca38d61a145e4f491c0"},"headline":"Chaleur et pollution, un cocktail explosif !","datePublished":"2013-07-26T14:19:16+00:00","dateModified":"2026-02-20T11:21:28+00:00","mainEntityOfPage":{"@id":"https:\/\/www.airandme.fr\/blog\/pollution-et-qualite-de-l-air-interieur\/chaleur-et-pollution-un-cocktail-explosif\/"},"wordCount":513,"commentCount":0,"publisher":{"@id":"https:\/\/www.airandme.fr\/blog\/#organization"},"image":{"@id":"https:\/\/www.airandme.fr\/blog\/pollution-et-qualite-de-l-air-interieur\/chaleur-et-pollution-un-cocktail-explosif\/#primaryimage"},"thumbnailUrl":"https:\/\/i0.wp.com\/www.airandme.fr\/blog\/wp-content\/uploads\/airandme-chaleur-et-pollution-un-cocktail-explosif-01.jpg?fit=750%2C374&ssl=1","articleSection":["Analyse et purification de l'air","Pollution et qualit\u00e9 de l'air int\u00e9rieur"],"inLanguage":"fr-FR","potentialAction":[{"@type":"CommentAction","name":"Comment","target":["https:\/\/www.airandme.fr\/blog\/pollution-et-qualite-de-l-air-interieur\/chaleur-et-pollution-un-cocktail-explosif\/#respond"]}]},{"@type":"WebPage","@id":"https:\/\/www.airandme.fr\/blog\/pollution-et-qualite-de-l-air-interieur\/chaleur-et-pollution-un-cocktail-explosif\/","url":"https:\/\/www.airandme.fr\/blog\/pollution-et-qualite-de-l-air-interieur\/chaleur-et-pollution-un-cocktail-explosif\/","name":"Chaleur et pollution, un cocktail explosif !","isPartOf":{"@id":"https:\/\/www.airandme.fr\/blog\/#website"},"primaryImageOfPage":{"@id":"https:\/\/www.airandme.fr\/blog\/pollution-et-qualite-de-l-air-interieur\/chaleur-et-pollution-un-cocktail-explosif\/#primaryimage"},"image":{"@id":"https:\/\/www.airandme.fr\/blog\/pollution-et-qualite-de-l-air-interieur\/chaleur-et-pollution-un-cocktail-explosif\/#primaryimage"},"thumbnailUrl":"https:\/\/i0.wp.com\/www.airandme.fr\/blog\/wp-content\/uploads\/airandme-chaleur-et-pollution-un-cocktail-explosif-01.jpg?fit=750%2C374&ssl=1","datePublished":"2013-07-26T14:19:16+00:00","dateModified":"2026-02-20T11:21:28+00:00","description":"Chaleur et pollution forment un cocktail dangereux pour la sant\u00e9. D\u00e9couvrez les effets de l'ozone et les solutions pour respirer un air plus sain.","breadcrumb":{"@id":"https:\/\/www.airandme.fr\/blog\/pollution-et-qualite-de-l-air-interieur\/chaleur-et-pollution-un-cocktail-explosif\/#breadcrumb"},"inLanguage":"fr-FR","potentialAction":[{"@type":"ReadAction","target":["https:\/\/www.airandme.fr\/blog\/pollution-et-qualite-de-l-air-interieur\/chaleur-et-pollution-un-cocktail-explosif\/"]}]},{"@type":"ImageObject","inLanguage":"fr-FR","@id":"https:\/\/www.airandme.fr\/blog\/pollution-et-qualite-de-l-air-interieur\/chaleur-et-pollution-un-cocktail-explosif\/#primaryimage","url":"https:\/\/i0.wp.com\/www.airandme.fr\/blog\/wp-content\/uploads\/airandme-chaleur-et-pollution-un-cocktail-explosif-01.jpg?fit=750%2C374&ssl=1","contentUrl":"https:\/\/i0.wp.com\/www.airandme.fr\/blog\/wp-content\/uploads\/airandme-chaleur-et-pollution-un-cocktail-explosif-01.jpg?fit=750%2C374&ssl=1","width":750,"height":374,"caption":"airandme-Chaleur et pollution, un cocktail explosif"},{"@type":"BreadcrumbList","@id":"https:\/\/www.airandme.fr\/blog\/pollution-et-qualite-de-l-air-interieur\/chaleur-et-pollution-un-cocktail-explosif\/#breadcrumb","itemListElement":[{"@type":"ListItem","position":1,"name":"Accueil","item":"https:\/\/www.airandme.fr\/blog\/"},{"@type":"ListItem","position":2,"name":"Pollution et qualit\u00e9 de l'air int\u00e9rieur","item":"https:\/\/www.airandme.fr\/blog\/category\/pollution-et-qualite-de-l-air-interieur\/"},{"@type":"ListItem","position":3,"name":"Chaleur et pollution, un cocktail explosif !"}]},{"@type":"WebSite","@id":"https:\/\/www.airandme.fr\/blog\/#website","url":"https:\/\/www.airandme.fr\/blog\/","name":"air&me - Le blog du traitement de l'air","description":"Solutions pour le traitement de l&#039;air int\u00e9rieur - Le blog du bien air chez soi","publisher":{"@id":"https:\/\/www.airandme.fr\/blog\/#organization"},"potentialAction":[{"@type":"SearchAction","target":{"@type":"EntryPoint","urlTemplate":"https:\/\/www.airandme.fr\/blog\/?s={search_term_string}"},"query-input":{"@type":"PropertyValueSpecification","valueRequired":true,"valueName":"search_term_string"}}],"inLanguage":"fr-FR"},{"@type":"Organization","@id":"https:\/\/www.airandme.fr\/blog\/#organization","name":"air&me - Le blog du traitement de l'air","url":"https:\/\/www.airandme.fr\/blog\/","logo":{"@type":"ImageObject","inLanguage":"fr-FR","@id":"https:\/\/www.airandme.fr\/blog\/#\/schema\/logo\/image\/","url":"https:\/\/i0.wp.com\/www.airandme.fr\/blog\/wp-content\/uploads\/airandme-logo-blog-300px.png?fit=300%2C120&ssl=1","contentUrl":"https:\/\/i0.wp.com\/www.airandme.fr\/blog\/wp-content\/uploads\/airandme-logo-blog-300px.png?fit=300%2C120&ssl=1","width":300,"height":120,"caption":"air&me - Le blog du traitement de l'air"},"image":{"@id":"https:\/\/www.airandme.fr\/blog\/#\/schema\/logo\/image\/"},"sameAs":["https:\/\/www.facebook.com\/airandme","https:\/\/www.instagram.com\/air_and_me\/","https:\/\/www.linkedin.com\/air-and-me","https:\/\/www.pinterest.fr\/air_and_me","https:\/\/www.youtube.com\/channel\/UCmco9cc0iTBmPINR5vaW90A"]},{"@type":"Person","@id":"https:\/\/www.airandme.fr\/blog\/#\/schema\/person\/7513dbbfef19fca38d61a145e4f491c0","name":"Lucie","image":{"@type":"ImageObject","inLanguage":"fr-FR","@id":"https:\/\/secure.gravatar.com\/avatar\/2372cc4034755cad5c718652176001d9d14ed3a00ffb17bceaec9e1fe07aad5b?s=96&d=mm&r=g","url":"https:\/\/secure.gravatar.com\/avatar\/2372cc4034755cad5c718652176001d9d14ed3a00ffb17bceaec9e1fe07aad5b?s=96&d=mm&r=g","contentUrl":"https:\/\/secure.gravatar.com\/avatar\/2372cc4034755cad5c718652176001d9d14ed3a00ffb17bceaec9e1fe07aad5b?s=96&d=mm&r=g","caption":"Lucie"},"url":"https:\/\/www.airandme.fr\/blog\/author\/lucie\/"}]}},"jetpack_featured_media_url":"https:\/\/i0.wp.com\/www.airandme.fr\/blog\/wp-content\/uploads\/airandme-chaleur-et-pollution-un-cocktail-explosif-01.jpg?fit=750%2C374&ssl=1","jetpack_sharing_enabled":true,"jetpack_shortlink":"https:\/\/wp.me\/paHeLN-1AJ","_links":{"self":[{"href":"https:\/\/www.airandme.fr\/blog\/wp-json\/wp\/v2\/posts\/6121","targetHints":{"allow":["GET"]}}],"collection":[{"href":"https:\/\/www.airandme.fr\/blog\/wp-json\/wp\/v2\/posts"}],"about":[{"href":"https:\/\/www.airandme.fr\/blog\/wp-json\/wp\/v2\/types\/post"}],"author":[{"embeddable":true,"href":"https:\/\/www.airandme.fr\/blog\/wp-json\/wp\/v2\/users\/1002"}],"replies":[{"embeddable":true,"href":"https:\/\/www.airandme.fr\/blog\/wp-json\/wp\/v2\/comments?post=6121"}],"version-history":[{"count":5,"href":"https:\/\/www.airandme.fr\/blog\/wp-json\/wp\/v2\/posts\/6121\/revisions"}],"predecessor-version":[{"id":23554,"href":"https:\/\/www.airandme.fr\/blog\/wp-json\/wp\/v2\/posts\/6121\/revisions\/23554"}],"wp:featuredmedia":[{"embeddable":true,"href":"https:\/\/www.airandme.fr\/blog\/wp-json\/wp\/v2\/media\/16342"}],"wp:attachment":[{"href":"https:\/\/www.airandme.fr\/blog\/wp-json\/wp\/v2\/media?parent=6121"}],"wp:term":[{"taxonomy":"category","embeddable":true,"href":"https:\/\/www.airandme.fr\/blog\/wp-json\/wp\/v2\/categories?post=6121"},{"taxonomy":"post_tag","embeddable":true,"href":"https:\/\/www.airandme.fr\/blog\/wp-json\/wp\/v2\/tags?post=6121"}],"curies":[{"name":"wp","href":"https:\/\/api.w.org\/{rel}","templated":true}]}}