{"id":7959,"date":"2021-12-10T15:49:00","date_gmt":"2021-12-10T13:49:00","guid":{"rendered":"https:\/\/www.airandme.fr\/blog\/\/?p=7959"},"modified":"2024-11-14T10:39:49","modified_gmt":"2024-11-14T08:39:49","slug":"pollution-air-interieur-focus-co2","status":"publish","type":"post","link":"https:\/\/www.airandme.fr\/blog\/pollution-et-qualite-de-l-air-interieur\/pollution-air-interieur-focus-co2\/","title":{"rendered":"Pollution de l&rsquo;air int\u00e9rieur : focus sur le CO2"},"content":{"rendered":"\n<p class=\"has-text-align-justify\">Que ce soit au bureau, en t\u00e9l\u00e9travail, \u00e0 l\u2019\u00e9cole ou \u00e0 la maison, le constat est le m\u00eame : nous passons la majeure partie de notre temps dans des lieux clos. Pourtant, vous devriez savoir que l\u2019air int\u00e9rieur peut \u00eatre jusqu\u2019\u00e0 8 fois plus pollu\u00e9 que l\u2019air ext\u00e9rieur ! En cause, <a href=\"https:\/\/www.airandme.fr\/blog\/pollution-et-qualite-de-l-air-interieur\/la-pollution-interieure-un-ennemi-au-quotidien\/\">de nombreux facteurs et polluants,<\/a> qui peuvent provoquer crises d\u2019asthme, allergies, maux de t\u00eate, toux, etc. Pour n\u2019en citer qu\u2019un, le dioxyde de carbone, ou CO<sub>2<\/sub>, est &#8211; malheureusement &#8211; tr\u00e8s pr\u00e9sent en int\u00e9rieur. <br><\/p>\n\n\n\n<p class=\"has-text-align-justify\"><strong>Alors, pollution de l\u2019air et CO<sub>2<\/sub>, de quoi parle-t-on ?<\/strong><\/p>\n\n\n\n<h2 class=\"wp-block-heading\" id=\"qu-est-ce-que-le-co2\"><strong>Qu&rsquo;est-ce que le CO<sub>2<\/sub> ?<\/strong><\/h2>\n\n\n\n<p class=\"has-text-align-justify\">Pour commencer, il est important de savoir que le CO<sub>2<\/sub> est une mol\u00e9cule produite et rejet\u00e9e naturellement par l&rsquo;organisme humain au cours de la respiration. Le calcul est simple : plus vous restez dans une pi\u00e8ce ferm\u00e9e, plus celle-ci sera pollu\u00e9e.<\/p>\n\n\n\n<h3 class=\"wp-block-heading\" id=\"quel-est-le-taux-ideal\">Quel est le taux id\u00e9al ? <\/h3>\n\n\n\n<p class=\"has-text-align-justify\">Selon<a href=\"https:\/\/www.assemblee-nationale.fr\/dyn\/15\/rapports\/ots\/l15b4761_rapport-information\" target=\"_blank\" rel=\"noreferrer noopener\"> les recommandations du collectif \u00ab\u00a0Projet CO<sub>2<\/sub>\u00ab\u00a0<\/a>, le taux de CO<sub>2<\/sub> doit \u00eatre inf\u00e9rieur \u00e0 1000pm. Dans le cas contraire, une sensation de mal-\u00eatre, une irritation des muqueuses, ou encore, des maux de t\u00eate, peuvent se faire ressentir.<\/p>\n\n\n\n<h2 class=\"wp-block-heading\" id=\"comment-eviter-une-surexposition-au-co2\"><strong>Comment \u00e9viter une surexposition au CO<sub>2<\/sub> ?<\/strong><\/h2>\n\n\n\n<p class=\"has-text-align-justify\">Afin d\u2019appr\u00e9hender ces risques au maximum, il est primordial de proc\u00e9der \u00e0 un renouvellement de l\u2019air r\u00e9gulier.<\/p>\n\n\n\n<p>Pour cela, plusieurs moyens existent : <\/p>\n\n\n\n<ul class=\"wp-block-list\">\n<li>Chez vous, a\u00e9rez au moins 15 minutes par jour et ce, m\u00eame en cas de pic de pollution &#8211; \u00e9vitez le milieu de matin\u00e9e et le d\u00e9but de soir\u00e9e -.<\/li>\n\n\n\n<li>Sur votre lieu de travail, au bureau, \u00e0 l&rsquo;\u00e9cole ou dans un espace recevant du public, ouvrez les fen\u00eatres au moins 10 minutes par heure. En effet, de nombreuses \u00e9tudes ont d\u00e9montr\u00e9 qu&rsquo;une pi\u00e8ce, peu ou mal ventil\u00e9e, favorise la transmission de la Covid-19.<\/li>\n\n\n\n<li>En voiture, r\u00e9glez la ventilation au minimum, mais laissez-la fonctionner en continu. Pensez \u00e9galement \u00e0 ouvrir les fen\u00eatres de temps \u00e0 autre, surtout dans le cas d&rsquo;un trajet de plusieurs heures. <\/li>\n\n\n\n<li>Installez un syst\u00e8me d\u2019extraction \u00e0 simple flux (VMC) qui aspire et rejette l\u2019air int\u00e9rieur pour faire entrer de l\u2019air ext\u00e9rieur. Pour un r\u00e9sultat optimal, pensez \u00e0 le nettoyer r\u00e9guli\u00e8rement.<\/li>\n\n\n\n<li>Utilisez un d\u00e9tecteur de CO<sub>2<\/sub> : il permet de d\u00e9terminer \u00e0 quel moment ventiler, en fonction de la concentration du gaz dans une pi\u00e8ce.<\/li>\n<\/ul>\n\n\n\n<h2 class=\"wp-block-heading\" id=\"comment-controler-la-qualite-de-l-air-de-votre-logement\"><strong>Comment contr\u00f4ler la qualit\u00e9 de l&rsquo;air de votre logement ?<\/strong><\/h2>\n\n\n\n<p class=\"has-text-align-justify\">D\u2019un point de vue g\u00e9n\u00e9ral, la qualit\u00e9 de l\u2019air int\u00e9rieur &#8211; aussi appel\u00e9e QAI &#8211; est li\u00e9e \u00e0 diff\u00e9rents facteurs (temp\u00e9rature, hygrom\u00e9trie relative\u2026) et aux diff\u00e9rents mat\u00e9riaux constituant votre habitat (peinture, colle, meuble, nettoyant maison\u2026). Pour en savoir plus \u00e0 ce sujet, nous vous recommandons 3 produits :<\/p>\n\n\n\n<div class=\"wp-block-columns alignwide is-layout-flex wp-container-core-columns-is-layout-9d6595d7 wp-block-columns-is-layout-flex\">\n<div class=\"wp-block-column is-layout-flow wp-block-column-is-layout-flow\" style=\"flex-basis:50%\">\n<figure class=\"wp-block-image size-full\"><img data-recalc-dims=\"1\" fetchpriority=\"high\" decoding=\"async\" width=\"800\" height=\"800\" src=\"https:\/\/i0.wp.com\/www.airandme.fr\/blog\/wp-content\/uploads\/sf_selina_white_lf01.png?resize=800%2C800&#038;ssl=1\" alt=\"Stadler Form hygrom\u00e8tre thermom\u00e8tre SELINA Blanc\" class=\"wp-image-19120\" srcset=\"https:\/\/i0.wp.com\/www.airandme.fr\/blog\/wp-content\/uploads\/sf_selina_white_lf01.png?w=800&amp;ssl=1 800w, https:\/\/i0.wp.com\/www.airandme.fr\/blog\/wp-content\/uploads\/sf_selina_white_lf01.png?resize=300%2C300&amp;ssl=1 300w, https:\/\/i0.wp.com\/www.airandme.fr\/blog\/wp-content\/uploads\/sf_selina_white_lf01.png?resize=150%2C150&amp;ssl=1 150w, https:\/\/i0.wp.com\/www.airandme.fr\/blog\/wp-content\/uploads\/sf_selina_white_lf01.png?resize=768%2C768&amp;ssl=1 768w, https:\/\/i0.wp.com\/www.airandme.fr\/blog\/wp-content\/uploads\/sf_selina_white_lf01.png?resize=75%2C75&amp;ssl=1 75w, https:\/\/i0.wp.com\/www.airandme.fr\/blog\/wp-content\/uploads\/sf_selina_white_lf01.png?resize=350%2C350&amp;ssl=1 350w, https:\/\/i0.wp.com\/www.airandme.fr\/blog\/wp-content\/uploads\/sf_selina_white_lf01.png?resize=750%2C750&amp;ssl=1 750w\" sizes=\"(max-width: 800px) 100vw, 800px\" \/><\/figure>\n<\/div>\n\n\n\n<div class=\"wp-block-column is-vertically-aligned-center is-layout-flow wp-block-column-is-layout-flow\" style=\"flex-basis:50%\">\n<h3 class=\"wp-block-heading has-text-color has-medium-font-size\" id=\"selina-l-allie-parfait-pour-garder-un-oeil-sur-la-salubrite-de-son-logement\" style=\"color:#00b0ea\"><a href=\"https:\/\/airandme.fr\/fr\/hygrometres\/809-hygrometre-selina-noir.html\" target=\"_blank\" rel=\"noreferrer noopener\"><strong>Selina<\/strong><\/a><strong> :<\/strong> l\u2019alli\u00e9 parfait pour garder un \u0153il sur la salubrit\u00e9 de son logement.<\/h3>\n\n\n\n<p class=\"has-text-align-justify\">Il indique en temps r\u00e9el le taux d\u2019humidit\u00e9 et la temp\u00e9rature de votre logement. Les valeurs sont ensuite affich\u00e9es sur son \u00e9cran LCD. Pour votre confort, veillez \u00e0 ce que le taux d\u2019humidit\u00e9 soit compris entre 40% et 60%.<\/p>\n<\/div>\n<\/div>\n\n\n\n<div class=\"wp-block-columns alignwide are-vertically-aligned-center is-layout-flex wp-container-core-columns-is-layout-9d6595d7 wp-block-columns-is-layout-flex\">\n<div class=\"wp-block-column is-vertically-aligned-center is-layout-flow wp-block-column-is-layout-flow\" style=\"flex-basis:50%\">\n<figure class=\"wp-block-image\"><img data-recalc-dims=\"1\" decoding=\"async\" width=\"1024\" height=\"1024\" src=\"https:\/\/i0.wp.com\/www.airandme.fr\/blog\/wp-content\/uploads\/airandme-capteur-co2-airthings-view-plus-LF02-square-1.jpg?resize=1024%2C1024&#038;ssl=1\" alt=\"air&amp;me airthings capteur CO2 view plus\" class=\"wp-image-19124\" srcset=\"https:\/\/i0.wp.com\/www.airandme.fr\/blog\/wp-content\/uploads\/airandme-capteur-co2-airthings-view-plus-LF02-square-1.jpg?resize=1024%2C1024&amp;ssl=1 1024w, https:\/\/i0.wp.com\/www.airandme.fr\/blog\/wp-content\/uploads\/airandme-capteur-co2-airthings-view-plus-LF02-square-1.jpg?resize=300%2C300&amp;ssl=1 300w, https:\/\/i0.wp.com\/www.airandme.fr\/blog\/wp-content\/uploads\/airandme-capteur-co2-airthings-view-plus-LF02-square-1.jpg?resize=150%2C150&amp;ssl=1 150w, https:\/\/i0.wp.com\/www.airandme.fr\/blog\/wp-content\/uploads\/airandme-capteur-co2-airthings-view-plus-LF02-square-1.jpg?resize=768%2C768&amp;ssl=1 768w, https:\/\/i0.wp.com\/www.airandme.fr\/blog\/wp-content\/uploads\/airandme-capteur-co2-airthings-view-plus-LF02-square-1.jpg?resize=75%2C75&amp;ssl=1 75w, https:\/\/i0.wp.com\/www.airandme.fr\/blog\/wp-content\/uploads\/airandme-capteur-co2-airthings-view-plus-LF02-square-1.jpg?resize=350%2C350&amp;ssl=1 350w, https:\/\/i0.wp.com\/www.airandme.fr\/blog\/wp-content\/uploads\/airandme-capteur-co2-airthings-view-plus-LF02-square-1.jpg?resize=750%2C750&amp;ssl=1 750w, https:\/\/i0.wp.com\/www.airandme.fr\/blog\/wp-content\/uploads\/airandme-capteur-co2-airthings-view-plus-LF02-square-1.jpg?resize=1140%2C1140&amp;ssl=1 1140w, https:\/\/i0.wp.com\/www.airandme.fr\/blog\/wp-content\/uploads\/airandme-capteur-co2-airthings-view-plus-LF02-square-1.jpg?w=1333&amp;ssl=1 1333w\" sizes=\"(max-width: 1000px) 100vw, 1000px\" \/><\/figure>\n<\/div>\n\n\n\n<div class=\"wp-block-column is-vertically-aligned-center is-layout-flow wp-block-column-is-layout-flow\" style=\"flex-basis:50%\">\n<h3 class=\"wp-block-heading has-text-color has-medium-font-size\" id=\"view-plus-la-solution-ideale-pour-beneficier-d-une-vision-complete-de-la-qai\" style=\"color:#00b0ea\"><a href=\"https:\/\/airandme.fr\/fr\/appareils-de-mesure-connectes\/1420-capteur-connecte-qualite-air-view-plus.html\"><strong>VIEW Plus<\/strong><\/a><strong> :<\/strong> La solution id\u00e9ale pour b\u00e9n\u00e9ficier d\u2019une vision compl\u00e8te de la QAI.<\/h3>\n\n\n\n<p class=\"has-text-align-justify\">Il analyse en temps r\u00e9el jusqu\u2019\u00e0 7 donn\u00e9es diff\u00e9rentes : radon, PM2.5, CO<sub>2<\/sub>, humidit\u00e9, temp\u00e9rature, COV et pression atmosph\u00e9rique. Facile d\u2019utilisation, vous pouvez choisir les crit\u00e8res qui s\u2019affichent sur son \u00e9cran au simple passage de votre main. De plus, une interpr\u00e9tation des r\u00e9sultats est propos\u00e9e sur son application : rien de plus simple !<\/p>\n<\/div>\n<\/div>\n\n\n\n<div class=\"wp-block-columns alignwide are-vertically-aligned-center is-layout-flex wp-container-core-columns-is-layout-9d6595d7 wp-block-columns-is-layout-flex\">\n<div class=\"wp-block-column is-layout-flow wp-block-column-is-layout-flow\" style=\"flex-basis:50%\">\n<figure class=\"wp-block-image is-resized\"><a href=\"https:\/\/airandme.fr\/fr\/appareils-de-mesure-connectes\/1187-moniteur-de-qualite-dair-wave-plus.html\" target=\"_blank\" rel=\"noopener\"><img data-recalc-dims=\"1\" decoding=\"async\" width=\"300\" height=\"300\" src=\"https:\/\/i0.wp.com\/www.airandme.fr\/blog\/wp-content\/uploads\/airandme-wave-190911.jpg?resize=300%2C300&#038;ssl=1\" alt=\"air&amp;me - capteur qualit\u00e9 air intelligent connect\u00e9 Wave Plus\" class=\"wp-image-12406\" style=\"width:570px;height:570px\" srcset=\"https:\/\/i0.wp.com\/www.airandme.fr\/blog\/wp-content\/uploads\/airandme-wave-190911.jpg?w=300&amp;ssl=1 300w, https:\/\/i0.wp.com\/www.airandme.fr\/blog\/wp-content\/uploads\/airandme-wave-190911.jpg?resize=150%2C150&amp;ssl=1 150w, https:\/\/i0.wp.com\/www.airandme.fr\/blog\/wp-content\/uploads\/airandme-wave-190911.jpg?resize=75%2C75&amp;ssl=1 75w\" sizes=\"(max-width: 300px) 100vw, 300px\" \/><\/a><\/figure>\n<\/div>\n\n\n\n<div class=\"wp-block-column is-layout-flow wp-block-column-is-layout-flow\" style=\"flex-basis:50%\">\n<h4 class=\"wp-block-heading has-text-color\" id=\"wave-plus-pour-que-l-air-que-vous-respirez-n-ait-plus-aucun-secret-pour-vous\" style=\"color:#00b0ea\"><a href=\"https:\/\/airandme.fr\/fr\/resultat-recherche?s=wave+plus\"><strong>WAVE Plus :<\/strong><\/a> Pour que l\u2019air que vous respirez n\u2019ait plus aucun secret pour vous !<\/h4>\n\n\n\n<p class=\"has-text-align-justify\">Avec ses 6 capteurs, il offre la possibilit\u00e9 d\u2019acc\u00e9der simplement \u00e0 la mesure de diff\u00e9rents facteurs : pression atmosph\u00e9rique, temp\u00e9rature, taux d\u2019humidit\u00e9, taux de CO<sub>2<\/sub>, taux de compos\u00e9s organiques volatils (COV) et taux de radon. Intuitif, un indicateur \u00e0 LED varie en fonction de la qualit\u00e9 globale de l\u2019air ambiant.<\/p>\n<\/div>\n<\/div>\n","protected":false},"excerpt":{"rendered":"<p>Que ce soit au bureau, en t\u00e9l\u00e9travail, \u00e0 l\u2019\u00e9cole ou \u00e0 la maison, le constat est le m\u00eame : nous passons la majeure partie de notre temps dans des lieux clos. Pourtant, vous devriez savoir que l\u2019air int\u00e9rieur peut \u00eatre jusqu\u2019\u00e0 8 fois plus pollu\u00e9 que l\u2019air ext\u00e9rieur ! En cause, de nombreux facteurs et [&hellip;]<\/p>\n","protected":false},"author":2,"featured_media":16413,"comment_status":"open","ping_status":"open","sticky":false,"template":"","format":"standard","meta":{"jetpack_post_was_ever_published":false,"_jetpack_newsletter_access":"","_jetpack_dont_email_post_to_subs":false,"_jetpack_newsletter_tier_id":0,"_jetpack_memberships_contains_paywalled_content":false,"_jetpack_memberships_contains_paid_content":false,"jnews-multi-image_gallery":[],"jnews_single_post":{"subtitle":"","format":"standard","video":"","gallery":"","source_name":"","source_url":"","via_name":"","via_url":"","override_template":"0","override":[{"template":"1","single_blog_custom":"","parallax":"1","fullscreen":"1","layout":"right-sidebar","sidebar":"default-sidebar","second_sidebar":"","sticky_sidebar":"1","share_position":"top","share_float_style":"share-monocrhome","show_share_counter":"1","show_view_counter":"1","show_featured":"1","show_post_meta":"1","show_post_author":"1","show_post_author_image":"1","show_post_date":"1","post_date_format":"","post_date_format_custom":"","show_post_category":"1","show_post_reading_time":"0","post_reading_time_wpm":"","show_zoom_button":"0","zoom_button_out_step":"1","zoom_button_in_step":"1","show_post_tag":"1","show_prev_next_post":"1","show_popup_post":"1","number_popup_post":"1","show_author_box":"0","show_post_related":"1","show_inline_post_related":"0"}],"override_image_size":"0","image_override":[{"single_post_thumbnail_size":"crop-500","single_post_gallery_size":"crop-500"}],"trending_post":"0","trending_post_position":"","trending_post_label":"","sponsored_post":"0","sponsored_post_label":"","sponsored_post_name":"","sponsored_post_url":"","sponsored_post_logo_enable":"0","sponsored_post_logo":"","sponsored_post_desc":"","disable_ad":"0"},"jnews_primary_category":{"id":""},"jnews_social_meta":{"fb_title":"","fb_description":"","fb_image":"","twitter_title":"","twitter_description":"","twitter_image":""},"footnotes":""},"categories":[711,712],"tags":[],"class_list":["post-7959","post","type-post","status-publish","format-standard","has-post-thumbnail","hentry","category-analyse-et-purification-de-lair","category-pollution-et-qualite-de-l-air-interieur"],"yoast_head":"<!-- This site is optimized with the Yoast SEO plugin v27.4 - https:\/\/yoast.com\/product\/yoast-seo-wordpress\/ -->\n<title>Pollution de l&#039;air int\u00e9rieur : focus sur le CO2<\/title>\n<meta name=\"description\" content=\"D\u00e9couvrez comment le CO2 contribue \u00e0 la pollution de l&#039;air int\u00e9rieur et comment pr\u00e9server une bonne qualit\u00e9 de l&#039;air.\" \/>\n<meta name=\"robots\" content=\"index, follow, max-snippet:-1, max-image-preview:large, max-video-preview:-1\" \/>\n<link rel=\"canonical\" href=\"https:\/\/www.airandme.fr\/blog\/pollution-et-qualite-de-l-air-interieur\/pollution-air-interieur-focus-co2\/\" \/>\n<meta property=\"og:locale\" content=\"fr_FR\" \/>\n<meta property=\"og:type\" content=\"article\" \/>\n<meta property=\"og:title\" content=\"Pollution de l&#039;air int\u00e9rieur : focus sur le CO2\" \/>\n<meta property=\"og:description\" content=\"D\u00e9couvrez comment le CO2 contribue \u00e0 la pollution de l&#039;air int\u00e9rieur et comment pr\u00e9server une bonne qualit\u00e9 de l&#039;air.\" \/>\n<meta property=\"og:url\" content=\"https:\/\/www.airandme.fr\/blog\/pollution-et-qualite-de-l-air-interieur\/pollution-air-interieur-focus-co2\/\" \/>\n<meta property=\"og:site_name\" content=\"air&amp;me - Le blog du traitement de l&#039;air\" \/>\n<meta property=\"article:publisher\" content=\"https:\/\/www.facebook.com\/airandme\" \/>\n<meta property=\"article:published_time\" content=\"2021-12-10T13:49:00+00:00\" \/>\n<meta property=\"article:modified_time\" content=\"2024-11-14T08:39:49+00:00\" \/>\n<meta property=\"og:image\" content=\"https:\/\/www.airandme.fr\/blog\/wp-content\/uploads\/airandme-pollution-de-l-air-int\u00e9rieur-focus-sur-le-CO2-01.jpg\" \/>\n\t<meta property=\"og:image:width\" content=\"750\" \/>\n\t<meta property=\"og:image:height\" content=\"374\" \/>\n\t<meta property=\"og:image:type\" content=\"image\/jpeg\" \/>\n<meta name=\"author\" content=\"nicolas\" \/>\n<meta name=\"twitter:card\" content=\"summary_large_image\" \/>\n<meta name=\"twitter:label1\" content=\"\u00c9crit par\" \/>\n\t<meta name=\"twitter:data1\" content=\"nicolas\" \/>\n\t<meta name=\"twitter:label2\" content=\"Dur\u00e9e de lecture estim\u00e9e\" \/>\n\t<meta name=\"twitter:data2\" content=\"4 minutes\" \/>\n<script type=\"application\/ld+json\" class=\"yoast-schema-graph\">{\"@context\":\"https:\\\/\\\/schema.org\",\"@graph\":[{\"@type\":\"Article\",\"@id\":\"https:\\\/\\\/www.airandme.fr\\\/blog\\\/pollution-et-qualite-de-l-air-interieur\\\/pollution-air-interieur-focus-co2\\\/#article\",\"isPartOf\":{\"@id\":\"https:\\\/\\\/www.airandme.fr\\\/blog\\\/pollution-et-qualite-de-l-air-interieur\\\/pollution-air-interieur-focus-co2\\\/\"},\"author\":{\"name\":\"nicolas\",\"@id\":\"https:\\\/\\\/www.airandme.fr\\\/blog\\\/#\\\/schema\\\/person\\\/e93285f19075a09c0508c6e97ebfe19b\"},\"headline\":\"Pollution de l&rsquo;air int\u00e9rieur : focus sur le CO2\",\"datePublished\":\"2021-12-10T13:49:00+00:00\",\"dateModified\":\"2024-11-14T08:39:49+00:00\",\"mainEntityOfPage\":{\"@id\":\"https:\\\/\\\/www.airandme.fr\\\/blog\\\/pollution-et-qualite-de-l-air-interieur\\\/pollution-air-interieur-focus-co2\\\/\"},\"wordCount\":690,\"commentCount\":8,\"publisher\":{\"@id\":\"https:\\\/\\\/www.airandme.fr\\\/blog\\\/#organization\"},\"image\":{\"@id\":\"https:\\\/\\\/www.airandme.fr\\\/blog\\\/pollution-et-qualite-de-l-air-interieur\\\/pollution-air-interieur-focus-co2\\\/#primaryimage\"},\"thumbnailUrl\":\"https:\\\/\\\/i0.wp.com\\\/www.airandme.fr\\\/blog\\\/wp-content\\\/uploads\\\/airandme-pollution-de-l-air-int%C3%A9rieur-focus-sur-le-CO2-01.jpg?fit=750%2C374&ssl=1\",\"articleSection\":[\"Analyse et purification de l'air\",\"Pollution et qualit\u00e9 de l'air int\u00e9rieur\"],\"inLanguage\":\"fr-FR\",\"potentialAction\":[{\"@type\":\"CommentAction\",\"name\":\"Comment\",\"target\":[\"https:\\\/\\\/www.airandme.fr\\\/blog\\\/pollution-et-qualite-de-l-air-interieur\\\/pollution-air-interieur-focus-co2\\\/#respond\"]}]},{\"@type\":\"WebPage\",\"@id\":\"https:\\\/\\\/www.airandme.fr\\\/blog\\\/pollution-et-qualite-de-l-air-interieur\\\/pollution-air-interieur-focus-co2\\\/\",\"url\":\"https:\\\/\\\/www.airandme.fr\\\/blog\\\/pollution-et-qualite-de-l-air-interieur\\\/pollution-air-interieur-focus-co2\\\/\",\"name\":\"Pollution de l'air int\u00e9rieur : focus sur le CO2\",\"isPartOf\":{\"@id\":\"https:\\\/\\\/www.airandme.fr\\\/blog\\\/#website\"},\"primaryImageOfPage\":{\"@id\":\"https:\\\/\\\/www.airandme.fr\\\/blog\\\/pollution-et-qualite-de-l-air-interieur\\\/pollution-air-interieur-focus-co2\\\/#primaryimage\"},\"image\":{\"@id\":\"https:\\\/\\\/www.airandme.fr\\\/blog\\\/pollution-et-qualite-de-l-air-interieur\\\/pollution-air-interieur-focus-co2\\\/#primaryimage\"},\"thumbnailUrl\":\"https:\\\/\\\/i0.wp.com\\\/www.airandme.fr\\\/blog\\\/wp-content\\\/uploads\\\/airandme-pollution-de-l-air-int%C3%A9rieur-focus-sur-le-CO2-01.jpg?fit=750%2C374&ssl=1\",\"datePublished\":\"2021-12-10T13:49:00+00:00\",\"dateModified\":\"2024-11-14T08:39:49+00:00\",\"description\":\"D\u00e9couvrez comment le CO2 contribue \u00e0 la pollution de l'air int\u00e9rieur et comment pr\u00e9server une bonne qualit\u00e9 de l'air.\",\"breadcrumb\":{\"@id\":\"https:\\\/\\\/www.airandme.fr\\\/blog\\\/pollution-et-qualite-de-l-air-interieur\\\/pollution-air-interieur-focus-co2\\\/#breadcrumb\"},\"inLanguage\":\"fr-FR\",\"potentialAction\":[{\"@type\":\"ReadAction\",\"target\":[\"https:\\\/\\\/www.airandme.fr\\\/blog\\\/pollution-et-qualite-de-l-air-interieur\\\/pollution-air-interieur-focus-co2\\\/\"]}]},{\"@type\":\"ImageObject\",\"inLanguage\":\"fr-FR\",\"@id\":\"https:\\\/\\\/www.airandme.fr\\\/blog\\\/pollution-et-qualite-de-l-air-interieur\\\/pollution-air-interieur-focus-co2\\\/#primaryimage\",\"url\":\"https:\\\/\\\/i0.wp.com\\\/www.airandme.fr\\\/blog\\\/wp-content\\\/uploads\\\/airandme-pollution-de-l-air-int%C3%A9rieur-focus-sur-le-CO2-01.jpg?fit=750%2C374&ssl=1\",\"contentUrl\":\"https:\\\/\\\/i0.wp.com\\\/www.airandme.fr\\\/blog\\\/wp-content\\\/uploads\\\/airandme-pollution-de-l-air-int%C3%A9rieur-focus-sur-le-CO2-01.jpg?fit=750%2C374&ssl=1\",\"width\":750,\"height\":374,\"caption\":\"airandme-Pollution de l\u2019air int\u00e9rieur : focus sur le CO2\"},{\"@type\":\"BreadcrumbList\",\"@id\":\"https:\\\/\\\/www.airandme.fr\\\/blog\\\/pollution-et-qualite-de-l-air-interieur\\\/pollution-air-interieur-focus-co2\\\/#breadcrumb\",\"itemListElement\":[{\"@type\":\"ListItem\",\"position\":1,\"name\":\"Accueil\",\"item\":\"https:\\\/\\\/www.airandme.fr\\\/blog\\\/\"},{\"@type\":\"ListItem\",\"position\":2,\"name\":\"Pollution et qualit\u00e9 de l'air int\u00e9rieur\",\"item\":\"https:\\\/\\\/www.airandme.fr\\\/blog\\\/category\\\/pollution-et-qualite-de-l-air-interieur\\\/\"},{\"@type\":\"ListItem\",\"position\":3,\"name\":\"Pollution de l&rsquo;air int\u00e9rieur : focus sur le CO2\"}]},{\"@type\":\"WebSite\",\"@id\":\"https:\\\/\\\/www.airandme.fr\\\/blog\\\/#website\",\"url\":\"https:\\\/\\\/www.airandme.fr\\\/blog\\\/\",\"name\":\"air&me - Le blog du traitement de l'air\",\"description\":\"Solutions pour le traitement de l&#039;air int\u00e9rieur - Le blog du bien air chez soi\",\"publisher\":{\"@id\":\"https:\\\/\\\/www.airandme.fr\\\/blog\\\/#organization\"},\"potentialAction\":[{\"@type\":\"SearchAction\",\"target\":{\"@type\":\"EntryPoint\",\"urlTemplate\":\"https:\\\/\\\/www.airandme.fr\\\/blog\\\/?s={search_term_string}\"},\"query-input\":{\"@type\":\"PropertyValueSpecification\",\"valueRequired\":true,\"valueName\":\"search_term_string\"}}],\"inLanguage\":\"fr-FR\"},{\"@type\":\"Organization\",\"@id\":\"https:\\\/\\\/www.airandme.fr\\\/blog\\\/#organization\",\"name\":\"air&me - Le blog du traitement de l'air\",\"url\":\"https:\\\/\\\/www.airandme.fr\\\/blog\\\/\",\"logo\":{\"@type\":\"ImageObject\",\"inLanguage\":\"fr-FR\",\"@id\":\"https:\\\/\\\/www.airandme.fr\\\/blog\\\/#\\\/schema\\\/logo\\\/image\\\/\",\"url\":\"https:\\\/\\\/i0.wp.com\\\/www.airandme.fr\\\/blog\\\/wp-content\\\/uploads\\\/airandme-logo-blog-300px.png?fit=300%2C120&ssl=1\",\"contentUrl\":\"https:\\\/\\\/i0.wp.com\\\/www.airandme.fr\\\/blog\\\/wp-content\\\/uploads\\\/airandme-logo-blog-300px.png?fit=300%2C120&ssl=1\",\"width\":300,\"height\":120,\"caption\":\"air&me - Le blog du traitement de l'air\"},\"image\":{\"@id\":\"https:\\\/\\\/www.airandme.fr\\\/blog\\\/#\\\/schema\\\/logo\\\/image\\\/\"},\"sameAs\":[\"https:\\\/\\\/www.facebook.com\\\/airandme\",\"https:\\\/\\\/www.instagram.com\\\/air_and_me\\\/\",\"https:\\\/\\\/www.linkedin.com\\\/air-and-me\",\"https:\\\/\\\/www.pinterest.fr\\\/air_and_me\",\"https:\\\/\\\/www.youtube.com\\\/channel\\\/UCmco9cc0iTBmPINR5vaW90A\"]},{\"@type\":\"Person\",\"@id\":\"https:\\\/\\\/www.airandme.fr\\\/blog\\\/#\\\/schema\\\/person\\\/e93285f19075a09c0508c6e97ebfe19b\",\"name\":\"nicolas\",\"image\":{\"@type\":\"ImageObject\",\"inLanguage\":\"fr-FR\",\"@id\":\"https:\\\/\\\/secure.gravatar.com\\\/avatar\\\/2e2d5a700f89460d486959b95cf34fab038ee31f4b655906767c768b9943aad8?s=96&d=mm&r=g\",\"url\":\"https:\\\/\\\/secure.gravatar.com\\\/avatar\\\/2e2d5a700f89460d486959b95cf34fab038ee31f4b655906767c768b9943aad8?s=96&d=mm&r=g\",\"contentUrl\":\"https:\\\/\\\/secure.gravatar.com\\\/avatar\\\/2e2d5a700f89460d486959b95cf34fab038ee31f4b655906767c768b9943aad8?s=96&d=mm&r=g\",\"caption\":\"nicolas\"},\"description\":\"Sp\u00e9cialiste du traitement de l'air chez air&amp;me\",\"url\":\"https:\\\/\\\/www.airandme.fr\\\/blog\\\/author\\\/nicolas\\\/\"}]}<\/script>\n<!-- \/ Yoast SEO plugin. -->","yoast_head_json":{"title":"Pollution de l'air int\u00e9rieur : focus sur le CO2","description":"D\u00e9couvrez comment le CO2 contribue \u00e0 la pollution de l'air int\u00e9rieur et comment pr\u00e9server une bonne qualit\u00e9 de l'air.","robots":{"index":"index","follow":"follow","max-snippet":"max-snippet:-1","max-image-preview":"max-image-preview:large","max-video-preview":"max-video-preview:-1"},"canonical":"https:\/\/www.airandme.fr\/blog\/pollution-et-qualite-de-l-air-interieur\/pollution-air-interieur-focus-co2\/","og_locale":"fr_FR","og_type":"article","og_title":"Pollution de l'air int\u00e9rieur : focus sur le CO2","og_description":"D\u00e9couvrez comment le CO2 contribue \u00e0 la pollution de l'air int\u00e9rieur et comment pr\u00e9server une bonne qualit\u00e9 de l'air.","og_url":"https:\/\/www.airandme.fr\/blog\/pollution-et-qualite-de-l-air-interieur\/pollution-air-interieur-focus-co2\/","og_site_name":"air&amp;me - Le blog du traitement de l&#039;air","article_publisher":"https:\/\/www.facebook.com\/airandme","article_published_time":"2021-12-10T13:49:00+00:00","article_modified_time":"2024-11-14T08:39:49+00:00","og_image":[{"width":750,"height":374,"url":"https:\/\/www.airandme.fr\/blog\/wp-content\/uploads\/airandme-pollution-de-l-air-int\u00e9rieur-focus-sur-le-CO2-01.jpg","type":"image\/jpeg"}],"author":"nicolas","twitter_card":"summary_large_image","twitter_misc":{"\u00c9crit par":"nicolas","Dur\u00e9e de lecture estim\u00e9e":"4 minutes"},"schema":{"@context":"https:\/\/schema.org","@graph":[{"@type":"Article","@id":"https:\/\/www.airandme.fr\/blog\/pollution-et-qualite-de-l-air-interieur\/pollution-air-interieur-focus-co2\/#article","isPartOf":{"@id":"https:\/\/www.airandme.fr\/blog\/pollution-et-qualite-de-l-air-interieur\/pollution-air-interieur-focus-co2\/"},"author":{"name":"nicolas","@id":"https:\/\/www.airandme.fr\/blog\/#\/schema\/person\/e93285f19075a09c0508c6e97ebfe19b"},"headline":"Pollution de l&rsquo;air int\u00e9rieur : focus sur le CO2","datePublished":"2021-12-10T13:49:00+00:00","dateModified":"2024-11-14T08:39:49+00:00","mainEntityOfPage":{"@id":"https:\/\/www.airandme.fr\/blog\/pollution-et-qualite-de-l-air-interieur\/pollution-air-interieur-focus-co2\/"},"wordCount":690,"commentCount":8,"publisher":{"@id":"https:\/\/www.airandme.fr\/blog\/#organization"},"image":{"@id":"https:\/\/www.airandme.fr\/blog\/pollution-et-qualite-de-l-air-interieur\/pollution-air-interieur-focus-co2\/#primaryimage"},"thumbnailUrl":"https:\/\/i0.wp.com\/www.airandme.fr\/blog\/wp-content\/uploads\/airandme-pollution-de-l-air-int%C3%A9rieur-focus-sur-le-CO2-01.jpg?fit=750%2C374&ssl=1","articleSection":["Analyse et purification de l'air","Pollution et qualit\u00e9 de l'air int\u00e9rieur"],"inLanguage":"fr-FR","potentialAction":[{"@type":"CommentAction","name":"Comment","target":["https:\/\/www.airandme.fr\/blog\/pollution-et-qualite-de-l-air-interieur\/pollution-air-interieur-focus-co2\/#respond"]}]},{"@type":"WebPage","@id":"https:\/\/www.airandme.fr\/blog\/pollution-et-qualite-de-l-air-interieur\/pollution-air-interieur-focus-co2\/","url":"https:\/\/www.airandme.fr\/blog\/pollution-et-qualite-de-l-air-interieur\/pollution-air-interieur-focus-co2\/","name":"Pollution de l'air int\u00e9rieur : focus sur le CO2","isPartOf":{"@id":"https:\/\/www.airandme.fr\/blog\/#website"},"primaryImageOfPage":{"@id":"https:\/\/www.airandme.fr\/blog\/pollution-et-qualite-de-l-air-interieur\/pollution-air-interieur-focus-co2\/#primaryimage"},"image":{"@id":"https:\/\/www.airandme.fr\/blog\/pollution-et-qualite-de-l-air-interieur\/pollution-air-interieur-focus-co2\/#primaryimage"},"thumbnailUrl":"https:\/\/i0.wp.com\/www.airandme.fr\/blog\/wp-content\/uploads\/airandme-pollution-de-l-air-int%C3%A9rieur-focus-sur-le-CO2-01.jpg?fit=750%2C374&ssl=1","datePublished":"2021-12-10T13:49:00+00:00","dateModified":"2024-11-14T08:39:49+00:00","description":"D\u00e9couvrez comment le CO2 contribue \u00e0 la pollution de l'air int\u00e9rieur et comment pr\u00e9server une bonne qualit\u00e9 de l'air.","breadcrumb":{"@id":"https:\/\/www.airandme.fr\/blog\/pollution-et-qualite-de-l-air-interieur\/pollution-air-interieur-focus-co2\/#breadcrumb"},"inLanguage":"fr-FR","potentialAction":[{"@type":"ReadAction","target":["https:\/\/www.airandme.fr\/blog\/pollution-et-qualite-de-l-air-interieur\/pollution-air-interieur-focus-co2\/"]}]},{"@type":"ImageObject","inLanguage":"fr-FR","@id":"https:\/\/www.airandme.fr\/blog\/pollution-et-qualite-de-l-air-interieur\/pollution-air-interieur-focus-co2\/#primaryimage","url":"https:\/\/i0.wp.com\/www.airandme.fr\/blog\/wp-content\/uploads\/airandme-pollution-de-l-air-int%C3%A9rieur-focus-sur-le-CO2-01.jpg?fit=750%2C374&ssl=1","contentUrl":"https:\/\/i0.wp.com\/www.airandme.fr\/blog\/wp-content\/uploads\/airandme-pollution-de-l-air-int%C3%A9rieur-focus-sur-le-CO2-01.jpg?fit=750%2C374&ssl=1","width":750,"height":374,"caption":"airandme-Pollution de l\u2019air int\u00e9rieur : focus sur le CO2"},{"@type":"BreadcrumbList","@id":"https:\/\/www.airandme.fr\/blog\/pollution-et-qualite-de-l-air-interieur\/pollution-air-interieur-focus-co2\/#breadcrumb","itemListElement":[{"@type":"ListItem","position":1,"name":"Accueil","item":"https:\/\/www.airandme.fr\/blog\/"},{"@type":"ListItem","position":2,"name":"Pollution et qualit\u00e9 de l'air int\u00e9rieur","item":"https:\/\/www.airandme.fr\/blog\/category\/pollution-et-qualite-de-l-air-interieur\/"},{"@type":"ListItem","position":3,"name":"Pollution de l&rsquo;air int\u00e9rieur : focus sur le CO2"}]},{"@type":"WebSite","@id":"https:\/\/www.airandme.fr\/blog\/#website","url":"https:\/\/www.airandme.fr\/blog\/","name":"air&me - Le blog du traitement de l'air","description":"Solutions pour le traitement de l&#039;air int\u00e9rieur - Le blog du bien air chez soi","publisher":{"@id":"https:\/\/www.airandme.fr\/blog\/#organization"},"potentialAction":[{"@type":"SearchAction","target":{"@type":"EntryPoint","urlTemplate":"https:\/\/www.airandme.fr\/blog\/?s={search_term_string}"},"query-input":{"@type":"PropertyValueSpecification","valueRequired":true,"valueName":"search_term_string"}}],"inLanguage":"fr-FR"},{"@type":"Organization","@id":"https:\/\/www.airandme.fr\/blog\/#organization","name":"air&me - Le blog du traitement de l'air","url":"https:\/\/www.airandme.fr\/blog\/","logo":{"@type":"ImageObject","inLanguage":"fr-FR","@id":"https:\/\/www.airandme.fr\/blog\/#\/schema\/logo\/image\/","url":"https:\/\/i0.wp.com\/www.airandme.fr\/blog\/wp-content\/uploads\/airandme-logo-blog-300px.png?fit=300%2C120&ssl=1","contentUrl":"https:\/\/i0.wp.com\/www.airandme.fr\/blog\/wp-content\/uploads\/airandme-logo-blog-300px.png?fit=300%2C120&ssl=1","width":300,"height":120,"caption":"air&me - Le blog du traitement de l'air"},"image":{"@id":"https:\/\/www.airandme.fr\/blog\/#\/schema\/logo\/image\/"},"sameAs":["https:\/\/www.facebook.com\/airandme","https:\/\/www.instagram.com\/air_and_me\/","https:\/\/www.linkedin.com\/air-and-me","https:\/\/www.pinterest.fr\/air_and_me","https:\/\/www.youtube.com\/channel\/UCmco9cc0iTBmPINR5vaW90A"]},{"@type":"Person","@id":"https:\/\/www.airandme.fr\/blog\/#\/schema\/person\/e93285f19075a09c0508c6e97ebfe19b","name":"nicolas","image":{"@type":"ImageObject","inLanguage":"fr-FR","@id":"https:\/\/secure.gravatar.com\/avatar\/2e2d5a700f89460d486959b95cf34fab038ee31f4b655906767c768b9943aad8?s=96&d=mm&r=g","url":"https:\/\/secure.gravatar.com\/avatar\/2e2d5a700f89460d486959b95cf34fab038ee31f4b655906767c768b9943aad8?s=96&d=mm&r=g","contentUrl":"https:\/\/secure.gravatar.com\/avatar\/2e2d5a700f89460d486959b95cf34fab038ee31f4b655906767c768b9943aad8?s=96&d=mm&r=g","caption":"nicolas"},"description":"Sp\u00e9cialiste du traitement de l'air chez air&amp;me","url":"https:\/\/www.airandme.fr\/blog\/author\/nicolas\/"}]}},"jetpack_featured_media_url":"https:\/\/i0.wp.com\/www.airandme.fr\/blog\/wp-content\/uploads\/airandme-pollution-de-l-air-int%C3%A9rieur-focus-sur-le-CO2-01.jpg?fit=750%2C374&ssl=1","jetpack_sharing_enabled":true,"jetpack_shortlink":"https:\/\/wp.me\/paHeLN-24n","_links":{"self":[{"href":"https:\/\/www.airandme.fr\/blog\/wp-json\/wp\/v2\/posts\/7959","targetHints":{"allow":["GET"]}}],"collection":[{"href":"https:\/\/www.airandme.fr\/blog\/wp-json\/wp\/v2\/posts"}],"about":[{"href":"https:\/\/www.airandme.fr\/blog\/wp-json\/wp\/v2\/types\/post"}],"author":[{"embeddable":true,"href":"https:\/\/www.airandme.fr\/blog\/wp-json\/wp\/v2\/users\/2"}],"replies":[{"embeddable":true,"href":"https:\/\/www.airandme.fr\/blog\/wp-json\/wp\/v2\/comments?post=7959"}],"version-history":[{"count":19,"href":"https:\/\/www.airandme.fr\/blog\/wp-json\/wp\/v2\/posts\/7959\/revisions"}],"predecessor-version":[{"id":21547,"href":"https:\/\/www.airandme.fr\/blog\/wp-json\/wp\/v2\/posts\/7959\/revisions\/21547"}],"wp:featuredmedia":[{"embeddable":true,"href":"https:\/\/www.airandme.fr\/blog\/wp-json\/wp\/v2\/media\/16413"}],"wp:attachment":[{"href":"https:\/\/www.airandme.fr\/blog\/wp-json\/wp\/v2\/media?parent=7959"}],"wp:term":[{"taxonomy":"category","embeddable":true,"href":"https:\/\/www.airandme.fr\/blog\/wp-json\/wp\/v2\/categories?post=7959"},{"taxonomy":"post_tag","embeddable":true,"href":"https:\/\/www.airandme.fr\/blog\/wp-json\/wp\/v2\/tags?post=7959"}],"curies":[{"name":"wp","href":"https:\/\/api.w.org\/{rel}","templated":true}]}}