{"id":8911,"date":"2016-06-16T10:14:11","date_gmt":"2016-06-16T09:14:11","guid":{"rendered":"https:\/\/www.airandme.fr\/blog\/\/?p=8911"},"modified":"2024-12-12T10:55:44","modified_gmt":"2024-12-12T08:55:44","slug":"lieux-publics-le-dispositif-de-controle-de-lair-enfin-pret-2","status":"publish","type":"post","link":"https:\/\/www.airandme.fr\/blog\/analyse-et-purification-de-lair\/lieux-publics-le-dispositif-de-controle-de-lair-enfin-pret-2\/","title":{"rendered":"Lieux publics : Le dispositif de contr\u00f4le de l&rsquo;air enfin pr\u00eat"},"content":{"rendered":"<p style=\"text-align: justify;\">Qu\u2019en reste-t-il aujourd\u2019hui\u00a0? Ce dispositif, pris dans le cadre de l\u2019application de la loi <strong><em>Grenelle 2<\/em><\/strong>, comporte d\u00e9sormais trois phases obligatoires pour \u00e9tablir le diagnostic de l\u2019air int\u00e9rieur des lieux publics\u00a0:<\/p>\n<ul style=\"text-align: justify;\">\n<li><strong>Une phase d\u2019autodiagnostic<\/strong>, lors de laquelle chaque personne entreprenant une activit\u00e9 dans le lieu en question (direction, enseignants, ou personnel d\u2019entretien) doit remplir un document renseignant la nature de leurs activit\u00e9s et les personnes associ\u00e9es.<\/li>\n<\/ul>\n<p style=\"text-align: justify;\"><strong>\u00a0<\/strong><\/p>\n<ul style=\"text-align: justify;\">\n<li><strong>Une \u00e9valuation des moyens d\u2019a\u00e9ration<\/strong>, qui s\u2019inscrit dans le cadre d\u2019une prise de mesures contre les polluants de l\u2019air int\u00e9rieur (<a href=\"https:\/\/www.airandme.fr\/blog\/pollution-et-qualite-de-l-air-interieur\/les-dangers-du-formaldehyde\/\">formald\u00e9hyde<\/a>, COV, CO2, benz\u00e8ne \u2026) et qui sera r\u00e9alis\u00e9e par une \u00e9quipe des <strong>services techniques de la collectivit\u00e9 <\/strong>ou <strong>de la ville<\/strong>.<\/li>\n<\/ul>\n<p style=\"text-align: justify;\"><strong>\u00a0<\/strong><\/p>\n<p style=\"text-align: justify;\">Cette \u00e9quipe devra pr\u00e9lever plusieurs \u00e9chantillons de l\u2019air de l\u2019\u00e9tablissement, puis \u00e9valuer les diff\u00e9rents moyens d\u2019a\u00e9ration ce dernier dispose.<\/p>\n<p style=\"text-align: justify;\"><strong>\u00a0<\/strong><\/p>\n<ul style=\"text-align: justify;\">\n<li>Enfin, <strong>une phase de r\u00e9sultats<\/strong>, au cours de laquelle les r\u00e9sultats des pr\u00e9l\u00e8vements des \u00e9chantillons d\u2019air effectu\u00e9s sont communiqu\u00e9s au chef d\u2019\u00e9tablissement.<\/li>\n<\/ul>\n<p style=\"text-align: justify;\">Ces r\u00e9sultats sont transmis \u00e0 l\u2019Institut National de l\u2019Environnement industriel et des Risques (Ineris) qui d\u00e9cidera de la conformit\u00e9 ou non de ces derniers.<\/p>\n<p style=\"text-align: justify;\">Plus d&rsquo;infos :\u00a0http:\/\/bit.ly\/1PiPNWZ<\/p>\n","protected":false},"excerpt":{"rendered":"<p>Qu\u2019en reste-t-il aujourd\u2019hui\u00a0? Ce dispositif, pris dans le cadre de l\u2019application de la loi Grenelle 2, comporte d\u00e9sormais trois phases obligatoires pour \u00e9tablir le diagnostic de l\u2019air int\u00e9rieur des lieux publics\u00a0: Une phase d\u2019autodiagnostic, lors de laquelle chaque personne entreprenant une activit\u00e9 dans le lieu en question (direction, enseignants, ou personnel d\u2019entretien) doit remplir un [&hellip;]<\/p>\n","protected":false},"author":2,"featured_media":16224,"comment_status":"open","ping_status":"open","sticky":false,"template":"","format":"standard","meta":{"jetpack_post_was_ever_published":false,"_jetpack_newsletter_access":"","_jetpack_dont_email_post_to_subs":false,"_jetpack_newsletter_tier_id":0,"_jetpack_memberships_contains_paywalled_content":false,"_jetpack_memberships_contains_paid_content":false,"jnews-multi-image_gallery":[],"jnews_single_post":{"subtitle":"","format":"standard","video":"","gallery":"","source_name":"","source_url":"","via_name":"","via_url":"","override":[{"template":"1","single_blog_custom":"","parallax":"1","layout":"right-sidebar","sidebar":"default-sidebar","second_sidebar":"","sticky_sidebar":"1","share_position":"top","share_float_style":"share-monocrhome","show_share_counter":"1","show_view_counter":"1","show_featured":"1","show_post_meta":"1","show_post_author":"1","show_post_author_image":"1","show_post_date":"1","post_date_format":"","post_date_format_custom":"","show_post_category":"1","post_reading_time_wpm":"","zoom_button_out_step":"1","zoom_button_in_step":"1","show_post_tag":"1","show_prev_next_post":"1","show_popup_post":"1","number_popup_post":"1","show_post_related":"1"}],"image_override":[{"single_post_thumbnail_size":"crop-500","single_post_gallery_size":"crop-500"}],"trending_post_position":"","trending_post_label":"","sponsored_post_label":"","sponsored_post_name":"","sponsored_post_url":"","sponsored_post_logo":"","sponsored_post_desc":""},"jnews_primary_category":{"id":""},"jnews_social_meta":{"fb_title":"","fb_description":"","fb_image":"","twitter_title":"","twitter_description":"","twitter_image":""},"footnotes":""},"categories":[711],"tags":[],"class_list":["post-8911","post","type-post","status-publish","format-standard","has-post-thumbnail","hentry","category-analyse-et-purification-de-lair"],"yoast_head":"<!-- This site is optimized with the Yoast SEO plugin v27.4 - https:\/\/yoast.com\/product\/yoast-seo-wordpress\/ -->\n<title>Lieux publics : Le dispositif de contr\u00f4le de l&#039;air enfin pr\u00eat - air&amp;me - Le blog du traitement de l&#039;air<\/title>\n<meta name=\"description\" content=\"D\u00e9couvrez les \u00e9tapes du dispositif de contr\u00f4le de la qualit\u00e9 de l&#039;air dans les lieux publics, obligatoire dans le cadre de la loi Grenelle 2.\" \/>\n<meta name=\"robots\" content=\"index, follow, max-snippet:-1, max-image-preview:large, max-video-preview:-1\" \/>\n<link rel=\"canonical\" href=\"https:\/\/www.airandme.fr\/blog\/analyse-et-purification-de-lair\/lieux-publics-le-dispositif-de-controle-de-lair-enfin-pret-2\/\" \/>\n<meta property=\"og:locale\" content=\"fr_FR\" \/>\n<meta property=\"og:type\" content=\"article\" \/>\n<meta property=\"og:title\" content=\"Lieux publics : Le dispositif de contr\u00f4le de l&#039;air enfin pr\u00eat - air&amp;me - Le blog du traitement de l&#039;air\" \/>\n<meta property=\"og:description\" content=\"D\u00e9couvrez les \u00e9tapes du dispositif de contr\u00f4le de la qualit\u00e9 de l&#039;air dans les lieux publics, obligatoire dans le cadre de la loi Grenelle 2.\" \/>\n<meta property=\"og:url\" content=\"https:\/\/www.airandme.fr\/blog\/analyse-et-purification-de-lair\/lieux-publics-le-dispositif-de-controle-de-lair-enfin-pret-2\/\" \/>\n<meta property=\"og:site_name\" content=\"air&amp;me - Le blog du traitement de l&#039;air\" \/>\n<meta property=\"article:publisher\" content=\"https:\/\/www.facebook.com\/airandme\" \/>\n<meta property=\"article:published_time\" content=\"2016-06-16T09:14:11+00:00\" \/>\n<meta property=\"article:modified_time\" content=\"2024-12-12T08:55:44+00:00\" \/>\n<meta property=\"og:image\" content=\"https:\/\/www.airandme.fr\/blog\/wp-content\/uploads\/airandme-lieux-publics-le-dispositif-de-contr\u00f4le-de-l-air-enfin-pr\u00eat-01.jpg\" \/>\n\t<meta property=\"og:image:width\" content=\"750\" \/>\n\t<meta property=\"og:image:height\" content=\"374\" \/>\n\t<meta property=\"og:image:type\" content=\"image\/jpeg\" \/>\n<meta name=\"author\" content=\"nicolas\" \/>\n<meta name=\"twitter:card\" content=\"summary_large_image\" \/>\n<meta name=\"twitter:label1\" content=\"\u00c9crit par\" \/>\n\t<meta name=\"twitter:data1\" content=\"nicolas\" \/>\n\t<meta name=\"twitter:label2\" content=\"Dur\u00e9e de lecture estim\u00e9e\" \/>\n\t<meta name=\"twitter:data2\" content=\"2 minutes\" \/>\n<script type=\"application\/ld+json\" class=\"yoast-schema-graph\">{\"@context\":\"https:\\\/\\\/schema.org\",\"@graph\":[{\"@type\":\"Article\",\"@id\":\"https:\\\/\\\/www.airandme.fr\\\/blog\\\/analyse-et-purification-de-lair\\\/lieux-publics-le-dispositif-de-controle-de-lair-enfin-pret-2\\\/#article\",\"isPartOf\":{\"@id\":\"https:\\\/\\\/www.airandme.fr\\\/blog\\\/analyse-et-purification-de-lair\\\/lieux-publics-le-dispositif-de-controle-de-lair-enfin-pret-2\\\/\"},\"author\":{\"name\":\"nicolas\",\"@id\":\"https:\\\/\\\/www.airandme.fr\\\/blog\\\/#\\\/schema\\\/person\\\/e93285f19075a09c0508c6e97ebfe19b\"},\"headline\":\"Lieux publics : Le dispositif de contr\u00f4le de l&rsquo;air enfin pr\u00eat\",\"datePublished\":\"2016-06-16T09:14:11+00:00\",\"dateModified\":\"2024-12-12T08:55:44+00:00\",\"mainEntityOfPage\":{\"@id\":\"https:\\\/\\\/www.airandme.fr\\\/blog\\\/analyse-et-purification-de-lair\\\/lieux-publics-le-dispositif-de-controle-de-lair-enfin-pret-2\\\/\"},\"wordCount\":228,\"commentCount\":0,\"publisher\":{\"@id\":\"https:\\\/\\\/www.airandme.fr\\\/blog\\\/#organization\"},\"image\":{\"@id\":\"https:\\\/\\\/www.airandme.fr\\\/blog\\\/analyse-et-purification-de-lair\\\/lieux-publics-le-dispositif-de-controle-de-lair-enfin-pret-2\\\/#primaryimage\"},\"thumbnailUrl\":\"https:\\\/\\\/i0.wp.com\\\/www.airandme.fr\\\/blog\\\/wp-content\\\/uploads\\\/airandme-lieux-publics-le-dispositif-de-contr%C3%B4le-de-l-air-enfin-pr%C3%AAt-01.jpg?fit=750%2C374&ssl=1\",\"articleSection\":[\"Analyse et purification de l'air\"],\"inLanguage\":\"fr-FR\",\"potentialAction\":[{\"@type\":\"CommentAction\",\"name\":\"Comment\",\"target\":[\"https:\\\/\\\/www.airandme.fr\\\/blog\\\/analyse-et-purification-de-lair\\\/lieux-publics-le-dispositif-de-controle-de-lair-enfin-pret-2\\\/#respond\"]}]},{\"@type\":\"WebPage\",\"@id\":\"https:\\\/\\\/www.airandme.fr\\\/blog\\\/analyse-et-purification-de-lair\\\/lieux-publics-le-dispositif-de-controle-de-lair-enfin-pret-2\\\/\",\"url\":\"https:\\\/\\\/www.airandme.fr\\\/blog\\\/analyse-et-purification-de-lair\\\/lieux-publics-le-dispositif-de-controle-de-lair-enfin-pret-2\\\/\",\"name\":\"Lieux publics : Le dispositif de contr\u00f4le de l'air enfin pr\u00eat - air&amp;me - Le blog du traitement de l&#039;air\",\"isPartOf\":{\"@id\":\"https:\\\/\\\/www.airandme.fr\\\/blog\\\/#website\"},\"primaryImageOfPage\":{\"@id\":\"https:\\\/\\\/www.airandme.fr\\\/blog\\\/analyse-et-purification-de-lair\\\/lieux-publics-le-dispositif-de-controle-de-lair-enfin-pret-2\\\/#primaryimage\"},\"image\":{\"@id\":\"https:\\\/\\\/www.airandme.fr\\\/blog\\\/analyse-et-purification-de-lair\\\/lieux-publics-le-dispositif-de-controle-de-lair-enfin-pret-2\\\/#primaryimage\"},\"thumbnailUrl\":\"https:\\\/\\\/i0.wp.com\\\/www.airandme.fr\\\/blog\\\/wp-content\\\/uploads\\\/airandme-lieux-publics-le-dispositif-de-contr%C3%B4le-de-l-air-enfin-pr%C3%AAt-01.jpg?fit=750%2C374&ssl=1\",\"datePublished\":\"2016-06-16T09:14:11+00:00\",\"dateModified\":\"2024-12-12T08:55:44+00:00\",\"description\":\"D\u00e9couvrez les \u00e9tapes du dispositif de contr\u00f4le de la qualit\u00e9 de l'air dans les lieux publics, obligatoire dans le cadre de la loi Grenelle 2.\",\"breadcrumb\":{\"@id\":\"https:\\\/\\\/www.airandme.fr\\\/blog\\\/analyse-et-purification-de-lair\\\/lieux-publics-le-dispositif-de-controle-de-lair-enfin-pret-2\\\/#breadcrumb\"},\"inLanguage\":\"fr-FR\",\"potentialAction\":[{\"@type\":\"ReadAction\",\"target\":[\"https:\\\/\\\/www.airandme.fr\\\/blog\\\/analyse-et-purification-de-lair\\\/lieux-publics-le-dispositif-de-controle-de-lair-enfin-pret-2\\\/\"]}]},{\"@type\":\"ImageObject\",\"inLanguage\":\"fr-FR\",\"@id\":\"https:\\\/\\\/www.airandme.fr\\\/blog\\\/analyse-et-purification-de-lair\\\/lieux-publics-le-dispositif-de-controle-de-lair-enfin-pret-2\\\/#primaryimage\",\"url\":\"https:\\\/\\\/i0.wp.com\\\/www.airandme.fr\\\/blog\\\/wp-content\\\/uploads\\\/airandme-lieux-publics-le-dispositif-de-contr%C3%B4le-de-l-air-enfin-pr%C3%AAt-01.jpg?fit=750%2C374&ssl=1\",\"contentUrl\":\"https:\\\/\\\/i0.wp.com\\\/www.airandme.fr\\\/blog\\\/wp-content\\\/uploads\\\/airandme-lieux-publics-le-dispositif-de-contr%C3%B4le-de-l-air-enfin-pr%C3%AAt-01.jpg?fit=750%2C374&ssl=1\",\"width\":750,\"height\":374,\"caption\":\"airandme-Lieux publics : Le dispositif de contr\u00f4le de l\u2019air enfin pr\u00eat\"},{\"@type\":\"BreadcrumbList\",\"@id\":\"https:\\\/\\\/www.airandme.fr\\\/blog\\\/analyse-et-purification-de-lair\\\/lieux-publics-le-dispositif-de-controle-de-lair-enfin-pret-2\\\/#breadcrumb\",\"itemListElement\":[{\"@type\":\"ListItem\",\"position\":1,\"name\":\"Accueil\",\"item\":\"https:\\\/\\\/www.airandme.fr\\\/blog\\\/\"},{\"@type\":\"ListItem\",\"position\":2,\"name\":\"Analyse et purification de l'air\",\"item\":\"https:\\\/\\\/www.airandme.fr\\\/blog\\\/category\\\/analyse-et-purification-de-lair\\\/\"},{\"@type\":\"ListItem\",\"position\":3,\"name\":\"Lieux publics : Le dispositif de contr\u00f4le de l&rsquo;air enfin pr\u00eat\"}]},{\"@type\":\"WebSite\",\"@id\":\"https:\\\/\\\/www.airandme.fr\\\/blog\\\/#website\",\"url\":\"https:\\\/\\\/www.airandme.fr\\\/blog\\\/\",\"name\":\"air&me - Le blog du traitement de l'air\",\"description\":\"Solutions pour le traitement de l&#039;air int\u00e9rieur - Le blog du bien air chez soi\",\"publisher\":{\"@id\":\"https:\\\/\\\/www.airandme.fr\\\/blog\\\/#organization\"},\"potentialAction\":[{\"@type\":\"SearchAction\",\"target\":{\"@type\":\"EntryPoint\",\"urlTemplate\":\"https:\\\/\\\/www.airandme.fr\\\/blog\\\/?s={search_term_string}\"},\"query-input\":{\"@type\":\"PropertyValueSpecification\",\"valueRequired\":true,\"valueName\":\"search_term_string\"}}],\"inLanguage\":\"fr-FR\"},{\"@type\":\"Organization\",\"@id\":\"https:\\\/\\\/www.airandme.fr\\\/blog\\\/#organization\",\"name\":\"air&me - Le blog du traitement de l'air\",\"url\":\"https:\\\/\\\/www.airandme.fr\\\/blog\\\/\",\"logo\":{\"@type\":\"ImageObject\",\"inLanguage\":\"fr-FR\",\"@id\":\"https:\\\/\\\/www.airandme.fr\\\/blog\\\/#\\\/schema\\\/logo\\\/image\\\/\",\"url\":\"https:\\\/\\\/i0.wp.com\\\/www.airandme.fr\\\/blog\\\/wp-content\\\/uploads\\\/airandme-logo-blog-300px.png?fit=300%2C120&ssl=1\",\"contentUrl\":\"https:\\\/\\\/i0.wp.com\\\/www.airandme.fr\\\/blog\\\/wp-content\\\/uploads\\\/airandme-logo-blog-300px.png?fit=300%2C120&ssl=1\",\"width\":300,\"height\":120,\"caption\":\"air&me - Le blog du traitement de l'air\"},\"image\":{\"@id\":\"https:\\\/\\\/www.airandme.fr\\\/blog\\\/#\\\/schema\\\/logo\\\/image\\\/\"},\"sameAs\":[\"https:\\\/\\\/www.facebook.com\\\/airandme\",\"https:\\\/\\\/www.instagram.com\\\/air_and_me\\\/\",\"https:\\\/\\\/www.linkedin.com\\\/air-and-me\",\"https:\\\/\\\/www.pinterest.fr\\\/air_and_me\",\"https:\\\/\\\/www.youtube.com\\\/channel\\\/UCmco9cc0iTBmPINR5vaW90A\"]},{\"@type\":\"Person\",\"@id\":\"https:\\\/\\\/www.airandme.fr\\\/blog\\\/#\\\/schema\\\/person\\\/e93285f19075a09c0508c6e97ebfe19b\",\"name\":\"nicolas\",\"image\":{\"@type\":\"ImageObject\",\"inLanguage\":\"fr-FR\",\"@id\":\"https:\\\/\\\/secure.gravatar.com\\\/avatar\\\/2e2d5a700f89460d486959b95cf34fab038ee31f4b655906767c768b9943aad8?s=96&d=mm&r=g\",\"url\":\"https:\\\/\\\/secure.gravatar.com\\\/avatar\\\/2e2d5a700f89460d486959b95cf34fab038ee31f4b655906767c768b9943aad8?s=96&d=mm&r=g\",\"contentUrl\":\"https:\\\/\\\/secure.gravatar.com\\\/avatar\\\/2e2d5a700f89460d486959b95cf34fab038ee31f4b655906767c768b9943aad8?s=96&d=mm&r=g\",\"caption\":\"nicolas\"},\"description\":\"Sp\u00e9cialiste du traitement de l'air chez air&amp;me\",\"url\":\"https:\\\/\\\/www.airandme.fr\\\/blog\\\/author\\\/nicolas\\\/\"}]}<\/script>\n<!-- \/ Yoast SEO plugin. -->","yoast_head_json":{"title":"Lieux publics : Le dispositif de contr\u00f4le de l'air enfin pr\u00eat - air&amp;me - Le blog du traitement de l&#039;air","description":"D\u00e9couvrez les \u00e9tapes du dispositif de contr\u00f4le de la qualit\u00e9 de l'air dans les lieux publics, obligatoire dans le cadre de la loi Grenelle 2.","robots":{"index":"index","follow":"follow","max-snippet":"max-snippet:-1","max-image-preview":"max-image-preview:large","max-video-preview":"max-video-preview:-1"},"canonical":"https:\/\/www.airandme.fr\/blog\/analyse-et-purification-de-lair\/lieux-publics-le-dispositif-de-controle-de-lair-enfin-pret-2\/","og_locale":"fr_FR","og_type":"article","og_title":"Lieux publics : Le dispositif de contr\u00f4le de l'air enfin pr\u00eat - air&amp;me - Le blog du traitement de l&#039;air","og_description":"D\u00e9couvrez les \u00e9tapes du dispositif de contr\u00f4le de la qualit\u00e9 de l'air dans les lieux publics, obligatoire dans le cadre de la loi Grenelle 2.","og_url":"https:\/\/www.airandme.fr\/blog\/analyse-et-purification-de-lair\/lieux-publics-le-dispositif-de-controle-de-lair-enfin-pret-2\/","og_site_name":"air&amp;me - Le blog du traitement de l&#039;air","article_publisher":"https:\/\/www.facebook.com\/airandme","article_published_time":"2016-06-16T09:14:11+00:00","article_modified_time":"2024-12-12T08:55:44+00:00","og_image":[{"width":750,"height":374,"url":"https:\/\/www.airandme.fr\/blog\/wp-content\/uploads\/airandme-lieux-publics-le-dispositif-de-contr\u00f4le-de-l-air-enfin-pr\u00eat-01.jpg","type":"image\/jpeg"}],"author":"nicolas","twitter_card":"summary_large_image","twitter_misc":{"\u00c9crit par":"nicolas","Dur\u00e9e de lecture estim\u00e9e":"2 minutes"},"schema":{"@context":"https:\/\/schema.org","@graph":[{"@type":"Article","@id":"https:\/\/www.airandme.fr\/blog\/analyse-et-purification-de-lair\/lieux-publics-le-dispositif-de-controle-de-lair-enfin-pret-2\/#article","isPartOf":{"@id":"https:\/\/www.airandme.fr\/blog\/analyse-et-purification-de-lair\/lieux-publics-le-dispositif-de-controle-de-lair-enfin-pret-2\/"},"author":{"name":"nicolas","@id":"https:\/\/www.airandme.fr\/blog\/#\/schema\/person\/e93285f19075a09c0508c6e97ebfe19b"},"headline":"Lieux publics : Le dispositif de contr\u00f4le de l&rsquo;air enfin pr\u00eat","datePublished":"2016-06-16T09:14:11+00:00","dateModified":"2024-12-12T08:55:44+00:00","mainEntityOfPage":{"@id":"https:\/\/www.airandme.fr\/blog\/analyse-et-purification-de-lair\/lieux-publics-le-dispositif-de-controle-de-lair-enfin-pret-2\/"},"wordCount":228,"commentCount":0,"publisher":{"@id":"https:\/\/www.airandme.fr\/blog\/#organization"},"image":{"@id":"https:\/\/www.airandme.fr\/blog\/analyse-et-purification-de-lair\/lieux-publics-le-dispositif-de-controle-de-lair-enfin-pret-2\/#primaryimage"},"thumbnailUrl":"https:\/\/i0.wp.com\/www.airandme.fr\/blog\/wp-content\/uploads\/airandme-lieux-publics-le-dispositif-de-contr%C3%B4le-de-l-air-enfin-pr%C3%AAt-01.jpg?fit=750%2C374&ssl=1","articleSection":["Analyse et purification de l'air"],"inLanguage":"fr-FR","potentialAction":[{"@type":"CommentAction","name":"Comment","target":["https:\/\/www.airandme.fr\/blog\/analyse-et-purification-de-lair\/lieux-publics-le-dispositif-de-controle-de-lair-enfin-pret-2\/#respond"]}]},{"@type":"WebPage","@id":"https:\/\/www.airandme.fr\/blog\/analyse-et-purification-de-lair\/lieux-publics-le-dispositif-de-controle-de-lair-enfin-pret-2\/","url":"https:\/\/www.airandme.fr\/blog\/analyse-et-purification-de-lair\/lieux-publics-le-dispositif-de-controle-de-lair-enfin-pret-2\/","name":"Lieux publics : Le dispositif de contr\u00f4le de l'air enfin pr\u00eat - air&amp;me - Le blog du traitement de l&#039;air","isPartOf":{"@id":"https:\/\/www.airandme.fr\/blog\/#website"},"primaryImageOfPage":{"@id":"https:\/\/www.airandme.fr\/blog\/analyse-et-purification-de-lair\/lieux-publics-le-dispositif-de-controle-de-lair-enfin-pret-2\/#primaryimage"},"image":{"@id":"https:\/\/www.airandme.fr\/blog\/analyse-et-purification-de-lair\/lieux-publics-le-dispositif-de-controle-de-lair-enfin-pret-2\/#primaryimage"},"thumbnailUrl":"https:\/\/i0.wp.com\/www.airandme.fr\/blog\/wp-content\/uploads\/airandme-lieux-publics-le-dispositif-de-contr%C3%B4le-de-l-air-enfin-pr%C3%AAt-01.jpg?fit=750%2C374&ssl=1","datePublished":"2016-06-16T09:14:11+00:00","dateModified":"2024-12-12T08:55:44+00:00","description":"D\u00e9couvrez les \u00e9tapes du dispositif de contr\u00f4le de la qualit\u00e9 de l'air dans les lieux publics, obligatoire dans le cadre de la loi Grenelle 2.","breadcrumb":{"@id":"https:\/\/www.airandme.fr\/blog\/analyse-et-purification-de-lair\/lieux-publics-le-dispositif-de-controle-de-lair-enfin-pret-2\/#breadcrumb"},"inLanguage":"fr-FR","potentialAction":[{"@type":"ReadAction","target":["https:\/\/www.airandme.fr\/blog\/analyse-et-purification-de-lair\/lieux-publics-le-dispositif-de-controle-de-lair-enfin-pret-2\/"]}]},{"@type":"ImageObject","inLanguage":"fr-FR","@id":"https:\/\/www.airandme.fr\/blog\/analyse-et-purification-de-lair\/lieux-publics-le-dispositif-de-controle-de-lair-enfin-pret-2\/#primaryimage","url":"https:\/\/i0.wp.com\/www.airandme.fr\/blog\/wp-content\/uploads\/airandme-lieux-publics-le-dispositif-de-contr%C3%B4le-de-l-air-enfin-pr%C3%AAt-01.jpg?fit=750%2C374&ssl=1","contentUrl":"https:\/\/i0.wp.com\/www.airandme.fr\/blog\/wp-content\/uploads\/airandme-lieux-publics-le-dispositif-de-contr%C3%B4le-de-l-air-enfin-pr%C3%AAt-01.jpg?fit=750%2C374&ssl=1","width":750,"height":374,"caption":"airandme-Lieux publics : Le dispositif de contr\u00f4le de l\u2019air enfin pr\u00eat"},{"@type":"BreadcrumbList","@id":"https:\/\/www.airandme.fr\/blog\/analyse-et-purification-de-lair\/lieux-publics-le-dispositif-de-controle-de-lair-enfin-pret-2\/#breadcrumb","itemListElement":[{"@type":"ListItem","position":1,"name":"Accueil","item":"https:\/\/www.airandme.fr\/blog\/"},{"@type":"ListItem","position":2,"name":"Analyse et purification de l'air","item":"https:\/\/www.airandme.fr\/blog\/category\/analyse-et-purification-de-lair\/"},{"@type":"ListItem","position":3,"name":"Lieux publics : Le dispositif de contr\u00f4le de l&rsquo;air enfin pr\u00eat"}]},{"@type":"WebSite","@id":"https:\/\/www.airandme.fr\/blog\/#website","url":"https:\/\/www.airandme.fr\/blog\/","name":"air&me - Le blog du traitement de l'air","description":"Solutions pour le traitement de l&#039;air int\u00e9rieur - Le blog du bien air chez soi","publisher":{"@id":"https:\/\/www.airandme.fr\/blog\/#organization"},"potentialAction":[{"@type":"SearchAction","target":{"@type":"EntryPoint","urlTemplate":"https:\/\/www.airandme.fr\/blog\/?s={search_term_string}"},"query-input":{"@type":"PropertyValueSpecification","valueRequired":true,"valueName":"search_term_string"}}],"inLanguage":"fr-FR"},{"@type":"Organization","@id":"https:\/\/www.airandme.fr\/blog\/#organization","name":"air&me - Le blog du traitement de l'air","url":"https:\/\/www.airandme.fr\/blog\/","logo":{"@type":"ImageObject","inLanguage":"fr-FR","@id":"https:\/\/www.airandme.fr\/blog\/#\/schema\/logo\/image\/","url":"https:\/\/i0.wp.com\/www.airandme.fr\/blog\/wp-content\/uploads\/airandme-logo-blog-300px.png?fit=300%2C120&ssl=1","contentUrl":"https:\/\/i0.wp.com\/www.airandme.fr\/blog\/wp-content\/uploads\/airandme-logo-blog-300px.png?fit=300%2C120&ssl=1","width":300,"height":120,"caption":"air&me - Le blog du traitement de l'air"},"image":{"@id":"https:\/\/www.airandme.fr\/blog\/#\/schema\/logo\/image\/"},"sameAs":["https:\/\/www.facebook.com\/airandme","https:\/\/www.instagram.com\/air_and_me\/","https:\/\/www.linkedin.com\/air-and-me","https:\/\/www.pinterest.fr\/air_and_me","https:\/\/www.youtube.com\/channel\/UCmco9cc0iTBmPINR5vaW90A"]},{"@type":"Person","@id":"https:\/\/www.airandme.fr\/blog\/#\/schema\/person\/e93285f19075a09c0508c6e97ebfe19b","name":"nicolas","image":{"@type":"ImageObject","inLanguage":"fr-FR","@id":"https:\/\/secure.gravatar.com\/avatar\/2e2d5a700f89460d486959b95cf34fab038ee31f4b655906767c768b9943aad8?s=96&d=mm&r=g","url":"https:\/\/secure.gravatar.com\/avatar\/2e2d5a700f89460d486959b95cf34fab038ee31f4b655906767c768b9943aad8?s=96&d=mm&r=g","contentUrl":"https:\/\/secure.gravatar.com\/avatar\/2e2d5a700f89460d486959b95cf34fab038ee31f4b655906767c768b9943aad8?s=96&d=mm&r=g","caption":"nicolas"},"description":"Sp\u00e9cialiste du traitement de l'air chez air&amp;me","url":"https:\/\/www.airandme.fr\/blog\/author\/nicolas\/"}]}},"jetpack_featured_media_url":"https:\/\/i0.wp.com\/www.airandme.fr\/blog\/wp-content\/uploads\/airandme-lieux-publics-le-dispositif-de-contr%C3%B4le-de-l-air-enfin-pr%C3%AAt-01.jpg?fit=750%2C374&ssl=1","jetpack_sharing_enabled":true,"jetpack_shortlink":"https:\/\/wp.me\/paHeLN-2jJ","_links":{"self":[{"href":"https:\/\/www.airandme.fr\/blog\/wp-json\/wp\/v2\/posts\/8911","targetHints":{"allow":["GET"]}}],"collection":[{"href":"https:\/\/www.airandme.fr\/blog\/wp-json\/wp\/v2\/posts"}],"about":[{"href":"https:\/\/www.airandme.fr\/blog\/wp-json\/wp\/v2\/types\/post"}],"author":[{"embeddable":true,"href":"https:\/\/www.airandme.fr\/blog\/wp-json\/wp\/v2\/users\/2"}],"replies":[{"embeddable":true,"href":"https:\/\/www.airandme.fr\/blog\/wp-json\/wp\/v2\/comments?post=8911"}],"version-history":[{"count":1,"href":"https:\/\/www.airandme.fr\/blog\/wp-json\/wp\/v2\/posts\/8911\/revisions"}],"predecessor-version":[{"id":21843,"href":"https:\/\/www.airandme.fr\/blog\/wp-json\/wp\/v2\/posts\/8911\/revisions\/21843"}],"wp:featuredmedia":[{"embeddable":true,"href":"https:\/\/www.airandme.fr\/blog\/wp-json\/wp\/v2\/media\/16224"}],"wp:attachment":[{"href":"https:\/\/www.airandme.fr\/blog\/wp-json\/wp\/v2\/media?parent=8911"}],"wp:term":[{"taxonomy":"category","embeddable":true,"href":"https:\/\/www.airandme.fr\/blog\/wp-json\/wp\/v2\/categories?post=8911"},{"taxonomy":"post_tag","embeddable":true,"href":"https:\/\/www.airandme.fr\/blog\/wp-json\/wp\/v2\/tags?post=8911"}],"curies":[{"name":"wp","href":"https:\/\/api.w.org\/{rel}","templated":true}]}}