{"id":8980,"date":"2020-05-20T14:46:00","date_gmt":"2020-05-20T12:46:00","guid":{"rendered":"https:\/\/www.airandme.fr\/blog\/\/?p=8980"},"modified":"2024-11-12T11:00:19","modified_gmt":"2024-11-12T09:00:19","slug":"ventilateur-colonne-quest-ce-que-cest","status":"publish","type":"post","link":"https:\/\/www.airandme.fr\/blog\/ventilation\/ventilateur-colonne-quest-ce-que-cest\/","title":{"rendered":"Ventilateur colonne : qu&rsquo;est-ce que c&rsquo;est ?"},"content":{"rendered":"\n<p><strong>L&rsquo;\u00e9t\u00e9 pointera bient\u00f4t le bout de son nez, mais en attendant, la chaleur arrive d\u00e9j\u00e0 \u00e0 grands pas. Alors comme tous les ans, chacun et chacune cherchera \u00e0 rafra\u00eechir son logement, en investissant dans un <a href=\"https:\/\/airandme.fr\/fr\/34-ventilateur\" target=\"_blank\" rel=\"noreferrer noopener\">ventilateur <\/a>ou un syst\u00e8me de climatisation. Mais pourquoi attendre la derni\u00e8re minute et un \u00e9pisode caniculaire pour s\u2019\u00e9quiper ? Mieux vaut anticiper l&rsquo;arriv\u00e9e des fortes temp\u00e9ratures et \u00eatre certain de ne pas se retrouver devant un rayon d\u00e9valis\u00e9 ! Dans la jungle des diff\u00e9rents mod\u00e8les de ventilateurs, nous avons choisi de vous expliquer ce qu&rsquo;est un ventilateur colonne, aussi appel\u00e9 ventilateur tour.<\/strong><\/p>\n\n\n\n<h2 class=\"wp-block-heading\">Ventilateur colonne : fonctionnement<\/h2>\n\n\n\n<p>Le fonctionnement d&rsquo;une colonne de ventilation est l\u00e9g\u00e8rement diff\u00e9rent de celui d&rsquo;un ventilateur dit \u00ab\u00a0axial\u00a0\u00bb (les classiques brasseurs d&rsquo;air \u00e0 pales). Ce ne sont pas les pales fix\u00e9es \u00e0 une h\u00e9lice qui cr\u00e9ent le flux d&rsquo;air, mais c&rsquo;est une roue. Cette roue est dot\u00e9e de plusieurs pales verticales, qui tournent sur un axe, dans un carter.<\/p>\n\n\n\n<h2 class=\"wp-block-heading\">Pourquoi acheter un ventilateur colonne ?<\/h2>\n\n\n\n<p>Id\u00e9aux si vous manquez de place ou que vous souhaitez ventiler une petite surface, le<a href=\"https:\/\/airandme.fr\/fr\/140-ventilateur-colonne\" target=\"_blank\" rel=\"noreferrer noopener\"> ventilateur colonne<\/a> constitue une ventilation d\u2019appoint. L\u2019appareil est par cons\u00e9quent facilement transportable et facile \u00e0 ranger. Celui-ci diffuse un flux d\u2019air vertical qui balaie en douceur l\u2019int\u00e9gralit\u00e9 de votre pi\u00e8ce, pour vous procurer un air frais de la t\u00eate aux pieds.<\/p>\n\n\n\n<p>Le ventilateur colonne est discret et fonctionnel : il se d\u00e9finit comme \u00e9tant un produit de confort. De plus, gr\u00e2ce \u00e0 son design, il peut rapidement devenir un meuble \u00e0 par enti\u00e8re ! En effet, le ventilateur tour s\u2019adapte \u00e0 vos pi\u00e8ces : qu\u2019il soit en acier inoxydable, en m\u00e9tal, arrondi, blanc ou noir, vous trouverez forc\u00e9ment celui qui vous plaira. Les choix de finitions sont nombreux et font de lui un appareil tr\u00e8s pris\u00e9, puisqu\u2019il se fond dans tous types d&rsquo;int\u00e9rieurs&nbsp;!<\/p>\n\n\n\n<p>La plupart des ventilateurs colonne proposent de nombreuses option, comme l&rsquo;oscillation, une t\u00e9l\u00e9commande, une fonction Timer, diff\u00e9rents modes d&rsquo;utilisation &#8211; souffle naturel, mode nuit, etc. -.<\/p>\n\n\n\n<h2 class=\"wp-block-heading\">Ventilateur colonne : avantages et inconv\u00e9nients<\/h2>\n\n\n\n<div class=\"wp-block-columns is-layout-flex wp-container-core-columns-is-layout-9d6595d7 wp-block-columns-is-layout-flex\">\n<div class=\"wp-block-column is-layout-flow wp-block-column-is-layout-flow\">\n<h3 class=\"wp-block-heading\">Les principaux avantages d&rsquo;un ventilateur colonne<\/h3>\n\n\n\n<ul class=\"wp-block-list\">\n<li><strong>\u00c9cologique :<\/strong> le ventilateur colonne ne produit pas de \u00ab\u00a0froid\u00a0\u00bb, mais brasse de l&rsquo;air<\/li>\n\n\n\n<li><strong>Transportable :<\/strong> l\u00e9ger et peu encombrant, le ventilateur colonne se d\u00e9place facilement d&rsquo;une pi\u00e8ce \u00e0 une autre<\/li>\n\n\n\n<li><strong>Facile \u00e0 ranger <\/strong>: avec sa faible emprise au sol &#8211; g\u00e9n\u00e9ralement 25 \u00e0 30 cm de diam\u00e8tre max. &#8211; le ventilateur colonne est une solution id\u00e9ale pour les petits espaces<\/li>\n\n\n\n<li><strong>Design :<\/strong> en plus d&rsquo;\u00eatre pratique, le ventilateur colonne est design et s&rsquo;int\u00e8gre dans tous types de d\u00e9corations int\u00e9rieures<\/li>\n\n\n\n<li><strong>Ventilation \u00ab\u00a0en hauteur\u00a0\u00bb :<\/strong> contrairement \u00e0 un simple brasseur d&rsquo;air, le ventilateur colonne vous assure une ventilation tout en hauteur<\/li>\n\n\n\n<li><strong>Silencieux<\/strong><\/li>\n<\/ul>\n<\/div>\n\n\n\n<div class=\"wp-block-column is-layout-flow wp-block-column-is-layout-flow\">\n<h3 class=\"wp-block-heading\">Les principaux inconv\u00e9nients d&rsquo;un ventilateur colonne<\/h3>\n\n\n\n<ul class=\"wp-block-list\">\n<li><strong>Moins puissant qu&rsquo;un ventilateur classique :<\/strong> le d\u00e9bit d&rsquo;air du ventilateur colonne est moins important<\/li>\n\n\n\n<li><strong>Non adapt\u00e9 aux tr\u00e8s grandes surfaces :<\/strong> le ventilateur colonne est en revanche parfait pour ventiler une chambre, un salon ou un bureau<\/li>\n<\/ul>\n<\/div>\n<\/div>\n\n\n\n<h2 class=\"wp-block-heading\">Ventilateur colonne : comment le choisir ?<\/h2>\n\n\n\n<p>Pour choisir un ventilateur colonne de bonne qualit\u00e9 et efficace, il est n\u00e9cessaire de prendre en compte plusieurs d\u00e9tails :<\/p>\n\n\n\n<ul class=\"wp-block-list\">\n<li><strong>La taille de la sortie d&rsquo;air :<\/strong> plus elle est large, plus le ventilateur est puissant.<\/li>\n\n\n\n<li><strong>Le nombre de vitesses :<\/strong> plus le nombre de vitesses est important, plus vous pourrez moduler le souffle produit par le ventilateur.<\/li>\n\n\n\n<li><strong>Le niveau sonore :<\/strong> si vous souhaitez utiliser votre ventilateur colonne la nuit dans votre chambre, celui-ci ne doit pas faire autant de bruit qu&rsquo;une tondeuse \u00e0 gazon ! Ainsi, votre ventilateur doit \u00e9mettre moins de 55 dB \u00e0 vitesse maximale.<\/li>\n\n\n\n<li><strong>L&rsquo;oscillation :<\/strong> si votre ventilateur colonne est oscillant, cela est un vrai plus puisqu&rsquo;il \u00ab\u00a0balaye\u00a0\u00bb une surface beaucoup plus importante et vous assure fra\u00eecheur m\u00eame dans le coin le plus \u00e9loign\u00e9 de votre salon.<\/li>\n\n\n\n<li><strong>La t\u00e9l\u00e9commande : <\/strong>un ventilateur \u00e9quip\u00e9 d&rsquo;une t\u00e9l\u00e9commande est toujours plus pratique : pas besoin de se lever sans cesse pour ajuster le flux d&rsquo;air.<\/li>\n\n\n\n<li><strong>La stabilit\u00e9 et la solidit\u00e9 g\u00e9n\u00e9rale :<\/strong> comme l&#8217;emprise au sol est plus faible que celle d&rsquo;un ventilateur avec tr\u00e9pied, il est n\u00e9cessaire que sa base soit bien lest\u00e9e afin qu&rsquo;il ne bascule pas.<\/li>\n<\/ul>\n\n\n\n<p>Afin de choisir le ventilateur qui vous conviendra le mieux, pensez \u00e0 v\u00e9rifier toutes les options offertes par un appareil et \u00e0 bien identifier l\u2019usage que vous en ferez ainsi que l\u2019espace dans lequel il sera install\u00e9.<\/p>\n","protected":false},"excerpt":{"rendered":"<p>L&rsquo;\u00e9t\u00e9 pointera bient\u00f4t le bout de son nez, mais en attendant, la chaleur arrive d\u00e9j\u00e0 \u00e0 grands pas. Alors comme tous les ans, chacun et chacune cherchera \u00e0 rafra\u00eechir son logement, en investissant dans un ventilateur ou un syst\u00e8me de climatisation. Mais pourquoi attendre la derni\u00e8re minute et un \u00e9pisode caniculaire pour s\u2019\u00e9quiper ? Mieux [&hellip;]<\/p>\n","protected":false},"author":1002,"featured_media":16857,"comment_status":"open","ping_status":"open","sticky":false,"template":"","format":"standard","meta":{"jetpack_post_was_ever_published":false,"_jetpack_newsletter_access":"","_jetpack_dont_email_post_to_subs":false,"_jetpack_newsletter_tier_id":0,"_jetpack_memberships_contains_paywalled_content":false,"_jetpack_memberships_contains_paid_content":false,"jnews-multi-image_gallery":[],"jnews_single_post":{"subtitle":"","format":"standard","video":"","gallery":"","source_name":"","source_url":"","via_name":"","via_url":"","override":[{"template":"1","single_blog_custom":"","parallax":"1","layout":"right-sidebar","sidebar":"default-sidebar","second_sidebar":"","sticky_sidebar":"1","share_position":"top","share_float_style":"share-monocrhome","show_share_counter":"1","show_view_counter":"1","show_featured":"1","show_post_meta":"1","show_post_author":"1","show_post_author_image":"1","show_post_date":"1","post_date_format":"","post_date_format_custom":"","show_post_category":"1","post_reading_time_wpm":"","zoom_button_out_step":"1","zoom_button_in_step":"1","show_post_tag":"1","show_prev_next_post":"1","show_popup_post":"1","number_popup_post":"1","show_post_related":"1"}],"image_override":[{"single_post_thumbnail_size":"crop-500","single_post_gallery_size":"crop-500"}],"trending_post_position":"","trending_post_label":"","sponsored_post_label":"","sponsored_post_name":"","sponsored_post_url":"","sponsored_post_logo":"","sponsored_post_desc":""},"jnews_primary_category":{"id":""},"jnews_social_meta":{"fb_title":"","fb_description":"","fb_image":"","twitter_title":"","twitter_description":"","twitter_image":""},"footnotes":""},"categories":[714],"tags":[],"class_list":["post-8980","post","type-post","status-publish","format-standard","has-post-thumbnail","hentry","category-ventilation"],"yoast_head":"<!-- This site is optimized with the Yoast SEO plugin v27.4 - https:\/\/yoast.com\/product\/yoast-seo-wordpress\/ -->\n<title>Ventilateur colonne : qu&#039;est-ce que c&#039;est ?<\/title>\n<meta name=\"description\" content=\"D\u00e9couvrez ce qu&#039;est un ventilateur colonne, ses avantages et ses inconv\u00e9nients. Pour ne pas vous tromper quand vous ach\u00e8terez un ventilateur !\" \/>\n<meta name=\"robots\" content=\"index, follow, max-snippet:-1, max-image-preview:large, max-video-preview:-1\" \/>\n<link rel=\"canonical\" href=\"https:\/\/www.airandme.fr\/blog\/ventilation\/ventilateur-colonne-quest-ce-que-cest\/\" \/>\n<meta property=\"og:locale\" content=\"fr_FR\" \/>\n<meta property=\"og:type\" content=\"article\" \/>\n<meta property=\"og:title\" content=\"Ventilateur colonne : qu&#039;est-ce que c&#039;est ?\" \/>\n<meta property=\"og:description\" content=\"D\u00e9couvrez ce qu&#039;est un ventilateur colonne, ses avantages et ses inconv\u00e9nients. Pour ne pas vous tromper quand vous ach\u00e8terez un ventilateur !\" \/>\n<meta property=\"og:url\" content=\"https:\/\/www.airandme.fr\/blog\/ventilation\/ventilateur-colonne-quest-ce-que-cest\/\" \/>\n<meta property=\"og:site_name\" content=\"air&amp;me - Le blog du traitement de l&#039;air\" \/>\n<meta property=\"article:publisher\" content=\"https:\/\/www.facebook.com\/airandme\" \/>\n<meta property=\"article:published_time\" content=\"2020-05-20T12:46:00+00:00\" \/>\n<meta property=\"article:modified_time\" content=\"2024-11-12T09:00:19+00:00\" \/>\n<meta property=\"og:image\" content=\"https:\/\/www.airandme.fr\/blog\/wp-content\/uploads\/airandme-ventilateur-colonne-fantasy-blanc-scaled.jpg\" \/>\n\t<meta property=\"og:image:width\" content=\"2560\" \/>\n\t<meta property=\"og:image:height\" content=\"1280\" \/>\n\t<meta property=\"og:image:type\" content=\"image\/jpeg\" \/>\n<meta name=\"author\" content=\"Lucie\" \/>\n<meta name=\"twitter:card\" content=\"summary_large_image\" \/>\n<meta name=\"twitter:label1\" content=\"\u00c9crit par\" \/>\n\t<meta name=\"twitter:data1\" content=\"Lucie\" \/>\n\t<meta name=\"twitter:label2\" content=\"Dur\u00e9e de lecture estim\u00e9e\" \/>\n\t<meta name=\"twitter:data2\" content=\"4 minutes\" \/>\n<script type=\"application\/ld+json\" class=\"yoast-schema-graph\">{\"@context\":\"https:\\\/\\\/schema.org\",\"@graph\":[{\"@type\":\"Article\",\"@id\":\"https:\\\/\\\/www.airandme.fr\\\/blog\\\/ventilation\\\/ventilateur-colonne-quest-ce-que-cest\\\/#article\",\"isPartOf\":{\"@id\":\"https:\\\/\\\/www.airandme.fr\\\/blog\\\/ventilation\\\/ventilateur-colonne-quest-ce-que-cest\\\/\"},\"author\":{\"name\":\"Lucie\",\"@id\":\"https:\\\/\\\/www.airandme.fr\\\/blog\\\/#\\\/schema\\\/person\\\/7513dbbfef19fca38d61a145e4f491c0\"},\"headline\":\"Ventilateur colonne : qu&rsquo;est-ce que c&rsquo;est ?\",\"datePublished\":\"2020-05-20T12:46:00+00:00\",\"dateModified\":\"2024-11-12T09:00:19+00:00\",\"mainEntityOfPage\":{\"@id\":\"https:\\\/\\\/www.airandme.fr\\\/blog\\\/ventilation\\\/ventilateur-colonne-quest-ce-que-cest\\\/\"},\"wordCount\":784,\"commentCount\":0,\"publisher\":{\"@id\":\"https:\\\/\\\/www.airandme.fr\\\/blog\\\/#organization\"},\"image\":{\"@id\":\"https:\\\/\\\/www.airandme.fr\\\/blog\\\/ventilation\\\/ventilateur-colonne-quest-ce-que-cest\\\/#primaryimage\"},\"thumbnailUrl\":\"https:\\\/\\\/i0.wp.com\\\/www.airandme.fr\\\/blog\\\/wp-content\\\/uploads\\\/airandme-ventilateur-colonne-fantasy-blanc-scaled.jpg?fit=2560%2C1280&ssl=1\",\"articleSection\":[\"Ventilation et circulation de l'air\"],\"inLanguage\":\"fr-FR\",\"potentialAction\":[{\"@type\":\"CommentAction\",\"name\":\"Comment\",\"target\":[\"https:\\\/\\\/www.airandme.fr\\\/blog\\\/ventilation\\\/ventilateur-colonne-quest-ce-que-cest\\\/#respond\"]}]},{\"@type\":\"WebPage\",\"@id\":\"https:\\\/\\\/www.airandme.fr\\\/blog\\\/ventilation\\\/ventilateur-colonne-quest-ce-que-cest\\\/\",\"url\":\"https:\\\/\\\/www.airandme.fr\\\/blog\\\/ventilation\\\/ventilateur-colonne-quest-ce-que-cest\\\/\",\"name\":\"Ventilateur colonne : qu'est-ce que c'est ?\",\"isPartOf\":{\"@id\":\"https:\\\/\\\/www.airandme.fr\\\/blog\\\/#website\"},\"primaryImageOfPage\":{\"@id\":\"https:\\\/\\\/www.airandme.fr\\\/blog\\\/ventilation\\\/ventilateur-colonne-quest-ce-que-cest\\\/#primaryimage\"},\"image\":{\"@id\":\"https:\\\/\\\/www.airandme.fr\\\/blog\\\/ventilation\\\/ventilateur-colonne-quest-ce-que-cest\\\/#primaryimage\"},\"thumbnailUrl\":\"https:\\\/\\\/i0.wp.com\\\/www.airandme.fr\\\/blog\\\/wp-content\\\/uploads\\\/airandme-ventilateur-colonne-fantasy-blanc-scaled.jpg?fit=2560%2C1280&ssl=1\",\"datePublished\":\"2020-05-20T12:46:00+00:00\",\"dateModified\":\"2024-11-12T09:00:19+00:00\",\"description\":\"D\u00e9couvrez ce qu'est un ventilateur colonne, ses avantages et ses inconv\u00e9nients. Pour ne pas vous tromper quand vous ach\u00e8terez un ventilateur !\",\"breadcrumb\":{\"@id\":\"https:\\\/\\\/www.airandme.fr\\\/blog\\\/ventilation\\\/ventilateur-colonne-quest-ce-que-cest\\\/#breadcrumb\"},\"inLanguage\":\"fr-FR\",\"potentialAction\":[{\"@type\":\"ReadAction\",\"target\":[\"https:\\\/\\\/www.airandme.fr\\\/blog\\\/ventilation\\\/ventilateur-colonne-quest-ce-que-cest\\\/\"]}]},{\"@type\":\"ImageObject\",\"inLanguage\":\"fr-FR\",\"@id\":\"https:\\\/\\\/www.airandme.fr\\\/blog\\\/ventilation\\\/ventilateur-colonne-quest-ce-que-cest\\\/#primaryimage\",\"url\":\"https:\\\/\\\/i0.wp.com\\\/www.airandme.fr\\\/blog\\\/wp-content\\\/uploads\\\/airandme-ventilateur-colonne-fantasy-blanc-scaled.jpg?fit=2560%2C1280&ssl=1\",\"contentUrl\":\"https:\\\/\\\/i0.wp.com\\\/www.airandme.fr\\\/blog\\\/wp-content\\\/uploads\\\/airandme-ventilateur-colonne-fantasy-blanc-scaled.jpg?fit=2560%2C1280&ssl=1\",\"width\":2560,\"height\":1280,\"caption\":\"aoir&me - ventilateur colonne Fantasy Blanc\"},{\"@type\":\"BreadcrumbList\",\"@id\":\"https:\\\/\\\/www.airandme.fr\\\/blog\\\/ventilation\\\/ventilateur-colonne-quest-ce-que-cest\\\/#breadcrumb\",\"itemListElement\":[{\"@type\":\"ListItem\",\"position\":1,\"name\":\"Accueil\",\"item\":\"https:\\\/\\\/www.airandme.fr\\\/blog\\\/\"},{\"@type\":\"ListItem\",\"position\":2,\"name\":\"Ventilation et circulation de l'air\",\"item\":\"https:\\\/\\\/www.airandme.fr\\\/blog\\\/category\\\/ventilation\\\/\"},{\"@type\":\"ListItem\",\"position\":3,\"name\":\"Ventilateur colonne : qu&rsquo;est-ce que c&rsquo;est ?\"}]},{\"@type\":\"WebSite\",\"@id\":\"https:\\\/\\\/www.airandme.fr\\\/blog\\\/#website\",\"url\":\"https:\\\/\\\/www.airandme.fr\\\/blog\\\/\",\"name\":\"air&me - Le blog du traitement de l'air\",\"description\":\"Solutions pour le traitement de l&#039;air int\u00e9rieur - Le blog du bien air chez soi\",\"publisher\":{\"@id\":\"https:\\\/\\\/www.airandme.fr\\\/blog\\\/#organization\"},\"potentialAction\":[{\"@type\":\"SearchAction\",\"target\":{\"@type\":\"EntryPoint\",\"urlTemplate\":\"https:\\\/\\\/www.airandme.fr\\\/blog\\\/?s={search_term_string}\"},\"query-input\":{\"@type\":\"PropertyValueSpecification\",\"valueRequired\":true,\"valueName\":\"search_term_string\"}}],\"inLanguage\":\"fr-FR\"},{\"@type\":\"Organization\",\"@id\":\"https:\\\/\\\/www.airandme.fr\\\/blog\\\/#organization\",\"name\":\"air&me - Le blog du traitement de l'air\",\"url\":\"https:\\\/\\\/www.airandme.fr\\\/blog\\\/\",\"logo\":{\"@type\":\"ImageObject\",\"inLanguage\":\"fr-FR\",\"@id\":\"https:\\\/\\\/www.airandme.fr\\\/blog\\\/#\\\/schema\\\/logo\\\/image\\\/\",\"url\":\"https:\\\/\\\/i0.wp.com\\\/www.airandme.fr\\\/blog\\\/wp-content\\\/uploads\\\/airandme-logo-blog-300px.png?fit=300%2C120&ssl=1\",\"contentUrl\":\"https:\\\/\\\/i0.wp.com\\\/www.airandme.fr\\\/blog\\\/wp-content\\\/uploads\\\/airandme-logo-blog-300px.png?fit=300%2C120&ssl=1\",\"width\":300,\"height\":120,\"caption\":\"air&me - Le blog du traitement de l'air\"},\"image\":{\"@id\":\"https:\\\/\\\/www.airandme.fr\\\/blog\\\/#\\\/schema\\\/logo\\\/image\\\/\"},\"sameAs\":[\"https:\\\/\\\/www.facebook.com\\\/airandme\",\"https:\\\/\\\/www.instagram.com\\\/air_and_me\\\/\",\"https:\\\/\\\/www.linkedin.com\\\/air-and-me\",\"https:\\\/\\\/www.pinterest.fr\\\/air_and_me\",\"https:\\\/\\\/www.youtube.com\\\/channel\\\/UCmco9cc0iTBmPINR5vaW90A\"]},{\"@type\":\"Person\",\"@id\":\"https:\\\/\\\/www.airandme.fr\\\/blog\\\/#\\\/schema\\\/person\\\/7513dbbfef19fca38d61a145e4f491c0\",\"name\":\"Lucie\",\"image\":{\"@type\":\"ImageObject\",\"inLanguage\":\"fr-FR\",\"@id\":\"https:\\\/\\\/secure.gravatar.com\\\/avatar\\\/2372cc4034755cad5c718652176001d9d14ed3a00ffb17bceaec9e1fe07aad5b?s=96&d=mm&r=g\",\"url\":\"https:\\\/\\\/secure.gravatar.com\\\/avatar\\\/2372cc4034755cad5c718652176001d9d14ed3a00ffb17bceaec9e1fe07aad5b?s=96&d=mm&r=g\",\"contentUrl\":\"https:\\\/\\\/secure.gravatar.com\\\/avatar\\\/2372cc4034755cad5c718652176001d9d14ed3a00ffb17bceaec9e1fe07aad5b?s=96&d=mm&r=g\",\"caption\":\"Lucie\"},\"url\":\"https:\\\/\\\/www.airandme.fr\\\/blog\\\/author\\\/lucie\\\/\"}]}<\/script>\n<!-- \/ Yoast SEO plugin. -->","yoast_head_json":{"title":"Ventilateur colonne : qu'est-ce que c'est ?","description":"D\u00e9couvrez ce qu'est un ventilateur colonne, ses avantages et ses inconv\u00e9nients. Pour ne pas vous tromper quand vous ach\u00e8terez un ventilateur !","robots":{"index":"index","follow":"follow","max-snippet":"max-snippet:-1","max-image-preview":"max-image-preview:large","max-video-preview":"max-video-preview:-1"},"canonical":"https:\/\/www.airandme.fr\/blog\/ventilation\/ventilateur-colonne-quest-ce-que-cest\/","og_locale":"fr_FR","og_type":"article","og_title":"Ventilateur colonne : qu'est-ce que c'est ?","og_description":"D\u00e9couvrez ce qu'est un ventilateur colonne, ses avantages et ses inconv\u00e9nients. Pour ne pas vous tromper quand vous ach\u00e8terez un ventilateur !","og_url":"https:\/\/www.airandme.fr\/blog\/ventilation\/ventilateur-colonne-quest-ce-que-cest\/","og_site_name":"air&amp;me - Le blog du traitement de l&#039;air","article_publisher":"https:\/\/www.facebook.com\/airandme","article_published_time":"2020-05-20T12:46:00+00:00","article_modified_time":"2024-11-12T09:00:19+00:00","og_image":[{"width":2560,"height":1280,"url":"https:\/\/www.airandme.fr\/blog\/wp-content\/uploads\/airandme-ventilateur-colonne-fantasy-blanc-scaled.jpg","type":"image\/jpeg"}],"author":"Lucie","twitter_card":"summary_large_image","twitter_misc":{"\u00c9crit par":"Lucie","Dur\u00e9e de lecture estim\u00e9e":"4 minutes"},"schema":{"@context":"https:\/\/schema.org","@graph":[{"@type":"Article","@id":"https:\/\/www.airandme.fr\/blog\/ventilation\/ventilateur-colonne-quest-ce-que-cest\/#article","isPartOf":{"@id":"https:\/\/www.airandme.fr\/blog\/ventilation\/ventilateur-colonne-quest-ce-que-cest\/"},"author":{"name":"Lucie","@id":"https:\/\/www.airandme.fr\/blog\/#\/schema\/person\/7513dbbfef19fca38d61a145e4f491c0"},"headline":"Ventilateur colonne : qu&rsquo;est-ce que c&rsquo;est ?","datePublished":"2020-05-20T12:46:00+00:00","dateModified":"2024-11-12T09:00:19+00:00","mainEntityOfPage":{"@id":"https:\/\/www.airandme.fr\/blog\/ventilation\/ventilateur-colonne-quest-ce-que-cest\/"},"wordCount":784,"commentCount":0,"publisher":{"@id":"https:\/\/www.airandme.fr\/blog\/#organization"},"image":{"@id":"https:\/\/www.airandme.fr\/blog\/ventilation\/ventilateur-colonne-quest-ce-que-cest\/#primaryimage"},"thumbnailUrl":"https:\/\/i0.wp.com\/www.airandme.fr\/blog\/wp-content\/uploads\/airandme-ventilateur-colonne-fantasy-blanc-scaled.jpg?fit=2560%2C1280&ssl=1","articleSection":["Ventilation et circulation de l'air"],"inLanguage":"fr-FR","potentialAction":[{"@type":"CommentAction","name":"Comment","target":["https:\/\/www.airandme.fr\/blog\/ventilation\/ventilateur-colonne-quest-ce-que-cest\/#respond"]}]},{"@type":"WebPage","@id":"https:\/\/www.airandme.fr\/blog\/ventilation\/ventilateur-colonne-quest-ce-que-cest\/","url":"https:\/\/www.airandme.fr\/blog\/ventilation\/ventilateur-colonne-quest-ce-que-cest\/","name":"Ventilateur colonne : qu'est-ce que c'est ?","isPartOf":{"@id":"https:\/\/www.airandme.fr\/blog\/#website"},"primaryImageOfPage":{"@id":"https:\/\/www.airandme.fr\/blog\/ventilation\/ventilateur-colonne-quest-ce-que-cest\/#primaryimage"},"image":{"@id":"https:\/\/www.airandme.fr\/blog\/ventilation\/ventilateur-colonne-quest-ce-que-cest\/#primaryimage"},"thumbnailUrl":"https:\/\/i0.wp.com\/www.airandme.fr\/blog\/wp-content\/uploads\/airandme-ventilateur-colonne-fantasy-blanc-scaled.jpg?fit=2560%2C1280&ssl=1","datePublished":"2020-05-20T12:46:00+00:00","dateModified":"2024-11-12T09:00:19+00:00","description":"D\u00e9couvrez ce qu'est un ventilateur colonne, ses avantages et ses inconv\u00e9nients. Pour ne pas vous tromper quand vous ach\u00e8terez un ventilateur !","breadcrumb":{"@id":"https:\/\/www.airandme.fr\/blog\/ventilation\/ventilateur-colonne-quest-ce-que-cest\/#breadcrumb"},"inLanguage":"fr-FR","potentialAction":[{"@type":"ReadAction","target":["https:\/\/www.airandme.fr\/blog\/ventilation\/ventilateur-colonne-quest-ce-que-cest\/"]}]},{"@type":"ImageObject","inLanguage":"fr-FR","@id":"https:\/\/www.airandme.fr\/blog\/ventilation\/ventilateur-colonne-quest-ce-que-cest\/#primaryimage","url":"https:\/\/i0.wp.com\/www.airandme.fr\/blog\/wp-content\/uploads\/airandme-ventilateur-colonne-fantasy-blanc-scaled.jpg?fit=2560%2C1280&ssl=1","contentUrl":"https:\/\/i0.wp.com\/www.airandme.fr\/blog\/wp-content\/uploads\/airandme-ventilateur-colonne-fantasy-blanc-scaled.jpg?fit=2560%2C1280&ssl=1","width":2560,"height":1280,"caption":"aoir&me - ventilateur colonne Fantasy Blanc"},{"@type":"BreadcrumbList","@id":"https:\/\/www.airandme.fr\/blog\/ventilation\/ventilateur-colonne-quest-ce-que-cest\/#breadcrumb","itemListElement":[{"@type":"ListItem","position":1,"name":"Accueil","item":"https:\/\/www.airandme.fr\/blog\/"},{"@type":"ListItem","position":2,"name":"Ventilation et circulation de l'air","item":"https:\/\/www.airandme.fr\/blog\/category\/ventilation\/"},{"@type":"ListItem","position":3,"name":"Ventilateur colonne : qu&rsquo;est-ce que c&rsquo;est ?"}]},{"@type":"WebSite","@id":"https:\/\/www.airandme.fr\/blog\/#website","url":"https:\/\/www.airandme.fr\/blog\/","name":"air&me - Le blog du traitement de l'air","description":"Solutions pour le traitement de l&#039;air int\u00e9rieur - Le blog du bien air chez soi","publisher":{"@id":"https:\/\/www.airandme.fr\/blog\/#organization"},"potentialAction":[{"@type":"SearchAction","target":{"@type":"EntryPoint","urlTemplate":"https:\/\/www.airandme.fr\/blog\/?s={search_term_string}"},"query-input":{"@type":"PropertyValueSpecification","valueRequired":true,"valueName":"search_term_string"}}],"inLanguage":"fr-FR"},{"@type":"Organization","@id":"https:\/\/www.airandme.fr\/blog\/#organization","name":"air&me - Le blog du traitement de l'air","url":"https:\/\/www.airandme.fr\/blog\/","logo":{"@type":"ImageObject","inLanguage":"fr-FR","@id":"https:\/\/www.airandme.fr\/blog\/#\/schema\/logo\/image\/","url":"https:\/\/i0.wp.com\/www.airandme.fr\/blog\/wp-content\/uploads\/airandme-logo-blog-300px.png?fit=300%2C120&ssl=1","contentUrl":"https:\/\/i0.wp.com\/www.airandme.fr\/blog\/wp-content\/uploads\/airandme-logo-blog-300px.png?fit=300%2C120&ssl=1","width":300,"height":120,"caption":"air&me - Le blog du traitement de l'air"},"image":{"@id":"https:\/\/www.airandme.fr\/blog\/#\/schema\/logo\/image\/"},"sameAs":["https:\/\/www.facebook.com\/airandme","https:\/\/www.instagram.com\/air_and_me\/","https:\/\/www.linkedin.com\/air-and-me","https:\/\/www.pinterest.fr\/air_and_me","https:\/\/www.youtube.com\/channel\/UCmco9cc0iTBmPINR5vaW90A"]},{"@type":"Person","@id":"https:\/\/www.airandme.fr\/blog\/#\/schema\/person\/7513dbbfef19fca38d61a145e4f491c0","name":"Lucie","image":{"@type":"ImageObject","inLanguage":"fr-FR","@id":"https:\/\/secure.gravatar.com\/avatar\/2372cc4034755cad5c718652176001d9d14ed3a00ffb17bceaec9e1fe07aad5b?s=96&d=mm&r=g","url":"https:\/\/secure.gravatar.com\/avatar\/2372cc4034755cad5c718652176001d9d14ed3a00ffb17bceaec9e1fe07aad5b?s=96&d=mm&r=g","contentUrl":"https:\/\/secure.gravatar.com\/avatar\/2372cc4034755cad5c718652176001d9d14ed3a00ffb17bceaec9e1fe07aad5b?s=96&d=mm&r=g","caption":"Lucie"},"url":"https:\/\/www.airandme.fr\/blog\/author\/lucie\/"}]}},"jetpack_featured_media_url":"https:\/\/i0.wp.com\/www.airandme.fr\/blog\/wp-content\/uploads\/airandme-ventilateur-colonne-fantasy-blanc-scaled.jpg?fit=2560%2C1280&ssl=1","jetpack_sharing_enabled":true,"jetpack_shortlink":"https:\/\/wp.me\/paHeLN-2kQ","_links":{"self":[{"href":"https:\/\/www.airandme.fr\/blog\/wp-json\/wp\/v2\/posts\/8980","targetHints":{"allow":["GET"]}}],"collection":[{"href":"https:\/\/www.airandme.fr\/blog\/wp-json\/wp\/v2\/posts"}],"about":[{"href":"https:\/\/www.airandme.fr\/blog\/wp-json\/wp\/v2\/types\/post"}],"author":[{"embeddable":true,"href":"https:\/\/www.airandme.fr\/blog\/wp-json\/wp\/v2\/users\/1002"}],"replies":[{"embeddable":true,"href":"https:\/\/www.airandme.fr\/blog\/wp-json\/wp\/v2\/comments?post=8980"}],"version-history":[{"count":17,"href":"https:\/\/www.airandme.fr\/blog\/wp-json\/wp\/v2\/posts\/8980\/revisions"}],"predecessor-version":[{"id":21513,"href":"https:\/\/www.airandme.fr\/blog\/wp-json\/wp\/v2\/posts\/8980\/revisions\/21513"}],"wp:featuredmedia":[{"embeddable":true,"href":"https:\/\/www.airandme.fr\/blog\/wp-json\/wp\/v2\/media\/16857"}],"wp:attachment":[{"href":"https:\/\/www.airandme.fr\/blog\/wp-json\/wp\/v2\/media?parent=8980"}],"wp:term":[{"taxonomy":"category","embeddable":true,"href":"https:\/\/www.airandme.fr\/blog\/wp-json\/wp\/v2\/categories?post=8980"},{"taxonomy":"post_tag","embeddable":true,"href":"https:\/\/www.airandme.fr\/blog\/wp-json\/wp\/v2\/tags?post=8980"}],"curies":[{"name":"wp","href":"https:\/\/api.w.org\/{rel}","templated":true}]}}