{"id":9139,"date":"2016-11-24T11:52:17","date_gmt":"2016-11-24T10:52:17","guid":{"rendered":"https:\/\/www.airandme.fr\/blog\/\/?p=9139"},"modified":"2020-07-09T17:53:34","modified_gmt":"2020-07-09T15:53:34","slug":"lutte-pollution-zcr","status":"publish","type":"post","link":"https:\/\/www.airandme.fr\/blog\/analyse-et-purification-de-lair\/lutte-pollution-zcr\/","title":{"rendered":"Les zones de circulation restreinte : ZCR"},"content":{"rendered":"\n<p>\u00c0 l&rsquo;heure actuelle, la pollution provoque la mort de plus de 48\u00a0000 personnes par an. Selon l\u2019agence nationale Sant\u00e9 Publique France, \u00ab\u00a0Si les effets imm\u00e9diats sur la sant\u00e9 sont observ\u00e9s pendant les pics de pollution, c\u2019est l\u2019exposition quotidienne et dans la dur\u00e9e qui a l\u2019impact le plus fort sur la sant\u00e9\u00a0\u00bb. Des mesures ont donc \u00e9t\u00e9 prises pour tenter de rem\u00e9dier \u00e0 ce probl\u00e8me, parmi lesquelles la cr\u00e9ation, dans les grands m\u00e9tropoles, de Zones de Circulation Restreinte, ou ZCR.<\/p>\n\n\n\n<h2 class=\"wp-block-heading\"><strong>Qu&rsquo;est-ce qu&rsquo;une ZCR ?<\/strong><\/h2>\n\n\n\n<p>Le principe des ZCR repose sur la limitation de la circulation \u00e0 certains v\u00e9hicules seulement, en l\u2019interdisant aux plus polluants d\u2019entre eux. Le principe est simple\u00a0: seuls les v\u00e9hicules \u00e9quip\u00e9s de vignettes Crit\u2019Air, class\u00e9es en 6 cat\u00e9gories, pourront circuler dans ces zones. Cette mesure a \u00e9t\u00e9 prise afin de lutter contre les pics de pollution et ainsi, d&rsquo;encourager le d\u00e9veloppement et l\u2019utilisation de v\u00e9hicules \u00e0 faibles \u00e9missions de gaz polluants. L\u2019objectif est de prot\u00e9ger la sant\u00e9 des populations urbaines en \u00e9vitant les particules fines provenant du trafic routier.<\/p>\n\n\n\n<h2 class=\"wp-block-heading\"><strong>La vignette Cirt&rsquo;Air<\/strong><\/h2>\n\n\n\n<p>\u00c0 ce jour, 211 ZCR existent en Europe. En France, depuis 2016, la Ville de Paris exp\u00e9rimente la mesure.<\/p>\n\n\n\n<p>Une \u00ab\u00a0mise \u00e0 jour\u00a0\u00bb a donc \u00e9t\u00e9 effectu\u00e9e. \u00c0 compter du 1<sup>er<\/sup> Janvier 2017,\u00a0 que tous les v\u00e9hicules doivent \u00eatre \u00e9quip\u00e9s de leur pastille Crit\u2019Air pour acc\u00e9der \u00e0 Paris Intramuros sous peine d\u2019une amende de 68 \u20ac. Concernant les voitures carburant \u00e0 l\u2019essence, consid\u00e9r\u00e9es comme moins polluantes, cette r\u00e8gle est entr\u00e9e en vigueur au mois de juillet 2017.<\/p>\n\n\n\n<p>Mais cette mesure ne s\u2019arr\u00eate pas l\u00e0. La Mairie de Paris souhaite totalement \u00e9liminer les v\u00e9hicules fonctionnant au diesel de la capitale dans les ann\u00e9es \u00e0 venir et r\u00e9compenser les v\u00e9hicules les moins polluants en leur attribuant des privil\u00e8ges tels que des facilit\u00e9s de stationnement ou des acc\u00e8s aux voies r\u00e9serv\u00e9es des bus.<\/p>\n\n\n\n<h2 class=\"wp-block-heading\"><strong>Vers une augmentation des ZCR dans les grandes villes fran\u00e7aises ?<\/strong><\/h2>\n\n\n\n<p>Finalement, l\u2019id\u00e9e est d\u2019\u00e9tendre ces r\u00e8gles \u00e0 tous les v\u00e9hicules dans toutes les grandes villes de France. 23 villes ont par cons\u00e9quent accept\u00e9 de mettre en place les ZCR. Parmi elles, les m\u00e9tropoles de Bordeaux, Grenoble, Lille, Lyon, Montpellier, Rouen et d\u2019autres. Au total, pr\u00e8s de 15 millions d\u2019habitants sont concern\u00e9s par cette mesure.<\/p>\n\n\n\n<h2 class=\"wp-block-heading\"><strong>N\u2019oubliez\u00a0pas que pour la plan\u00e8te, chaque geste compte ! <\/strong><\/h2>\n\n\n\n<p class=\"has-text-align-left\">Quelques astuces pour limiter son usage quotidien de la voiture\u00a0:<\/p>\n\n\n\n<ul class=\"wp-block-list\"><li>Utilisez les transports en commun lorsque vous le pouvez.<\/li><li>Faites du covoiturage, c\u2019est sympa\u00a0!<\/li><li>Faites du v\u00e9lo, c\u2019est sportif\u00a0!<\/li><\/ul>\n\n\n\n<p>Sources : Certificat qualit\u00e9 de l&rsquo;air \/ Quechoisir \/ Crit&rsquo;Air<\/p>\n","protected":false},"excerpt":{"rendered":"<p>\u00c0 l&rsquo;heure actuelle, la pollution provoque la mort de plus de 48\u00a0000 personnes par an. Selon l\u2019agence nationale Sant\u00e9 Publique France, \u00ab\u00a0Si les effets imm\u00e9diats sur la sant\u00e9 sont observ\u00e9s pendant les pics de pollution, c\u2019est l\u2019exposition quotidienne et dans la dur\u00e9e qui a l\u2019impact le plus fort sur la sant\u00e9\u00a0\u00bb. Des mesures ont donc [&hellip;]<\/p>\n","protected":false},"author":2,"featured_media":16336,"comment_status":"open","ping_status":"open","sticky":false,"template":"","format":"standard","meta":{"jetpack_post_was_ever_published":false,"_jetpack_newsletter_access":"","_jetpack_dont_email_post_to_subs":false,"_jetpack_newsletter_tier_id":0,"_jetpack_memberships_contains_paywalled_content":false,"_jetpack_memberships_contains_paid_content":false,"jnews-multi-image_gallery":[],"jnews_single_post":{"subtitle":"","format":"standard","video":"","gallery":"","source_name":"","source_url":"","via_name":"","via_url":"","override":[{"template":"1","single_blog_custom":"","parallax":"1","layout":"right-sidebar","sidebar":"default-sidebar","second_sidebar":"","sticky_sidebar":"1","share_position":"top","share_float_style":"share-monocrhome","show_share_counter":"1","show_view_counter":"1","show_featured":"1","show_post_meta":"1","show_post_author":"1","show_post_author_image":"1","show_post_date":"1","post_date_format":"","post_date_format_custom":"","show_post_category":"1","post_reading_time_wpm":"","zoom_button_out_step":"1","zoom_button_in_step":"1","show_post_tag":"1","show_prev_next_post":"1","show_popup_post":"1","number_popup_post":"1","show_post_related":"1"}],"image_override":[{"single_post_thumbnail_size":"crop-500","single_post_gallery_size":"crop-500"}],"trending_post_position":"","trending_post_label":"","sponsored_post_label":"","sponsored_post_name":"","sponsored_post_url":"","sponsored_post_logo":"","sponsored_post_desc":""},"jnews_primary_category":{"id":""},"jnews_social_meta":{"fb_title":"","fb_description":"","fb_image":"","twitter_title":"","twitter_description":"","twitter_image":""},"footnotes":""},"categories":[711],"tags":[],"class_list":["post-9139","post","type-post","status-publish","format-standard","has-post-thumbnail","hentry","category-analyse-et-purification-de-lair"],"yoast_head":"<!-- This site is optimized with the Yoast SEO plugin v27.4 - https:\/\/yoast.com\/product\/yoast-seo-wordpress\/ -->\n<title>Les zones de circulation restreinte : ZCR - air&amp;me - Le blog du traitement de l&#039;air<\/title>\n<meta name=\"description\" content=\"Des mesures ont donc \u00e9t\u00e9 prises pour lutter contre la pollution, parmi lesquelles la cr\u00e9ation de Zones de Circulation Restreinte, ou ZCR.\" \/>\n<meta name=\"robots\" content=\"index, follow, max-snippet:-1, max-image-preview:large, max-video-preview:-1\" \/>\n<link rel=\"canonical\" href=\"https:\/\/www.airandme.fr\/blog\/analyse-et-purification-de-lair\/lutte-pollution-zcr\/\" \/>\n<meta property=\"og:locale\" content=\"fr_FR\" \/>\n<meta property=\"og:type\" content=\"article\" \/>\n<meta property=\"og:title\" content=\"Les zones de circulation restreinte : ZCR - air&amp;me - Le blog du traitement de l&#039;air\" \/>\n<meta property=\"og:description\" content=\"Des mesures ont donc \u00e9t\u00e9 prises pour lutter contre la pollution, parmi lesquelles la cr\u00e9ation de Zones de Circulation Restreinte, ou ZCR.\" \/>\n<meta property=\"og:url\" content=\"https:\/\/www.airandme.fr\/blog\/analyse-et-purification-de-lair\/lutte-pollution-zcr\/\" \/>\n<meta property=\"og:site_name\" content=\"air&amp;me - Le blog du traitement de l&#039;air\" \/>\n<meta property=\"article:publisher\" content=\"https:\/\/www.facebook.com\/airandme\" \/>\n<meta property=\"article:published_time\" content=\"2016-11-24T10:52:17+00:00\" \/>\n<meta property=\"article:modified_time\" content=\"2020-07-09T15:53:34+00:00\" \/>\n<meta property=\"og:image\" content=\"https:\/\/i1.wp.com\/www.airandme.fr\/blog\/wp-content\/uploads\/airandme-des-zones-pour-prendre-l-air-lutte-contre-la-pollution-01.jpg?fit=750%2C374&ssl=1\" \/>\n\t<meta property=\"og:image:width\" content=\"750\" \/>\n\t<meta property=\"og:image:height\" content=\"374\" \/>\n\t<meta property=\"og:image:type\" content=\"image\/jpeg\" \/>\n<meta name=\"author\" content=\"nicolas\" \/>\n<meta name=\"twitter:card\" content=\"summary_large_image\" \/>\n<meta name=\"twitter:label1\" content=\"\u00c9crit par\" \/>\n\t<meta name=\"twitter:data1\" content=\"nicolas\" \/>\n\t<meta name=\"twitter:label2\" content=\"Dur\u00e9e de lecture estim\u00e9e\" \/>\n\t<meta name=\"twitter:data2\" content=\"2 minutes\" \/>\n<script type=\"application\/ld+json\" class=\"yoast-schema-graph\">{\"@context\":\"https:\\\/\\\/schema.org\",\"@graph\":[{\"@type\":\"Article\",\"@id\":\"https:\\\/\\\/www.airandme.fr\\\/blog\\\/analyse-et-purification-de-lair\\\/lutte-pollution-zcr\\\/#article\",\"isPartOf\":{\"@id\":\"https:\\\/\\\/www.airandme.fr\\\/blog\\\/analyse-et-purification-de-lair\\\/lutte-pollution-zcr\\\/\"},\"author\":{\"name\":\"nicolas\",\"@id\":\"https:\\\/\\\/www.airandme.fr\\\/blog\\\/#\\\/schema\\\/person\\\/e93285f19075a09c0508c6e97ebfe19b\"},\"headline\":\"Les zones de circulation restreinte : ZCR\",\"datePublished\":\"2016-11-24T10:52:17+00:00\",\"dateModified\":\"2020-07-09T15:53:34+00:00\",\"mainEntityOfPage\":{\"@id\":\"https:\\\/\\\/www.airandme.fr\\\/blog\\\/analyse-et-purification-de-lair\\\/lutte-pollution-zcr\\\/\"},\"wordCount\":468,\"commentCount\":0,\"publisher\":{\"@id\":\"https:\\\/\\\/www.airandme.fr\\\/blog\\\/#organization\"},\"image\":{\"@id\":\"https:\\\/\\\/www.airandme.fr\\\/blog\\\/analyse-et-purification-de-lair\\\/lutte-pollution-zcr\\\/#primaryimage\"},\"thumbnailUrl\":\"https:\\\/\\\/i0.wp.com\\\/www.airandme.fr\\\/blog\\\/wp-content\\\/uploads\\\/airandme-des-zones-pour-prendre-l-air-lutte-contre-la-pollution-01.jpg?fit=750%2C374&ssl=1\",\"articleSection\":[\"Analyse et purification de l'air\"],\"inLanguage\":\"fr-FR\",\"potentialAction\":[{\"@type\":\"CommentAction\",\"name\":\"Comment\",\"target\":[\"https:\\\/\\\/www.airandme.fr\\\/blog\\\/analyse-et-purification-de-lair\\\/lutte-pollution-zcr\\\/#respond\"]}]},{\"@type\":\"WebPage\",\"@id\":\"https:\\\/\\\/www.airandme.fr\\\/blog\\\/analyse-et-purification-de-lair\\\/lutte-pollution-zcr\\\/\",\"url\":\"https:\\\/\\\/www.airandme.fr\\\/blog\\\/analyse-et-purification-de-lair\\\/lutte-pollution-zcr\\\/\",\"name\":\"Les zones de circulation restreinte : ZCR - air&amp;me - Le blog du traitement de l&#039;air\",\"isPartOf\":{\"@id\":\"https:\\\/\\\/www.airandme.fr\\\/blog\\\/#website\"},\"primaryImageOfPage\":{\"@id\":\"https:\\\/\\\/www.airandme.fr\\\/blog\\\/analyse-et-purification-de-lair\\\/lutte-pollution-zcr\\\/#primaryimage\"},\"image\":{\"@id\":\"https:\\\/\\\/www.airandme.fr\\\/blog\\\/analyse-et-purification-de-lair\\\/lutte-pollution-zcr\\\/#primaryimage\"},\"thumbnailUrl\":\"https:\\\/\\\/i0.wp.com\\\/www.airandme.fr\\\/blog\\\/wp-content\\\/uploads\\\/airandme-des-zones-pour-prendre-l-air-lutte-contre-la-pollution-01.jpg?fit=750%2C374&ssl=1\",\"datePublished\":\"2016-11-24T10:52:17+00:00\",\"dateModified\":\"2020-07-09T15:53:34+00:00\",\"description\":\"Des mesures ont donc \u00e9t\u00e9 prises pour lutter contre la pollution, parmi lesquelles la cr\u00e9ation de Zones de Circulation Restreinte, ou ZCR.\",\"breadcrumb\":{\"@id\":\"https:\\\/\\\/www.airandme.fr\\\/blog\\\/analyse-et-purification-de-lair\\\/lutte-pollution-zcr\\\/#breadcrumb\"},\"inLanguage\":\"fr-FR\",\"potentialAction\":[{\"@type\":\"ReadAction\",\"target\":[\"https:\\\/\\\/www.airandme.fr\\\/blog\\\/analyse-et-purification-de-lair\\\/lutte-pollution-zcr\\\/\"]}]},{\"@type\":\"ImageObject\",\"inLanguage\":\"fr-FR\",\"@id\":\"https:\\\/\\\/www.airandme.fr\\\/blog\\\/analyse-et-purification-de-lair\\\/lutte-pollution-zcr\\\/#primaryimage\",\"url\":\"https:\\\/\\\/i0.wp.com\\\/www.airandme.fr\\\/blog\\\/wp-content\\\/uploads\\\/airandme-des-zones-pour-prendre-l-air-lutte-contre-la-pollution-01.jpg?fit=750%2C374&ssl=1\",\"contentUrl\":\"https:\\\/\\\/i0.wp.com\\\/www.airandme.fr\\\/blog\\\/wp-content\\\/uploads\\\/airandme-des-zones-pour-prendre-l-air-lutte-contre-la-pollution-01.jpg?fit=750%2C374&ssl=1\",\"width\":750,\"height\":374,\"caption\":\"www.eatmylens.com - Edouard FAURE\"},{\"@type\":\"BreadcrumbList\",\"@id\":\"https:\\\/\\\/www.airandme.fr\\\/blog\\\/analyse-et-purification-de-lair\\\/lutte-pollution-zcr\\\/#breadcrumb\",\"itemListElement\":[{\"@type\":\"ListItem\",\"position\":1,\"name\":\"Accueil\",\"item\":\"https:\\\/\\\/www.airandme.fr\\\/blog\\\/\"},{\"@type\":\"ListItem\",\"position\":2,\"name\":\"Analyse et purification de l'air\",\"item\":\"https:\\\/\\\/www.airandme.fr\\\/blog\\\/category\\\/analyse-et-purification-de-lair\\\/\"},{\"@type\":\"ListItem\",\"position\":3,\"name\":\"Les zones de circulation restreinte : ZCR\"}]},{\"@type\":\"WebSite\",\"@id\":\"https:\\\/\\\/www.airandme.fr\\\/blog\\\/#website\",\"url\":\"https:\\\/\\\/www.airandme.fr\\\/blog\\\/\",\"name\":\"air&me - Le blog du traitement de l'air\",\"description\":\"Solutions pour le traitement de l&#039;air int\u00e9rieur - Le blog du bien air chez soi\",\"publisher\":{\"@id\":\"https:\\\/\\\/www.airandme.fr\\\/blog\\\/#organization\"},\"potentialAction\":[{\"@type\":\"SearchAction\",\"target\":{\"@type\":\"EntryPoint\",\"urlTemplate\":\"https:\\\/\\\/www.airandme.fr\\\/blog\\\/?s={search_term_string}\"},\"query-input\":{\"@type\":\"PropertyValueSpecification\",\"valueRequired\":true,\"valueName\":\"search_term_string\"}}],\"inLanguage\":\"fr-FR\"},{\"@type\":\"Organization\",\"@id\":\"https:\\\/\\\/www.airandme.fr\\\/blog\\\/#organization\",\"name\":\"air&me - Le blog du traitement de l'air\",\"url\":\"https:\\\/\\\/www.airandme.fr\\\/blog\\\/\",\"logo\":{\"@type\":\"ImageObject\",\"inLanguage\":\"fr-FR\",\"@id\":\"https:\\\/\\\/www.airandme.fr\\\/blog\\\/#\\\/schema\\\/logo\\\/image\\\/\",\"url\":\"https:\\\/\\\/i0.wp.com\\\/www.airandme.fr\\\/blog\\\/wp-content\\\/uploads\\\/airandme-logo-blog-300px.png?fit=300%2C120&ssl=1\",\"contentUrl\":\"https:\\\/\\\/i0.wp.com\\\/www.airandme.fr\\\/blog\\\/wp-content\\\/uploads\\\/airandme-logo-blog-300px.png?fit=300%2C120&ssl=1\",\"width\":300,\"height\":120,\"caption\":\"air&me - Le blog du traitement de l'air\"},\"image\":{\"@id\":\"https:\\\/\\\/www.airandme.fr\\\/blog\\\/#\\\/schema\\\/logo\\\/image\\\/\"},\"sameAs\":[\"https:\\\/\\\/www.facebook.com\\\/airandme\",\"https:\\\/\\\/www.instagram.com\\\/air_and_me\\\/\",\"https:\\\/\\\/www.linkedin.com\\\/air-and-me\",\"https:\\\/\\\/www.pinterest.fr\\\/air_and_me\",\"https:\\\/\\\/www.youtube.com\\\/channel\\\/UCmco9cc0iTBmPINR5vaW90A\"]},{\"@type\":\"Person\",\"@id\":\"https:\\\/\\\/www.airandme.fr\\\/blog\\\/#\\\/schema\\\/person\\\/e93285f19075a09c0508c6e97ebfe19b\",\"name\":\"nicolas\",\"image\":{\"@type\":\"ImageObject\",\"inLanguage\":\"fr-FR\",\"@id\":\"https:\\\/\\\/secure.gravatar.com\\\/avatar\\\/2e2d5a700f89460d486959b95cf34fab038ee31f4b655906767c768b9943aad8?s=96&d=mm&r=g\",\"url\":\"https:\\\/\\\/secure.gravatar.com\\\/avatar\\\/2e2d5a700f89460d486959b95cf34fab038ee31f4b655906767c768b9943aad8?s=96&d=mm&r=g\",\"contentUrl\":\"https:\\\/\\\/secure.gravatar.com\\\/avatar\\\/2e2d5a700f89460d486959b95cf34fab038ee31f4b655906767c768b9943aad8?s=96&d=mm&r=g\",\"caption\":\"nicolas\"},\"description\":\"Sp\u00e9cialiste du traitement de l'air chez air&amp;me\",\"url\":\"https:\\\/\\\/www.airandme.fr\\\/blog\\\/author\\\/nicolas\\\/\"}]}<\/script>\n<!-- \/ Yoast SEO plugin. -->","yoast_head_json":{"title":"Les zones de circulation restreinte : ZCR - air&amp;me - Le blog du traitement de l&#039;air","description":"Des mesures ont donc \u00e9t\u00e9 prises pour lutter contre la pollution, parmi lesquelles la cr\u00e9ation de Zones de Circulation Restreinte, ou ZCR.","robots":{"index":"index","follow":"follow","max-snippet":"max-snippet:-1","max-image-preview":"max-image-preview:large","max-video-preview":"max-video-preview:-1"},"canonical":"https:\/\/www.airandme.fr\/blog\/analyse-et-purification-de-lair\/lutte-pollution-zcr\/","og_locale":"fr_FR","og_type":"article","og_title":"Les zones de circulation restreinte : ZCR - air&amp;me - Le blog du traitement de l&#039;air","og_description":"Des mesures ont donc \u00e9t\u00e9 prises pour lutter contre la pollution, parmi lesquelles la cr\u00e9ation de Zones de Circulation Restreinte, ou ZCR.","og_url":"https:\/\/www.airandme.fr\/blog\/analyse-et-purification-de-lair\/lutte-pollution-zcr\/","og_site_name":"air&amp;me - Le blog du traitement de l&#039;air","article_publisher":"https:\/\/www.facebook.com\/airandme","article_published_time":"2016-11-24T10:52:17+00:00","article_modified_time":"2020-07-09T15:53:34+00:00","og_image":[{"width":750,"height":374,"url":"https:\/\/i1.wp.com\/www.airandme.fr\/blog\/wp-content\/uploads\/airandme-des-zones-pour-prendre-l-air-lutte-contre-la-pollution-01.jpg?fit=750%2C374&ssl=1","type":"image\/jpeg"}],"author":"nicolas","twitter_card":"summary_large_image","twitter_misc":{"\u00c9crit par":"nicolas","Dur\u00e9e de lecture estim\u00e9e":"2 minutes"},"schema":{"@context":"https:\/\/schema.org","@graph":[{"@type":"Article","@id":"https:\/\/www.airandme.fr\/blog\/analyse-et-purification-de-lair\/lutte-pollution-zcr\/#article","isPartOf":{"@id":"https:\/\/www.airandme.fr\/blog\/analyse-et-purification-de-lair\/lutte-pollution-zcr\/"},"author":{"name":"nicolas","@id":"https:\/\/www.airandme.fr\/blog\/#\/schema\/person\/e93285f19075a09c0508c6e97ebfe19b"},"headline":"Les zones de circulation restreinte : ZCR","datePublished":"2016-11-24T10:52:17+00:00","dateModified":"2020-07-09T15:53:34+00:00","mainEntityOfPage":{"@id":"https:\/\/www.airandme.fr\/blog\/analyse-et-purification-de-lair\/lutte-pollution-zcr\/"},"wordCount":468,"commentCount":0,"publisher":{"@id":"https:\/\/www.airandme.fr\/blog\/#organization"},"image":{"@id":"https:\/\/www.airandme.fr\/blog\/analyse-et-purification-de-lair\/lutte-pollution-zcr\/#primaryimage"},"thumbnailUrl":"https:\/\/i0.wp.com\/www.airandme.fr\/blog\/wp-content\/uploads\/airandme-des-zones-pour-prendre-l-air-lutte-contre-la-pollution-01.jpg?fit=750%2C374&ssl=1","articleSection":["Analyse et purification de l'air"],"inLanguage":"fr-FR","potentialAction":[{"@type":"CommentAction","name":"Comment","target":["https:\/\/www.airandme.fr\/blog\/analyse-et-purification-de-lair\/lutte-pollution-zcr\/#respond"]}]},{"@type":"WebPage","@id":"https:\/\/www.airandme.fr\/blog\/analyse-et-purification-de-lair\/lutte-pollution-zcr\/","url":"https:\/\/www.airandme.fr\/blog\/analyse-et-purification-de-lair\/lutte-pollution-zcr\/","name":"Les zones de circulation restreinte : ZCR - air&amp;me - Le blog du traitement de l&#039;air","isPartOf":{"@id":"https:\/\/www.airandme.fr\/blog\/#website"},"primaryImageOfPage":{"@id":"https:\/\/www.airandme.fr\/blog\/analyse-et-purification-de-lair\/lutte-pollution-zcr\/#primaryimage"},"image":{"@id":"https:\/\/www.airandme.fr\/blog\/analyse-et-purification-de-lair\/lutte-pollution-zcr\/#primaryimage"},"thumbnailUrl":"https:\/\/i0.wp.com\/www.airandme.fr\/blog\/wp-content\/uploads\/airandme-des-zones-pour-prendre-l-air-lutte-contre-la-pollution-01.jpg?fit=750%2C374&ssl=1","datePublished":"2016-11-24T10:52:17+00:00","dateModified":"2020-07-09T15:53:34+00:00","description":"Des mesures ont donc \u00e9t\u00e9 prises pour lutter contre la pollution, parmi lesquelles la cr\u00e9ation de Zones de Circulation Restreinte, ou ZCR.","breadcrumb":{"@id":"https:\/\/www.airandme.fr\/blog\/analyse-et-purification-de-lair\/lutte-pollution-zcr\/#breadcrumb"},"inLanguage":"fr-FR","potentialAction":[{"@type":"ReadAction","target":["https:\/\/www.airandme.fr\/blog\/analyse-et-purification-de-lair\/lutte-pollution-zcr\/"]}]},{"@type":"ImageObject","inLanguage":"fr-FR","@id":"https:\/\/www.airandme.fr\/blog\/analyse-et-purification-de-lair\/lutte-pollution-zcr\/#primaryimage","url":"https:\/\/i0.wp.com\/www.airandme.fr\/blog\/wp-content\/uploads\/airandme-des-zones-pour-prendre-l-air-lutte-contre-la-pollution-01.jpg?fit=750%2C374&ssl=1","contentUrl":"https:\/\/i0.wp.com\/www.airandme.fr\/blog\/wp-content\/uploads\/airandme-des-zones-pour-prendre-l-air-lutte-contre-la-pollution-01.jpg?fit=750%2C374&ssl=1","width":750,"height":374,"caption":"www.eatmylens.com - Edouard FAURE"},{"@type":"BreadcrumbList","@id":"https:\/\/www.airandme.fr\/blog\/analyse-et-purification-de-lair\/lutte-pollution-zcr\/#breadcrumb","itemListElement":[{"@type":"ListItem","position":1,"name":"Accueil","item":"https:\/\/www.airandme.fr\/blog\/"},{"@type":"ListItem","position":2,"name":"Analyse et purification de l'air","item":"https:\/\/www.airandme.fr\/blog\/category\/analyse-et-purification-de-lair\/"},{"@type":"ListItem","position":3,"name":"Les zones de circulation restreinte : ZCR"}]},{"@type":"WebSite","@id":"https:\/\/www.airandme.fr\/blog\/#website","url":"https:\/\/www.airandme.fr\/blog\/","name":"air&me - Le blog du traitement de l'air","description":"Solutions pour le traitement de l&#039;air int\u00e9rieur - Le blog du bien air chez soi","publisher":{"@id":"https:\/\/www.airandme.fr\/blog\/#organization"},"potentialAction":[{"@type":"SearchAction","target":{"@type":"EntryPoint","urlTemplate":"https:\/\/www.airandme.fr\/blog\/?s={search_term_string}"},"query-input":{"@type":"PropertyValueSpecification","valueRequired":true,"valueName":"search_term_string"}}],"inLanguage":"fr-FR"},{"@type":"Organization","@id":"https:\/\/www.airandme.fr\/blog\/#organization","name":"air&me - Le blog du traitement de l'air","url":"https:\/\/www.airandme.fr\/blog\/","logo":{"@type":"ImageObject","inLanguage":"fr-FR","@id":"https:\/\/www.airandme.fr\/blog\/#\/schema\/logo\/image\/","url":"https:\/\/i0.wp.com\/www.airandme.fr\/blog\/wp-content\/uploads\/airandme-logo-blog-300px.png?fit=300%2C120&ssl=1","contentUrl":"https:\/\/i0.wp.com\/www.airandme.fr\/blog\/wp-content\/uploads\/airandme-logo-blog-300px.png?fit=300%2C120&ssl=1","width":300,"height":120,"caption":"air&me - Le blog du traitement de l'air"},"image":{"@id":"https:\/\/www.airandme.fr\/blog\/#\/schema\/logo\/image\/"},"sameAs":["https:\/\/www.facebook.com\/airandme","https:\/\/www.instagram.com\/air_and_me\/","https:\/\/www.linkedin.com\/air-and-me","https:\/\/www.pinterest.fr\/air_and_me","https:\/\/www.youtube.com\/channel\/UCmco9cc0iTBmPINR5vaW90A"]},{"@type":"Person","@id":"https:\/\/www.airandme.fr\/blog\/#\/schema\/person\/e93285f19075a09c0508c6e97ebfe19b","name":"nicolas","image":{"@type":"ImageObject","inLanguage":"fr-FR","@id":"https:\/\/secure.gravatar.com\/avatar\/2e2d5a700f89460d486959b95cf34fab038ee31f4b655906767c768b9943aad8?s=96&d=mm&r=g","url":"https:\/\/secure.gravatar.com\/avatar\/2e2d5a700f89460d486959b95cf34fab038ee31f4b655906767c768b9943aad8?s=96&d=mm&r=g","contentUrl":"https:\/\/secure.gravatar.com\/avatar\/2e2d5a700f89460d486959b95cf34fab038ee31f4b655906767c768b9943aad8?s=96&d=mm&r=g","caption":"nicolas"},"description":"Sp\u00e9cialiste du traitement de l'air chez air&amp;me","url":"https:\/\/www.airandme.fr\/blog\/author\/nicolas\/"}]}},"jetpack_featured_media_url":"https:\/\/i0.wp.com\/www.airandme.fr\/blog\/wp-content\/uploads\/airandme-des-zones-pour-prendre-l-air-lutte-contre-la-pollution-01.jpg?fit=750%2C374&ssl=1","jetpack_sharing_enabled":true,"jetpack_shortlink":"https:\/\/wp.me\/paHeLN-2np","_links":{"self":[{"href":"https:\/\/www.airandme.fr\/blog\/wp-json\/wp\/v2\/posts\/9139","targetHints":{"allow":["GET"]}}],"collection":[{"href":"https:\/\/www.airandme.fr\/blog\/wp-json\/wp\/v2\/posts"}],"about":[{"href":"https:\/\/www.airandme.fr\/blog\/wp-json\/wp\/v2\/types\/post"}],"author":[{"embeddable":true,"href":"https:\/\/www.airandme.fr\/blog\/wp-json\/wp\/v2\/users\/2"}],"replies":[{"embeddable":true,"href":"https:\/\/www.airandme.fr\/blog\/wp-json\/wp\/v2\/comments?post=9139"}],"version-history":[{"count":3,"href":"https:\/\/www.airandme.fr\/blog\/wp-json\/wp\/v2\/posts\/9139\/revisions"}],"predecessor-version":[{"id":17002,"href":"https:\/\/www.airandme.fr\/blog\/wp-json\/wp\/v2\/posts\/9139\/revisions\/17002"}],"wp:featuredmedia":[{"embeddable":true,"href":"https:\/\/www.airandme.fr\/blog\/wp-json\/wp\/v2\/media\/16336"}],"wp:attachment":[{"href":"https:\/\/www.airandme.fr\/blog\/wp-json\/wp\/v2\/media?parent=9139"}],"wp:term":[{"taxonomy":"category","embeddable":true,"href":"https:\/\/www.airandme.fr\/blog\/wp-json\/wp\/v2\/categories?post=9139"},{"taxonomy":"post_tag","embeddable":true,"href":"https:\/\/www.airandme.fr\/blog\/wp-json\/wp\/v2\/tags?post=9139"}],"curies":[{"name":"wp","href":"https:\/\/api.w.org\/{rel}","templated":true}]}}