{"id":9168,"date":"2016-12-23T11:29:28","date_gmt":"2016-12-23T10:29:28","guid":{"rendered":"https:\/\/www.airandme.fr\/blog\/\/?p=9168"},"modified":"2025-04-15T12:36:47","modified_gmt":"2025-04-15T10:36:47","slug":"etre-belle-tout-en-gardant-un-air-naturel","status":"publish","type":"post","link":"https:\/\/www.airandme.fr\/blog\/pollution-et-qualite-de-l-air-interieur\/etre-belle-tout-en-gardant-un-air-naturel\/","title":{"rendered":"Hydratation de la peau &#038; qualit\u00e9 de l&rsquo;air"},"content":{"rendered":"<p style=\"text-align: justify;\">Entre la pollution, l\u2019air sec, ou l\u2019humidit\u00e9,\u00a0la qualit\u00e9 de l&rsquo;air influe \u00e9norm\u00e9ment sur la sant\u00e9 mais aussi sur la beaut\u00e9.<\/p>\n<p style=\"text-align: justify;\">Plus particuli\u00e8rement en hiver,\u00a0un air trop chauff\u00e9 est souvent un air trop sec, et cela engendre des d\u00e9g\u00e2ts cutan\u00e9s tels qu&rsquo;une peau ass\u00e9ch\u00e9e, d\u00e9shydrat\u00e9e et terne, les l\u00e8vres gerc\u00e9es, l\u2019acc\u00e9l\u00e9ration du vieillissement de la peau ou des rougeurs disgracieuses.<\/p>\n<p style=\"text-align: justify;\">Pour pallier \u00e0 ces probl\u00e8mes, nous avons l&rsquo;habitude d\u2019opter pour toutes sortes de produits de beaut\u00e9 : cr\u00e8mes hydratantes, s\u00e9bums, lotions anti-rougeurs, anti-d\u00e9mangeaisons, &#8230; certes, il est bon de traiter localement ces petits soucis, mais r\u00e9solvons dor\u00e9navant\u00a0le probl\u00e8me en amont\u00a0au lieu de le traiter simplement en surface. De nouvelles techniques, beaucoup moins nocives et plus naturelles d\u00e9barquent dans le monde de la beaut\u00e9 : Les appareils de traitement de l&rsquo;air. Le principe: rendre l\u2019air plus sain pour \u00eatre tout simplement mieux dans sa peau.<\/p>\n<ul>\n<li style=\"text-align: justify;\"><strong>Un air trop sec <\/strong>: Le manque d\u2019humidit\u00e9 n\u2019est pas seulement mauvais pour notre peau, il a \u00e9galement une incidence sur nos cheveux\u00a0! Une crini\u00e8re\u00a0indomptable, qui s\u2019emm\u00eale ou \u00e9lectrique: cela peut-\u00eatre d\u00e9sagr\u00e9able ou inesth\u00e9tique!\u00a0Pour \u00e9viter d\u2019avoir des antennes capillaires d\u00e8s que nous enlevons notre\u00a0\u00e9charpe, il est temps de se procurer un<a href=\"https:\/\/airandme.fr\/fr\/6-humidificateurs-dair-par-technologie\" target=\"_blank\" rel=\"noopener\"> humidificateur d\u2019air<\/a>\u00a0!\u00a0C\u2019est LA solution pour lutter contre les effets n\u00e9fastes de l\u2019air sec, aussi bien pour la peau que pour les cheveux. Il att\u00e9nue la s\u00e9cheresse ambiante, et par cons\u00e9quent, celle de notre\u00a0peau. \u00a0Gota, par air&amp;me, est un <a href=\"https:\/\/airandme.fr\/fr\/113-ultrason\" target=\"_blank\" rel=\"noopener\">humidificateur \u00e0 ultrasons<\/a>, qui r\u00e9gule l\u2019humidit\u00e9 de fa\u00e7on automatique ! Et en plus, il est design. Que demander de plus ?<\/li>\n<\/ul>\n<ul>\n<li style=\"text-align: justify;\"><strong>Un air pollu\u00e9 :<\/strong> En plus du manque d&rsquo;humidit\u00e9, la pollution de l\u2019air int\u00e9rieur comme ext\u00e9rieur attaque la peau. Les principaux antioxydants (vitamine E et C) de la peau s\u2019\u00e9puisent \u00e0 force de combattre ces attaques ext\u00e9rieures. Avec un <a href=\"https:\/\/airandme.fr\/fr\/27-purification-de-lair\" target=\"_blank\" rel=\"noopener\">purificateur d\u2019air<\/a>, tel que <a href=\"https:\/\/airandme.fr\/fr\/purification-de-lair\/513-purificateur-buldair.html\" target=\"_blank\" rel=\"noopener\">Buldair<\/a>\u00a0vous \u00eates s\u00fbrs d\u2019avoir un air sain et purifi\u00e9. Finis les probl\u00e8mes de peau li\u00e9s au mauvais air, \u00e0 vous un visage lisse et radieux !<\/li>\n<\/ul>\n<ul>\n<li style=\"text-align: justify;\"><strong>Un\u00a0air trop humide<\/strong> : c&rsquo;est la cause principale des cheveux qui frisottent et qui ondulent. Vraiment d\u00e9rangeant, d\u2019autant plus lorsque nous passons une heure \u00e0 nous les lisser ! Il faut aussi savoir que les cosm\u00e9tiques ont une dur\u00e9e de vie, et que l\u2019humidit\u00e9 la r\u00e9duit consid\u00e9rablement. Pour rappel, le mascara se conserve maximum 3 mois, le rouge \u00e0 l\u00e8vre 1 an, le gloss 3 mois et les soins pour la peau 1 an. La solution est la d\u00e9shumidification. Le d\u00e9shumidificateur d\u2019air <a href=\"https:\/\/airandme.fr\/fr\/deshumidificateur-d-air\/1207-deshumidificateur-d-air-a-compresseur-theo.html\" target=\"_blank\" rel=\"noopener\">Theo<\/a> , est adapt\u00e9 aux espaces allant jusqu\u2019\u00e0 90 m\u00b2. Peu \u00e9nergivore, il est silencieux, compact et au design discret.<\/li>\n<\/ul>\n<p style=\"text-align: center;\">\u00a0En plus de l\u2019aspect physique, avoir un air sain chez soi aide au bien-\u00eatre int\u00e9rieur\u00a0et donc, \u00e0 se sentir mieux\u00a0!<\/p>\n<p style=\"text-align: center;\">N\u2019oubliez pas qu\u2019un <strong>taux d\u2019humidit\u00e9<\/strong> id\u00e9al est compris entre <strong>40 et 60 %<\/strong> .<br \/>\u00c9quipez-vous d\u2019un <a href=\"https:\/\/airandme.fr\/fr\/92-stations-meteo\" target=\"_blank\" rel=\"noopener\">hygrom\u00e8tre<\/a> afin de conna\u00eetre l\u2019humidit\u00e9 qu\u2019il y r\u00e8gne dans votre maison\u00a0\ud83d\ude09<\/p>\n<p style=\"text-align: center;\">Soyez toute belle en gardant un air naturel !<\/p>\n\n\n<p><\/p>\n","protected":false},"excerpt":{"rendered":"<p>Entre la pollution, l\u2019air sec, ou l\u2019humidit\u00e9,\u00a0la qualit\u00e9 de l&rsquo;air influe \u00e9norm\u00e9ment sur la sant\u00e9 mais aussi sur la beaut\u00e9. Plus particuli\u00e8rement en hiver,\u00a0un air trop chauff\u00e9 est souvent un air trop sec, et cela engendre des d\u00e9g\u00e2ts cutan\u00e9s tels qu&rsquo;une peau ass\u00e9ch\u00e9e, d\u00e9shydrat\u00e9e et terne, les l\u00e8vres gerc\u00e9es, l\u2019acc\u00e9l\u00e9ration du vieillissement de la peau [&hellip;]<\/p>\n","protected":false},"author":2,"featured_media":16537,"comment_status":"open","ping_status":"open","sticky":false,"template":"","format":"standard","meta":{"jetpack_post_was_ever_published":false,"_jetpack_newsletter_access":"","_jetpack_dont_email_post_to_subs":false,"_jetpack_newsletter_tier_id":0,"_jetpack_memberships_contains_paywalled_content":false,"_jetpack_memberships_contains_paid_content":false,"jnews-multi-image_gallery":[],"jnews_single_post":{"subtitle":"","format":"standard","video":"","gallery":"","source_name":"","source_url":"","via_name":"","via_url":"","override":[{"template":"1","single_blog_custom":"","parallax":"1","layout":"right-sidebar","sidebar":"default-sidebar","second_sidebar":"","sticky_sidebar":"1","share_position":"top","share_float_style":"share-monocrhome","show_share_counter":"1","show_view_counter":"1","show_featured":"1","show_post_meta":"1","show_post_author":"1","show_post_author_image":"1","show_post_date":"1","post_date_format":"","post_date_format_custom":"","show_post_category":"1","post_reading_time_wpm":"","zoom_button_out_step":"1","zoom_button_in_step":"1","show_post_tag":"1","show_prev_next_post":"1","show_popup_post":"1","number_popup_post":"1","show_post_related":"1"}],"image_override":[{"single_post_thumbnail_size":"crop-500","single_post_gallery_size":"crop-500"}],"trending_post_position":"","trending_post_label":"","sponsored_post_label":"","sponsored_post_name":"","sponsored_post_url":"","sponsored_post_logo":"","sponsored_post_desc":""},"jnews_primary_category":{"id":""},"jnews_social_meta":{"fb_title":"","fb_description":"","fb_image":"","twitter_title":"","twitter_description":"","twitter_image":""},"footnotes":""},"categories":[711,709,710,712],"tags":[],"class_list":["post-9168","post","type-post","status-publish","format-standard","has-post-thumbnail","hentry","category-analyse-et-purification-de-lair","category-deshumidification","category-humidification","category-pollution-et-qualite-de-l-air-interieur"],"yoast_head":"<!-- This site is optimized with the Yoast SEO plugin v27.4 - https:\/\/yoast.com\/product\/yoast-seo-wordpress\/ -->\n<title>Hydratation de la peau &amp; qualit\u00e9 de l&#039;air - air&amp;me<\/title>\n<meta name=\"description\" content=\"D\u00e9couvrez comment l&#039;air sec, pollu\u00e9 ou trop humide affecte votre peau et vos cheveux, et comment les appareils de traitement de l&#039;air peuvent y rem\u00e9dier.\" \/>\n<meta name=\"robots\" content=\"index, follow, max-snippet:-1, max-image-preview:large, max-video-preview:-1\" \/>\n<link rel=\"canonical\" href=\"https:\/\/www.airandme.fr\/blog\/pollution-et-qualite-de-l-air-interieur\/etre-belle-tout-en-gardant-un-air-naturel\/\" \/>\n<meta property=\"og:locale\" content=\"fr_FR\" \/>\n<meta property=\"og:type\" content=\"article\" \/>\n<meta property=\"og:title\" content=\"Hydratation de la peau &amp; qualit\u00e9 de l&#039;air - air&amp;me\" \/>\n<meta property=\"og:description\" content=\"D\u00e9couvrez comment l&#039;air sec, pollu\u00e9 ou trop humide affecte votre peau et vos cheveux, et comment les appareils de traitement de l&#039;air peuvent y rem\u00e9dier.\" \/>\n<meta property=\"og:url\" content=\"https:\/\/www.airandme.fr\/blog\/pollution-et-qualite-de-l-air-interieur\/etre-belle-tout-en-gardant-un-air-naturel\/\" \/>\n<meta property=\"og:site_name\" content=\"air&amp;me - Le blog du traitement de l&#039;air\" \/>\n<meta property=\"article:publisher\" content=\"https:\/\/www.facebook.com\/airandme\" \/>\n<meta property=\"article:published_time\" content=\"2016-12-23T10:29:28+00:00\" \/>\n<meta property=\"article:modified_time\" content=\"2025-04-15T10:36:47+00:00\" \/>\n<meta property=\"og:image\" content=\"https:\/\/www.airandme.fr\/blog\/wp-content\/uploads\/airandme-hydratation-de-la-peau-et-qualit\u00e9-de-l-air-01.jpg\" \/>\n\t<meta property=\"og:image:width\" content=\"750\" \/>\n\t<meta property=\"og:image:height\" content=\"374\" \/>\n\t<meta property=\"og:image:type\" content=\"image\/jpeg\" \/>\n<meta name=\"author\" content=\"nicolas\" \/>\n<meta name=\"twitter:card\" content=\"summary_large_image\" \/>\n<meta name=\"twitter:label1\" content=\"\u00c9crit par\" \/>\n\t<meta name=\"twitter:data1\" content=\"nicolas\" \/>\n\t<meta name=\"twitter:label2\" content=\"Dur\u00e9e de lecture estim\u00e9e\" \/>\n\t<meta name=\"twitter:data2\" content=\"3 minutes\" \/>\n<script type=\"application\/ld+json\" class=\"yoast-schema-graph\">{\"@context\":\"https:\\\/\\\/schema.org\",\"@graph\":[{\"@type\":\"Article\",\"@id\":\"https:\\\/\\\/www.airandme.fr\\\/blog\\\/pollution-et-qualite-de-l-air-interieur\\\/etre-belle-tout-en-gardant-un-air-naturel\\\/#article\",\"isPartOf\":{\"@id\":\"https:\\\/\\\/www.airandme.fr\\\/blog\\\/pollution-et-qualite-de-l-air-interieur\\\/etre-belle-tout-en-gardant-un-air-naturel\\\/\"},\"author\":{\"name\":\"nicolas\",\"@id\":\"https:\\\/\\\/www.airandme.fr\\\/blog\\\/#\\\/schema\\\/person\\\/e93285f19075a09c0508c6e97ebfe19b\"},\"headline\":\"Hydratation de la peau &#038; qualit\u00e9 de l&rsquo;air\",\"datePublished\":\"2016-12-23T10:29:28+00:00\",\"dateModified\":\"2025-04-15T10:36:47+00:00\",\"mainEntityOfPage\":{\"@id\":\"https:\\\/\\\/www.airandme.fr\\\/blog\\\/pollution-et-qualite-de-l-air-interieur\\\/etre-belle-tout-en-gardant-un-air-naturel\\\/\"},\"wordCount\":561,\"commentCount\":0,\"publisher\":{\"@id\":\"https:\\\/\\\/www.airandme.fr\\\/blog\\\/#organization\"},\"image\":{\"@id\":\"https:\\\/\\\/www.airandme.fr\\\/blog\\\/pollution-et-qualite-de-l-air-interieur\\\/etre-belle-tout-en-gardant-un-air-naturel\\\/#primaryimage\"},\"thumbnailUrl\":\"https:\\\/\\\/i0.wp.com\\\/www.airandme.fr\\\/blog\\\/wp-content\\\/uploads\\\/airandme-hydratation-de-la-peau-et-qualit%C3%A9-de-l-air-01.jpg?fit=750%2C374&ssl=1\",\"articleSection\":[\"Analyse et purification de l'air\",\"D\u00e9shumidification de l'air\",\"Humidification de l'air\",\"Pollution et qualit\u00e9 de l'air int\u00e9rieur\"],\"inLanguage\":\"fr-FR\",\"potentialAction\":[{\"@type\":\"CommentAction\",\"name\":\"Comment\",\"target\":[\"https:\\\/\\\/www.airandme.fr\\\/blog\\\/pollution-et-qualite-de-l-air-interieur\\\/etre-belle-tout-en-gardant-un-air-naturel\\\/#respond\"]}]},{\"@type\":\"WebPage\",\"@id\":\"https:\\\/\\\/www.airandme.fr\\\/blog\\\/pollution-et-qualite-de-l-air-interieur\\\/etre-belle-tout-en-gardant-un-air-naturel\\\/\",\"url\":\"https:\\\/\\\/www.airandme.fr\\\/blog\\\/pollution-et-qualite-de-l-air-interieur\\\/etre-belle-tout-en-gardant-un-air-naturel\\\/\",\"name\":\"Hydratation de la peau & qualit\u00e9 de l'air - air&me\",\"isPartOf\":{\"@id\":\"https:\\\/\\\/www.airandme.fr\\\/blog\\\/#website\"},\"primaryImageOfPage\":{\"@id\":\"https:\\\/\\\/www.airandme.fr\\\/blog\\\/pollution-et-qualite-de-l-air-interieur\\\/etre-belle-tout-en-gardant-un-air-naturel\\\/#primaryimage\"},\"image\":{\"@id\":\"https:\\\/\\\/www.airandme.fr\\\/blog\\\/pollution-et-qualite-de-l-air-interieur\\\/etre-belle-tout-en-gardant-un-air-naturel\\\/#primaryimage\"},\"thumbnailUrl\":\"https:\\\/\\\/i0.wp.com\\\/www.airandme.fr\\\/blog\\\/wp-content\\\/uploads\\\/airandme-hydratation-de-la-peau-et-qualit%C3%A9-de-l-air-01.jpg?fit=750%2C374&ssl=1\",\"datePublished\":\"2016-12-23T10:29:28+00:00\",\"dateModified\":\"2025-04-15T10:36:47+00:00\",\"description\":\"D\u00e9couvrez comment l'air sec, pollu\u00e9 ou trop humide affecte votre peau et vos cheveux, et comment les appareils de traitement de l'air peuvent y rem\u00e9dier.\",\"breadcrumb\":{\"@id\":\"https:\\\/\\\/www.airandme.fr\\\/blog\\\/pollution-et-qualite-de-l-air-interieur\\\/etre-belle-tout-en-gardant-un-air-naturel\\\/#breadcrumb\"},\"inLanguage\":\"fr-FR\",\"potentialAction\":[{\"@type\":\"ReadAction\",\"target\":[\"https:\\\/\\\/www.airandme.fr\\\/blog\\\/pollution-et-qualite-de-l-air-interieur\\\/etre-belle-tout-en-gardant-un-air-naturel\\\/\"]}]},{\"@type\":\"ImageObject\",\"inLanguage\":\"fr-FR\",\"@id\":\"https:\\\/\\\/www.airandme.fr\\\/blog\\\/pollution-et-qualite-de-l-air-interieur\\\/etre-belle-tout-en-gardant-un-air-naturel\\\/#primaryimage\",\"url\":\"https:\\\/\\\/i0.wp.com\\\/www.airandme.fr\\\/blog\\\/wp-content\\\/uploads\\\/airandme-hydratation-de-la-peau-et-qualit%C3%A9-de-l-air-01.jpg?fit=750%2C374&ssl=1\",\"contentUrl\":\"https:\\\/\\\/i0.wp.com\\\/www.airandme.fr\\\/blog\\\/wp-content\\\/uploads\\\/airandme-hydratation-de-la-peau-et-qualit%C3%A9-de-l-air-01.jpg?fit=750%2C374&ssl=1\",\"width\":750,\"height\":374,\"caption\":\"airandme-Hydratation de la peau & Qualit\u00e9 de l\u2019air\"},{\"@type\":\"BreadcrumbList\",\"@id\":\"https:\\\/\\\/www.airandme.fr\\\/blog\\\/pollution-et-qualite-de-l-air-interieur\\\/etre-belle-tout-en-gardant-un-air-naturel\\\/#breadcrumb\",\"itemListElement\":[{\"@type\":\"ListItem\",\"position\":1,\"name\":\"Accueil\",\"item\":\"https:\\\/\\\/www.airandme.fr\\\/blog\\\/\"},{\"@type\":\"ListItem\",\"position\":2,\"name\":\"Pollution et qualit\u00e9 de l'air int\u00e9rieur\",\"item\":\"https:\\\/\\\/www.airandme.fr\\\/blog\\\/category\\\/pollution-et-qualite-de-l-air-interieur\\\/\"},{\"@type\":\"ListItem\",\"position\":3,\"name\":\"Hydratation de la peau &#038; qualit\u00e9 de l&rsquo;air\"}]},{\"@type\":\"WebSite\",\"@id\":\"https:\\\/\\\/www.airandme.fr\\\/blog\\\/#website\",\"url\":\"https:\\\/\\\/www.airandme.fr\\\/blog\\\/\",\"name\":\"air&me - Le blog du traitement de l'air\",\"description\":\"Solutions pour le traitement de l&#039;air int\u00e9rieur - Le blog du bien air chez soi\",\"publisher\":{\"@id\":\"https:\\\/\\\/www.airandme.fr\\\/blog\\\/#organization\"},\"potentialAction\":[{\"@type\":\"SearchAction\",\"target\":{\"@type\":\"EntryPoint\",\"urlTemplate\":\"https:\\\/\\\/www.airandme.fr\\\/blog\\\/?s={search_term_string}\"},\"query-input\":{\"@type\":\"PropertyValueSpecification\",\"valueRequired\":true,\"valueName\":\"search_term_string\"}}],\"inLanguage\":\"fr-FR\"},{\"@type\":\"Organization\",\"@id\":\"https:\\\/\\\/www.airandme.fr\\\/blog\\\/#organization\",\"name\":\"air&me - Le blog du traitement de l'air\",\"url\":\"https:\\\/\\\/www.airandme.fr\\\/blog\\\/\",\"logo\":{\"@type\":\"ImageObject\",\"inLanguage\":\"fr-FR\",\"@id\":\"https:\\\/\\\/www.airandme.fr\\\/blog\\\/#\\\/schema\\\/logo\\\/image\\\/\",\"url\":\"https:\\\/\\\/i0.wp.com\\\/www.airandme.fr\\\/blog\\\/wp-content\\\/uploads\\\/airandme-logo-blog-300px.png?fit=300%2C120&ssl=1\",\"contentUrl\":\"https:\\\/\\\/i0.wp.com\\\/www.airandme.fr\\\/blog\\\/wp-content\\\/uploads\\\/airandme-logo-blog-300px.png?fit=300%2C120&ssl=1\",\"width\":300,\"height\":120,\"caption\":\"air&me - Le blog du traitement de l'air\"},\"image\":{\"@id\":\"https:\\\/\\\/www.airandme.fr\\\/blog\\\/#\\\/schema\\\/logo\\\/image\\\/\"},\"sameAs\":[\"https:\\\/\\\/www.facebook.com\\\/airandme\",\"https:\\\/\\\/www.instagram.com\\\/air_and_me\\\/\",\"https:\\\/\\\/www.linkedin.com\\\/air-and-me\",\"https:\\\/\\\/www.pinterest.fr\\\/air_and_me\",\"https:\\\/\\\/www.youtube.com\\\/channel\\\/UCmco9cc0iTBmPINR5vaW90A\"]},{\"@type\":\"Person\",\"@id\":\"https:\\\/\\\/www.airandme.fr\\\/blog\\\/#\\\/schema\\\/person\\\/e93285f19075a09c0508c6e97ebfe19b\",\"name\":\"nicolas\",\"image\":{\"@type\":\"ImageObject\",\"inLanguage\":\"fr-FR\",\"@id\":\"https:\\\/\\\/secure.gravatar.com\\\/avatar\\\/2e2d5a700f89460d486959b95cf34fab038ee31f4b655906767c768b9943aad8?s=96&d=mm&r=g\",\"url\":\"https:\\\/\\\/secure.gravatar.com\\\/avatar\\\/2e2d5a700f89460d486959b95cf34fab038ee31f4b655906767c768b9943aad8?s=96&d=mm&r=g\",\"contentUrl\":\"https:\\\/\\\/secure.gravatar.com\\\/avatar\\\/2e2d5a700f89460d486959b95cf34fab038ee31f4b655906767c768b9943aad8?s=96&d=mm&r=g\",\"caption\":\"nicolas\"},\"description\":\"Sp\u00e9cialiste du traitement de l'air chez air&amp;me\",\"url\":\"https:\\\/\\\/www.airandme.fr\\\/blog\\\/author\\\/nicolas\\\/\"}]}<\/script>\n<!-- \/ Yoast SEO plugin. -->","yoast_head_json":{"title":"Hydratation de la peau & qualit\u00e9 de l'air - air&me","description":"D\u00e9couvrez comment l'air sec, pollu\u00e9 ou trop humide affecte votre peau et vos cheveux, et comment les appareils de traitement de l'air peuvent y rem\u00e9dier.","robots":{"index":"index","follow":"follow","max-snippet":"max-snippet:-1","max-image-preview":"max-image-preview:large","max-video-preview":"max-video-preview:-1"},"canonical":"https:\/\/www.airandme.fr\/blog\/pollution-et-qualite-de-l-air-interieur\/etre-belle-tout-en-gardant-un-air-naturel\/","og_locale":"fr_FR","og_type":"article","og_title":"Hydratation de la peau & qualit\u00e9 de l'air - air&me","og_description":"D\u00e9couvrez comment l'air sec, pollu\u00e9 ou trop humide affecte votre peau et vos cheveux, et comment les appareils de traitement de l'air peuvent y rem\u00e9dier.","og_url":"https:\/\/www.airandme.fr\/blog\/pollution-et-qualite-de-l-air-interieur\/etre-belle-tout-en-gardant-un-air-naturel\/","og_site_name":"air&amp;me - Le blog du traitement de l&#039;air","article_publisher":"https:\/\/www.facebook.com\/airandme","article_published_time":"2016-12-23T10:29:28+00:00","article_modified_time":"2025-04-15T10:36:47+00:00","og_image":[{"width":750,"height":374,"url":"https:\/\/www.airandme.fr\/blog\/wp-content\/uploads\/airandme-hydratation-de-la-peau-et-qualit\u00e9-de-l-air-01.jpg","type":"image\/jpeg"}],"author":"nicolas","twitter_card":"summary_large_image","twitter_misc":{"\u00c9crit par":"nicolas","Dur\u00e9e de lecture estim\u00e9e":"3 minutes"},"schema":{"@context":"https:\/\/schema.org","@graph":[{"@type":"Article","@id":"https:\/\/www.airandme.fr\/blog\/pollution-et-qualite-de-l-air-interieur\/etre-belle-tout-en-gardant-un-air-naturel\/#article","isPartOf":{"@id":"https:\/\/www.airandme.fr\/blog\/pollution-et-qualite-de-l-air-interieur\/etre-belle-tout-en-gardant-un-air-naturel\/"},"author":{"name":"nicolas","@id":"https:\/\/www.airandme.fr\/blog\/#\/schema\/person\/e93285f19075a09c0508c6e97ebfe19b"},"headline":"Hydratation de la peau &#038; qualit\u00e9 de l&rsquo;air","datePublished":"2016-12-23T10:29:28+00:00","dateModified":"2025-04-15T10:36:47+00:00","mainEntityOfPage":{"@id":"https:\/\/www.airandme.fr\/blog\/pollution-et-qualite-de-l-air-interieur\/etre-belle-tout-en-gardant-un-air-naturel\/"},"wordCount":561,"commentCount":0,"publisher":{"@id":"https:\/\/www.airandme.fr\/blog\/#organization"},"image":{"@id":"https:\/\/www.airandme.fr\/blog\/pollution-et-qualite-de-l-air-interieur\/etre-belle-tout-en-gardant-un-air-naturel\/#primaryimage"},"thumbnailUrl":"https:\/\/i0.wp.com\/www.airandme.fr\/blog\/wp-content\/uploads\/airandme-hydratation-de-la-peau-et-qualit%C3%A9-de-l-air-01.jpg?fit=750%2C374&ssl=1","articleSection":["Analyse et purification de l'air","D\u00e9shumidification de l'air","Humidification de l'air","Pollution et qualit\u00e9 de l'air int\u00e9rieur"],"inLanguage":"fr-FR","potentialAction":[{"@type":"CommentAction","name":"Comment","target":["https:\/\/www.airandme.fr\/blog\/pollution-et-qualite-de-l-air-interieur\/etre-belle-tout-en-gardant-un-air-naturel\/#respond"]}]},{"@type":"WebPage","@id":"https:\/\/www.airandme.fr\/blog\/pollution-et-qualite-de-l-air-interieur\/etre-belle-tout-en-gardant-un-air-naturel\/","url":"https:\/\/www.airandme.fr\/blog\/pollution-et-qualite-de-l-air-interieur\/etre-belle-tout-en-gardant-un-air-naturel\/","name":"Hydratation de la peau & qualit\u00e9 de l'air - air&me","isPartOf":{"@id":"https:\/\/www.airandme.fr\/blog\/#website"},"primaryImageOfPage":{"@id":"https:\/\/www.airandme.fr\/blog\/pollution-et-qualite-de-l-air-interieur\/etre-belle-tout-en-gardant-un-air-naturel\/#primaryimage"},"image":{"@id":"https:\/\/www.airandme.fr\/blog\/pollution-et-qualite-de-l-air-interieur\/etre-belle-tout-en-gardant-un-air-naturel\/#primaryimage"},"thumbnailUrl":"https:\/\/i0.wp.com\/www.airandme.fr\/blog\/wp-content\/uploads\/airandme-hydratation-de-la-peau-et-qualit%C3%A9-de-l-air-01.jpg?fit=750%2C374&ssl=1","datePublished":"2016-12-23T10:29:28+00:00","dateModified":"2025-04-15T10:36:47+00:00","description":"D\u00e9couvrez comment l'air sec, pollu\u00e9 ou trop humide affecte votre peau et vos cheveux, et comment les appareils de traitement de l'air peuvent y rem\u00e9dier.","breadcrumb":{"@id":"https:\/\/www.airandme.fr\/blog\/pollution-et-qualite-de-l-air-interieur\/etre-belle-tout-en-gardant-un-air-naturel\/#breadcrumb"},"inLanguage":"fr-FR","potentialAction":[{"@type":"ReadAction","target":["https:\/\/www.airandme.fr\/blog\/pollution-et-qualite-de-l-air-interieur\/etre-belle-tout-en-gardant-un-air-naturel\/"]}]},{"@type":"ImageObject","inLanguage":"fr-FR","@id":"https:\/\/www.airandme.fr\/blog\/pollution-et-qualite-de-l-air-interieur\/etre-belle-tout-en-gardant-un-air-naturel\/#primaryimage","url":"https:\/\/i0.wp.com\/www.airandme.fr\/blog\/wp-content\/uploads\/airandme-hydratation-de-la-peau-et-qualit%C3%A9-de-l-air-01.jpg?fit=750%2C374&ssl=1","contentUrl":"https:\/\/i0.wp.com\/www.airandme.fr\/blog\/wp-content\/uploads\/airandme-hydratation-de-la-peau-et-qualit%C3%A9-de-l-air-01.jpg?fit=750%2C374&ssl=1","width":750,"height":374,"caption":"airandme-Hydratation de la peau & Qualit\u00e9 de l\u2019air"},{"@type":"BreadcrumbList","@id":"https:\/\/www.airandme.fr\/blog\/pollution-et-qualite-de-l-air-interieur\/etre-belle-tout-en-gardant-un-air-naturel\/#breadcrumb","itemListElement":[{"@type":"ListItem","position":1,"name":"Accueil","item":"https:\/\/www.airandme.fr\/blog\/"},{"@type":"ListItem","position":2,"name":"Pollution et qualit\u00e9 de l'air int\u00e9rieur","item":"https:\/\/www.airandme.fr\/blog\/category\/pollution-et-qualite-de-l-air-interieur\/"},{"@type":"ListItem","position":3,"name":"Hydratation de la peau &#038; qualit\u00e9 de l&rsquo;air"}]},{"@type":"WebSite","@id":"https:\/\/www.airandme.fr\/blog\/#website","url":"https:\/\/www.airandme.fr\/blog\/","name":"air&me - Le blog du traitement de l'air","description":"Solutions pour le traitement de l&#039;air int\u00e9rieur - Le blog du bien air chez soi","publisher":{"@id":"https:\/\/www.airandme.fr\/blog\/#organization"},"potentialAction":[{"@type":"SearchAction","target":{"@type":"EntryPoint","urlTemplate":"https:\/\/www.airandme.fr\/blog\/?s={search_term_string}"},"query-input":{"@type":"PropertyValueSpecification","valueRequired":true,"valueName":"search_term_string"}}],"inLanguage":"fr-FR"},{"@type":"Organization","@id":"https:\/\/www.airandme.fr\/blog\/#organization","name":"air&me - Le blog du traitement de l'air","url":"https:\/\/www.airandme.fr\/blog\/","logo":{"@type":"ImageObject","inLanguage":"fr-FR","@id":"https:\/\/www.airandme.fr\/blog\/#\/schema\/logo\/image\/","url":"https:\/\/i0.wp.com\/www.airandme.fr\/blog\/wp-content\/uploads\/airandme-logo-blog-300px.png?fit=300%2C120&ssl=1","contentUrl":"https:\/\/i0.wp.com\/www.airandme.fr\/blog\/wp-content\/uploads\/airandme-logo-blog-300px.png?fit=300%2C120&ssl=1","width":300,"height":120,"caption":"air&me - Le blog du traitement de l'air"},"image":{"@id":"https:\/\/www.airandme.fr\/blog\/#\/schema\/logo\/image\/"},"sameAs":["https:\/\/www.facebook.com\/airandme","https:\/\/www.instagram.com\/air_and_me\/","https:\/\/www.linkedin.com\/air-and-me","https:\/\/www.pinterest.fr\/air_and_me","https:\/\/www.youtube.com\/channel\/UCmco9cc0iTBmPINR5vaW90A"]},{"@type":"Person","@id":"https:\/\/www.airandme.fr\/blog\/#\/schema\/person\/e93285f19075a09c0508c6e97ebfe19b","name":"nicolas","image":{"@type":"ImageObject","inLanguage":"fr-FR","@id":"https:\/\/secure.gravatar.com\/avatar\/2e2d5a700f89460d486959b95cf34fab038ee31f4b655906767c768b9943aad8?s=96&d=mm&r=g","url":"https:\/\/secure.gravatar.com\/avatar\/2e2d5a700f89460d486959b95cf34fab038ee31f4b655906767c768b9943aad8?s=96&d=mm&r=g","contentUrl":"https:\/\/secure.gravatar.com\/avatar\/2e2d5a700f89460d486959b95cf34fab038ee31f4b655906767c768b9943aad8?s=96&d=mm&r=g","caption":"nicolas"},"description":"Sp\u00e9cialiste du traitement de l'air chez air&amp;me","url":"https:\/\/www.airandme.fr\/blog\/author\/nicolas\/"}]}},"jetpack_featured_media_url":"https:\/\/i0.wp.com\/www.airandme.fr\/blog\/wp-content\/uploads\/airandme-hydratation-de-la-peau-et-qualit%C3%A9-de-l-air-01.jpg?fit=750%2C374&ssl=1","jetpack_sharing_enabled":true,"jetpack_shortlink":"https:\/\/wp.me\/paHeLN-2nS","_links":{"self":[{"href":"https:\/\/www.airandme.fr\/blog\/wp-json\/wp\/v2\/posts\/9168","targetHints":{"allow":["GET"]}}],"collection":[{"href":"https:\/\/www.airandme.fr\/blog\/wp-json\/wp\/v2\/posts"}],"about":[{"href":"https:\/\/www.airandme.fr\/blog\/wp-json\/wp\/v2\/types\/post"}],"author":[{"embeddable":true,"href":"https:\/\/www.airandme.fr\/blog\/wp-json\/wp\/v2\/users\/2"}],"replies":[{"embeddable":true,"href":"https:\/\/www.airandme.fr\/blog\/wp-json\/wp\/v2\/comments?post=9168"}],"version-history":[{"count":14,"href":"https:\/\/www.airandme.fr\/blog\/wp-json\/wp\/v2\/posts\/9168\/revisions"}],"predecessor-version":[{"id":22484,"href":"https:\/\/www.airandme.fr\/blog\/wp-json\/wp\/v2\/posts\/9168\/revisions\/22484"}],"wp:featuredmedia":[{"embeddable":true,"href":"https:\/\/www.airandme.fr\/blog\/wp-json\/wp\/v2\/media\/16537"}],"wp:attachment":[{"href":"https:\/\/www.airandme.fr\/blog\/wp-json\/wp\/v2\/media?parent=9168"}],"wp:term":[{"taxonomy":"category","embeddable":true,"href":"https:\/\/www.airandme.fr\/blog\/wp-json\/wp\/v2\/categories?post=9168"},{"taxonomy":"post_tag","embeddable":true,"href":"https:\/\/www.airandme.fr\/blog\/wp-json\/wp\/v2\/tags?post=9168"}],"curies":[{"name":"wp","href":"https:\/\/api.w.org\/{rel}","templated":true}]}}